{"id":11946,"date":"2023-01-26T10:48:12","date_gmt":"2023-01-26T13:48:12","guid":{"rendered":"https:\/\/deportesanluis.com.ar\/?p=11946"},"modified":"2023-01-28T10:34:08","modified_gmt":"2023-01-28T13:34:08","slug":"gaviria-acelera-y-es-nuevo-lider","status":"publish","type":"post","link":"https:\/\/deportesanluis.com.ar\/gaviria-acelera-y-es-nuevo-lider\/","title":{"rendered":"Gaviria acelera y es nuevo l\u00edder"},"content":{"rendered":"<p>La\u00a0Vuelta Internacional de San Juan cumpli\u00f3 este mi\u00e9rcoles con su cuarta etapa, un recorrido de 196,5kms. entre el Aut\u00f3dromo Villuc\u00fam y Barreal con triunfo, en el sprint final, para el colombiano Fernando Gaviria (Movistar) en 4hs. 35min. 27seg.<\/p>\n<p>Los escoltas fueron el eslovaco Peter Sagan (TotalEnergies), el italiano Filippo Ganna (Ineos Grenadiers) junto con los argentinos Gerardo Tivani (Team Corratec) y Laureano Rosas (Gremios por el Deporte).<\/p>\n<p>Con este resultado, Gaviria destrona al irland\u00e9s Sam Bennett (Bora-Hansgrohe) con un total de 16hs. 06min. 19seg.<\/p>\n<p>Sagan lo persigue a 10seg. mientras que aparece en tercer lugar el argentino Juan Pablo Dotti (SEP San Juan) a 13seg. El italiano Ganna a 14seg. y el argentino Germ\u00e1n Tivani (Team Corratec) a 16seg. completan los cinco mejores lugares.<\/p>\n<p>Tivani, adem\u00e1s, luce la malla l\u00edder de Metas Sprint, el italiano Manuele Tarozzi (Green Project) la de Monta\u00f1a y el dan\u00e9s Tob\u00edas Andresen (Team DSM) la Sub23.<\/p>\n<p>Este jueves se disputar\u00e1 la quinta etapa, un exigente recorrido de 173,7kms. desde la Plaza de Chimbas hacia el Alto del Colorado a 2624msnm.<\/p>\n<hr \/>\n<p><strong>Nota:<\/strong> Redacci\u00f3n<\/p>\n","protected":false},"excerpt":{"rendered":"<p>El colombiano Fernando Gaviria (Movistar) se qued\u00f3 con la cuarta etapa y el liderazgo de la Vuelta de San Juan. El mejor argentino es Juan Pablo Dotti (SEP).\u00a0<\/p>\n","protected":false},"author":1,"featured_media":11947,"comment_status":"closed","ping_status":"closed","sticky":false,"template":"","format":"standard","meta":{"footnotes":""},"categories":[40,32],"tags":[41,276],"class_list":{"0":"post-11946","1":"post","2":"type-post","3":"status-publish","4":"format-standard","5":"has-post-thumbnail","7":"category-ciclismo","8":"category-poli","9":"tag-ciclismo","10":"tag-vuelta-de-san-juan"},"yoast_head":"<!-- This site is optimized with the Yoast SEO plugin v27.4 - https:\/\/yoast.com\/product\/yoast-seo-wordpress\/ -->\n<title>Gaviria acelera y es nuevo l\u00edder - DSL<\/title>\n<meta name=\"description\" content=\"Deporte San Luis\" \/>\n<meta name=\"robots\" content=\"index, follow, max-snippet:-1, max-image-preview:large, max-video-preview:-1\" \/>\n<link rel=\"canonical\" href=\"https:\/\/deportesanluis.com.ar\/gaviria-acelera-y-es-nuevo-lider\/\" \/>\n<meta property=\"og:locale\" content=\"es_ES\" \/>\n<meta property=\"og:type\" content=\"article\" \/>\n<meta property=\"og:title\" content=\"Gaviria acelera y es nuevo l\u00edder - DSL\" \/>\n<meta property=\"og:description\" content=\"Deporte San Luis\" \/>\n<meta property=\"og:url\" content=\"https:\/\/deportesanluis.com.ar\/gaviria-acelera-y-es-nuevo-lider\/\" \/>\n<meta property=\"og:site_name\" content=\"DSL\" \/>\n<meta property=\"article:publisher\" content=\"https:\/\/www.facebook.com\/DSLDeporteSanLuis\" \/>\n<meta property=\"article:published_time\" content=\"2023-01-26T13:48:12+00:00\" \/>\n<meta property=\"article:modified_time\" content=\"2023-01-28T13:34:08+00:00\" \/>\n<meta property=\"og:image\" content=\"https:\/\/deportesanluis.com.ar\/wp-content\/uploads\/2023\/01\/VueltaSanJuan23-Gaviria-E4.jpeg\" \/>\n\t<meta property=\"og:image:width\" content=\"960\" \/>\n\t<meta property=\"og:image:height\" content=\"640\" \/>\n\t<meta property=\"og:image:type\" content=\"image\/jpeg\" \/>\n<meta name=\"author\" content=\"admin\" \/>\n<meta name=\"twitter:card\" content=\"summary_large_image\" \/>\n<meta name=\"twitter:creator\" content=\"@deportesanluis\" \/>\n<meta name=\"twitter:site\" content=\"@deportesanluis\" \/>\n<meta name=\"twitter:label1\" content=\"Escrito por\" \/>\n\t<meta name=\"twitter:data1\" content=\"admin\" \/>\n\t<meta name=\"twitter:label2\" content=\"Tiempo de lectura\" \/>\n\t<meta name=\"twitter:data2\" content=\"1 minuto\" \/>\n<script type=\"application\/ld+json\" class=\"yoast-schema-graph\">{\"@context\":\"https:\\\/\\\/schema.org\",\"@graph\":[{\"@type\":\"Article\",\"@id\":\"https:\\\/\\\/deportesanluis.com.ar\\\/gaviria-acelera-y-es-nuevo-lider\\\/#article\",\"isPartOf\":{\"@id\":\"https:\\\/\\\/deportesanluis.com.ar\\\/gaviria-acelera-y-es-nuevo-lider\\\/\"},\"author\":{\"name\":\"admin\",\"@id\":\"https:\\\/\\\/deportesanluis.com.ar\\\/#\\\/schema\\\/person\\\/4b3e665481e93d271fced43ee48143c8\"},\"headline\":\"Gaviria acelera y es nuevo l\u00edder\",\"datePublished\":\"2023-01-26T13:48:12+00:00\",\"dateModified\":\"2023-01-28T13:34:08+00:00\",\"mainEntityOfPage\":{\"@id\":\"https:\\\/\\\/deportesanluis.com.ar\\\/gaviria-acelera-y-es-nuevo-lider\\\/\"},\"wordCount\":196,\"publisher\":{\"@id\":\"https:\\\/\\\/deportesanluis.com.ar\\\/#organization\"},\"image\":{\"@id\":\"https:\\\/\\\/deportesanluis.com.ar\\\/gaviria-acelera-y-es-nuevo-lider\\\/#primaryimage\"},\"thumbnailUrl\":\"https:\\\/\\\/deportesanluis.com.ar\\\/wp-content\\\/uploads\\\/2023\\\/01\\\/VueltaSanJuan23-Gaviria-E4.jpeg\",\"keywords\":[\"Ciclismo\",\"Vuelta de San Juan\"],\"articleSection\":[\"Ciclismo\",\"Poli\"],\"inLanguage\":\"es-AR\"},{\"@type\":\"WebPage\",\"@id\":\"https:\\\/\\\/deportesanluis.com.ar\\\/gaviria-acelera-y-es-nuevo-lider\\\/\",\"url\":\"https:\\\/\\\/deportesanluis.com.ar\\\/gaviria-acelera-y-es-nuevo-lider\\\/\",\"name\":\"Gaviria acelera y es nuevo l\u00edder - DSL\",\"isPartOf\":{\"@id\":\"https:\\\/\\\/deportesanluis.com.ar\\\/#website\"},\"primaryImageOfPage\":{\"@id\":\"https:\\\/\\\/deportesanluis.com.ar\\\/gaviria-acelera-y-es-nuevo-lider\\\/#primaryimage\"},\"image\":{\"@id\":\"https:\\\/\\\/deportesanluis.com.ar\\\/gaviria-acelera-y-es-nuevo-lider\\\/#primaryimage\"},\"thumbnailUrl\":\"https:\\\/\\\/deportesanluis.com.ar\\\/wp-content\\\/uploads\\\/2023\\\/01\\\/VueltaSanJuan23-Gaviria-E4.jpeg\",\"datePublished\":\"2023-01-26T13:48:12+00:00\",\"dateModified\":\"2023-01-28T13:34:08+00:00\",\"description\":\"Deporte San Luis\",\"breadcrumb\":{\"@id\":\"https:\\\/\\\/deportesanluis.com.ar\\\/gaviria-acelera-y-es-nuevo-lider\\\/#breadcrumb\"},\"inLanguage\":\"es-AR\",\"potentialAction\":[{\"@type\":\"ReadAction\",\"target\":[\"https:\\\/\\\/deportesanluis.com.ar\\\/gaviria-acelera-y-es-nuevo-lider\\\/\"]}]},{\"@type\":\"ImageObject\",\"inLanguage\":\"es-AR\",\"@id\":\"https:\\\/\\\/deportesanluis.com.ar\\\/gaviria-acelera-y-es-nuevo-lider\\\/#primaryimage\",\"url\":\"https:\\\/\\\/deportesanluis.com.ar\\\/wp-content\\\/uploads\\\/2023\\\/01\\\/VueltaSanJuan23-Gaviria-E4.jpeg\",\"contentUrl\":\"https:\\\/\\\/deportesanluis.com.ar\\\/wp-content\\\/uploads\\\/2023\\\/01\\\/VueltaSanJuan23-Gaviria-E4.jpeg\",\"width\":960,\"height\":640},{\"@type\":\"BreadcrumbList\",\"@id\":\"https:\\\/\\\/deportesanluis.com.ar\\\/gaviria-acelera-y-es-nuevo-lider\\\/#breadcrumb\",\"itemListElement\":[{\"@type\":\"ListItem\",\"position\":1,\"name\":\"Home\",\"item\":\"https:\\\/\\\/deportesanluis.com.ar\\\/\"},{\"@type\":\"ListItem\",\"position\":2,\"name\":\"Gaviria acelera y es nuevo l\u00edder\"}]},{\"@type\":\"WebSite\",\"@id\":\"https:\\\/\\\/deportesanluis.com.ar\\\/#website\",\"url\":\"https:\\\/\\\/deportesanluis.com.ar\\\/\",\"name\":\"deportesanluis.com.ar\",\"description\":\"Noticias de Deporte de San Luis\",\"publisher\":{\"@id\":\"https:\\\/\\\/deportesanluis.com.ar\\\/#organization\"},\"alternateName\":\"Deporte SL\",\"potentialAction\":[{\"@type\":\"SearchAction\",\"target\":{\"@type\":\"EntryPoint\",\"urlTemplate\":\"https:\\\/\\\/deportesanluis.com.ar\\\/?s={search_term_string}\"},\"query-input\":{\"@type\":\"PropertyValueSpecification\",\"valueRequired\":true,\"valueName\":\"search_term_string\"}}],\"inLanguage\":\"es-AR\"},{\"@type\":\"Organization\",\"@id\":\"https:\\\/\\\/deportesanluis.com.ar\\\/#organization\",\"name\":\"DSL\",\"alternateName\":\"Deporte SL\",\"url\":\"https:\\\/\\\/deportesanluis.com.ar\\\/\",\"logo\":{\"@type\":\"ImageObject\",\"inLanguage\":\"es-AR\",\"@id\":\"https:\\\/\\\/deportesanluis.com.ar\\\/#\\\/schema\\\/logo\\\/image\\\/\",\"url\":\"https:\\\/\\\/deportesanluis.com.ar\\\/wp-content\\\/uploads\\\/2023\\\/06\\\/DSL-Logo-2023-5.jpg\",\"contentUrl\":\"https:\\\/\\\/deportesanluis.com.ar\\\/wp-content\\\/uploads\\\/2023\\\/06\\\/DSL-Logo-2023-5.jpg\",\"width\":1718,\"height\":845,\"caption\":\"DSL\"},\"image\":{\"@id\":\"https:\\\/\\\/deportesanluis.com.ar\\\/#\\\/schema\\\/logo\\\/image\\\/\"},\"sameAs\":[\"https:\\\/\\\/www.facebook.com\\\/DSLDeporteSanLuis\",\"https:\\\/\\\/x.com\\\/deportesanluis\",\"https:\\\/\\\/www.instagram.com\\\/dsl_deportesanluis\\\/\"]},{\"@type\":\"Person\",\"@id\":\"https:\\\/\\\/deportesanluis.com.ar\\\/#\\\/schema\\\/person\\\/4b3e665481e93d271fced43ee48143c8\",\"name\":\"admin\",\"image\":{\"@type\":\"ImageObject\",\"inLanguage\":\"es-AR\",\"@id\":\"https:\\\/\\\/secure.gravatar.com\\\/avatar\\\/5424b2c21466f502587708c43dbe2dc47b5e643fec67835095677cd3af6ba546?s=96&d=mm&r=g\",\"url\":\"https:\\\/\\\/secure.gravatar.com\\\/avatar\\\/5424b2c21466f502587708c43dbe2dc47b5e643fec67835095677cd3af6ba546?s=96&d=mm&r=g\",\"contentUrl\":\"https:\\\/\\\/secure.gravatar.com\\\/avatar\\\/5424b2c21466f502587708c43dbe2dc47b5e643fec67835095677cd3af6ba546?s=96&d=mm&r=g\",\"caption\":\"admin\"},\"sameAs\":[\"https:\\\/\\\/deportesanluis.com.ar\"],\"url\":\"https:\\\/\\\/deportesanluis.com.ar\\\/author\\\/admin\\\/\"}]}<\/script>\n<!-- \/ Yoast SEO plugin. -->","yoast_head_json":{"title":"Gaviria acelera y es nuevo l\u00edder - DSL","description":"Deporte San Luis","robots":{"index":"index","follow":"follow","max-snippet":"max-snippet:-1","max-image-preview":"max-image-preview:large","max-video-preview":"max-video-preview:-1"},"canonical":"https:\/\/deportesanluis.com.ar\/gaviria-acelera-y-es-nuevo-lider\/","og_locale":"es_ES","og_type":"article","og_title":"Gaviria acelera y es nuevo l\u00edder - DSL","og_description":"Deporte San Luis","og_url":"https:\/\/deportesanluis.com.ar\/gaviria-acelera-y-es-nuevo-lider\/","og_site_name":"DSL","article_publisher":"https:\/\/www.facebook.com\/DSLDeporteSanLuis","article_published_time":"2023-01-26T13:48:12+00:00","article_modified_time":"2023-01-28T13:34:08+00:00","og_image":[{"width":960,"height":640,"url":"https:\/\/deportesanluis.com.ar\/wp-content\/uploads\/2023\/01\/VueltaSanJuan23-Gaviria-E4.jpeg","type":"image\/jpeg"}],"author":"admin","twitter_card":"summary_large_image","twitter_creator":"@deportesanluis","twitter_site":"@deportesanluis","twitter_misc":{"Escrito por":"admin","Tiempo de lectura":"1 minuto"},"schema":{"@context":"https:\/\/schema.org","@graph":[{"@type":"Article","@id":"https:\/\/deportesanluis.com.ar\/gaviria-acelera-y-es-nuevo-lider\/#article","isPartOf":{"@id":"https:\/\/deportesanluis.com.ar\/gaviria-acelera-y-es-nuevo-lider\/"},"author":{"name":"admin","@id":"https:\/\/deportesanluis.com.ar\/#\/schema\/person\/4b3e665481e93d271fced43ee48143c8"},"headline":"Gaviria acelera y es nuevo l\u00edder","datePublished":"2023-01-26T13:48:12+00:00","dateModified":"2023-01-28T13:34:08+00:00","mainEntityOfPage":{"@id":"https:\/\/deportesanluis.com.ar\/gaviria-acelera-y-es-nuevo-lider\/"},"wordCount":196,"publisher":{"@id":"https:\/\/deportesanluis.com.ar\/#organization"},"image":{"@id":"https:\/\/deportesanluis.com.ar\/gaviria-acelera-y-es-nuevo-lider\/#primaryimage"},"thumbnailUrl":"https:\/\/deportesanluis.com.ar\/wp-content\/uploads\/2023\/01\/VueltaSanJuan23-Gaviria-E4.jpeg","keywords":["Ciclismo","Vuelta de San Juan"],"articleSection":["Ciclismo","Poli"],"inLanguage":"es-AR"},{"@type":"WebPage","@id":"https:\/\/deportesanluis.com.ar\/gaviria-acelera-y-es-nuevo-lider\/","url":"https:\/\/deportesanluis.com.ar\/gaviria-acelera-y-es-nuevo-lider\/","name":"Gaviria acelera y es nuevo l\u00edder - DSL","isPartOf":{"@id":"https:\/\/deportesanluis.com.ar\/#website"},"primaryImageOfPage":{"@id":"https:\/\/deportesanluis.com.ar\/gaviria-acelera-y-es-nuevo-lider\/#primaryimage"},"image":{"@id":"https:\/\/deportesanluis.com.ar\/gaviria-acelera-y-es-nuevo-lider\/#primaryimage"},"thumbnailUrl":"https:\/\/deportesanluis.com.ar\/wp-content\/uploads\/2023\/01\/VueltaSanJuan23-Gaviria-E4.jpeg","datePublished":"2023-01-26T13:48:12+00:00","dateModified":"2023-01-28T13:34:08+00:00","description":"Deporte San Luis","breadcrumb":{"@id":"https:\/\/deportesanluis.com.ar\/gaviria-acelera-y-es-nuevo-lider\/#breadcrumb"},"inLanguage":"es-AR","potentialAction":[{"@type":"ReadAction","target":["https:\/\/deportesanluis.com.ar\/gaviria-acelera-y-es-nuevo-lider\/"]}]},{"@type":"ImageObject","inLanguage":"es-AR","@id":"https:\/\/deportesanluis.com.ar\/gaviria-acelera-y-es-nuevo-lider\/#primaryimage","url":"https:\/\/deportesanluis.com.ar\/wp-content\/uploads\/2023\/01\/VueltaSanJuan23-Gaviria-E4.jpeg","contentUrl":"https:\/\/deportesanluis.com.ar\/wp-content\/uploads\/2023\/01\/VueltaSanJuan23-Gaviria-E4.jpeg","width":960,"height":640},{"@type":"BreadcrumbList","@id":"https:\/\/deportesanluis.com.ar\/gaviria-acelera-y-es-nuevo-lider\/#breadcrumb","itemListElement":[{"@type":"ListItem","position":1,"name":"Home","item":"https:\/\/deportesanluis.com.ar\/"},{"@type":"ListItem","position":2,"name":"Gaviria acelera y es nuevo l\u00edder"}]},{"@type":"WebSite","@id":"https:\/\/deportesanluis.com.ar\/#website","url":"https:\/\/deportesanluis.com.ar\/","name":"deportesanluis.com.ar","description":"Noticias de Deporte de San Luis","publisher":{"@id":"https:\/\/deportesanluis.com.ar\/#organization"},"alternateName":"Deporte SL","potentialAction":[{"@type":"SearchAction","target":{"@type":"EntryPoint","urlTemplate":"https:\/\/deportesanluis.com.ar\/?s={search_term_string}"},"query-input":{"@type":"PropertyValueSpecification","valueRequired":true,"valueName":"search_term_string"}}],"inLanguage":"es-AR"},{"@type":"Organization","@id":"https:\/\/deportesanluis.com.ar\/#organization","name":"DSL","alternateName":"Deporte SL","url":"https:\/\/deportesanluis.com.ar\/","logo":{"@type":"ImageObject","inLanguage":"es-AR","@id":"https:\/\/deportesanluis.com.ar\/#\/schema\/logo\/image\/","url":"https:\/\/deportesanluis.com.ar\/wp-content\/uploads\/2023\/06\/DSL-Logo-2023-5.jpg","contentUrl":"https:\/\/deportesanluis.com.ar\/wp-content\/uploads\/2023\/06\/DSL-Logo-2023-5.jpg","width":1718,"height":845,"caption":"DSL"},"image":{"@id":"https:\/\/deportesanluis.com.ar\/#\/schema\/logo\/image\/"},"sameAs":["https:\/\/www.facebook.com\/DSLDeporteSanLuis","https:\/\/x.com\/deportesanluis","https:\/\/www.instagram.com\/dsl_deportesanluis\/"]},{"@type":"Person","@id":"https:\/\/deportesanluis.com.ar\/#\/schema\/person\/4b3e665481e93d271fced43ee48143c8","name":"admin","image":{"@type":"ImageObject","inLanguage":"es-AR","@id":"https:\/\/secure.gravatar.com\/avatar\/5424b2c21466f502587708c43dbe2dc47b5e643fec67835095677cd3af6ba546?s=96&d=mm&r=g","url":"https:\/\/secure.gravatar.com\/avatar\/5424b2c21466f502587708c43dbe2dc47b5e643fec67835095677cd3af6ba546?s=96&d=mm&r=g","contentUrl":"https:\/\/secure.gravatar.com\/avatar\/5424b2c21466f502587708c43dbe2dc47b5e643fec67835095677cd3af6ba546?s=96&d=mm&r=g","caption":"admin"},"sameAs":["https:\/\/deportesanluis.com.ar"],"url":"https:\/\/deportesanluis.com.ar\/author\/admin\/"}]}},"_links":{"self":[{"href":"https:\/\/deportesanluis.com.ar\/wp-json\/wp\/v2\/posts\/11946","targetHints":{"allow":["GET"]}}],"collection":[{"href":"https:\/\/deportesanluis.com.ar\/wp-json\/wp\/v2\/posts"}],"about":[{"href":"https:\/\/deportesanluis.com.ar\/wp-json\/wp\/v2\/types\/post"}],"author":[{"embeddable":true,"href":"https:\/\/deportesanluis.com.ar\/wp-json\/wp\/v2\/users\/1"}],"replies":[{"embeddable":true,"href":"https:\/\/deportesanluis.com.ar\/wp-json\/wp\/v2\/comments?post=11946"}],"version-history":[{"count":0,"href":"https:\/\/deportesanluis.com.ar\/wp-json\/wp\/v2\/posts\/11946\/revisions"}],"wp:featuredmedia":[{"embeddable":true,"href":"https:\/\/deportesanluis.com.ar\/wp-json\/wp\/v2\/media\/11947"}],"wp:attachment":[{"href":"https:\/\/deportesanluis.com.ar\/wp-json\/wp\/v2\/media?parent=11946"}],"wp:term":[{"taxonomy":"category","embeddable":true,"href":"https:\/\/deportesanluis.com.ar\/wp-json\/wp\/v2\/categories?post=11946"},{"taxonomy":"post_tag","embeddable":true,"href":"https:\/\/deportesanluis.com.ar\/wp-json\/wp\/v2\/tags?post=11946"}],"curies":[{"name":"wp","href":"https:\/\/api.w.org\/{rel}","templated":true}]}}