{"id":15884,"date":"2023-07-14T09:37:55","date_gmt":"2023-07-14T12:37:55","guid":{"rendered":"https:\/\/deportesanluis.com.ar\/?p=15884"},"modified":"2023-07-17T12:29:06","modified_gmt":"2023-07-17T15:29:06","slug":"sanchez-brilla-en-roma","status":"publish","type":"post","link":"https:\/\/deportesanluis.com.ar\/sanchez-brilla-en-roma\/","title":{"rendered":"S\u00e1nchez brilla en Roma"},"content":{"rendered":"<p><em><strong>El mercedino junto a Luciano Capra accedieron a los Cuartos de Final del Major de Italia por el circuito Premier Padel. En el camino qued\u00f3 Agust\u00edn Guti\u00e9rrez.\u00a0<\/strong><\/em><\/p>\n<p>El Major de Italia por el circuito Premier Padel dio la sorpresa en la segunda ronda con la ca\u00edda de Daniel &#8220;Sanyo&#8221; Guti\u00e9rrez y Jer\u00f3nimo Gonz\u00e1lez como as\u00ed tambi\u00e9n de Cristian Guti\u00e9rrez junto a Mario Hern\u00e1ndez.<\/p>\n<p><a href=\"https:\/\/deportesanluis.com.ar\/wp-content\/uploads\/2023\/07\/Premier23-Sanyo-Italia-1.jpg\"><img loading=\"lazy\" decoding=\"async\" class=\"aligncenter wp-image-15888 size-full\" src=\"https:\/\/deportesanluis.com.ar\/wp-content\/uploads\/2023\/07\/Premier23-Sanyo-Italia-1.jpg\" alt=\"\" width=\"800\" height=\"500\" srcset=\"https:\/\/deportesanluis.com.ar\/wp-content\/uploads\/2023\/07\/Premier23-Sanyo-Italia-1.jpg 800w, https:\/\/deportesanluis.com.ar\/wp-content\/uploads\/2023\/07\/Premier23-Sanyo-Italia-1-300x188.jpg 300w, https:\/\/deportesanluis.com.ar\/wp-content\/uploads\/2023\/07\/Premier23-Sanyo-Italia-1-768x480.jpg 768w, https:\/\/deportesanluis.com.ar\/wp-content\/uploads\/2023\/07\/Premier23-Sanyo-Italia-1-150x94.jpg 150w, https:\/\/deportesanluis.com.ar\/wp-content\/uploads\/2023\/07\/Premier23-Sanyo-Italia-1-696x435.jpg 696w, https:\/\/deportesanluis.com.ar\/wp-content\/uploads\/2023\/07\/Premier23-Sanyo-Italia-1-128x80.jpg 128w, https:\/\/deportesanluis.com.ar\/wp-content\/uploads\/2023\/07\/Premier23-Sanyo-Italia-1-32x20.jpg 32w\" sizes=\"auto, (max-width: 800px) 100vw, 800px\" \/><\/a><\/p>\n<p>Sin embargo dio alegr\u00edas como el triunfo de\u00a0Agust\u00edn Guti\u00e9rrez y Jos\u00e9 Rico por 6\/3, 3\/6 y 6\/2 ante Antonio Bueno y Rafa\u00e9l M\u00e9ndez y el del mercedino Maximiliano S\u00e1nchez y Luciano Capra por un c\u00f3modo 6\/2 y 6\/4 a Javier Mart\u00ednez y Jorge Ruiz.<\/p>\n<p>Este jueves y ya en los Octavos de Final,\u00a0Agust\u00edn y Rico cayeron por 2\/6 y 4\/6 contra Alejandro Gal\u00e1n y Juan Lebr\u00f3n pero S\u00e1nchez y Capra aplastaron por 6\/2 y 6\/1 a Pedro y \u00c1lvaro Melendez.<\/p>\n<p>De esta manera, el \u00fanico &#8220;legionario&#8221; que resiste en Roma es\u00a0S\u00e1nchez que, junto a Capra, hoy tendr\u00e1n un duro choque ante Franco Stupaczuk y Mart\u00edn Di Nenno.<\/p>\n<hr \/>\n<p><strong>Nota:<\/strong> Redacci\u00f3n<\/p>\n","protected":false},"excerpt":{"rendered":"<p>El mercedino junto a Luciano Capra accedieron a los Cuartos de Final del Major de Italia por el circuito Premier Padel. En el camino qued\u00f3 Agust\u00edn Guti\u00e9rrez.\u00a0<\/p>\n","protected":false},"author":1,"featured_media":15887,"comment_status":"closed","ping_status":"closed","sticky":false,"template":"","format":"standard","meta":{"footnotes":""},"categories":[34,60,59],"tags":[61,215],"class_list":{"0":"post-15884","1":"post","2":"type-post","3":"status-publish","4":"format-standard","5":"has-post-thumbnail","7":"category-34","8":"category-padel","9":"category-palas","10":"tag-padel","11":"tag-premier"},"yoast_head":"<!-- This site is optimized with the Yoast SEO plugin v27.4 - https:\/\/yoast.com\/product\/yoast-seo-wordpress\/ -->\n<title>S\u00e1nchez brilla en Roma - DSL<\/title>\n<meta name=\"description\" content=\"Deporte San Luis\" \/>\n<meta name=\"robots\" content=\"index, follow, max-snippet:-1, max-image-preview:large, max-video-preview:-1\" \/>\n<link rel=\"canonical\" href=\"https:\/\/deportesanluis.com.ar\/sanchez-brilla-en-roma\/\" \/>\n<meta property=\"og:locale\" content=\"es_ES\" \/>\n<meta property=\"og:type\" content=\"article\" \/>\n<meta property=\"og:title\" content=\"S\u00e1nchez brilla en Roma - DSL\" \/>\n<meta property=\"og:description\" content=\"Deporte San Luis\" \/>\n<meta property=\"og:url\" content=\"https:\/\/deportesanluis.com.ar\/sanchez-brilla-en-roma\/\" \/>\n<meta property=\"og:site_name\" content=\"DSL\" \/>\n<meta property=\"article:publisher\" content=\"https:\/\/www.facebook.com\/DSLDeporteSanLuis\" \/>\n<meta property=\"article:published_time\" content=\"2023-07-14T12:37:55+00:00\" \/>\n<meta property=\"article:modified_time\" content=\"2023-07-17T15:29:06+00:00\" \/>\n<meta property=\"og:image\" content=\"https:\/\/deportesanluis.com.ar\/wp-content\/uploads\/2023\/07\/Premier23-Sanchez-Italia-3.jpg\" \/>\n\t<meta property=\"og:image:width\" content=\"800\" \/>\n\t<meta property=\"og:image:height\" content=\"500\" \/>\n\t<meta property=\"og:image:type\" content=\"image\/jpeg\" \/>\n<meta name=\"author\" content=\"admin\" \/>\n<meta name=\"twitter:card\" content=\"summary_large_image\" \/>\n<meta name=\"twitter:creator\" content=\"@deportesanluis\" \/>\n<meta name=\"twitter:site\" content=\"@deportesanluis\" \/>\n<meta name=\"twitter:label1\" content=\"Escrito por\" \/>\n\t<meta name=\"twitter:data1\" content=\"admin\" \/>\n\t<meta name=\"twitter:label2\" content=\"Tiempo de lectura\" \/>\n\t<meta name=\"twitter:data2\" content=\"2 minutos\" \/>\n<script type=\"application\/ld+json\" class=\"yoast-schema-graph\">{\"@context\":\"https:\\\/\\\/schema.org\",\"@graph\":[{\"@type\":\"Article\",\"@id\":\"https:\\\/\\\/deportesanluis.com.ar\\\/sanchez-brilla-en-roma\\\/#article\",\"isPartOf\":{\"@id\":\"https:\\\/\\\/deportesanluis.com.ar\\\/sanchez-brilla-en-roma\\\/\"},\"author\":{\"name\":\"admin\",\"@id\":\"https:\\\/\\\/deportesanluis.com.ar\\\/#\\\/schema\\\/person\\\/4b3e665481e93d271fced43ee48143c8\"},\"headline\":\"S\u00e1nchez brilla en Roma\",\"datePublished\":\"2023-07-14T12:37:55+00:00\",\"dateModified\":\"2023-07-17T15:29:06+00:00\",\"mainEntityOfPage\":{\"@id\":\"https:\\\/\\\/deportesanluis.com.ar\\\/sanchez-brilla-en-roma\\\/\"},\"wordCount\":196,\"publisher\":{\"@id\":\"https:\\\/\\\/deportesanluis.com.ar\\\/#organization\"},\"image\":{\"@id\":\"https:\\\/\\\/deportesanluis.com.ar\\\/sanchez-brilla-en-roma\\\/#primaryimage\"},\"thumbnailUrl\":\"https:\\\/\\\/deportesanluis.com.ar\\\/wp-content\\\/uploads\\\/2023\\\/07\\\/Premier23-Sanchez-Italia-3.jpg\",\"keywords\":[\"Padel\",\"Premier\"],\"articleSection\":[\"8\",\"Padel\",\"Palas\"],\"inLanguage\":\"es-AR\"},{\"@type\":\"WebPage\",\"@id\":\"https:\\\/\\\/deportesanluis.com.ar\\\/sanchez-brilla-en-roma\\\/\",\"url\":\"https:\\\/\\\/deportesanluis.com.ar\\\/sanchez-brilla-en-roma\\\/\",\"name\":\"S\u00e1nchez brilla en Roma - DSL\",\"isPartOf\":{\"@id\":\"https:\\\/\\\/deportesanluis.com.ar\\\/#website\"},\"primaryImageOfPage\":{\"@id\":\"https:\\\/\\\/deportesanluis.com.ar\\\/sanchez-brilla-en-roma\\\/#primaryimage\"},\"image\":{\"@id\":\"https:\\\/\\\/deportesanluis.com.ar\\\/sanchez-brilla-en-roma\\\/#primaryimage\"},\"thumbnailUrl\":\"https:\\\/\\\/deportesanluis.com.ar\\\/wp-content\\\/uploads\\\/2023\\\/07\\\/Premier23-Sanchez-Italia-3.jpg\",\"datePublished\":\"2023-07-14T12:37:55+00:00\",\"dateModified\":\"2023-07-17T15:29:06+00:00\",\"description\":\"Deporte San Luis\",\"breadcrumb\":{\"@id\":\"https:\\\/\\\/deportesanluis.com.ar\\\/sanchez-brilla-en-roma\\\/#breadcrumb\"},\"inLanguage\":\"es-AR\",\"potentialAction\":[{\"@type\":\"ReadAction\",\"target\":[\"https:\\\/\\\/deportesanluis.com.ar\\\/sanchez-brilla-en-roma\\\/\"]}]},{\"@type\":\"ImageObject\",\"inLanguage\":\"es-AR\",\"@id\":\"https:\\\/\\\/deportesanluis.com.ar\\\/sanchez-brilla-en-roma\\\/#primaryimage\",\"url\":\"https:\\\/\\\/deportesanluis.com.ar\\\/wp-content\\\/uploads\\\/2023\\\/07\\\/Premier23-Sanchez-Italia-3.jpg\",\"contentUrl\":\"https:\\\/\\\/deportesanluis.com.ar\\\/wp-content\\\/uploads\\\/2023\\\/07\\\/Premier23-Sanchez-Italia-3.jpg\",\"width\":800,\"height\":500},{\"@type\":\"BreadcrumbList\",\"@id\":\"https:\\\/\\\/deportesanluis.com.ar\\\/sanchez-brilla-en-roma\\\/#breadcrumb\",\"itemListElement\":[{\"@type\":\"ListItem\",\"position\":1,\"name\":\"Home\",\"item\":\"https:\\\/\\\/deportesanluis.com.ar\\\/\"},{\"@type\":\"ListItem\",\"position\":2,\"name\":\"S\u00e1nchez brilla en Roma\"}]},{\"@type\":\"WebSite\",\"@id\":\"https:\\\/\\\/deportesanluis.com.ar\\\/#website\",\"url\":\"https:\\\/\\\/deportesanluis.com.ar\\\/\",\"name\":\"deportesanluis.com.ar\",\"description\":\"Noticias de Deporte de San Luis\",\"publisher\":{\"@id\":\"https:\\\/\\\/deportesanluis.com.ar\\\/#organization\"},\"alternateName\":\"Deporte SL\",\"potentialAction\":[{\"@type\":\"SearchAction\",\"target\":{\"@type\":\"EntryPoint\",\"urlTemplate\":\"https:\\\/\\\/deportesanluis.com.ar\\\/?s={search_term_string}\"},\"query-input\":{\"@type\":\"PropertyValueSpecification\",\"valueRequired\":true,\"valueName\":\"search_term_string\"}}],\"inLanguage\":\"es-AR\"},{\"@type\":\"Organization\",\"@id\":\"https:\\\/\\\/deportesanluis.com.ar\\\/#organization\",\"name\":\"DSL\",\"alternateName\":\"Deporte SL\",\"url\":\"https:\\\/\\\/deportesanluis.com.ar\\\/\",\"logo\":{\"@type\":\"ImageObject\",\"inLanguage\":\"es-AR\",\"@id\":\"https:\\\/\\\/deportesanluis.com.ar\\\/#\\\/schema\\\/logo\\\/image\\\/\",\"url\":\"https:\\\/\\\/deportesanluis.com.ar\\\/wp-content\\\/uploads\\\/2023\\\/06\\\/DSL-Logo-2023-5.jpg\",\"contentUrl\":\"https:\\\/\\\/deportesanluis.com.ar\\\/wp-content\\\/uploads\\\/2023\\\/06\\\/DSL-Logo-2023-5.jpg\",\"width\":1718,\"height\":845,\"caption\":\"DSL\"},\"image\":{\"@id\":\"https:\\\/\\\/deportesanluis.com.ar\\\/#\\\/schema\\\/logo\\\/image\\\/\"},\"sameAs\":[\"https:\\\/\\\/www.facebook.com\\\/DSLDeporteSanLuis\",\"https:\\\/\\\/x.com\\\/deportesanluis\",\"https:\\\/\\\/www.instagram.com\\\/dsl_deportesanluis\\\/\"]},{\"@type\":\"Person\",\"@id\":\"https:\\\/\\\/deportesanluis.com.ar\\\/#\\\/schema\\\/person\\\/4b3e665481e93d271fced43ee48143c8\",\"name\":\"admin\",\"image\":{\"@type\":\"ImageObject\",\"inLanguage\":\"es-AR\",\"@id\":\"https:\\\/\\\/secure.gravatar.com\\\/avatar\\\/5424b2c21466f502587708c43dbe2dc47b5e643fec67835095677cd3af6ba546?s=96&d=mm&r=g\",\"url\":\"https:\\\/\\\/secure.gravatar.com\\\/avatar\\\/5424b2c21466f502587708c43dbe2dc47b5e643fec67835095677cd3af6ba546?s=96&d=mm&r=g\",\"contentUrl\":\"https:\\\/\\\/secure.gravatar.com\\\/avatar\\\/5424b2c21466f502587708c43dbe2dc47b5e643fec67835095677cd3af6ba546?s=96&d=mm&r=g\",\"caption\":\"admin\"},\"sameAs\":[\"https:\\\/\\\/deportesanluis.com.ar\"],\"url\":\"https:\\\/\\\/deportesanluis.com.ar\\\/author\\\/admin\\\/\"}]}<\/script>\n<!-- \/ Yoast SEO plugin. -->","yoast_head_json":{"title":"S\u00e1nchez brilla en Roma - DSL","description":"Deporte San Luis","robots":{"index":"index","follow":"follow","max-snippet":"max-snippet:-1","max-image-preview":"max-image-preview:large","max-video-preview":"max-video-preview:-1"},"canonical":"https:\/\/deportesanluis.com.ar\/sanchez-brilla-en-roma\/","og_locale":"es_ES","og_type":"article","og_title":"S\u00e1nchez brilla en Roma - DSL","og_description":"Deporte San Luis","og_url":"https:\/\/deportesanluis.com.ar\/sanchez-brilla-en-roma\/","og_site_name":"DSL","article_publisher":"https:\/\/www.facebook.com\/DSLDeporteSanLuis","article_published_time":"2023-07-14T12:37:55+00:00","article_modified_time":"2023-07-17T15:29:06+00:00","og_image":[{"width":800,"height":500,"url":"https:\/\/deportesanluis.com.ar\/wp-content\/uploads\/2023\/07\/Premier23-Sanchez-Italia-3.jpg","type":"image\/jpeg"}],"author":"admin","twitter_card":"summary_large_image","twitter_creator":"@deportesanluis","twitter_site":"@deportesanluis","twitter_misc":{"Escrito por":"admin","Tiempo de lectura":"2 minutos"},"schema":{"@context":"https:\/\/schema.org","@graph":[{"@type":"Article","@id":"https:\/\/deportesanluis.com.ar\/sanchez-brilla-en-roma\/#article","isPartOf":{"@id":"https:\/\/deportesanluis.com.ar\/sanchez-brilla-en-roma\/"},"author":{"name":"admin","@id":"https:\/\/deportesanluis.com.ar\/#\/schema\/person\/4b3e665481e93d271fced43ee48143c8"},"headline":"S\u00e1nchez brilla en Roma","datePublished":"2023-07-14T12:37:55+00:00","dateModified":"2023-07-17T15:29:06+00:00","mainEntityOfPage":{"@id":"https:\/\/deportesanluis.com.ar\/sanchez-brilla-en-roma\/"},"wordCount":196,"publisher":{"@id":"https:\/\/deportesanluis.com.ar\/#organization"},"image":{"@id":"https:\/\/deportesanluis.com.ar\/sanchez-brilla-en-roma\/#primaryimage"},"thumbnailUrl":"https:\/\/deportesanluis.com.ar\/wp-content\/uploads\/2023\/07\/Premier23-Sanchez-Italia-3.jpg","keywords":["Padel","Premier"],"articleSection":["8","Padel","Palas"],"inLanguage":"es-AR"},{"@type":"WebPage","@id":"https:\/\/deportesanluis.com.ar\/sanchez-brilla-en-roma\/","url":"https:\/\/deportesanluis.com.ar\/sanchez-brilla-en-roma\/","name":"S\u00e1nchez brilla en Roma - DSL","isPartOf":{"@id":"https:\/\/deportesanluis.com.ar\/#website"},"primaryImageOfPage":{"@id":"https:\/\/deportesanluis.com.ar\/sanchez-brilla-en-roma\/#primaryimage"},"image":{"@id":"https:\/\/deportesanluis.com.ar\/sanchez-brilla-en-roma\/#primaryimage"},"thumbnailUrl":"https:\/\/deportesanluis.com.ar\/wp-content\/uploads\/2023\/07\/Premier23-Sanchez-Italia-3.jpg","datePublished":"2023-07-14T12:37:55+00:00","dateModified":"2023-07-17T15:29:06+00:00","description":"Deporte San Luis","breadcrumb":{"@id":"https:\/\/deportesanluis.com.ar\/sanchez-brilla-en-roma\/#breadcrumb"},"inLanguage":"es-AR","potentialAction":[{"@type":"ReadAction","target":["https:\/\/deportesanluis.com.ar\/sanchez-brilla-en-roma\/"]}]},{"@type":"ImageObject","inLanguage":"es-AR","@id":"https:\/\/deportesanluis.com.ar\/sanchez-brilla-en-roma\/#primaryimage","url":"https:\/\/deportesanluis.com.ar\/wp-content\/uploads\/2023\/07\/Premier23-Sanchez-Italia-3.jpg","contentUrl":"https:\/\/deportesanluis.com.ar\/wp-content\/uploads\/2023\/07\/Premier23-Sanchez-Italia-3.jpg","width":800,"height":500},{"@type":"BreadcrumbList","@id":"https:\/\/deportesanluis.com.ar\/sanchez-brilla-en-roma\/#breadcrumb","itemListElement":[{"@type":"ListItem","position":1,"name":"Home","item":"https:\/\/deportesanluis.com.ar\/"},{"@type":"ListItem","position":2,"name":"S\u00e1nchez brilla en Roma"}]},{"@type":"WebSite","@id":"https:\/\/deportesanluis.com.ar\/#website","url":"https:\/\/deportesanluis.com.ar\/","name":"deportesanluis.com.ar","description":"Noticias de Deporte de San Luis","publisher":{"@id":"https:\/\/deportesanluis.com.ar\/#organization"},"alternateName":"Deporte SL","potentialAction":[{"@type":"SearchAction","target":{"@type":"EntryPoint","urlTemplate":"https:\/\/deportesanluis.com.ar\/?s={search_term_string}"},"query-input":{"@type":"PropertyValueSpecification","valueRequired":true,"valueName":"search_term_string"}}],"inLanguage":"es-AR"},{"@type":"Organization","@id":"https:\/\/deportesanluis.com.ar\/#organization","name":"DSL","alternateName":"Deporte SL","url":"https:\/\/deportesanluis.com.ar\/","logo":{"@type":"ImageObject","inLanguage":"es-AR","@id":"https:\/\/deportesanluis.com.ar\/#\/schema\/logo\/image\/","url":"https:\/\/deportesanluis.com.ar\/wp-content\/uploads\/2023\/06\/DSL-Logo-2023-5.jpg","contentUrl":"https:\/\/deportesanluis.com.ar\/wp-content\/uploads\/2023\/06\/DSL-Logo-2023-5.jpg","width":1718,"height":845,"caption":"DSL"},"image":{"@id":"https:\/\/deportesanluis.com.ar\/#\/schema\/logo\/image\/"},"sameAs":["https:\/\/www.facebook.com\/DSLDeporteSanLuis","https:\/\/x.com\/deportesanluis","https:\/\/www.instagram.com\/dsl_deportesanluis\/"]},{"@type":"Person","@id":"https:\/\/deportesanluis.com.ar\/#\/schema\/person\/4b3e665481e93d271fced43ee48143c8","name":"admin","image":{"@type":"ImageObject","inLanguage":"es-AR","@id":"https:\/\/secure.gravatar.com\/avatar\/5424b2c21466f502587708c43dbe2dc47b5e643fec67835095677cd3af6ba546?s=96&d=mm&r=g","url":"https:\/\/secure.gravatar.com\/avatar\/5424b2c21466f502587708c43dbe2dc47b5e643fec67835095677cd3af6ba546?s=96&d=mm&r=g","contentUrl":"https:\/\/secure.gravatar.com\/avatar\/5424b2c21466f502587708c43dbe2dc47b5e643fec67835095677cd3af6ba546?s=96&d=mm&r=g","caption":"admin"},"sameAs":["https:\/\/deportesanluis.com.ar"],"url":"https:\/\/deportesanluis.com.ar\/author\/admin\/"}]}},"_links":{"self":[{"href":"https:\/\/deportesanluis.com.ar\/wp-json\/wp\/v2\/posts\/15884","targetHints":{"allow":["GET"]}}],"collection":[{"href":"https:\/\/deportesanluis.com.ar\/wp-json\/wp\/v2\/posts"}],"about":[{"href":"https:\/\/deportesanluis.com.ar\/wp-json\/wp\/v2\/types\/post"}],"author":[{"embeddable":true,"href":"https:\/\/deportesanluis.com.ar\/wp-json\/wp\/v2\/users\/1"}],"replies":[{"embeddable":true,"href":"https:\/\/deportesanluis.com.ar\/wp-json\/wp\/v2\/comments?post=15884"}],"version-history":[{"count":0,"href":"https:\/\/deportesanluis.com.ar\/wp-json\/wp\/v2\/posts\/15884\/revisions"}],"wp:featuredmedia":[{"embeddable":true,"href":"https:\/\/deportesanluis.com.ar\/wp-json\/wp\/v2\/media\/15887"}],"wp:attachment":[{"href":"https:\/\/deportesanluis.com.ar\/wp-json\/wp\/v2\/media?parent=15884"}],"wp:term":[{"taxonomy":"category","embeddable":true,"href":"https:\/\/deportesanluis.com.ar\/wp-json\/wp\/v2\/categories?post=15884"},{"taxonomy":"post_tag","embeddable":true,"href":"https:\/\/deportesanluis.com.ar\/wp-json\/wp\/v2\/tags?post=15884"}],"curies":[{"name":"wp","href":"https:\/\/api.w.org\/{rel}","templated":true}]}}