{"id":17269,"date":"2023-09-16T11:42:17","date_gmt":"2023-09-16T14:42:17","guid":{"rendered":"https:\/\/deportesanluis.com.ar\/?p=17269"},"modified":"2023-09-18T11:04:03","modified_gmt":"2023-09-18T14:04:03","slug":"dainese-se-queda-con-el-sprint-en-iscar","status":"publish","type":"post","link":"https:\/\/deportesanluis.com.ar\/dainese-se-queda-con-el-sprint-en-iscar\/","title":{"rendered":"Dainese se queda con el sprint en Iscar"},"content":{"rendered":"<p><em><strong>El italiano que defiende al Team DSM se adjudic\u00f3 la antepen\u00faltima jornada de una Vuelta de Espa\u00f1a que tiene, como virtual ganador, al norteamericano Sepp Kuss del Jumbo-Visma.\u00a0<\/strong><\/em><\/p>\n<p>La\u00a0Vuelta de Espa\u00f1a disput\u00f3 este viernes la Etapa 19, la antepen\u00faltima de la edici\u00f3mn 2023 con largada en La Ba\u00f1eza y meta final en Iscar.<\/p>\n<p>Fue un recorrido de 177,1kms. que se defini\u00f3 en un masivo sprint final para el italiano Alberto Dainese (Team DSM) en 3hs. 42min. 09seg. dejando con las manos vac\u00edas al tambi\u00e9n italiano Filippo Ganna (Ineos Grenadiers) y al neerland\u00e9s Marijn Van Den Berg (EF Education).<\/p>\n<p>La jornada cont\u00f3 con dos metas de velocidad que fueron para el franc\u00e9s Cl\u00e9ment Davy (Groupama-FDJ) y para Dainese. El l\u00edder es el australiano Kaden Groves (Alpecin-Deceuninck) quien estuvo involucrado en una rodada a metros de la meta final en Iscar.<\/p>\n<p>El belga Remco Evenepoel (Soudal-Quick Step) se mantiene como el mejor de los escaladores ya que no hubo metas de monta\u00f1a en juego.<\/p>\n<p>La General sigue bajo el dominio del Jumbo-Visma con un tridente que encabeza el norteamericano Sepp Kuss con 69hs. 13min. 36seg. seguido por el dan\u00e9s Jonas Vingegaard a 17seg. y el esloveno Primoz Roglic a 1:08min.<\/p>\n<p>Este s\u00e1bado se disputar\u00e1 la Etapa 20, la pen\u00faltima de la temporada 2023 de la Vuelta de Espa\u00f1a con un recorrido de 207,8kms. entre Manzanares y Guadarrama.<\/p>\n<hr \/>\n<p><strong>Nota:<\/strong> Redacci\u00f3n<\/p>\n","protected":false},"excerpt":{"rendered":"<p>El italiano que defiende al Team DSM se adjudic\u00f3 la antepen\u00faltima jornada de una Vuelta de Espa\u00f1a que tiene, como virtual ganador, al norteamericano Sepp Kuss del Jumbo-Visma.\u00a0<\/p>\n","protected":false},"author":1,"featured_media":17270,"comment_status":"closed","ping_status":"closed","sticky":false,"template":"","format":"standard","meta":{"footnotes":""},"categories":[40,32],"tags":[41,160,323],"class_list":{"0":"post-17269","1":"post","2":"type-post","3":"status-publish","4":"format-standard","5":"has-post-thumbnail","7":"category-ciclismo","8":"category-poli","9":"tag-ciclismo","11":"tag-vuelta-de-espana"},"yoast_head":"<!-- This site is optimized with the Yoast SEO plugin v27.4 - https:\/\/yoast.com\/product\/yoast-seo-wordpress\/ -->\n<title>Dainese se queda con el sprint en Iscar - DSL<\/title>\n<meta name=\"description\" content=\"Deporte San Luis\" \/>\n<meta name=\"robots\" content=\"index, follow, max-snippet:-1, max-image-preview:large, max-video-preview:-1\" \/>\n<link rel=\"canonical\" href=\"https:\/\/deportesanluis.com.ar\/dainese-se-queda-con-el-sprint-en-iscar\/\" \/>\n<meta property=\"og:locale\" content=\"es_ES\" \/>\n<meta property=\"og:type\" content=\"article\" \/>\n<meta property=\"og:title\" content=\"Dainese se queda con el sprint en Iscar - DSL\" \/>\n<meta property=\"og:description\" content=\"Deporte San Luis\" \/>\n<meta property=\"og:url\" content=\"https:\/\/deportesanluis.com.ar\/dainese-se-queda-con-el-sprint-en-iscar\/\" \/>\n<meta property=\"og:site_name\" content=\"DSL\" \/>\n<meta property=\"article:publisher\" content=\"https:\/\/www.facebook.com\/DSLDeporteSanLuis\" \/>\n<meta property=\"article:published_time\" content=\"2023-09-16T14:42:17+00:00\" \/>\n<meta property=\"article:modified_time\" content=\"2023-09-18T14:04:03+00:00\" \/>\n<meta property=\"og:image\" content=\"https:\/\/deportesanluis.com.ar\/wp-content\/uploads\/2023\/09\/VueltaEspana23-Etapa19-Dainese.jpg\" \/>\n\t<meta property=\"og:image:width\" content=\"960\" \/>\n\t<meta property=\"og:image:height\" content=\"639\" \/>\n\t<meta property=\"og:image:type\" content=\"image\/jpeg\" \/>\n<meta name=\"author\" content=\"admin\" \/>\n<meta name=\"twitter:card\" content=\"summary_large_image\" \/>\n<meta name=\"twitter:creator\" content=\"@deportesanluis\" \/>\n<meta name=\"twitter:site\" content=\"@deportesanluis\" \/>\n<meta name=\"twitter:label1\" content=\"Escrito por\" \/>\n\t<meta name=\"twitter:data1\" content=\"admin\" \/>\n\t<meta name=\"twitter:label2\" content=\"Tiempo de lectura\" \/>\n\t<meta name=\"twitter:data2\" content=\"2 minutos\" \/>\n<script type=\"application\/ld+json\" class=\"yoast-schema-graph\">{\"@context\":\"https:\\\/\\\/schema.org\",\"@graph\":[{\"@type\":\"Article\",\"@id\":\"https:\\\/\\\/deportesanluis.com.ar\\\/dainese-se-queda-con-el-sprint-en-iscar\\\/#article\",\"isPartOf\":{\"@id\":\"https:\\\/\\\/deportesanluis.com.ar\\\/dainese-se-queda-con-el-sprint-en-iscar\\\/\"},\"author\":{\"name\":\"admin\",\"@id\":\"https:\\\/\\\/deportesanluis.com.ar\\\/#\\\/schema\\\/person\\\/4b3e665481e93d271fced43ee48143c8\"},\"headline\":\"Dainese se queda con el sprint en Iscar\",\"datePublished\":\"2023-09-16T14:42:17+00:00\",\"dateModified\":\"2023-09-18T14:04:03+00:00\",\"mainEntityOfPage\":{\"@id\":\"https:\\\/\\\/deportesanluis.com.ar\\\/dainese-se-queda-con-el-sprint-en-iscar\\\/\"},\"wordCount\":250,\"publisher\":{\"@id\":\"https:\\\/\\\/deportesanluis.com.ar\\\/#organization\"},\"image\":{\"@id\":\"https:\\\/\\\/deportesanluis.com.ar\\\/dainese-se-queda-con-el-sprint-en-iscar\\\/#primaryimage\"},\"thumbnailUrl\":\"https:\\\/\\\/deportesanluis.com.ar\\\/wp-content\\\/uploads\\\/2023\\\/09\\\/VueltaEspana23-Etapa19-Dainese.jpg\",\"keywords\":[\"Ciclismo\",\"La Vuelta\",\"Vuelta de Espa\u00f1a\"],\"articleSection\":[\"Ciclismo\",\"Poli\"],\"inLanguage\":\"es-AR\"},{\"@type\":\"WebPage\",\"@id\":\"https:\\\/\\\/deportesanluis.com.ar\\\/dainese-se-queda-con-el-sprint-en-iscar\\\/\",\"url\":\"https:\\\/\\\/deportesanluis.com.ar\\\/dainese-se-queda-con-el-sprint-en-iscar\\\/\",\"name\":\"Dainese se queda con el sprint en Iscar - DSL\",\"isPartOf\":{\"@id\":\"https:\\\/\\\/deportesanluis.com.ar\\\/#website\"},\"primaryImageOfPage\":{\"@id\":\"https:\\\/\\\/deportesanluis.com.ar\\\/dainese-se-queda-con-el-sprint-en-iscar\\\/#primaryimage\"},\"image\":{\"@id\":\"https:\\\/\\\/deportesanluis.com.ar\\\/dainese-se-queda-con-el-sprint-en-iscar\\\/#primaryimage\"},\"thumbnailUrl\":\"https:\\\/\\\/deportesanluis.com.ar\\\/wp-content\\\/uploads\\\/2023\\\/09\\\/VueltaEspana23-Etapa19-Dainese.jpg\",\"datePublished\":\"2023-09-16T14:42:17+00:00\",\"dateModified\":\"2023-09-18T14:04:03+00:00\",\"description\":\"Deporte San Luis\",\"breadcrumb\":{\"@id\":\"https:\\\/\\\/deportesanluis.com.ar\\\/dainese-se-queda-con-el-sprint-en-iscar\\\/#breadcrumb\"},\"inLanguage\":\"es-AR\",\"potentialAction\":[{\"@type\":\"ReadAction\",\"target\":[\"https:\\\/\\\/deportesanluis.com.ar\\\/dainese-se-queda-con-el-sprint-en-iscar\\\/\"]}]},{\"@type\":\"ImageObject\",\"inLanguage\":\"es-AR\",\"@id\":\"https:\\\/\\\/deportesanluis.com.ar\\\/dainese-se-queda-con-el-sprint-en-iscar\\\/#primaryimage\",\"url\":\"https:\\\/\\\/deportesanluis.com.ar\\\/wp-content\\\/uploads\\\/2023\\\/09\\\/VueltaEspana23-Etapa19-Dainese.jpg\",\"contentUrl\":\"https:\\\/\\\/deportesanluis.com.ar\\\/wp-content\\\/uploads\\\/2023\\\/09\\\/VueltaEspana23-Etapa19-Dainese.jpg\",\"width\":960,\"height\":639},{\"@type\":\"BreadcrumbList\",\"@id\":\"https:\\\/\\\/deportesanluis.com.ar\\\/dainese-se-queda-con-el-sprint-en-iscar\\\/#breadcrumb\",\"itemListElement\":[{\"@type\":\"ListItem\",\"position\":1,\"name\":\"Home\",\"item\":\"https:\\\/\\\/deportesanluis.com.ar\\\/\"},{\"@type\":\"ListItem\",\"position\":2,\"name\":\"Dainese se queda con el sprint en Iscar\"}]},{\"@type\":\"WebSite\",\"@id\":\"https:\\\/\\\/deportesanluis.com.ar\\\/#website\",\"url\":\"https:\\\/\\\/deportesanluis.com.ar\\\/\",\"name\":\"deportesanluis.com.ar\",\"description\":\"Noticias de Deporte de San Luis\",\"publisher\":{\"@id\":\"https:\\\/\\\/deportesanluis.com.ar\\\/#organization\"},\"alternateName\":\"Deporte SL\",\"potentialAction\":[{\"@type\":\"SearchAction\",\"target\":{\"@type\":\"EntryPoint\",\"urlTemplate\":\"https:\\\/\\\/deportesanluis.com.ar\\\/?s={search_term_string}\"},\"query-input\":{\"@type\":\"PropertyValueSpecification\",\"valueRequired\":true,\"valueName\":\"search_term_string\"}}],\"inLanguage\":\"es-AR\"},{\"@type\":\"Organization\",\"@id\":\"https:\\\/\\\/deportesanluis.com.ar\\\/#organization\",\"name\":\"DSL\",\"alternateName\":\"Deporte SL\",\"url\":\"https:\\\/\\\/deportesanluis.com.ar\\\/\",\"logo\":{\"@type\":\"ImageObject\",\"inLanguage\":\"es-AR\",\"@id\":\"https:\\\/\\\/deportesanluis.com.ar\\\/#\\\/schema\\\/logo\\\/image\\\/\",\"url\":\"https:\\\/\\\/deportesanluis.com.ar\\\/wp-content\\\/uploads\\\/2023\\\/06\\\/DSL-Logo-2023-5.jpg\",\"contentUrl\":\"https:\\\/\\\/deportesanluis.com.ar\\\/wp-content\\\/uploads\\\/2023\\\/06\\\/DSL-Logo-2023-5.jpg\",\"width\":1718,\"height\":845,\"caption\":\"DSL\"},\"image\":{\"@id\":\"https:\\\/\\\/deportesanluis.com.ar\\\/#\\\/schema\\\/logo\\\/image\\\/\"},\"sameAs\":[\"https:\\\/\\\/www.facebook.com\\\/DSLDeporteSanLuis\",\"https:\\\/\\\/x.com\\\/deportesanluis\",\"https:\\\/\\\/www.instagram.com\\\/dsl_deportesanluis\\\/\"]},{\"@type\":\"Person\",\"@id\":\"https:\\\/\\\/deportesanluis.com.ar\\\/#\\\/schema\\\/person\\\/4b3e665481e93d271fced43ee48143c8\",\"name\":\"admin\",\"image\":{\"@type\":\"ImageObject\",\"inLanguage\":\"es-AR\",\"@id\":\"https:\\\/\\\/secure.gravatar.com\\\/avatar\\\/5424b2c21466f502587708c43dbe2dc47b5e643fec67835095677cd3af6ba546?s=96&d=mm&r=g\",\"url\":\"https:\\\/\\\/secure.gravatar.com\\\/avatar\\\/5424b2c21466f502587708c43dbe2dc47b5e643fec67835095677cd3af6ba546?s=96&d=mm&r=g\",\"contentUrl\":\"https:\\\/\\\/secure.gravatar.com\\\/avatar\\\/5424b2c21466f502587708c43dbe2dc47b5e643fec67835095677cd3af6ba546?s=96&d=mm&r=g\",\"caption\":\"admin\"},\"sameAs\":[\"https:\\\/\\\/deportesanluis.com.ar\"],\"url\":\"https:\\\/\\\/deportesanluis.com.ar\\\/author\\\/admin\\\/\"}]}<\/script>\n<!-- \/ Yoast SEO plugin. -->","yoast_head_json":{"title":"Dainese se queda con el sprint en Iscar - DSL","description":"Deporte San Luis","robots":{"index":"index","follow":"follow","max-snippet":"max-snippet:-1","max-image-preview":"max-image-preview:large","max-video-preview":"max-video-preview:-1"},"canonical":"https:\/\/deportesanluis.com.ar\/dainese-se-queda-con-el-sprint-en-iscar\/","og_locale":"es_ES","og_type":"article","og_title":"Dainese se queda con el sprint en Iscar - DSL","og_description":"Deporte San Luis","og_url":"https:\/\/deportesanluis.com.ar\/dainese-se-queda-con-el-sprint-en-iscar\/","og_site_name":"DSL","article_publisher":"https:\/\/www.facebook.com\/DSLDeporteSanLuis","article_published_time":"2023-09-16T14:42:17+00:00","article_modified_time":"2023-09-18T14:04:03+00:00","og_image":[{"width":960,"height":639,"url":"https:\/\/deportesanluis.com.ar\/wp-content\/uploads\/2023\/09\/VueltaEspana23-Etapa19-Dainese.jpg","type":"image\/jpeg"}],"author":"admin","twitter_card":"summary_large_image","twitter_creator":"@deportesanluis","twitter_site":"@deportesanluis","twitter_misc":{"Escrito por":"admin","Tiempo de lectura":"2 minutos"},"schema":{"@context":"https:\/\/schema.org","@graph":[{"@type":"Article","@id":"https:\/\/deportesanluis.com.ar\/dainese-se-queda-con-el-sprint-en-iscar\/#article","isPartOf":{"@id":"https:\/\/deportesanluis.com.ar\/dainese-se-queda-con-el-sprint-en-iscar\/"},"author":{"name":"admin","@id":"https:\/\/deportesanluis.com.ar\/#\/schema\/person\/4b3e665481e93d271fced43ee48143c8"},"headline":"Dainese se queda con el sprint en Iscar","datePublished":"2023-09-16T14:42:17+00:00","dateModified":"2023-09-18T14:04:03+00:00","mainEntityOfPage":{"@id":"https:\/\/deportesanluis.com.ar\/dainese-se-queda-con-el-sprint-en-iscar\/"},"wordCount":250,"publisher":{"@id":"https:\/\/deportesanluis.com.ar\/#organization"},"image":{"@id":"https:\/\/deportesanluis.com.ar\/dainese-se-queda-con-el-sprint-en-iscar\/#primaryimage"},"thumbnailUrl":"https:\/\/deportesanluis.com.ar\/wp-content\/uploads\/2023\/09\/VueltaEspana23-Etapa19-Dainese.jpg","keywords":["Ciclismo","La Vuelta","Vuelta de Espa\u00f1a"],"articleSection":["Ciclismo","Poli"],"inLanguage":"es-AR"},{"@type":"WebPage","@id":"https:\/\/deportesanluis.com.ar\/dainese-se-queda-con-el-sprint-en-iscar\/","url":"https:\/\/deportesanluis.com.ar\/dainese-se-queda-con-el-sprint-en-iscar\/","name":"Dainese se queda con el sprint en Iscar - DSL","isPartOf":{"@id":"https:\/\/deportesanluis.com.ar\/#website"},"primaryImageOfPage":{"@id":"https:\/\/deportesanluis.com.ar\/dainese-se-queda-con-el-sprint-en-iscar\/#primaryimage"},"image":{"@id":"https:\/\/deportesanluis.com.ar\/dainese-se-queda-con-el-sprint-en-iscar\/#primaryimage"},"thumbnailUrl":"https:\/\/deportesanluis.com.ar\/wp-content\/uploads\/2023\/09\/VueltaEspana23-Etapa19-Dainese.jpg","datePublished":"2023-09-16T14:42:17+00:00","dateModified":"2023-09-18T14:04:03+00:00","description":"Deporte San Luis","breadcrumb":{"@id":"https:\/\/deportesanluis.com.ar\/dainese-se-queda-con-el-sprint-en-iscar\/#breadcrumb"},"inLanguage":"es-AR","potentialAction":[{"@type":"ReadAction","target":["https:\/\/deportesanluis.com.ar\/dainese-se-queda-con-el-sprint-en-iscar\/"]}]},{"@type":"ImageObject","inLanguage":"es-AR","@id":"https:\/\/deportesanluis.com.ar\/dainese-se-queda-con-el-sprint-en-iscar\/#primaryimage","url":"https:\/\/deportesanluis.com.ar\/wp-content\/uploads\/2023\/09\/VueltaEspana23-Etapa19-Dainese.jpg","contentUrl":"https:\/\/deportesanluis.com.ar\/wp-content\/uploads\/2023\/09\/VueltaEspana23-Etapa19-Dainese.jpg","width":960,"height":639},{"@type":"BreadcrumbList","@id":"https:\/\/deportesanluis.com.ar\/dainese-se-queda-con-el-sprint-en-iscar\/#breadcrumb","itemListElement":[{"@type":"ListItem","position":1,"name":"Home","item":"https:\/\/deportesanluis.com.ar\/"},{"@type":"ListItem","position":2,"name":"Dainese se queda con el sprint en Iscar"}]},{"@type":"WebSite","@id":"https:\/\/deportesanluis.com.ar\/#website","url":"https:\/\/deportesanluis.com.ar\/","name":"deportesanluis.com.ar","description":"Noticias de Deporte de San Luis","publisher":{"@id":"https:\/\/deportesanluis.com.ar\/#organization"},"alternateName":"Deporte SL","potentialAction":[{"@type":"SearchAction","target":{"@type":"EntryPoint","urlTemplate":"https:\/\/deportesanluis.com.ar\/?s={search_term_string}"},"query-input":{"@type":"PropertyValueSpecification","valueRequired":true,"valueName":"search_term_string"}}],"inLanguage":"es-AR"},{"@type":"Organization","@id":"https:\/\/deportesanluis.com.ar\/#organization","name":"DSL","alternateName":"Deporte SL","url":"https:\/\/deportesanluis.com.ar\/","logo":{"@type":"ImageObject","inLanguage":"es-AR","@id":"https:\/\/deportesanluis.com.ar\/#\/schema\/logo\/image\/","url":"https:\/\/deportesanluis.com.ar\/wp-content\/uploads\/2023\/06\/DSL-Logo-2023-5.jpg","contentUrl":"https:\/\/deportesanluis.com.ar\/wp-content\/uploads\/2023\/06\/DSL-Logo-2023-5.jpg","width":1718,"height":845,"caption":"DSL"},"image":{"@id":"https:\/\/deportesanluis.com.ar\/#\/schema\/logo\/image\/"},"sameAs":["https:\/\/www.facebook.com\/DSLDeporteSanLuis","https:\/\/x.com\/deportesanluis","https:\/\/www.instagram.com\/dsl_deportesanluis\/"]},{"@type":"Person","@id":"https:\/\/deportesanluis.com.ar\/#\/schema\/person\/4b3e665481e93d271fced43ee48143c8","name":"admin","image":{"@type":"ImageObject","inLanguage":"es-AR","@id":"https:\/\/secure.gravatar.com\/avatar\/5424b2c21466f502587708c43dbe2dc47b5e643fec67835095677cd3af6ba546?s=96&d=mm&r=g","url":"https:\/\/secure.gravatar.com\/avatar\/5424b2c21466f502587708c43dbe2dc47b5e643fec67835095677cd3af6ba546?s=96&d=mm&r=g","contentUrl":"https:\/\/secure.gravatar.com\/avatar\/5424b2c21466f502587708c43dbe2dc47b5e643fec67835095677cd3af6ba546?s=96&d=mm&r=g","caption":"admin"},"sameAs":["https:\/\/deportesanluis.com.ar"],"url":"https:\/\/deportesanluis.com.ar\/author\/admin\/"}]}},"_links":{"self":[{"href":"https:\/\/deportesanluis.com.ar\/wp-json\/wp\/v2\/posts\/17269","targetHints":{"allow":["GET"]}}],"collection":[{"href":"https:\/\/deportesanluis.com.ar\/wp-json\/wp\/v2\/posts"}],"about":[{"href":"https:\/\/deportesanluis.com.ar\/wp-json\/wp\/v2\/types\/post"}],"author":[{"embeddable":true,"href":"https:\/\/deportesanluis.com.ar\/wp-json\/wp\/v2\/users\/1"}],"replies":[{"embeddable":true,"href":"https:\/\/deportesanluis.com.ar\/wp-json\/wp\/v2\/comments?post=17269"}],"version-history":[{"count":0,"href":"https:\/\/deportesanluis.com.ar\/wp-json\/wp\/v2\/posts\/17269\/revisions"}],"wp:featuredmedia":[{"embeddable":true,"href":"https:\/\/deportesanluis.com.ar\/wp-json\/wp\/v2\/media\/17270"}],"wp:attachment":[{"href":"https:\/\/deportesanluis.com.ar\/wp-json\/wp\/v2\/media?parent=17269"}],"wp:term":[{"taxonomy":"category","embeddable":true,"href":"https:\/\/deportesanluis.com.ar\/wp-json\/wp\/v2\/categories?post=17269"},{"taxonomy":"post_tag","embeddable":true,"href":"https:\/\/deportesanluis.com.ar\/wp-json\/wp\/v2\/tags?post=17269"}],"curies":[{"name":"wp","href":"https:\/\/api.w.org\/{rel}","templated":true}]}}