{"id":18565,"date":"2023-11-09T10:20:02","date_gmt":"2023-11-09T13:20:02","guid":{"rendered":"https:\/\/deportesanluis.com.ar\/?p=18565"},"modified":"2023-11-15T11:22:03","modified_gmt":"2023-11-15T14:22:03","slug":"ayelen-rosalez-estara-en-la-copa-del-mundo","status":"publish","type":"post","link":"https:\/\/deportesanluis.com.ar\/ayelen-rosalez-estara-en-la-copa-del-mundo\/","title":{"rendered":"Ayel\u00e9n Rosalez estar\u00e1 en la Copa del Mundo"},"content":{"rendered":"<p>Eduardo Gallardo, t\u00e9cnico del seleccionado mayor femenino de handball, defini\u00f3 la lista de 18 jugadoras convocadas para el Mundial que se jugar\u00e1 en Dinamarca, Noruega y Suecia entre el 29 de noviembre y el 17 de diciembre.<\/p>\n<p>La gran noticia es que entre las convocadas se destaca la presencia de Ayel\u00e9n Rosalez, arquera puntana que milita en el Porrino de Espa\u00f1a y que fue parte del plantel que consigui\u00f3 la medalla de Plata en los recientes Juegos Panamericanos.<\/p>\n<p><a href=\"https:\/\/deportesanluis.com.ar\/wp-content\/uploads\/2023\/11\/Listado-La-Garra-Mundial-Nordicos23.png\"><img loading=\"lazy\" decoding=\"async\" class=\"aligncenter size-full wp-image-18566\" src=\"https:\/\/deportesanluis.com.ar\/wp-content\/uploads\/2023\/11\/Listado-La-Garra-Mundial-Nordicos23.png\" alt=\"\" width=\"1080\" height=\"1080\" srcset=\"https:\/\/deportesanluis.com.ar\/wp-content\/uploads\/2023\/11\/Listado-La-Garra-Mundial-Nordicos23.png 1080w, https:\/\/deportesanluis.com.ar\/wp-content\/uploads\/2023\/11\/Listado-La-Garra-Mundial-Nordicos23-300x300.png 300w, https:\/\/deportesanluis.com.ar\/wp-content\/uploads\/2023\/11\/Listado-La-Garra-Mundial-Nordicos23-1024x1024.png 1024w, https:\/\/deportesanluis.com.ar\/wp-content\/uploads\/2023\/11\/Listado-La-Garra-Mundial-Nordicos23-150x150.png 150w, https:\/\/deportesanluis.com.ar\/wp-content\/uploads\/2023\/11\/Listado-La-Garra-Mundial-Nordicos23-768x768.png 768w, https:\/\/deportesanluis.com.ar\/wp-content\/uploads\/2023\/11\/Listado-La-Garra-Mundial-Nordicos23-696x696.png 696w, https:\/\/deportesanluis.com.ar\/wp-content\/uploads\/2023\/11\/Listado-La-Garra-Mundial-Nordicos23-1068x1068.png 1068w, https:\/\/deportesanluis.com.ar\/wp-content\/uploads\/2023\/11\/Listado-La-Garra-Mundial-Nordicos23-128x128.png 128w, https:\/\/deportesanluis.com.ar\/wp-content\/uploads\/2023\/11\/Listado-La-Garra-Mundial-Nordicos23-32x32.png 32w\" sizes=\"auto, (max-width: 1080px) 100vw, 1080px\" \/><\/a><\/p>\n<p>&#8220;La Garra&#8221;, previo al Mundial, jugar\u00e1 un cuadrangular amistoso con Espa\u00f1a, Serbia y Jap\u00f3n.<\/p>\n<p>En la cita mundialista y formando parte del Grupo H, la Argentina jugar\u00e1 toda la primera ronda en el Arena Nord en Dinamarca. Su debut ser\u00e1 ante Pa\u00edses Bajos (30\/11 &#8211; 14:00hs.) Luego enfrentar\u00e1 a Rep\u00fablica Checa (02\/12 &#8211; 11:30hs.) y cerrar\u00e1 la fase de grupos ante RD Congo (04\/12 &#8211; 14:00hs. )<\/p>\n<p><a href=\"https:\/\/deportesanluis.com.ar\/wp-content\/uploads\/2023\/11\/Panam23-Handball-Femenino4.jpeg\"><img loading=\"lazy\" decoding=\"async\" class=\"aligncenter size-full wp-image-18570\" src=\"https:\/\/deportesanluis.com.ar\/wp-content\/uploads\/2023\/11\/Panam23-Handball-Femenino4.jpeg\" alt=\"\" width=\"885\" height=\"571\" srcset=\"https:\/\/deportesanluis.com.ar\/wp-content\/uploads\/2023\/11\/Panam23-Handball-Femenino4.jpeg 885w, https:\/\/deportesanluis.com.ar\/wp-content\/uploads\/2023\/11\/Panam23-Handball-Femenino4-300x194.jpeg 300w, https:\/\/deportesanluis.com.ar\/wp-content\/uploads\/2023\/11\/Panam23-Handball-Femenino4-768x496.jpeg 768w, https:\/\/deportesanluis.com.ar\/wp-content\/uploads\/2023\/11\/Panam23-Handball-Femenino4-150x97.jpeg 150w, https:\/\/deportesanluis.com.ar\/wp-content\/uploads\/2023\/11\/Panam23-Handball-Femenino4-696x449.jpeg 696w, https:\/\/deportesanluis.com.ar\/wp-content\/uploads\/2023\/11\/Panam23-Handball-Femenino4-128x83.jpeg 128w, https:\/\/deportesanluis.com.ar\/wp-content\/uploads\/2023\/11\/Panam23-Handball-Femenino4-32x21.jpeg 32w\" sizes=\"auto, (max-width: 885px) 100vw, 885px\" \/><\/a><\/p>\n<p>En Dinamarca, Noruega y Suecia 2023, Argentina buscar\u00e1 mejorar el 21\u00ba puesto conseguido en el \u00faltimo Mundial disputado en Espa\u00f1a hace dos a\u00f1os, mientras que el mejor registro albiceleste fue el 16\u00ba lugar en el Mundial de Jap\u00f3n 2019.<\/p>\n<hr \/>\n<p><strong>Nota:<\/strong> Redacci\u00f3n<\/p>\n","protected":false},"excerpt":{"rendered":"<p>La arquera puntana que viene de conseguir la medalla de Plata en los Juegos Panamericanos, fue convocada para defender la celeste y blanca en le Mundial de Handball Femenino con sede en los pa\u00edses n\u00f3rdicos.\u00a0<\/p>\n","protected":false},"author":1,"featured_media":18569,"comment_status":"closed","ping_status":"closed","sticky":false,"template":"","format":"standard","meta":{"footnotes":""},"categories":[75,83,32],"tags":[84],"class_list":{"0":"post-18565","1":"post","2":"type-post","3":"status-publish","4":"format-standard","5":"has-post-thumbnail","7":"category-75","8":"category-handball","9":"category-poli","10":"tag-handball"},"yoast_head":"<!-- This site is optimized with the Yoast SEO plugin v27.4 - https:\/\/yoast.com\/product\/yoast-seo-wordpress\/ -->\n<title>Ayel\u00e9n Rosalez estar\u00e1 en la Copa del Mundo - DSL<\/title>\n<meta name=\"description\" content=\"Deporte San Luis\" \/>\n<meta name=\"robots\" content=\"index, follow, max-snippet:-1, max-image-preview:large, max-video-preview:-1\" \/>\n<link rel=\"canonical\" href=\"https:\/\/deportesanluis.com.ar\/ayelen-rosalez-estara-en-la-copa-del-mundo\/\" \/>\n<meta property=\"og:locale\" content=\"es_ES\" \/>\n<meta property=\"og:type\" content=\"article\" \/>\n<meta property=\"og:title\" content=\"Ayel\u00e9n Rosalez estar\u00e1 en la Copa del Mundo - DSL\" \/>\n<meta property=\"og:description\" content=\"Deporte San Luis\" \/>\n<meta property=\"og:url\" content=\"https:\/\/deportesanluis.com.ar\/ayelen-rosalez-estara-en-la-copa-del-mundo\/\" \/>\n<meta property=\"og:site_name\" content=\"DSL\" \/>\n<meta property=\"article:publisher\" content=\"https:\/\/www.facebook.com\/DSLDeporteSanLuis\" \/>\n<meta property=\"article:published_time\" content=\"2023-11-09T13:20:02+00:00\" \/>\n<meta property=\"article:modified_time\" content=\"2023-11-15T14:22:03+00:00\" \/>\n<meta property=\"og:image\" content=\"https:\/\/deportesanluis.com.ar\/wp-content\/uploads\/2023\/11\/Panam23-Rosalez-Handball8.jpg\" \/>\n\t<meta property=\"og:image:width\" content=\"900\" \/>\n\t<meta property=\"og:image:height\" content=\"600\" \/>\n\t<meta property=\"og:image:type\" content=\"image\/jpeg\" \/>\n<meta name=\"author\" content=\"admin\" \/>\n<meta name=\"twitter:card\" content=\"summary_large_image\" \/>\n<meta name=\"twitter:creator\" content=\"@deportesanluis\" \/>\n<meta name=\"twitter:site\" content=\"@deportesanluis\" \/>\n<meta name=\"twitter:label1\" content=\"Escrito por\" \/>\n\t<meta name=\"twitter:data1\" content=\"admin\" \/>\n\t<meta name=\"twitter:label2\" content=\"Tiempo de lectura\" \/>\n\t<meta name=\"twitter:data2\" content=\"1 minuto\" \/>\n<script type=\"application\/ld+json\" class=\"yoast-schema-graph\">{\"@context\":\"https:\\\/\\\/schema.org\",\"@graph\":[{\"@type\":\"Article\",\"@id\":\"https:\\\/\\\/deportesanluis.com.ar\\\/ayelen-rosalez-estara-en-la-copa-del-mundo\\\/#article\",\"isPartOf\":{\"@id\":\"https:\\\/\\\/deportesanluis.com.ar\\\/ayelen-rosalez-estara-en-la-copa-del-mundo\\\/\"},\"author\":{\"name\":\"admin\",\"@id\":\"https:\\\/\\\/deportesanluis.com.ar\\\/#\\\/schema\\\/person\\\/4b3e665481e93d271fced43ee48143c8\"},\"headline\":\"Ayel\u00e9n Rosalez estar\u00e1 en la Copa del Mundo\",\"datePublished\":\"2023-11-09T13:20:02+00:00\",\"dateModified\":\"2023-11-15T14:22:03+00:00\",\"mainEntityOfPage\":{\"@id\":\"https:\\\/\\\/deportesanluis.com.ar\\\/ayelen-rosalez-estara-en-la-copa-del-mundo\\\/\"},\"wordCount\":195,\"publisher\":{\"@id\":\"https:\\\/\\\/deportesanluis.com.ar\\\/#organization\"},\"image\":{\"@id\":\"https:\\\/\\\/deportesanluis.com.ar\\\/ayelen-rosalez-estara-en-la-copa-del-mundo\\\/#primaryimage\"},\"thumbnailUrl\":\"https:\\\/\\\/deportesanluis.com.ar\\\/wp-content\\\/uploads\\\/2023\\\/11\\\/Panam23-Rosalez-Handball8.jpg\",\"keywords\":[\"Handball\"],\"articleSection\":[\"15\",\"Handball\",\"Poli\"],\"inLanguage\":\"es-AR\"},{\"@type\":\"WebPage\",\"@id\":\"https:\\\/\\\/deportesanluis.com.ar\\\/ayelen-rosalez-estara-en-la-copa-del-mundo\\\/\",\"url\":\"https:\\\/\\\/deportesanluis.com.ar\\\/ayelen-rosalez-estara-en-la-copa-del-mundo\\\/\",\"name\":\"Ayel\u00e9n Rosalez estar\u00e1 en la Copa del Mundo - DSL\",\"isPartOf\":{\"@id\":\"https:\\\/\\\/deportesanluis.com.ar\\\/#website\"},\"primaryImageOfPage\":{\"@id\":\"https:\\\/\\\/deportesanluis.com.ar\\\/ayelen-rosalez-estara-en-la-copa-del-mundo\\\/#primaryimage\"},\"image\":{\"@id\":\"https:\\\/\\\/deportesanluis.com.ar\\\/ayelen-rosalez-estara-en-la-copa-del-mundo\\\/#primaryimage\"},\"thumbnailUrl\":\"https:\\\/\\\/deportesanluis.com.ar\\\/wp-content\\\/uploads\\\/2023\\\/11\\\/Panam23-Rosalez-Handball8.jpg\",\"datePublished\":\"2023-11-09T13:20:02+00:00\",\"dateModified\":\"2023-11-15T14:22:03+00:00\",\"description\":\"Deporte San Luis\",\"breadcrumb\":{\"@id\":\"https:\\\/\\\/deportesanluis.com.ar\\\/ayelen-rosalez-estara-en-la-copa-del-mundo\\\/#breadcrumb\"},\"inLanguage\":\"es-AR\",\"potentialAction\":[{\"@type\":\"ReadAction\",\"target\":[\"https:\\\/\\\/deportesanluis.com.ar\\\/ayelen-rosalez-estara-en-la-copa-del-mundo\\\/\"]}]},{\"@type\":\"ImageObject\",\"inLanguage\":\"es-AR\",\"@id\":\"https:\\\/\\\/deportesanluis.com.ar\\\/ayelen-rosalez-estara-en-la-copa-del-mundo\\\/#primaryimage\",\"url\":\"https:\\\/\\\/deportesanluis.com.ar\\\/wp-content\\\/uploads\\\/2023\\\/11\\\/Panam23-Rosalez-Handball8.jpg\",\"contentUrl\":\"https:\\\/\\\/deportesanluis.com.ar\\\/wp-content\\\/uploads\\\/2023\\\/11\\\/Panam23-Rosalez-Handball8.jpg\",\"width\":900,\"height\":600},{\"@type\":\"BreadcrumbList\",\"@id\":\"https:\\\/\\\/deportesanluis.com.ar\\\/ayelen-rosalez-estara-en-la-copa-del-mundo\\\/#breadcrumb\",\"itemListElement\":[{\"@type\":\"ListItem\",\"position\":1,\"name\":\"Home\",\"item\":\"https:\\\/\\\/deportesanluis.com.ar\\\/\"},{\"@type\":\"ListItem\",\"position\":2,\"name\":\"Ayel\u00e9n Rosalez estar\u00e1 en la Copa del Mundo\"}]},{\"@type\":\"WebSite\",\"@id\":\"https:\\\/\\\/deportesanluis.com.ar\\\/#website\",\"url\":\"https:\\\/\\\/deportesanluis.com.ar\\\/\",\"name\":\"deportesanluis.com.ar\",\"description\":\"Noticias de Deporte de San Luis\",\"publisher\":{\"@id\":\"https:\\\/\\\/deportesanluis.com.ar\\\/#organization\"},\"alternateName\":\"Deporte SL\",\"potentialAction\":[{\"@type\":\"SearchAction\",\"target\":{\"@type\":\"EntryPoint\",\"urlTemplate\":\"https:\\\/\\\/deportesanluis.com.ar\\\/?s={search_term_string}\"},\"query-input\":{\"@type\":\"PropertyValueSpecification\",\"valueRequired\":true,\"valueName\":\"search_term_string\"}}],\"inLanguage\":\"es-AR\"},{\"@type\":\"Organization\",\"@id\":\"https:\\\/\\\/deportesanluis.com.ar\\\/#organization\",\"name\":\"DSL\",\"alternateName\":\"Deporte SL\",\"url\":\"https:\\\/\\\/deportesanluis.com.ar\\\/\",\"logo\":{\"@type\":\"ImageObject\",\"inLanguage\":\"es-AR\",\"@id\":\"https:\\\/\\\/deportesanluis.com.ar\\\/#\\\/schema\\\/logo\\\/image\\\/\",\"url\":\"https:\\\/\\\/deportesanluis.com.ar\\\/wp-content\\\/uploads\\\/2023\\\/06\\\/DSL-Logo-2023-5.jpg\",\"contentUrl\":\"https:\\\/\\\/deportesanluis.com.ar\\\/wp-content\\\/uploads\\\/2023\\\/06\\\/DSL-Logo-2023-5.jpg\",\"width\":1718,\"height\":845,\"caption\":\"DSL\"},\"image\":{\"@id\":\"https:\\\/\\\/deportesanluis.com.ar\\\/#\\\/schema\\\/logo\\\/image\\\/\"},\"sameAs\":[\"https:\\\/\\\/www.facebook.com\\\/DSLDeporteSanLuis\",\"https:\\\/\\\/x.com\\\/deportesanluis\",\"https:\\\/\\\/www.instagram.com\\\/dsl_deportesanluis\\\/\"]},{\"@type\":\"Person\",\"@id\":\"https:\\\/\\\/deportesanluis.com.ar\\\/#\\\/schema\\\/person\\\/4b3e665481e93d271fced43ee48143c8\",\"name\":\"admin\",\"image\":{\"@type\":\"ImageObject\",\"inLanguage\":\"es-AR\",\"@id\":\"https:\\\/\\\/secure.gravatar.com\\\/avatar\\\/5424b2c21466f502587708c43dbe2dc47b5e643fec67835095677cd3af6ba546?s=96&d=mm&r=g\",\"url\":\"https:\\\/\\\/secure.gravatar.com\\\/avatar\\\/5424b2c21466f502587708c43dbe2dc47b5e643fec67835095677cd3af6ba546?s=96&d=mm&r=g\",\"contentUrl\":\"https:\\\/\\\/secure.gravatar.com\\\/avatar\\\/5424b2c21466f502587708c43dbe2dc47b5e643fec67835095677cd3af6ba546?s=96&d=mm&r=g\",\"caption\":\"admin\"},\"sameAs\":[\"https:\\\/\\\/deportesanluis.com.ar\"],\"url\":\"https:\\\/\\\/deportesanluis.com.ar\\\/author\\\/admin\\\/\"}]}<\/script>\n<!-- \/ Yoast SEO plugin. -->","yoast_head_json":{"title":"Ayel\u00e9n Rosalez estar\u00e1 en la Copa del Mundo - DSL","description":"Deporte San Luis","robots":{"index":"index","follow":"follow","max-snippet":"max-snippet:-1","max-image-preview":"max-image-preview:large","max-video-preview":"max-video-preview:-1"},"canonical":"https:\/\/deportesanluis.com.ar\/ayelen-rosalez-estara-en-la-copa-del-mundo\/","og_locale":"es_ES","og_type":"article","og_title":"Ayel\u00e9n Rosalez estar\u00e1 en la Copa del Mundo - DSL","og_description":"Deporte San Luis","og_url":"https:\/\/deportesanluis.com.ar\/ayelen-rosalez-estara-en-la-copa-del-mundo\/","og_site_name":"DSL","article_publisher":"https:\/\/www.facebook.com\/DSLDeporteSanLuis","article_published_time":"2023-11-09T13:20:02+00:00","article_modified_time":"2023-11-15T14:22:03+00:00","og_image":[{"width":900,"height":600,"url":"https:\/\/deportesanluis.com.ar\/wp-content\/uploads\/2023\/11\/Panam23-Rosalez-Handball8.jpg","type":"image\/jpeg"}],"author":"admin","twitter_card":"summary_large_image","twitter_creator":"@deportesanluis","twitter_site":"@deportesanluis","twitter_misc":{"Escrito por":"admin","Tiempo de lectura":"1 minuto"},"schema":{"@context":"https:\/\/schema.org","@graph":[{"@type":"Article","@id":"https:\/\/deportesanluis.com.ar\/ayelen-rosalez-estara-en-la-copa-del-mundo\/#article","isPartOf":{"@id":"https:\/\/deportesanluis.com.ar\/ayelen-rosalez-estara-en-la-copa-del-mundo\/"},"author":{"name":"admin","@id":"https:\/\/deportesanluis.com.ar\/#\/schema\/person\/4b3e665481e93d271fced43ee48143c8"},"headline":"Ayel\u00e9n Rosalez estar\u00e1 en la Copa del Mundo","datePublished":"2023-11-09T13:20:02+00:00","dateModified":"2023-11-15T14:22:03+00:00","mainEntityOfPage":{"@id":"https:\/\/deportesanluis.com.ar\/ayelen-rosalez-estara-en-la-copa-del-mundo\/"},"wordCount":195,"publisher":{"@id":"https:\/\/deportesanluis.com.ar\/#organization"},"image":{"@id":"https:\/\/deportesanluis.com.ar\/ayelen-rosalez-estara-en-la-copa-del-mundo\/#primaryimage"},"thumbnailUrl":"https:\/\/deportesanluis.com.ar\/wp-content\/uploads\/2023\/11\/Panam23-Rosalez-Handball8.jpg","keywords":["Handball"],"articleSection":["15","Handball","Poli"],"inLanguage":"es-AR"},{"@type":"WebPage","@id":"https:\/\/deportesanluis.com.ar\/ayelen-rosalez-estara-en-la-copa-del-mundo\/","url":"https:\/\/deportesanluis.com.ar\/ayelen-rosalez-estara-en-la-copa-del-mundo\/","name":"Ayel\u00e9n Rosalez estar\u00e1 en la Copa del Mundo - DSL","isPartOf":{"@id":"https:\/\/deportesanluis.com.ar\/#website"},"primaryImageOfPage":{"@id":"https:\/\/deportesanluis.com.ar\/ayelen-rosalez-estara-en-la-copa-del-mundo\/#primaryimage"},"image":{"@id":"https:\/\/deportesanluis.com.ar\/ayelen-rosalez-estara-en-la-copa-del-mundo\/#primaryimage"},"thumbnailUrl":"https:\/\/deportesanluis.com.ar\/wp-content\/uploads\/2023\/11\/Panam23-Rosalez-Handball8.jpg","datePublished":"2023-11-09T13:20:02+00:00","dateModified":"2023-11-15T14:22:03+00:00","description":"Deporte San Luis","breadcrumb":{"@id":"https:\/\/deportesanluis.com.ar\/ayelen-rosalez-estara-en-la-copa-del-mundo\/#breadcrumb"},"inLanguage":"es-AR","potentialAction":[{"@type":"ReadAction","target":["https:\/\/deportesanluis.com.ar\/ayelen-rosalez-estara-en-la-copa-del-mundo\/"]}]},{"@type":"ImageObject","inLanguage":"es-AR","@id":"https:\/\/deportesanluis.com.ar\/ayelen-rosalez-estara-en-la-copa-del-mundo\/#primaryimage","url":"https:\/\/deportesanluis.com.ar\/wp-content\/uploads\/2023\/11\/Panam23-Rosalez-Handball8.jpg","contentUrl":"https:\/\/deportesanluis.com.ar\/wp-content\/uploads\/2023\/11\/Panam23-Rosalez-Handball8.jpg","width":900,"height":600},{"@type":"BreadcrumbList","@id":"https:\/\/deportesanluis.com.ar\/ayelen-rosalez-estara-en-la-copa-del-mundo\/#breadcrumb","itemListElement":[{"@type":"ListItem","position":1,"name":"Home","item":"https:\/\/deportesanluis.com.ar\/"},{"@type":"ListItem","position":2,"name":"Ayel\u00e9n Rosalez estar\u00e1 en la Copa del Mundo"}]},{"@type":"WebSite","@id":"https:\/\/deportesanluis.com.ar\/#website","url":"https:\/\/deportesanluis.com.ar\/","name":"deportesanluis.com.ar","description":"Noticias de Deporte de San Luis","publisher":{"@id":"https:\/\/deportesanluis.com.ar\/#organization"},"alternateName":"Deporte SL","potentialAction":[{"@type":"SearchAction","target":{"@type":"EntryPoint","urlTemplate":"https:\/\/deportesanluis.com.ar\/?s={search_term_string}"},"query-input":{"@type":"PropertyValueSpecification","valueRequired":true,"valueName":"search_term_string"}}],"inLanguage":"es-AR"},{"@type":"Organization","@id":"https:\/\/deportesanluis.com.ar\/#organization","name":"DSL","alternateName":"Deporte SL","url":"https:\/\/deportesanluis.com.ar\/","logo":{"@type":"ImageObject","inLanguage":"es-AR","@id":"https:\/\/deportesanluis.com.ar\/#\/schema\/logo\/image\/","url":"https:\/\/deportesanluis.com.ar\/wp-content\/uploads\/2023\/06\/DSL-Logo-2023-5.jpg","contentUrl":"https:\/\/deportesanluis.com.ar\/wp-content\/uploads\/2023\/06\/DSL-Logo-2023-5.jpg","width":1718,"height":845,"caption":"DSL"},"image":{"@id":"https:\/\/deportesanluis.com.ar\/#\/schema\/logo\/image\/"},"sameAs":["https:\/\/www.facebook.com\/DSLDeporteSanLuis","https:\/\/x.com\/deportesanluis","https:\/\/www.instagram.com\/dsl_deportesanluis\/"]},{"@type":"Person","@id":"https:\/\/deportesanluis.com.ar\/#\/schema\/person\/4b3e665481e93d271fced43ee48143c8","name":"admin","image":{"@type":"ImageObject","inLanguage":"es-AR","@id":"https:\/\/secure.gravatar.com\/avatar\/5424b2c21466f502587708c43dbe2dc47b5e643fec67835095677cd3af6ba546?s=96&d=mm&r=g","url":"https:\/\/secure.gravatar.com\/avatar\/5424b2c21466f502587708c43dbe2dc47b5e643fec67835095677cd3af6ba546?s=96&d=mm&r=g","contentUrl":"https:\/\/secure.gravatar.com\/avatar\/5424b2c21466f502587708c43dbe2dc47b5e643fec67835095677cd3af6ba546?s=96&d=mm&r=g","caption":"admin"},"sameAs":["https:\/\/deportesanluis.com.ar"],"url":"https:\/\/deportesanluis.com.ar\/author\/admin\/"}]}},"_links":{"self":[{"href":"https:\/\/deportesanluis.com.ar\/wp-json\/wp\/v2\/posts\/18565","targetHints":{"allow":["GET"]}}],"collection":[{"href":"https:\/\/deportesanluis.com.ar\/wp-json\/wp\/v2\/posts"}],"about":[{"href":"https:\/\/deportesanluis.com.ar\/wp-json\/wp\/v2\/types\/post"}],"author":[{"embeddable":true,"href":"https:\/\/deportesanluis.com.ar\/wp-json\/wp\/v2\/users\/1"}],"replies":[{"embeddable":true,"href":"https:\/\/deportesanluis.com.ar\/wp-json\/wp\/v2\/comments?post=18565"}],"version-history":[{"count":0,"href":"https:\/\/deportesanluis.com.ar\/wp-json\/wp\/v2\/posts\/18565\/revisions"}],"wp:featuredmedia":[{"embeddable":true,"href":"https:\/\/deportesanluis.com.ar\/wp-json\/wp\/v2\/media\/18569"}],"wp:attachment":[{"href":"https:\/\/deportesanluis.com.ar\/wp-json\/wp\/v2\/media?parent=18565"}],"wp:term":[{"taxonomy":"category","embeddable":true,"href":"https:\/\/deportesanluis.com.ar\/wp-json\/wp\/v2\/categories?post=18565"},{"taxonomy":"post_tag","embeddable":true,"href":"https:\/\/deportesanluis.com.ar\/wp-json\/wp\/v2\/tags?post=18565"}],"curies":[{"name":"wp","href":"https:\/\/api.w.org\/{rel}","templated":true}]}}