{"id":19850,"date":"2024-02-15T14:11:42","date_gmt":"2024-02-15T17:11:42","guid":{"rendered":"https:\/\/deportesanluis.com.ar\/?p=19850"},"modified":"2024-02-19T12:24:57","modified_gmt":"2024-02-19T15:24:57","slug":"moyano-es-protagonista-en-uruguay","status":"publish","type":"post","link":"https:\/\/deportesanluis.com.ar\/moyano-es-protagonista-en-uruguay\/","title":{"rendered":"Moyano es protagonista en Uruguay"},"content":{"rendered":"<p>En tierras uruguayas se disputa la\u00a052\u00b0 edici\u00f3n de la cl\u00e1sica Rutas de Am\u00e9rica, una competencia que ya celebr\u00f3 cuatro de sus ocho etapas programadas.<\/p>\n<p>All\u00ed est\u00e1 el puntano Tom\u00e1s Moyano luciendo la casaca del equipo Uni\u00f3n Ciclista 33 con un marcado protagonista desde la jornada inicial.<\/p>\n<p>Fue la etapa que uni\u00f3 Montevideo con Colonia donde Moyano cruz\u00f3 la meta en el 12\u00b0 lugar pero siendo el mejor de la categor\u00eda Sub23. El triunfo del d\u00eda fue para Nahuel Suarez (Paisand\u00fa LIL)<\/p>\n<p>La segunda jornada uni\u00f3 Colonia con Santa Luc\u00eda donde, bajo una incesante lluvia, la definici\u00f3n qued\u00f3 en poder de Leonel Rodr\u00edguez (Cerro Largo) con el puntano siendo nuevamente el mejor de su categor\u00eda.<\/p>\n<p>La Etapa 3 fue entre Sol\u00eds de Mataojo y Varela con Rodr\u00edguez siendo nuevamente el vencedor y en la Etapa 4, Varela-Melo, la victoria fue para Santiago M\u00e9ndez (Barrio Artigas)con Moyano sufriendo un importante retraso a ra\u00edz de dos pinchazos pero cruzando la meta en el octavo lugar.<\/p>\n<p>Hasta el momento, el l\u00edder de la General es Lucas Gaday (Dolores Cycling) con un total de 14hs. 01min. 52seg. escoltado por Agust\u00edn Moreira (Cerro Largo) a 14seg. y por Anderson Maldonado (Barrio Artigas) a 22seg. Moyano se ubica ahora en el 34\u00b0 lugar de la General y octavo entre los Sub23.<\/p>\n<p>Este jueves se disputar\u00e1 la Etapa 5 entre Melo y Vergara con un recorrido de 137kms. El viernes se unir\u00e1 Chuy con Rocha con 146,5kms. de distancia.<\/p>\n<p>El s\u00e1bado por la ma\u00f1ana se disputar\u00e1 la primera parte de la Etapa 7, un recorrido de 90,3kms. entre Rocha y Maldonado, ciudad que ser\u00e1 epicentro de la segundo parte del d\u00eda, una CRI de 15kms.<\/p>\n<p>El cierre ser\u00e1 el domingo con la Etapa 8 con largada en Maldonado y meta final en Montevideo, una distancia de 151kms.<\/p>\n<hr \/>\n<p><strong>Nota:<\/strong> Redacci\u00f3n<\/p>\n","protected":false},"excerpt":{"rendered":"<p>El puntano que defiende la casaca del equipo Uni\u00f3n Ciclista 33 es una de las figuras de la tradicional carrera Rutas de Am\u00e9rica que hoy cumplir\u00e1 con su quinta etapa bajo el dominio de Lucas Gaday (Dolores Cycling).\u00a0<\/p>\n","protected":false},"author":1,"featured_media":19851,"comment_status":"closed","ping_status":"closed","sticky":false,"template":"","format":"standard","meta":{"footnotes":""},"categories":[40,32],"tags":[41],"class_list":{"0":"post-19850","1":"post","2":"type-post","3":"status-publish","4":"format-standard","5":"has-post-thumbnail","7":"category-ciclismo","8":"category-poli","9":"tag-ciclismo"},"yoast_head":"<!-- This site is optimized with the Yoast SEO plugin v27.4 - https:\/\/yoast.com\/product\/yoast-seo-wordpress\/ -->\n<title>Moyano es protagonista en Uruguay - DSL<\/title>\n<meta name=\"description\" content=\"Deporte San Luis\" \/>\n<meta name=\"robots\" content=\"index, follow, max-snippet:-1, max-image-preview:large, max-video-preview:-1\" \/>\n<link rel=\"canonical\" href=\"https:\/\/deportesanluis.com.ar\/moyano-es-protagonista-en-uruguay\/\" \/>\n<meta property=\"og:locale\" content=\"es_ES\" \/>\n<meta property=\"og:type\" content=\"article\" \/>\n<meta property=\"og:title\" content=\"Moyano es protagonista en Uruguay - DSL\" \/>\n<meta property=\"og:description\" content=\"Deporte San Luis\" \/>\n<meta property=\"og:url\" content=\"https:\/\/deportesanluis.com.ar\/moyano-es-protagonista-en-uruguay\/\" \/>\n<meta property=\"og:site_name\" content=\"DSL\" \/>\n<meta property=\"article:publisher\" content=\"https:\/\/www.facebook.com\/DSLDeporteSanLuis\" \/>\n<meta property=\"article:published_time\" content=\"2024-02-15T17:11:42+00:00\" \/>\n<meta property=\"article:modified_time\" content=\"2024-02-19T15:24:57+00:00\" \/>\n<meta property=\"og:image\" content=\"https:\/\/deportesanluis.com.ar\/wp-content\/uploads\/2024\/02\/RutasAmerica24-Moyano.jpg\" \/>\n\t<meta property=\"og:image:width\" content=\"800\" \/>\n\t<meta property=\"og:image:height\" content=\"500\" \/>\n\t<meta property=\"og:image:type\" content=\"image\/jpeg\" \/>\n<meta name=\"author\" content=\"admin\" \/>\n<meta name=\"twitter:card\" content=\"summary_large_image\" \/>\n<meta name=\"twitter:creator\" content=\"@deportesanluis\" \/>\n<meta name=\"twitter:site\" content=\"@deportesanluis\" \/>\n<meta name=\"twitter:label1\" content=\"Escrito por\" \/>\n\t<meta name=\"twitter:data1\" content=\"admin\" \/>\n\t<meta name=\"twitter:label2\" content=\"Tiempo de lectura\" \/>\n\t<meta name=\"twitter:data2\" content=\"2 minutos\" \/>\n<script type=\"application\/ld+json\" class=\"yoast-schema-graph\">{\"@context\":\"https:\\\/\\\/schema.org\",\"@graph\":[{\"@type\":\"Article\",\"@id\":\"https:\\\/\\\/deportesanluis.com.ar\\\/moyano-es-protagonista-en-uruguay\\\/#article\",\"isPartOf\":{\"@id\":\"https:\\\/\\\/deportesanluis.com.ar\\\/moyano-es-protagonista-en-uruguay\\\/\"},\"author\":{\"name\":\"admin\",\"@id\":\"https:\\\/\\\/deportesanluis.com.ar\\\/#\\\/schema\\\/person\\\/4b3e665481e93d271fced43ee48143c8\"},\"headline\":\"Moyano es protagonista en Uruguay\",\"datePublished\":\"2024-02-15T17:11:42+00:00\",\"dateModified\":\"2024-02-19T15:24:57+00:00\",\"mainEntityOfPage\":{\"@id\":\"https:\\\/\\\/deportesanluis.com.ar\\\/moyano-es-protagonista-en-uruguay\\\/\"},\"wordCount\":320,\"publisher\":{\"@id\":\"https:\\\/\\\/deportesanluis.com.ar\\\/#organization\"},\"image\":{\"@id\":\"https:\\\/\\\/deportesanluis.com.ar\\\/moyano-es-protagonista-en-uruguay\\\/#primaryimage\"},\"thumbnailUrl\":\"https:\\\/\\\/deportesanluis.com.ar\\\/wp-content\\\/uploads\\\/2024\\\/02\\\/RutasAmerica24-Moyano.jpg\",\"keywords\":[\"Ciclismo\"],\"articleSection\":[\"Ciclismo\",\"Poli\"],\"inLanguage\":\"es-AR\"},{\"@type\":\"WebPage\",\"@id\":\"https:\\\/\\\/deportesanluis.com.ar\\\/moyano-es-protagonista-en-uruguay\\\/\",\"url\":\"https:\\\/\\\/deportesanluis.com.ar\\\/moyano-es-protagonista-en-uruguay\\\/\",\"name\":\"Moyano es protagonista en Uruguay - DSL\",\"isPartOf\":{\"@id\":\"https:\\\/\\\/deportesanluis.com.ar\\\/#website\"},\"primaryImageOfPage\":{\"@id\":\"https:\\\/\\\/deportesanluis.com.ar\\\/moyano-es-protagonista-en-uruguay\\\/#primaryimage\"},\"image\":{\"@id\":\"https:\\\/\\\/deportesanluis.com.ar\\\/moyano-es-protagonista-en-uruguay\\\/#primaryimage\"},\"thumbnailUrl\":\"https:\\\/\\\/deportesanluis.com.ar\\\/wp-content\\\/uploads\\\/2024\\\/02\\\/RutasAmerica24-Moyano.jpg\",\"datePublished\":\"2024-02-15T17:11:42+00:00\",\"dateModified\":\"2024-02-19T15:24:57+00:00\",\"description\":\"Deporte San Luis\",\"breadcrumb\":{\"@id\":\"https:\\\/\\\/deportesanluis.com.ar\\\/moyano-es-protagonista-en-uruguay\\\/#breadcrumb\"},\"inLanguage\":\"es-AR\",\"potentialAction\":[{\"@type\":\"ReadAction\",\"target\":[\"https:\\\/\\\/deportesanluis.com.ar\\\/moyano-es-protagonista-en-uruguay\\\/\"]}]},{\"@type\":\"ImageObject\",\"inLanguage\":\"es-AR\",\"@id\":\"https:\\\/\\\/deportesanluis.com.ar\\\/moyano-es-protagonista-en-uruguay\\\/#primaryimage\",\"url\":\"https:\\\/\\\/deportesanluis.com.ar\\\/wp-content\\\/uploads\\\/2024\\\/02\\\/RutasAmerica24-Moyano.jpg\",\"contentUrl\":\"https:\\\/\\\/deportesanluis.com.ar\\\/wp-content\\\/uploads\\\/2024\\\/02\\\/RutasAmerica24-Moyano.jpg\",\"width\":800,\"height\":500},{\"@type\":\"BreadcrumbList\",\"@id\":\"https:\\\/\\\/deportesanluis.com.ar\\\/moyano-es-protagonista-en-uruguay\\\/#breadcrumb\",\"itemListElement\":[{\"@type\":\"ListItem\",\"position\":1,\"name\":\"Home\",\"item\":\"https:\\\/\\\/deportesanluis.com.ar\\\/\"},{\"@type\":\"ListItem\",\"position\":2,\"name\":\"Moyano es protagonista en Uruguay\"}]},{\"@type\":\"WebSite\",\"@id\":\"https:\\\/\\\/deportesanluis.com.ar\\\/#website\",\"url\":\"https:\\\/\\\/deportesanluis.com.ar\\\/\",\"name\":\"deportesanluis.com.ar\",\"description\":\"Noticias de Deporte de San Luis\",\"publisher\":{\"@id\":\"https:\\\/\\\/deportesanluis.com.ar\\\/#organization\"},\"alternateName\":\"Deporte SL\",\"potentialAction\":[{\"@type\":\"SearchAction\",\"target\":{\"@type\":\"EntryPoint\",\"urlTemplate\":\"https:\\\/\\\/deportesanluis.com.ar\\\/?s={search_term_string}\"},\"query-input\":{\"@type\":\"PropertyValueSpecification\",\"valueRequired\":true,\"valueName\":\"search_term_string\"}}],\"inLanguage\":\"es-AR\"},{\"@type\":\"Organization\",\"@id\":\"https:\\\/\\\/deportesanluis.com.ar\\\/#organization\",\"name\":\"DSL\",\"alternateName\":\"Deporte SL\",\"url\":\"https:\\\/\\\/deportesanluis.com.ar\\\/\",\"logo\":{\"@type\":\"ImageObject\",\"inLanguage\":\"es-AR\",\"@id\":\"https:\\\/\\\/deportesanluis.com.ar\\\/#\\\/schema\\\/logo\\\/image\\\/\",\"url\":\"https:\\\/\\\/deportesanluis.com.ar\\\/wp-content\\\/uploads\\\/2023\\\/06\\\/DSL-Logo-2023-5.jpg\",\"contentUrl\":\"https:\\\/\\\/deportesanluis.com.ar\\\/wp-content\\\/uploads\\\/2023\\\/06\\\/DSL-Logo-2023-5.jpg\",\"width\":1718,\"height\":845,\"caption\":\"DSL\"},\"image\":{\"@id\":\"https:\\\/\\\/deportesanluis.com.ar\\\/#\\\/schema\\\/logo\\\/image\\\/\"},\"sameAs\":[\"https:\\\/\\\/www.facebook.com\\\/DSLDeporteSanLuis\",\"https:\\\/\\\/x.com\\\/deportesanluis\",\"https:\\\/\\\/www.instagram.com\\\/dsl_deportesanluis\\\/\"]},{\"@type\":\"Person\",\"@id\":\"https:\\\/\\\/deportesanluis.com.ar\\\/#\\\/schema\\\/person\\\/4b3e665481e93d271fced43ee48143c8\",\"name\":\"admin\",\"image\":{\"@type\":\"ImageObject\",\"inLanguage\":\"es-AR\",\"@id\":\"https:\\\/\\\/secure.gravatar.com\\\/avatar\\\/5424b2c21466f502587708c43dbe2dc47b5e643fec67835095677cd3af6ba546?s=96&d=mm&r=g\",\"url\":\"https:\\\/\\\/secure.gravatar.com\\\/avatar\\\/5424b2c21466f502587708c43dbe2dc47b5e643fec67835095677cd3af6ba546?s=96&d=mm&r=g\",\"contentUrl\":\"https:\\\/\\\/secure.gravatar.com\\\/avatar\\\/5424b2c21466f502587708c43dbe2dc47b5e643fec67835095677cd3af6ba546?s=96&d=mm&r=g\",\"caption\":\"admin\"},\"sameAs\":[\"https:\\\/\\\/deportesanluis.com.ar\"],\"url\":\"https:\\\/\\\/deportesanluis.com.ar\\\/author\\\/admin\\\/\"}]}<\/script>\n<!-- \/ Yoast SEO plugin. -->","yoast_head_json":{"title":"Moyano es protagonista en Uruguay - DSL","description":"Deporte San Luis","robots":{"index":"index","follow":"follow","max-snippet":"max-snippet:-1","max-image-preview":"max-image-preview:large","max-video-preview":"max-video-preview:-1"},"canonical":"https:\/\/deportesanluis.com.ar\/moyano-es-protagonista-en-uruguay\/","og_locale":"es_ES","og_type":"article","og_title":"Moyano es protagonista en Uruguay - DSL","og_description":"Deporte San Luis","og_url":"https:\/\/deportesanluis.com.ar\/moyano-es-protagonista-en-uruguay\/","og_site_name":"DSL","article_publisher":"https:\/\/www.facebook.com\/DSLDeporteSanLuis","article_published_time":"2024-02-15T17:11:42+00:00","article_modified_time":"2024-02-19T15:24:57+00:00","og_image":[{"width":800,"height":500,"url":"https:\/\/deportesanluis.com.ar\/wp-content\/uploads\/2024\/02\/RutasAmerica24-Moyano.jpg","type":"image\/jpeg"}],"author":"admin","twitter_card":"summary_large_image","twitter_creator":"@deportesanluis","twitter_site":"@deportesanluis","twitter_misc":{"Escrito por":"admin","Tiempo de lectura":"2 minutos"},"schema":{"@context":"https:\/\/schema.org","@graph":[{"@type":"Article","@id":"https:\/\/deportesanluis.com.ar\/moyano-es-protagonista-en-uruguay\/#article","isPartOf":{"@id":"https:\/\/deportesanluis.com.ar\/moyano-es-protagonista-en-uruguay\/"},"author":{"name":"admin","@id":"https:\/\/deportesanluis.com.ar\/#\/schema\/person\/4b3e665481e93d271fced43ee48143c8"},"headline":"Moyano es protagonista en Uruguay","datePublished":"2024-02-15T17:11:42+00:00","dateModified":"2024-02-19T15:24:57+00:00","mainEntityOfPage":{"@id":"https:\/\/deportesanluis.com.ar\/moyano-es-protagonista-en-uruguay\/"},"wordCount":320,"publisher":{"@id":"https:\/\/deportesanluis.com.ar\/#organization"},"image":{"@id":"https:\/\/deportesanluis.com.ar\/moyano-es-protagonista-en-uruguay\/#primaryimage"},"thumbnailUrl":"https:\/\/deportesanluis.com.ar\/wp-content\/uploads\/2024\/02\/RutasAmerica24-Moyano.jpg","keywords":["Ciclismo"],"articleSection":["Ciclismo","Poli"],"inLanguage":"es-AR"},{"@type":"WebPage","@id":"https:\/\/deportesanluis.com.ar\/moyano-es-protagonista-en-uruguay\/","url":"https:\/\/deportesanluis.com.ar\/moyano-es-protagonista-en-uruguay\/","name":"Moyano es protagonista en Uruguay - DSL","isPartOf":{"@id":"https:\/\/deportesanluis.com.ar\/#website"},"primaryImageOfPage":{"@id":"https:\/\/deportesanluis.com.ar\/moyano-es-protagonista-en-uruguay\/#primaryimage"},"image":{"@id":"https:\/\/deportesanluis.com.ar\/moyano-es-protagonista-en-uruguay\/#primaryimage"},"thumbnailUrl":"https:\/\/deportesanluis.com.ar\/wp-content\/uploads\/2024\/02\/RutasAmerica24-Moyano.jpg","datePublished":"2024-02-15T17:11:42+00:00","dateModified":"2024-02-19T15:24:57+00:00","description":"Deporte San Luis","breadcrumb":{"@id":"https:\/\/deportesanluis.com.ar\/moyano-es-protagonista-en-uruguay\/#breadcrumb"},"inLanguage":"es-AR","potentialAction":[{"@type":"ReadAction","target":["https:\/\/deportesanluis.com.ar\/moyano-es-protagonista-en-uruguay\/"]}]},{"@type":"ImageObject","inLanguage":"es-AR","@id":"https:\/\/deportesanluis.com.ar\/moyano-es-protagonista-en-uruguay\/#primaryimage","url":"https:\/\/deportesanluis.com.ar\/wp-content\/uploads\/2024\/02\/RutasAmerica24-Moyano.jpg","contentUrl":"https:\/\/deportesanluis.com.ar\/wp-content\/uploads\/2024\/02\/RutasAmerica24-Moyano.jpg","width":800,"height":500},{"@type":"BreadcrumbList","@id":"https:\/\/deportesanluis.com.ar\/moyano-es-protagonista-en-uruguay\/#breadcrumb","itemListElement":[{"@type":"ListItem","position":1,"name":"Home","item":"https:\/\/deportesanluis.com.ar\/"},{"@type":"ListItem","position":2,"name":"Moyano es protagonista en Uruguay"}]},{"@type":"WebSite","@id":"https:\/\/deportesanluis.com.ar\/#website","url":"https:\/\/deportesanluis.com.ar\/","name":"deportesanluis.com.ar","description":"Noticias de Deporte de San Luis","publisher":{"@id":"https:\/\/deportesanluis.com.ar\/#organization"},"alternateName":"Deporte SL","potentialAction":[{"@type":"SearchAction","target":{"@type":"EntryPoint","urlTemplate":"https:\/\/deportesanluis.com.ar\/?s={search_term_string}"},"query-input":{"@type":"PropertyValueSpecification","valueRequired":true,"valueName":"search_term_string"}}],"inLanguage":"es-AR"},{"@type":"Organization","@id":"https:\/\/deportesanluis.com.ar\/#organization","name":"DSL","alternateName":"Deporte SL","url":"https:\/\/deportesanluis.com.ar\/","logo":{"@type":"ImageObject","inLanguage":"es-AR","@id":"https:\/\/deportesanluis.com.ar\/#\/schema\/logo\/image\/","url":"https:\/\/deportesanluis.com.ar\/wp-content\/uploads\/2023\/06\/DSL-Logo-2023-5.jpg","contentUrl":"https:\/\/deportesanluis.com.ar\/wp-content\/uploads\/2023\/06\/DSL-Logo-2023-5.jpg","width":1718,"height":845,"caption":"DSL"},"image":{"@id":"https:\/\/deportesanluis.com.ar\/#\/schema\/logo\/image\/"},"sameAs":["https:\/\/www.facebook.com\/DSLDeporteSanLuis","https:\/\/x.com\/deportesanluis","https:\/\/www.instagram.com\/dsl_deportesanluis\/"]},{"@type":"Person","@id":"https:\/\/deportesanluis.com.ar\/#\/schema\/person\/4b3e665481e93d271fced43ee48143c8","name":"admin","image":{"@type":"ImageObject","inLanguage":"es-AR","@id":"https:\/\/secure.gravatar.com\/avatar\/5424b2c21466f502587708c43dbe2dc47b5e643fec67835095677cd3af6ba546?s=96&d=mm&r=g","url":"https:\/\/secure.gravatar.com\/avatar\/5424b2c21466f502587708c43dbe2dc47b5e643fec67835095677cd3af6ba546?s=96&d=mm&r=g","contentUrl":"https:\/\/secure.gravatar.com\/avatar\/5424b2c21466f502587708c43dbe2dc47b5e643fec67835095677cd3af6ba546?s=96&d=mm&r=g","caption":"admin"},"sameAs":["https:\/\/deportesanluis.com.ar"],"url":"https:\/\/deportesanluis.com.ar\/author\/admin\/"}]}},"_links":{"self":[{"href":"https:\/\/deportesanluis.com.ar\/wp-json\/wp\/v2\/posts\/19850","targetHints":{"allow":["GET"]}}],"collection":[{"href":"https:\/\/deportesanluis.com.ar\/wp-json\/wp\/v2\/posts"}],"about":[{"href":"https:\/\/deportesanluis.com.ar\/wp-json\/wp\/v2\/types\/post"}],"author":[{"embeddable":true,"href":"https:\/\/deportesanluis.com.ar\/wp-json\/wp\/v2\/users\/1"}],"replies":[{"embeddable":true,"href":"https:\/\/deportesanluis.com.ar\/wp-json\/wp\/v2\/comments?post=19850"}],"version-history":[{"count":0,"href":"https:\/\/deportesanluis.com.ar\/wp-json\/wp\/v2\/posts\/19850\/revisions"}],"wp:featuredmedia":[{"embeddable":true,"href":"https:\/\/deportesanluis.com.ar\/wp-json\/wp\/v2\/media\/19851"}],"wp:attachment":[{"href":"https:\/\/deportesanluis.com.ar\/wp-json\/wp\/v2\/media?parent=19850"}],"wp:term":[{"taxonomy":"category","embeddable":true,"href":"https:\/\/deportesanluis.com.ar\/wp-json\/wp\/v2\/categories?post=19850"},{"taxonomy":"post_tag","embeddable":true,"href":"https:\/\/deportesanluis.com.ar\/wp-json\/wp\/v2\/tags?post=19850"}],"curies":[{"name":"wp","href":"https:\/\/api.w.org\/{rel}","templated":true}]}}