{"id":19866,"date":"2024-02-16T13:01:09","date_gmt":"2024-02-16T16:01:09","guid":{"rendered":"https:\/\/deportesanluis.com.ar\/?p=19866"},"modified":"2024-02-28T10:29:49","modified_gmt":"2024-02-28T13:29:49","slug":"deportes-y-la-ulp-planean-la-creacion-de-un-secundario-orientado-para-becar-talentos","status":"publish","type":"post","link":"https:\/\/deportesanluis.com.ar\/deportes-y-la-ulp-planean-la-creacion-de-un-secundario-orientado-para-becar-talentos\/","title":{"rendered":"Deportes y la ULP planean la creaci\u00f3n de un secundario orientado para becar talentos"},"content":{"rendered":"<p>Este jueves, el secretario de Deporte, Gabriel Rivero recibi\u00f3 al rector de la ULP, Luis Quintas y al asesor Legal y T\u00e9cnico, Marcelo Neme para abordar proyectos vinculados al desarrollo deportivo y educativo.<\/p>\n<p>La secretar\u00eda de Deportes y la Universidad de La Punta (ULP) comenzaron a trabajar en nuevas propuestas acad\u00e9micas vinculadas a la gesti\u00f3n deportiva, utilizando la infraestructura de la casa de estudios y en la creaci\u00f3n de una escuela secundaria dentro del espacio f\u00edsico e institucional de la propia universidad.<\/p>\n<p><img decoding=\"async\" src=\"https:\/\/scontent.fluq4-1.fna.fbcdn.net\/v\/t39.30808-6\/426507609_781300830698921_5225128897771642871_n.jpg?_nc_cat=102&amp;ccb=1-7&amp;_nc_sid=3635dc&amp;_nc_eui2=AeGQuGRga3PwB3NLEWPmtF9WwehbJTpqyUPB6FslOmrJQ15Z685Ir2mmFbhYoeCuyr8&amp;_nc_ohc=0W_tWJL85pwAX-kt2Cy&amp;_nc_ht=scontent.fluq4-1.fna&amp;oh=00_AfDBVWlvZdhmbEP9aNgiFrO3ekXVhRzpakK5_t26AckLXw&amp;oe=65D3F517\" \/><\/p>\n<p>\u201cLa idea es aprovechar el Centro de Alto Rendimiento Deportivo (CARD) y las residencias de la ULP para tratar de captar talentos en los distintos lugares de la provincia. Vamos a enriquecer el nivel del v\u00f3ley, el b\u00e1squet, el f\u00fatbol y becar a los elegidos para que estudien en esa escuela, con una orientaci\u00f3n deportiva para que puedan seguir desarrollando esas capacidades\u201d, detall\u00f3 Neme.<br \/>\nSe trata de proyectos a largo plazo para completar la educaci\u00f3n con el desarrollo deportivo de los talentos.<\/p>\n<p>Participaron adem\u00e1s del encuentro la subdirectora de Fortalecimiento Institucional de Clubes, Valentina Echenique y el jefe de \u00c1rea de Capacitaci\u00f3n, Dami\u00e1n Aimar.<\/p>\n<hr \/>\n<p><strong>Nota:<\/strong> ANSL<\/p>\n","protected":false},"excerpt":{"rendered":"<p>Comenzaron a trabajar en nuevas propuestas acad\u00e9micas vinculadas a la gesti\u00f3n deportiva, utilizando la infraestructura de la casa de estudios y en la creaci\u00f3n de una escuela secundaria dentro del espacio f\u00edsico e institucional de la propia universidad.<\/p>\n","protected":false},"author":1,"featured_media":12728,"comment_status":"closed","ping_status":"closed","sticky":false,"template":"","format":"standard","meta":{"footnotes":""},"categories":[75,32],"tags":[],"class_list":{"0":"post-19866","1":"post","2":"type-post","3":"status-publish","4":"format-standard","5":"has-post-thumbnail","7":"category-75","8":"category-poli"},"yoast_head":"<!-- This site is optimized with the Yoast SEO plugin v27.4 - https:\/\/yoast.com\/product\/yoast-seo-wordpress\/ -->\n<title>Deportes y la ULP planean la creaci\u00f3n de un secundario orientado para becar talentos - DSL<\/title>\n<meta name=\"description\" content=\"Deporte San Luis\" \/>\n<meta name=\"robots\" content=\"index, follow, max-snippet:-1, max-image-preview:large, max-video-preview:-1\" \/>\n<link rel=\"canonical\" href=\"https:\/\/deportesanluis.com.ar\/deportes-y-la-ulp-planean-la-creacion-de-un-secundario-orientado-para-becar-talentos\/\" \/>\n<meta property=\"og:locale\" content=\"es_ES\" \/>\n<meta property=\"og:type\" content=\"article\" \/>\n<meta property=\"og:title\" content=\"Deportes y la ULP planean la creaci\u00f3n de un secundario orientado para becar talentos - DSL\" \/>\n<meta property=\"og:description\" content=\"Deporte San Luis\" \/>\n<meta property=\"og:url\" content=\"https:\/\/deportesanluis.com.ar\/deportes-y-la-ulp-planean-la-creacion-de-un-secundario-orientado-para-becar-talentos\/\" \/>\n<meta property=\"og:site_name\" content=\"DSL\" \/>\n<meta property=\"article:publisher\" content=\"https:\/\/www.facebook.com\/DSLDeporteSanLuis\" \/>\n<meta property=\"article:published_time\" content=\"2024-02-16T16:01:09+00:00\" \/>\n<meta property=\"article:modified_time\" content=\"2024-02-28T13:29:49+00:00\" \/>\n<meta property=\"og:image\" content=\"https:\/\/deportesanluis.com.ar\/wp-content\/uploads\/2023\/03\/CampusULP2.jpg\" \/>\n\t<meta property=\"og:image:width\" content=\"800\" \/>\n\t<meta property=\"og:image:height\" content=\"500\" \/>\n\t<meta property=\"og:image:type\" content=\"image\/jpeg\" \/>\n<meta name=\"author\" content=\"admin\" \/>\n<meta name=\"twitter:card\" content=\"summary_large_image\" \/>\n<meta name=\"twitter:creator\" content=\"@deportesanluis\" \/>\n<meta name=\"twitter:site\" content=\"@deportesanluis\" \/>\n<meta name=\"twitter:label1\" content=\"Escrito por\" \/>\n\t<meta name=\"twitter:data1\" content=\"admin\" \/>\n\t<meta name=\"twitter:label2\" content=\"Tiempo de lectura\" \/>\n\t<meta name=\"twitter:data2\" content=\"1 minuto\" \/>\n<script type=\"application\/ld+json\" class=\"yoast-schema-graph\">{\"@context\":\"https:\\\/\\\/schema.org\",\"@graph\":[{\"@type\":\"Article\",\"@id\":\"https:\\\/\\\/deportesanluis.com.ar\\\/deportes-y-la-ulp-planean-la-creacion-de-un-secundario-orientado-para-becar-talentos\\\/#article\",\"isPartOf\":{\"@id\":\"https:\\\/\\\/deportesanluis.com.ar\\\/deportes-y-la-ulp-planean-la-creacion-de-un-secundario-orientado-para-becar-talentos\\\/\"},\"author\":{\"name\":\"admin\",\"@id\":\"https:\\\/\\\/deportesanluis.com.ar\\\/#\\\/schema\\\/person\\\/4b3e665481e93d271fced43ee48143c8\"},\"headline\":\"Deportes y la ULP planean la creaci\u00f3n de un secundario orientado para becar talentos\",\"datePublished\":\"2024-02-16T16:01:09+00:00\",\"dateModified\":\"2024-02-28T13:29:49+00:00\",\"mainEntityOfPage\":{\"@id\":\"https:\\\/\\\/deportesanluis.com.ar\\\/deportes-y-la-ulp-planean-la-creacion-de-un-secundario-orientado-para-becar-talentos\\\/\"},\"wordCount\":217,\"publisher\":{\"@id\":\"https:\\\/\\\/deportesanluis.com.ar\\\/#organization\"},\"image\":{\"@id\":\"https:\\\/\\\/deportesanluis.com.ar\\\/deportes-y-la-ulp-planean-la-creacion-de-un-secundario-orientado-para-becar-talentos\\\/#primaryimage\"},\"thumbnailUrl\":\"https:\\\/\\\/deportesanluis.com.ar\\\/wp-content\\\/uploads\\\/2023\\\/03\\\/CampusULP2.jpg\",\"articleSection\":[\"15\",\"Poli\"],\"inLanguage\":\"es-AR\"},{\"@type\":\"WebPage\",\"@id\":\"https:\\\/\\\/deportesanluis.com.ar\\\/deportes-y-la-ulp-planean-la-creacion-de-un-secundario-orientado-para-becar-talentos\\\/\",\"url\":\"https:\\\/\\\/deportesanluis.com.ar\\\/deportes-y-la-ulp-planean-la-creacion-de-un-secundario-orientado-para-becar-talentos\\\/\",\"name\":\"Deportes y la ULP planean la creaci\u00f3n de un secundario orientado para becar talentos - DSL\",\"isPartOf\":{\"@id\":\"https:\\\/\\\/deportesanluis.com.ar\\\/#website\"},\"primaryImageOfPage\":{\"@id\":\"https:\\\/\\\/deportesanluis.com.ar\\\/deportes-y-la-ulp-planean-la-creacion-de-un-secundario-orientado-para-becar-talentos\\\/#primaryimage\"},\"image\":{\"@id\":\"https:\\\/\\\/deportesanluis.com.ar\\\/deportes-y-la-ulp-planean-la-creacion-de-un-secundario-orientado-para-becar-talentos\\\/#primaryimage\"},\"thumbnailUrl\":\"https:\\\/\\\/deportesanluis.com.ar\\\/wp-content\\\/uploads\\\/2023\\\/03\\\/CampusULP2.jpg\",\"datePublished\":\"2024-02-16T16:01:09+00:00\",\"dateModified\":\"2024-02-28T13:29:49+00:00\",\"description\":\"Deporte San Luis\",\"breadcrumb\":{\"@id\":\"https:\\\/\\\/deportesanluis.com.ar\\\/deportes-y-la-ulp-planean-la-creacion-de-un-secundario-orientado-para-becar-talentos\\\/#breadcrumb\"},\"inLanguage\":\"es-AR\",\"potentialAction\":[{\"@type\":\"ReadAction\",\"target\":[\"https:\\\/\\\/deportesanluis.com.ar\\\/deportes-y-la-ulp-planean-la-creacion-de-un-secundario-orientado-para-becar-talentos\\\/\"]}]},{\"@type\":\"ImageObject\",\"inLanguage\":\"es-AR\",\"@id\":\"https:\\\/\\\/deportesanluis.com.ar\\\/deportes-y-la-ulp-planean-la-creacion-de-un-secundario-orientado-para-becar-talentos\\\/#primaryimage\",\"url\":\"https:\\\/\\\/deportesanluis.com.ar\\\/wp-content\\\/uploads\\\/2023\\\/03\\\/CampusULP2.jpg\",\"contentUrl\":\"https:\\\/\\\/deportesanluis.com.ar\\\/wp-content\\\/uploads\\\/2023\\\/03\\\/CampusULP2.jpg\",\"width\":800,\"height\":500},{\"@type\":\"BreadcrumbList\",\"@id\":\"https:\\\/\\\/deportesanluis.com.ar\\\/deportes-y-la-ulp-planean-la-creacion-de-un-secundario-orientado-para-becar-talentos\\\/#breadcrumb\",\"itemListElement\":[{\"@type\":\"ListItem\",\"position\":1,\"name\":\"Home\",\"item\":\"https:\\\/\\\/deportesanluis.com.ar\\\/\"},{\"@type\":\"ListItem\",\"position\":2,\"name\":\"Deportes y la ULP planean la creaci\u00f3n de un secundario orientado para becar talentos\"}]},{\"@type\":\"WebSite\",\"@id\":\"https:\\\/\\\/deportesanluis.com.ar\\\/#website\",\"url\":\"https:\\\/\\\/deportesanluis.com.ar\\\/\",\"name\":\"deportesanluis.com.ar\",\"description\":\"Noticias de Deporte de San Luis\",\"publisher\":{\"@id\":\"https:\\\/\\\/deportesanluis.com.ar\\\/#organization\"},\"alternateName\":\"Deporte SL\",\"potentialAction\":[{\"@type\":\"SearchAction\",\"target\":{\"@type\":\"EntryPoint\",\"urlTemplate\":\"https:\\\/\\\/deportesanluis.com.ar\\\/?s={search_term_string}\"},\"query-input\":{\"@type\":\"PropertyValueSpecification\",\"valueRequired\":true,\"valueName\":\"search_term_string\"}}],\"inLanguage\":\"es-AR\"},{\"@type\":\"Organization\",\"@id\":\"https:\\\/\\\/deportesanluis.com.ar\\\/#organization\",\"name\":\"DSL\",\"alternateName\":\"Deporte SL\",\"url\":\"https:\\\/\\\/deportesanluis.com.ar\\\/\",\"logo\":{\"@type\":\"ImageObject\",\"inLanguage\":\"es-AR\",\"@id\":\"https:\\\/\\\/deportesanluis.com.ar\\\/#\\\/schema\\\/logo\\\/image\\\/\",\"url\":\"https:\\\/\\\/deportesanluis.com.ar\\\/wp-content\\\/uploads\\\/2023\\\/06\\\/DSL-Logo-2023-5.jpg\",\"contentUrl\":\"https:\\\/\\\/deportesanluis.com.ar\\\/wp-content\\\/uploads\\\/2023\\\/06\\\/DSL-Logo-2023-5.jpg\",\"width\":1718,\"height\":845,\"caption\":\"DSL\"},\"image\":{\"@id\":\"https:\\\/\\\/deportesanluis.com.ar\\\/#\\\/schema\\\/logo\\\/image\\\/\"},\"sameAs\":[\"https:\\\/\\\/www.facebook.com\\\/DSLDeporteSanLuis\",\"https:\\\/\\\/x.com\\\/deportesanluis\",\"https:\\\/\\\/www.instagram.com\\\/dsl_deportesanluis\\\/\"]},{\"@type\":\"Person\",\"@id\":\"https:\\\/\\\/deportesanluis.com.ar\\\/#\\\/schema\\\/person\\\/4b3e665481e93d271fced43ee48143c8\",\"name\":\"admin\",\"image\":{\"@type\":\"ImageObject\",\"inLanguage\":\"es-AR\",\"@id\":\"https:\\\/\\\/secure.gravatar.com\\\/avatar\\\/5424b2c21466f502587708c43dbe2dc47b5e643fec67835095677cd3af6ba546?s=96&d=mm&r=g\",\"url\":\"https:\\\/\\\/secure.gravatar.com\\\/avatar\\\/5424b2c21466f502587708c43dbe2dc47b5e643fec67835095677cd3af6ba546?s=96&d=mm&r=g\",\"contentUrl\":\"https:\\\/\\\/secure.gravatar.com\\\/avatar\\\/5424b2c21466f502587708c43dbe2dc47b5e643fec67835095677cd3af6ba546?s=96&d=mm&r=g\",\"caption\":\"admin\"},\"sameAs\":[\"https:\\\/\\\/deportesanluis.com.ar\"],\"url\":\"https:\\\/\\\/deportesanluis.com.ar\\\/author\\\/admin\\\/\"}]}<\/script>\n<!-- \/ Yoast SEO plugin. -->","yoast_head_json":{"title":"Deportes y la ULP planean la creaci\u00f3n de un secundario orientado para becar talentos - DSL","description":"Deporte San Luis","robots":{"index":"index","follow":"follow","max-snippet":"max-snippet:-1","max-image-preview":"max-image-preview:large","max-video-preview":"max-video-preview:-1"},"canonical":"https:\/\/deportesanluis.com.ar\/deportes-y-la-ulp-planean-la-creacion-de-un-secundario-orientado-para-becar-talentos\/","og_locale":"es_ES","og_type":"article","og_title":"Deportes y la ULP planean la creaci\u00f3n de un secundario orientado para becar talentos - DSL","og_description":"Deporte San Luis","og_url":"https:\/\/deportesanluis.com.ar\/deportes-y-la-ulp-planean-la-creacion-de-un-secundario-orientado-para-becar-talentos\/","og_site_name":"DSL","article_publisher":"https:\/\/www.facebook.com\/DSLDeporteSanLuis","article_published_time":"2024-02-16T16:01:09+00:00","article_modified_time":"2024-02-28T13:29:49+00:00","og_image":[{"width":800,"height":500,"url":"https:\/\/deportesanluis.com.ar\/wp-content\/uploads\/2023\/03\/CampusULP2.jpg","type":"image\/jpeg"}],"author":"admin","twitter_card":"summary_large_image","twitter_creator":"@deportesanluis","twitter_site":"@deportesanluis","twitter_misc":{"Escrito por":"admin","Tiempo de lectura":"1 minuto"},"schema":{"@context":"https:\/\/schema.org","@graph":[{"@type":"Article","@id":"https:\/\/deportesanluis.com.ar\/deportes-y-la-ulp-planean-la-creacion-de-un-secundario-orientado-para-becar-talentos\/#article","isPartOf":{"@id":"https:\/\/deportesanluis.com.ar\/deportes-y-la-ulp-planean-la-creacion-de-un-secundario-orientado-para-becar-talentos\/"},"author":{"name":"admin","@id":"https:\/\/deportesanluis.com.ar\/#\/schema\/person\/4b3e665481e93d271fced43ee48143c8"},"headline":"Deportes y la ULP planean la creaci\u00f3n de un secundario orientado para becar talentos","datePublished":"2024-02-16T16:01:09+00:00","dateModified":"2024-02-28T13:29:49+00:00","mainEntityOfPage":{"@id":"https:\/\/deportesanluis.com.ar\/deportes-y-la-ulp-planean-la-creacion-de-un-secundario-orientado-para-becar-talentos\/"},"wordCount":217,"publisher":{"@id":"https:\/\/deportesanluis.com.ar\/#organization"},"image":{"@id":"https:\/\/deportesanluis.com.ar\/deportes-y-la-ulp-planean-la-creacion-de-un-secundario-orientado-para-becar-talentos\/#primaryimage"},"thumbnailUrl":"https:\/\/deportesanluis.com.ar\/wp-content\/uploads\/2023\/03\/CampusULP2.jpg","articleSection":["15","Poli"],"inLanguage":"es-AR"},{"@type":"WebPage","@id":"https:\/\/deportesanluis.com.ar\/deportes-y-la-ulp-planean-la-creacion-de-un-secundario-orientado-para-becar-talentos\/","url":"https:\/\/deportesanluis.com.ar\/deportes-y-la-ulp-planean-la-creacion-de-un-secundario-orientado-para-becar-talentos\/","name":"Deportes y la ULP planean la creaci\u00f3n de un secundario orientado para becar talentos - DSL","isPartOf":{"@id":"https:\/\/deportesanluis.com.ar\/#website"},"primaryImageOfPage":{"@id":"https:\/\/deportesanluis.com.ar\/deportes-y-la-ulp-planean-la-creacion-de-un-secundario-orientado-para-becar-talentos\/#primaryimage"},"image":{"@id":"https:\/\/deportesanluis.com.ar\/deportes-y-la-ulp-planean-la-creacion-de-un-secundario-orientado-para-becar-talentos\/#primaryimage"},"thumbnailUrl":"https:\/\/deportesanluis.com.ar\/wp-content\/uploads\/2023\/03\/CampusULP2.jpg","datePublished":"2024-02-16T16:01:09+00:00","dateModified":"2024-02-28T13:29:49+00:00","description":"Deporte San Luis","breadcrumb":{"@id":"https:\/\/deportesanluis.com.ar\/deportes-y-la-ulp-planean-la-creacion-de-un-secundario-orientado-para-becar-talentos\/#breadcrumb"},"inLanguage":"es-AR","potentialAction":[{"@type":"ReadAction","target":["https:\/\/deportesanluis.com.ar\/deportes-y-la-ulp-planean-la-creacion-de-un-secundario-orientado-para-becar-talentos\/"]}]},{"@type":"ImageObject","inLanguage":"es-AR","@id":"https:\/\/deportesanluis.com.ar\/deportes-y-la-ulp-planean-la-creacion-de-un-secundario-orientado-para-becar-talentos\/#primaryimage","url":"https:\/\/deportesanluis.com.ar\/wp-content\/uploads\/2023\/03\/CampusULP2.jpg","contentUrl":"https:\/\/deportesanluis.com.ar\/wp-content\/uploads\/2023\/03\/CampusULP2.jpg","width":800,"height":500},{"@type":"BreadcrumbList","@id":"https:\/\/deportesanluis.com.ar\/deportes-y-la-ulp-planean-la-creacion-de-un-secundario-orientado-para-becar-talentos\/#breadcrumb","itemListElement":[{"@type":"ListItem","position":1,"name":"Home","item":"https:\/\/deportesanluis.com.ar\/"},{"@type":"ListItem","position":2,"name":"Deportes y la ULP planean la creaci\u00f3n de un secundario orientado para becar talentos"}]},{"@type":"WebSite","@id":"https:\/\/deportesanluis.com.ar\/#website","url":"https:\/\/deportesanluis.com.ar\/","name":"deportesanluis.com.ar","description":"Noticias de Deporte de San Luis","publisher":{"@id":"https:\/\/deportesanluis.com.ar\/#organization"},"alternateName":"Deporte SL","potentialAction":[{"@type":"SearchAction","target":{"@type":"EntryPoint","urlTemplate":"https:\/\/deportesanluis.com.ar\/?s={search_term_string}"},"query-input":{"@type":"PropertyValueSpecification","valueRequired":true,"valueName":"search_term_string"}}],"inLanguage":"es-AR"},{"@type":"Organization","@id":"https:\/\/deportesanluis.com.ar\/#organization","name":"DSL","alternateName":"Deporte SL","url":"https:\/\/deportesanluis.com.ar\/","logo":{"@type":"ImageObject","inLanguage":"es-AR","@id":"https:\/\/deportesanluis.com.ar\/#\/schema\/logo\/image\/","url":"https:\/\/deportesanluis.com.ar\/wp-content\/uploads\/2023\/06\/DSL-Logo-2023-5.jpg","contentUrl":"https:\/\/deportesanluis.com.ar\/wp-content\/uploads\/2023\/06\/DSL-Logo-2023-5.jpg","width":1718,"height":845,"caption":"DSL"},"image":{"@id":"https:\/\/deportesanluis.com.ar\/#\/schema\/logo\/image\/"},"sameAs":["https:\/\/www.facebook.com\/DSLDeporteSanLuis","https:\/\/x.com\/deportesanluis","https:\/\/www.instagram.com\/dsl_deportesanluis\/"]},{"@type":"Person","@id":"https:\/\/deportesanluis.com.ar\/#\/schema\/person\/4b3e665481e93d271fced43ee48143c8","name":"admin","image":{"@type":"ImageObject","inLanguage":"es-AR","@id":"https:\/\/secure.gravatar.com\/avatar\/5424b2c21466f502587708c43dbe2dc47b5e643fec67835095677cd3af6ba546?s=96&d=mm&r=g","url":"https:\/\/secure.gravatar.com\/avatar\/5424b2c21466f502587708c43dbe2dc47b5e643fec67835095677cd3af6ba546?s=96&d=mm&r=g","contentUrl":"https:\/\/secure.gravatar.com\/avatar\/5424b2c21466f502587708c43dbe2dc47b5e643fec67835095677cd3af6ba546?s=96&d=mm&r=g","caption":"admin"},"sameAs":["https:\/\/deportesanluis.com.ar"],"url":"https:\/\/deportesanluis.com.ar\/author\/admin\/"}]}},"_links":{"self":[{"href":"https:\/\/deportesanluis.com.ar\/wp-json\/wp\/v2\/posts\/19866","targetHints":{"allow":["GET"]}}],"collection":[{"href":"https:\/\/deportesanluis.com.ar\/wp-json\/wp\/v2\/posts"}],"about":[{"href":"https:\/\/deportesanluis.com.ar\/wp-json\/wp\/v2\/types\/post"}],"author":[{"embeddable":true,"href":"https:\/\/deportesanluis.com.ar\/wp-json\/wp\/v2\/users\/1"}],"replies":[{"embeddable":true,"href":"https:\/\/deportesanluis.com.ar\/wp-json\/wp\/v2\/comments?post=19866"}],"version-history":[{"count":0,"href":"https:\/\/deportesanluis.com.ar\/wp-json\/wp\/v2\/posts\/19866\/revisions"}],"wp:featuredmedia":[{"embeddable":true,"href":"https:\/\/deportesanluis.com.ar\/wp-json\/wp\/v2\/media\/12728"}],"wp:attachment":[{"href":"https:\/\/deportesanluis.com.ar\/wp-json\/wp\/v2\/media?parent=19866"}],"wp:term":[{"taxonomy":"category","embeddable":true,"href":"https:\/\/deportesanluis.com.ar\/wp-json\/wp\/v2\/categories?post=19866"},{"taxonomy":"post_tag","embeddable":true,"href":"https:\/\/deportesanluis.com.ar\/wp-json\/wp\/v2\/tags?post=19866"}],"curies":[{"name":"wp","href":"https:\/\/api.w.org\/{rel}","templated":true}]}}