{"id":22900,"date":"2024-08-13T11:59:34","date_gmt":"2024-08-13T14:59:34","guid":{"rendered":"https:\/\/deportesanluis.com.ar\/?p=22900"},"modified":"2024-08-18T13:02:35","modified_gmt":"2024-08-18T16:02:35","slug":"se-viene-la-vuelta-de-espana-con-presencia-argentina","status":"publish","type":"post","link":"https:\/\/deportesanluis.com.ar\/se-viene-la-vuelta-de-espana-con-presencia-argentina\/","title":{"rendered":"Se viene la Vuelta de Espa\u00f1a con presencia argentina"},"content":{"rendered":"<p>La tercer gran carrera de ciclismo mundial de cada temporada, la Vuelta de Espa\u00f1a, comenzar\u00e1 a celebrar este s\u00e1bado su edici\u00f3n 79 con una CRI entre Lisboa y Oeiras, en tierras portuguesas y con la gran mayor\u00eda de los equipos con plantillas confirmadas.<\/p>\n<p>El Decathlon AG2R sumar\u00e1 entre su figuras al franc\u00e9s Valent\u00edn Paret-Peintr\u00e9 y el australiano Ben O\u00b4Connor; el Arkea al belga Laurens Huys y el espa\u00f1ol Cristian Rodr\u00edguez; el Astana a los colombianos Harold Tejada y Santiago Umba como as\u00ed tambi\u00e9n al ecuatoriano Harold L\u00f3pez.<\/p>\n<p>El Bahrain-Victorius tendr\u00e1 como figura al italiano Damiano Caruso mientras que el Red Bull-Bora Hansgrohe tendr\u00e1 como estrella al esloveno Primoz Roglic (ganador de las ediciones 2019, 2020 y 2021) y al colombiano Daniel Mart\u00ednez.<\/p>\n<p><img decoding=\"async\" src=\"https:\/\/img.aso.fr\/core_app\/img-cycling-vue-jpg\/ve24-mapa\/20207\/0:0,1000:1250-1000-0-70\/00209\" \/><\/p>\n<p>El Cofidis intentar\u00e1 llevar a la cima al franc\u00e9s Mart\u00edn Guillaume y al espa\u00f1ol Jes\u00fas Herrada; el EF Education al ecuatoriano Richard Carap\u00e1z y al colombiano Rigoberto Ur\u00e1n; el Groupama-FDJ al franc\u00e9s David Gaudu y el Ineos Grenadiers al polaco Michal Kwiatkowsky, al espa\u00f1ol Carlos Rodr\u00edguez y al colombiano Egan Bernal.<\/p>\n<p>El Intermarch\u00e9 intentar\u00e1 tener protagonismo con el belga Arn\u00e9 Marit pero la atenci\u00f3n estar\u00e1 puesta en el Team Visma con el norteamericano Sepp Kuss, ganador de la edici\u00f3n 2023, como as\u00ed tambi\u00e9n con el belga Wout Van Aert.<\/p>\n<p><a href=\"https:\/\/deportesanluis.com.ar\/wp-content\/uploads\/2023\/09\/VueltaEspana23-Etapa21-Final.jpeg\"><img loading=\"lazy\" decoding=\"async\" class=\"aligncenter size-full wp-image-17305\" src=\"https:\/\/deportesanluis.com.ar\/wp-content\/uploads\/2023\/09\/VueltaEspana23-Etapa21-Final.jpeg\" alt=\"\" width=\"2000\" height=\"1333\" srcset=\"https:\/\/deportesanluis.com.ar\/wp-content\/uploads\/2023\/09\/VueltaEspana23-Etapa21-Final.jpeg 2000w, https:\/\/deportesanluis.com.ar\/wp-content\/uploads\/2023\/09\/VueltaEspana23-Etapa21-Final-300x200.jpeg 300w, https:\/\/deportesanluis.com.ar\/wp-content\/uploads\/2023\/09\/VueltaEspana23-Etapa21-Final-1024x682.jpeg 1024w, https:\/\/deportesanluis.com.ar\/wp-content\/uploads\/2023\/09\/VueltaEspana23-Etapa21-Final-768x512.jpeg 768w, https:\/\/deportesanluis.com.ar\/wp-content\/uploads\/2023\/09\/VueltaEspana23-Etapa21-Final-1536x1024.jpeg 1536w, https:\/\/deportesanluis.com.ar\/wp-content\/uploads\/2023\/09\/VueltaEspana23-Etapa21-Final-150x100.jpeg 150w, https:\/\/deportesanluis.com.ar\/wp-content\/uploads\/2023\/09\/VueltaEspana23-Etapa21-Final-696x464.jpeg 696w, https:\/\/deportesanluis.com.ar\/wp-content\/uploads\/2023\/09\/VueltaEspana23-Etapa21-Final-1068x712.jpeg 1068w, https:\/\/deportesanluis.com.ar\/wp-content\/uploads\/2023\/09\/VueltaEspana23-Etapa21-Final-1920x1280.jpeg 1920w, https:\/\/deportesanluis.com.ar\/wp-content\/uploads\/2023\/09\/VueltaEspana23-Etapa21-Final-128x85.jpeg 128w, https:\/\/deportesanluis.com.ar\/wp-content\/uploads\/2023\/09\/VueltaEspana23-Etapa21-Final-32x21.jpeg 32w\" sizes=\"auto, (max-width: 2000px) 100vw, 2000px\" \/><\/a><\/p>\n<p>El equipo Lidl-Trek tendr\u00e1 como estrella al italiano Giulio Ciccone en tanto que el Movistar Team a los locales Enric M\u00e1s y Pelayo S\u00e1nchez como as\u00ed tambi\u00e9n a los colombianos Nairo Quitana y Einer Rubio.<\/p>\n<p>Sin lugar a dudas, el Soudal Quick-Step ser\u00e1 protagonista con el espa\u00f1ol Mikel Landa y el dan\u00e9s Casper Pedersen; el Team DSM con el brit\u00e1nico Max Poole; el Team Jayco con el italiano Filippo Zana y el UAE Team Emirates, ganador de las \u00faltimas ediciones del Giro de Italia y del Tour de Francia, dir\u00e1 presente con el espa\u00f1ol Marc Soler, el portugu\u00e9s Joao Almeida y el brit\u00e1nico Adam Yates como figuras ante la ausencia del mejor ciclista del momento, el esloveno Tadej Pogacar.<\/p>\n<p>El \u00fanico equipo World Tour que a\u00fan no confirma su plantilla es el Alpecin-Deceuninck.<\/p>\n<p>Con respecto a los equipos Pro Tour, el Ken Pharma y Euskaltel-Euskadi estar\u00e1n presentes con grandes figuras locales.<\/p>\n<p>En tanto que, en el Israel Premier Tech, se destaca el canadiense Michael Woods y en el Lotto-Dstny lo har\u00e1 el argentino Eduardo Sep\u00falveda que intentar\u00e1 brillar como lo hizo en la pasada edici\u00f3n donde mantuvo por varias etapas la malla l\u00edder entre los escaladores.<\/p>\n<p><a href=\"https:\/\/deportesanluis.com.ar\/wp-content\/uploads\/2023\/09\/VueltaEspaya23-Etapa6-Sepulveda.jpg\"><img loading=\"lazy\" decoding=\"async\" class=\"aligncenter size-full wp-image-16933\" src=\"https:\/\/deportesanluis.com.ar\/wp-content\/uploads\/2023\/09\/VueltaEspaya23-Etapa6-Sepulveda.jpg\" alt=\"\" width=\"800\" height=\"500\" srcset=\"https:\/\/deportesanluis.com.ar\/wp-content\/uploads\/2023\/09\/VueltaEspaya23-Etapa6-Sepulveda.jpg 800w, https:\/\/deportesanluis.com.ar\/wp-content\/uploads\/2023\/09\/VueltaEspaya23-Etapa6-Sepulveda-300x188.jpg 300w, https:\/\/deportesanluis.com.ar\/wp-content\/uploads\/2023\/09\/VueltaEspaya23-Etapa6-Sepulveda-768x480.jpg 768w, https:\/\/deportesanluis.com.ar\/wp-content\/uploads\/2023\/09\/VueltaEspaya23-Etapa6-Sepulveda-150x94.jpg 150w, https:\/\/deportesanluis.com.ar\/wp-content\/uploads\/2023\/09\/VueltaEspaya23-Etapa6-Sepulveda-696x435.jpg 696w, https:\/\/deportesanluis.com.ar\/wp-content\/uploads\/2023\/09\/VueltaEspaya23-Etapa6-Sepulveda-128x80.jpg 128w, https:\/\/deportesanluis.com.ar\/wp-content\/uploads\/2023\/09\/VueltaEspaya23-Etapa6-Sepulveda-32x20.jpg 32w\" sizes=\"auto, (max-width: 800px) 100vw, 800px\" \/><\/a><\/p>\n<h4><strong>Recorrido &#8211; Vuelta de Espa\u00f1a 2024<\/strong><\/h4>\n<p>17\/08 &#8211; Etapa 1 &#8211; (CRI) Lisboa &#8211; Oeiras 12kms.<br \/>\n18\/08 &#8211; Etapa 2 &#8211; Cascais &#8211; Our\u00e9m 194kms.<br \/>\n19\/08 &#8211; Etapa 3 &#8211; Lous\u00e3 &#8211; Castelo Branco 191.5kms.<br \/>\n20\/08 &#8211; Etapa 4 &#8211; Plasencia &#8211; Pico Villuercas 170.5kms.<br \/>\n21\/08 &#8211; Etapa 5 &#8211; Fuente del Maestre &#8211; Sevilla 177kms.<br \/>\n22\/08 &#8211; Etapa 6 &#8211; Jerez de la Frontera &#8211; Yunquera 185.5kms.<br \/>\n23\/08 &#8211; Etapa 7 &#8211; Archidona &#8211; C\u00f3rdoba 180.5kms.<br \/>\n24\/08 &#8211; Etapa 8 &#8211; \u00dabeda &#8211; Cazorla 159kms.<br \/>\n25\/08 &#8211; Etapa 9 &#8211; Motril &#8211; Granada 178.5kms.<br \/>\n27\/08 &#8211; Etapa 10 &#8211; Ponteareas &#8211; Baiona 160kms.<br \/>\n28\/08 &#8211; Etapa 11 &#8211; Cortizo Padr\u00f3n &#8211; Cortizo Padr\u00f3n 166.5kms.<br \/>\n29\/08 &#8211; Etapa 12 &#8211; Ourense &#8211; Manzaneda 137.5kms.<br \/>\n30\/08 &#8211; Etapa 13 &#8211; Lugo &#8211; Puerto de Ancares 176kms.<br \/>\n31\/08 &#8211; Etapa 14 &#8211; Villafranco del Bierzo &#8211; Villablino 200.5kms.<br \/>\n01\/09 &#8211; Etapa 15 &#8211; Infiesto Valgrande-Pajares Cuitu Negru 143kms.<br \/>\n03\/09 &#8211; Etapa 16 &#8211; Luanco &#8211; Lagos de Covadonga 181.5kms.<br \/>\n04\/09 &#8211; Etapa 17 &#8211; Arnuero &#8211; Santander 141.5kms.<br \/>\n05\/09 &#8211; Etapa 18 &#8211; Vitoria Gasteiz &#8211; Parque Natural de Izki 179.5kms.<br \/>\n06\/09 &#8211; Etapa 19 &#8211; Logro\u00f1o &#8211; Alto de Moncalvillo 173.5kms.<br \/>\n07\/09 &#8211; Etapa 20 &#8211; Villarcayo &#8211; Pic\u00f3n Blanco 172kms.<br \/>\n08\/09 &#8211; Etapa 21 &#8211; (CRI) Madrid &#8211; Madrid 24.6kms.<\/p>\n<hr \/>\n<p><strong>Nota:<\/strong> Redacci\u00f3n<\/p>\n","protected":false},"excerpt":{"rendered":"<p>Se trata de la edici\u00f3n 79 que comenzar\u00e1 este s\u00e1bado con una crono en Lisboa y que buscar\u00e1 su meta final en Madrid. El argentino Eduardo Sep\u00falveda volver\u00e1 a ser protagonista con la casaca del Lotto-Dstny.\u00a0<\/p>\n","protected":false},"author":1,"featured_media":22901,"comment_status":"closed","ping_status":"closed","sticky":false,"template":"","format":"standard","meta":{"footnotes":""},"categories":[40,32],"tags":[41,160],"class_list":{"0":"post-22900","1":"post","2":"type-post","3":"status-publish","4":"format-standard","5":"has-post-thumbnail","7":"category-ciclismo","8":"category-poli","9":"tag-ciclismo","10":"tag-la-vuelta"},"yoast_head":"<!-- This site is optimized with the Yoast SEO plugin v27.4 - https:\/\/yoast.com\/product\/yoast-seo-wordpress\/ -->\n<title>Se viene la Vuelta de Espa\u00f1a con presencia argentina - DSL<\/title>\n<meta name=\"description\" content=\"Deporte San Luis\" \/>\n<meta name=\"robots\" content=\"index, follow, max-snippet:-1, max-image-preview:large, max-video-preview:-1\" \/>\n<link rel=\"canonical\" href=\"https:\/\/deportesanluis.com.ar\/se-viene-la-vuelta-de-espana-con-presencia-argentina\/\" \/>\n<meta property=\"og:locale\" content=\"es_ES\" \/>\n<meta property=\"og:type\" content=\"article\" \/>\n<meta property=\"og:title\" content=\"Se viene la Vuelta de Espa\u00f1a con presencia argentina - DSL\" \/>\n<meta property=\"og:description\" content=\"Deporte San Luis\" \/>\n<meta property=\"og:url\" content=\"https:\/\/deportesanluis.com.ar\/se-viene-la-vuelta-de-espana-con-presencia-argentina\/\" \/>\n<meta property=\"og:site_name\" content=\"DSL\" \/>\n<meta property=\"article:publisher\" content=\"https:\/\/www.facebook.com\/DSLDeporteSanLuis\" \/>\n<meta property=\"article:published_time\" content=\"2024-08-13T14:59:34+00:00\" \/>\n<meta property=\"article:modified_time\" content=\"2024-08-18T16:02:35+00:00\" \/>\n<meta property=\"og:image\" content=\"https:\/\/deportesanluis.com.ar\/wp-content\/uploads\/2024\/08\/VueltaEspana24-Sepulveda-Archivo.jpg\" \/>\n\t<meta property=\"og:image:width\" content=\"800\" \/>\n\t<meta property=\"og:image:height\" content=\"500\" \/>\n\t<meta property=\"og:image:type\" content=\"image\/jpeg\" \/>\n<meta name=\"author\" content=\"admin\" \/>\n<meta name=\"twitter:card\" content=\"summary_large_image\" \/>\n<meta name=\"twitter:creator\" content=\"@deportesanluis\" \/>\n<meta name=\"twitter:site\" content=\"@deportesanluis\" \/>\n<meta name=\"twitter:label1\" content=\"Escrito por\" \/>\n\t<meta name=\"twitter:data1\" content=\"admin\" \/>\n\t<meta name=\"twitter:label2\" content=\"Tiempo de lectura\" \/>\n\t<meta name=\"twitter:data2\" content=\"3 minutos\" \/>\n<script type=\"application\/ld+json\" class=\"yoast-schema-graph\">{\"@context\":\"https:\\\/\\\/schema.org\",\"@graph\":[{\"@type\":\"Article\",\"@id\":\"https:\\\/\\\/deportesanluis.com.ar\\\/se-viene-la-vuelta-de-espana-con-presencia-argentina\\\/#article\",\"isPartOf\":{\"@id\":\"https:\\\/\\\/deportesanluis.com.ar\\\/se-viene-la-vuelta-de-espana-con-presencia-argentina\\\/\"},\"author\":{\"name\":\"admin\",\"@id\":\"https:\\\/\\\/deportesanluis.com.ar\\\/#\\\/schema\\\/person\\\/4b3e665481e93d271fced43ee48143c8\"},\"headline\":\"Se viene la Vuelta de Espa\u00f1a con presencia argentina\",\"datePublished\":\"2024-08-13T14:59:34+00:00\",\"dateModified\":\"2024-08-18T16:02:35+00:00\",\"mainEntityOfPage\":{\"@id\":\"https:\\\/\\\/deportesanluis.com.ar\\\/se-viene-la-vuelta-de-espana-con-presencia-argentina\\\/\"},\"wordCount\":638,\"publisher\":{\"@id\":\"https:\\\/\\\/deportesanluis.com.ar\\\/#organization\"},\"image\":{\"@id\":\"https:\\\/\\\/deportesanluis.com.ar\\\/se-viene-la-vuelta-de-espana-con-presencia-argentina\\\/#primaryimage\"},\"thumbnailUrl\":\"https:\\\/\\\/deportesanluis.com.ar\\\/wp-content\\\/uploads\\\/2024\\\/08\\\/VueltaEspana24-Sepulveda-Archivo.jpg\",\"keywords\":[\"Ciclismo\",\"La Vuelta\"],\"articleSection\":[\"Ciclismo\",\"Poli\"],\"inLanguage\":\"es-AR\"},{\"@type\":\"WebPage\",\"@id\":\"https:\\\/\\\/deportesanluis.com.ar\\\/se-viene-la-vuelta-de-espana-con-presencia-argentina\\\/\",\"url\":\"https:\\\/\\\/deportesanluis.com.ar\\\/se-viene-la-vuelta-de-espana-con-presencia-argentina\\\/\",\"name\":\"Se viene la Vuelta de Espa\u00f1a con presencia argentina - DSL\",\"isPartOf\":{\"@id\":\"https:\\\/\\\/deportesanluis.com.ar\\\/#website\"},\"primaryImageOfPage\":{\"@id\":\"https:\\\/\\\/deportesanluis.com.ar\\\/se-viene-la-vuelta-de-espana-con-presencia-argentina\\\/#primaryimage\"},\"image\":{\"@id\":\"https:\\\/\\\/deportesanluis.com.ar\\\/se-viene-la-vuelta-de-espana-con-presencia-argentina\\\/#primaryimage\"},\"thumbnailUrl\":\"https:\\\/\\\/deportesanluis.com.ar\\\/wp-content\\\/uploads\\\/2024\\\/08\\\/VueltaEspana24-Sepulveda-Archivo.jpg\",\"datePublished\":\"2024-08-13T14:59:34+00:00\",\"dateModified\":\"2024-08-18T16:02:35+00:00\",\"description\":\"Deporte San Luis\",\"breadcrumb\":{\"@id\":\"https:\\\/\\\/deportesanluis.com.ar\\\/se-viene-la-vuelta-de-espana-con-presencia-argentina\\\/#breadcrumb\"},\"inLanguage\":\"es-AR\",\"potentialAction\":[{\"@type\":\"ReadAction\",\"target\":[\"https:\\\/\\\/deportesanluis.com.ar\\\/se-viene-la-vuelta-de-espana-con-presencia-argentina\\\/\"]}]},{\"@type\":\"ImageObject\",\"inLanguage\":\"es-AR\",\"@id\":\"https:\\\/\\\/deportesanluis.com.ar\\\/se-viene-la-vuelta-de-espana-con-presencia-argentina\\\/#primaryimage\",\"url\":\"https:\\\/\\\/deportesanluis.com.ar\\\/wp-content\\\/uploads\\\/2024\\\/08\\\/VueltaEspana24-Sepulveda-Archivo.jpg\",\"contentUrl\":\"https:\\\/\\\/deportesanluis.com.ar\\\/wp-content\\\/uploads\\\/2024\\\/08\\\/VueltaEspana24-Sepulveda-Archivo.jpg\",\"width\":800,\"height\":500},{\"@type\":\"BreadcrumbList\",\"@id\":\"https:\\\/\\\/deportesanluis.com.ar\\\/se-viene-la-vuelta-de-espana-con-presencia-argentina\\\/#breadcrumb\",\"itemListElement\":[{\"@type\":\"ListItem\",\"position\":1,\"name\":\"Home\",\"item\":\"https:\\\/\\\/deportesanluis.com.ar\\\/\"},{\"@type\":\"ListItem\",\"position\":2,\"name\":\"Se viene la Vuelta de Espa\u00f1a con presencia argentina\"}]},{\"@type\":\"WebSite\",\"@id\":\"https:\\\/\\\/deportesanluis.com.ar\\\/#website\",\"url\":\"https:\\\/\\\/deportesanluis.com.ar\\\/\",\"name\":\"deportesanluis.com.ar\",\"description\":\"Noticias de Deporte de San Luis\",\"publisher\":{\"@id\":\"https:\\\/\\\/deportesanluis.com.ar\\\/#organization\"},\"alternateName\":\"Deporte SL\",\"potentialAction\":[{\"@type\":\"SearchAction\",\"target\":{\"@type\":\"EntryPoint\",\"urlTemplate\":\"https:\\\/\\\/deportesanluis.com.ar\\\/?s={search_term_string}\"},\"query-input\":{\"@type\":\"PropertyValueSpecification\",\"valueRequired\":true,\"valueName\":\"search_term_string\"}}],\"inLanguage\":\"es-AR\"},{\"@type\":\"Organization\",\"@id\":\"https:\\\/\\\/deportesanluis.com.ar\\\/#organization\",\"name\":\"DSL\",\"alternateName\":\"Deporte SL\",\"url\":\"https:\\\/\\\/deportesanluis.com.ar\\\/\",\"logo\":{\"@type\":\"ImageObject\",\"inLanguage\":\"es-AR\",\"@id\":\"https:\\\/\\\/deportesanluis.com.ar\\\/#\\\/schema\\\/logo\\\/image\\\/\",\"url\":\"https:\\\/\\\/deportesanluis.com.ar\\\/wp-content\\\/uploads\\\/2023\\\/06\\\/DSL-Logo-2023-5.jpg\",\"contentUrl\":\"https:\\\/\\\/deportesanluis.com.ar\\\/wp-content\\\/uploads\\\/2023\\\/06\\\/DSL-Logo-2023-5.jpg\",\"width\":1718,\"height\":845,\"caption\":\"DSL\"},\"image\":{\"@id\":\"https:\\\/\\\/deportesanluis.com.ar\\\/#\\\/schema\\\/logo\\\/image\\\/\"},\"sameAs\":[\"https:\\\/\\\/www.facebook.com\\\/DSLDeporteSanLuis\",\"https:\\\/\\\/x.com\\\/deportesanluis\",\"https:\\\/\\\/www.instagram.com\\\/dsl_deportesanluis\\\/\"]},{\"@type\":\"Person\",\"@id\":\"https:\\\/\\\/deportesanluis.com.ar\\\/#\\\/schema\\\/person\\\/4b3e665481e93d271fced43ee48143c8\",\"name\":\"admin\",\"image\":{\"@type\":\"ImageObject\",\"inLanguage\":\"es-AR\",\"@id\":\"https:\\\/\\\/secure.gravatar.com\\\/avatar\\\/5424b2c21466f502587708c43dbe2dc47b5e643fec67835095677cd3af6ba546?s=96&d=mm&r=g\",\"url\":\"https:\\\/\\\/secure.gravatar.com\\\/avatar\\\/5424b2c21466f502587708c43dbe2dc47b5e643fec67835095677cd3af6ba546?s=96&d=mm&r=g\",\"contentUrl\":\"https:\\\/\\\/secure.gravatar.com\\\/avatar\\\/5424b2c21466f502587708c43dbe2dc47b5e643fec67835095677cd3af6ba546?s=96&d=mm&r=g\",\"caption\":\"admin\"},\"sameAs\":[\"https:\\\/\\\/deportesanluis.com.ar\"],\"url\":\"https:\\\/\\\/deportesanluis.com.ar\\\/author\\\/admin\\\/\"}]}<\/script>\n<!-- \/ Yoast SEO plugin. -->","yoast_head_json":{"title":"Se viene la Vuelta de Espa\u00f1a con presencia argentina - DSL","description":"Deporte San Luis","robots":{"index":"index","follow":"follow","max-snippet":"max-snippet:-1","max-image-preview":"max-image-preview:large","max-video-preview":"max-video-preview:-1"},"canonical":"https:\/\/deportesanluis.com.ar\/se-viene-la-vuelta-de-espana-con-presencia-argentina\/","og_locale":"es_ES","og_type":"article","og_title":"Se viene la Vuelta de Espa\u00f1a con presencia argentina - DSL","og_description":"Deporte San Luis","og_url":"https:\/\/deportesanluis.com.ar\/se-viene-la-vuelta-de-espana-con-presencia-argentina\/","og_site_name":"DSL","article_publisher":"https:\/\/www.facebook.com\/DSLDeporteSanLuis","article_published_time":"2024-08-13T14:59:34+00:00","article_modified_time":"2024-08-18T16:02:35+00:00","og_image":[{"width":800,"height":500,"url":"https:\/\/deportesanluis.com.ar\/wp-content\/uploads\/2024\/08\/VueltaEspana24-Sepulveda-Archivo.jpg","type":"image\/jpeg"}],"author":"admin","twitter_card":"summary_large_image","twitter_creator":"@deportesanluis","twitter_site":"@deportesanluis","twitter_misc":{"Escrito por":"admin","Tiempo de lectura":"3 minutos"},"schema":{"@context":"https:\/\/schema.org","@graph":[{"@type":"Article","@id":"https:\/\/deportesanluis.com.ar\/se-viene-la-vuelta-de-espana-con-presencia-argentina\/#article","isPartOf":{"@id":"https:\/\/deportesanluis.com.ar\/se-viene-la-vuelta-de-espana-con-presencia-argentina\/"},"author":{"name":"admin","@id":"https:\/\/deportesanluis.com.ar\/#\/schema\/person\/4b3e665481e93d271fced43ee48143c8"},"headline":"Se viene la Vuelta de Espa\u00f1a con presencia argentina","datePublished":"2024-08-13T14:59:34+00:00","dateModified":"2024-08-18T16:02:35+00:00","mainEntityOfPage":{"@id":"https:\/\/deportesanluis.com.ar\/se-viene-la-vuelta-de-espana-con-presencia-argentina\/"},"wordCount":638,"publisher":{"@id":"https:\/\/deportesanluis.com.ar\/#organization"},"image":{"@id":"https:\/\/deportesanluis.com.ar\/se-viene-la-vuelta-de-espana-con-presencia-argentina\/#primaryimage"},"thumbnailUrl":"https:\/\/deportesanluis.com.ar\/wp-content\/uploads\/2024\/08\/VueltaEspana24-Sepulveda-Archivo.jpg","keywords":["Ciclismo","La Vuelta"],"articleSection":["Ciclismo","Poli"],"inLanguage":"es-AR"},{"@type":"WebPage","@id":"https:\/\/deportesanluis.com.ar\/se-viene-la-vuelta-de-espana-con-presencia-argentina\/","url":"https:\/\/deportesanluis.com.ar\/se-viene-la-vuelta-de-espana-con-presencia-argentina\/","name":"Se viene la Vuelta de Espa\u00f1a con presencia argentina - DSL","isPartOf":{"@id":"https:\/\/deportesanluis.com.ar\/#website"},"primaryImageOfPage":{"@id":"https:\/\/deportesanluis.com.ar\/se-viene-la-vuelta-de-espana-con-presencia-argentina\/#primaryimage"},"image":{"@id":"https:\/\/deportesanluis.com.ar\/se-viene-la-vuelta-de-espana-con-presencia-argentina\/#primaryimage"},"thumbnailUrl":"https:\/\/deportesanluis.com.ar\/wp-content\/uploads\/2024\/08\/VueltaEspana24-Sepulveda-Archivo.jpg","datePublished":"2024-08-13T14:59:34+00:00","dateModified":"2024-08-18T16:02:35+00:00","description":"Deporte San Luis","breadcrumb":{"@id":"https:\/\/deportesanluis.com.ar\/se-viene-la-vuelta-de-espana-con-presencia-argentina\/#breadcrumb"},"inLanguage":"es-AR","potentialAction":[{"@type":"ReadAction","target":["https:\/\/deportesanluis.com.ar\/se-viene-la-vuelta-de-espana-con-presencia-argentina\/"]}]},{"@type":"ImageObject","inLanguage":"es-AR","@id":"https:\/\/deportesanluis.com.ar\/se-viene-la-vuelta-de-espana-con-presencia-argentina\/#primaryimage","url":"https:\/\/deportesanluis.com.ar\/wp-content\/uploads\/2024\/08\/VueltaEspana24-Sepulveda-Archivo.jpg","contentUrl":"https:\/\/deportesanluis.com.ar\/wp-content\/uploads\/2024\/08\/VueltaEspana24-Sepulveda-Archivo.jpg","width":800,"height":500},{"@type":"BreadcrumbList","@id":"https:\/\/deportesanluis.com.ar\/se-viene-la-vuelta-de-espana-con-presencia-argentina\/#breadcrumb","itemListElement":[{"@type":"ListItem","position":1,"name":"Home","item":"https:\/\/deportesanluis.com.ar\/"},{"@type":"ListItem","position":2,"name":"Se viene la Vuelta de Espa\u00f1a con presencia argentina"}]},{"@type":"WebSite","@id":"https:\/\/deportesanluis.com.ar\/#website","url":"https:\/\/deportesanluis.com.ar\/","name":"deportesanluis.com.ar","description":"Noticias de Deporte de San Luis","publisher":{"@id":"https:\/\/deportesanluis.com.ar\/#organization"},"alternateName":"Deporte SL","potentialAction":[{"@type":"SearchAction","target":{"@type":"EntryPoint","urlTemplate":"https:\/\/deportesanluis.com.ar\/?s={search_term_string}"},"query-input":{"@type":"PropertyValueSpecification","valueRequired":true,"valueName":"search_term_string"}}],"inLanguage":"es-AR"},{"@type":"Organization","@id":"https:\/\/deportesanluis.com.ar\/#organization","name":"DSL","alternateName":"Deporte SL","url":"https:\/\/deportesanluis.com.ar\/","logo":{"@type":"ImageObject","inLanguage":"es-AR","@id":"https:\/\/deportesanluis.com.ar\/#\/schema\/logo\/image\/","url":"https:\/\/deportesanluis.com.ar\/wp-content\/uploads\/2023\/06\/DSL-Logo-2023-5.jpg","contentUrl":"https:\/\/deportesanluis.com.ar\/wp-content\/uploads\/2023\/06\/DSL-Logo-2023-5.jpg","width":1718,"height":845,"caption":"DSL"},"image":{"@id":"https:\/\/deportesanluis.com.ar\/#\/schema\/logo\/image\/"},"sameAs":["https:\/\/www.facebook.com\/DSLDeporteSanLuis","https:\/\/x.com\/deportesanluis","https:\/\/www.instagram.com\/dsl_deportesanluis\/"]},{"@type":"Person","@id":"https:\/\/deportesanluis.com.ar\/#\/schema\/person\/4b3e665481e93d271fced43ee48143c8","name":"admin","image":{"@type":"ImageObject","inLanguage":"es-AR","@id":"https:\/\/secure.gravatar.com\/avatar\/5424b2c21466f502587708c43dbe2dc47b5e643fec67835095677cd3af6ba546?s=96&d=mm&r=g","url":"https:\/\/secure.gravatar.com\/avatar\/5424b2c21466f502587708c43dbe2dc47b5e643fec67835095677cd3af6ba546?s=96&d=mm&r=g","contentUrl":"https:\/\/secure.gravatar.com\/avatar\/5424b2c21466f502587708c43dbe2dc47b5e643fec67835095677cd3af6ba546?s=96&d=mm&r=g","caption":"admin"},"sameAs":["https:\/\/deportesanluis.com.ar"],"url":"https:\/\/deportesanluis.com.ar\/author\/admin\/"}]}},"_links":{"self":[{"href":"https:\/\/deportesanluis.com.ar\/wp-json\/wp\/v2\/posts\/22900","targetHints":{"allow":["GET"]}}],"collection":[{"href":"https:\/\/deportesanluis.com.ar\/wp-json\/wp\/v2\/posts"}],"about":[{"href":"https:\/\/deportesanluis.com.ar\/wp-json\/wp\/v2\/types\/post"}],"author":[{"embeddable":true,"href":"https:\/\/deportesanluis.com.ar\/wp-json\/wp\/v2\/users\/1"}],"replies":[{"embeddable":true,"href":"https:\/\/deportesanluis.com.ar\/wp-json\/wp\/v2\/comments?post=22900"}],"version-history":[{"count":0,"href":"https:\/\/deportesanluis.com.ar\/wp-json\/wp\/v2\/posts\/22900\/revisions"}],"wp:featuredmedia":[{"embeddable":true,"href":"https:\/\/deportesanluis.com.ar\/wp-json\/wp\/v2\/media\/22901"}],"wp:attachment":[{"href":"https:\/\/deportesanluis.com.ar\/wp-json\/wp\/v2\/media?parent=22900"}],"wp:term":[{"taxonomy":"category","embeddable":true,"href":"https:\/\/deportesanluis.com.ar\/wp-json\/wp\/v2\/categories?post=22900"},{"taxonomy":"post_tag","embeddable":true,"href":"https:\/\/deportesanluis.com.ar\/wp-json\/wp\/v2\/tags?post=22900"}],"curies":[{"name":"wp","href":"https:\/\/api.w.org\/{rel}","templated":true}]}}