{"id":25377,"date":"2025-01-14T12:17:20","date_gmt":"2025-01-14T15:17:20","guid":{"rendered":"https:\/\/deportesanluis.com.ar\/?p=25377"},"modified":"2025-01-17T13:18:47","modified_gmt":"2025-01-17T16:18:47","slug":"enzo-roldan-es-calamar","status":"publish","type":"post","link":"https:\/\/deportesanluis.com.ar\/enzo-roldan-es-calamar\/","title":{"rendered":"Enzo Rold\u00e1n es &#8220;Calamar&#8221;"},"content":{"rendered":"<p>El delantero mercedino Enzo Rold\u00e1n renov\u00f3 su continuidad con Uni\u00f3n de Santa Fe hasta diciembre del 2026 pero, la dirigencia del &#8220;Tatengue&#8221;, acord\u00f3 su pr\u00e9stamo a Platense por todo el 2025.<\/p>\n<p>Sin lugar entre los titulares del elenco santafecino, Rold\u00e1n vio con buenos ojos emigrar a otra instituci\u00f3n que, a\u00f1o a a\u00f1o, se aferra a la categor\u00eda y que siempre queda a un paso de clasificar a torneos internacionales.<\/p>\n<p>El volante derecho de 24 a\u00f1os, surgi\u00f3 en Defensores del Este de Villa Mercedes, pas\u00f3 por Dep. Atalaya de C\u00f3rdoba y luego emigr\u00f3 a las inferiores de Boca Juniors.<\/p>\n<p>El &#8220;Calamar&#8221; conducido por Mart\u00edn Palermo ya a sumado al arquero Federico Losas, el lateral Jonathan Bay, el defensor Tom\u00e1s Silva y el volante central Leonel Picco.<\/p>\n<hr \/>\n<p><strong>Nota:<\/strong> Redacci\u00f3n<\/p>\n","protected":false},"excerpt":{"rendered":"<p>El delantero mercedino renov\u00f3 su v\u00ednculo con Uni\u00f3n de Santa Fe pero acept\u00f3 un pr\u00e9stamo por una temporada con Platense.\u00a0<\/p>\n","protected":false},"author":1,"featured_media":25378,"comment_status":"closed","ping_status":"closed","sticky":false,"template":"","format":"standard","meta":{"footnotes":""},"categories":[34,46,140],"tags":[48,99],"class_list":{"0":"post-25377","1":"post","2":"type-post","3":"status-publish","4":"format-standard","5":"has-post-thumbnail","7":"category-34","8":"category-futbol","9":"category-lpf","10":"tag-futbol","11":"tag-lpf"},"yoast_head":"<!-- This site is optimized with the Yoast SEO plugin v27.4 - https:\/\/yoast.com\/product\/yoast-seo-wordpress\/ -->\n<title>Enzo Rold\u00e1n es &quot;Calamar&quot; - DSL<\/title>\n<meta name=\"description\" content=\"El delantero mercedino renov\u00f3 su v\u00ednculo con Uni\u00f3n de Santa Fe pero acept\u00f3 un pr\u00e9stamo por una temporada con Platense.\u00a0\" \/>\n<meta name=\"robots\" content=\"index, follow, max-snippet:-1, max-image-preview:large, max-video-preview:-1\" \/>\n<link rel=\"canonical\" href=\"https:\/\/deportesanluis.com.ar\/enzo-roldan-es-calamar\/\" \/>\n<meta property=\"og:locale\" content=\"es_ES\" \/>\n<meta property=\"og:type\" content=\"article\" \/>\n<meta property=\"og:title\" content=\"Enzo Rold\u00e1n es &quot;Calamar&quot; - DSL\" \/>\n<meta property=\"og:description\" content=\"El delantero mercedino renov\u00f3 su v\u00ednculo con Uni\u00f3n de Santa Fe pero acept\u00f3 un pr\u00e9stamo por una temporada con Platense.\u00a0\" \/>\n<meta property=\"og:url\" content=\"https:\/\/deportesanluis.com.ar\/enzo-roldan-es-calamar\/\" \/>\n<meta property=\"og:site_name\" content=\"DSL\" \/>\n<meta property=\"article:publisher\" content=\"https:\/\/www.facebook.com\/DSLDeporteSanLuis\" \/>\n<meta property=\"article:published_time\" content=\"2025-01-14T15:17:20+00:00\" \/>\n<meta property=\"article:modified_time\" content=\"2025-01-17T16:18:47+00:00\" \/>\n<meta property=\"og:image\" content=\"https:\/\/deportesanluis.com.ar\/wp-content\/uploads\/2025\/01\/LPF2025-EnzoRoldan-Platense.jpg\" \/>\n\t<meta property=\"og:image:width\" content=\"696\" \/>\n\t<meta property=\"og:image:height\" content=\"464\" \/>\n\t<meta property=\"og:image:type\" content=\"image\/jpeg\" \/>\n<meta name=\"author\" content=\"admin\" \/>\n<meta name=\"twitter:card\" content=\"summary_large_image\" \/>\n<meta name=\"twitter:creator\" content=\"@deportesanluis\" \/>\n<meta name=\"twitter:site\" content=\"@deportesanluis\" \/>\n<meta name=\"twitter:label1\" content=\"Escrito por\" \/>\n\t<meta name=\"twitter:data1\" content=\"admin\" \/>\n\t<meta name=\"twitter:label2\" content=\"Tiempo de lectura\" \/>\n\t<meta name=\"twitter:data2\" content=\"1 minuto\" \/>\n<script type=\"application\/ld+json\" class=\"yoast-schema-graph\">{\"@context\":\"https:\\\/\\\/schema.org\",\"@graph\":[{\"@type\":\"Article\",\"@id\":\"https:\\\/\\\/deportesanluis.com.ar\\\/enzo-roldan-es-calamar\\\/#article\",\"isPartOf\":{\"@id\":\"https:\\\/\\\/deportesanluis.com.ar\\\/enzo-roldan-es-calamar\\\/\"},\"author\":{\"name\":\"admin\",\"@id\":\"https:\\\/\\\/deportesanluis.com.ar\\\/#\\\/schema\\\/person\\\/4b3e665481e93d271fced43ee48143c8\"},\"headline\":\"Enzo Rold\u00e1n es &#8220;Calamar&#8221;\",\"datePublished\":\"2025-01-14T15:17:20+00:00\",\"dateModified\":\"2025-01-17T16:18:47+00:00\",\"mainEntityOfPage\":{\"@id\":\"https:\\\/\\\/deportesanluis.com.ar\\\/enzo-roldan-es-calamar\\\/\"},\"wordCount\":142,\"publisher\":{\"@id\":\"https:\\\/\\\/deportesanluis.com.ar\\\/#organization\"},\"image\":{\"@id\":\"https:\\\/\\\/deportesanluis.com.ar\\\/enzo-roldan-es-calamar\\\/#primaryimage\"},\"thumbnailUrl\":\"https:\\\/\\\/deportesanluis.com.ar\\\/wp-content\\\/uploads\\\/2025\\\/01\\\/LPF2025-EnzoRoldan-Platense.jpg\",\"keywords\":[\"F\u00fatbol\",\"LPF\"],\"articleSection\":[\"8\",\"F\u00fatbol\",\"LPF\"],\"inLanguage\":\"es-AR\"},{\"@type\":\"WebPage\",\"@id\":\"https:\\\/\\\/deportesanluis.com.ar\\\/enzo-roldan-es-calamar\\\/\",\"url\":\"https:\\\/\\\/deportesanluis.com.ar\\\/enzo-roldan-es-calamar\\\/\",\"name\":\"Enzo Rold\u00e1n es \\\"Calamar\\\" - DSL\",\"isPartOf\":{\"@id\":\"https:\\\/\\\/deportesanluis.com.ar\\\/#website\"},\"primaryImageOfPage\":{\"@id\":\"https:\\\/\\\/deportesanluis.com.ar\\\/enzo-roldan-es-calamar\\\/#primaryimage\"},\"image\":{\"@id\":\"https:\\\/\\\/deportesanluis.com.ar\\\/enzo-roldan-es-calamar\\\/#primaryimage\"},\"thumbnailUrl\":\"https:\\\/\\\/deportesanluis.com.ar\\\/wp-content\\\/uploads\\\/2025\\\/01\\\/LPF2025-EnzoRoldan-Platense.jpg\",\"datePublished\":\"2025-01-14T15:17:20+00:00\",\"dateModified\":\"2025-01-17T16:18:47+00:00\",\"description\":\"El delantero mercedino renov\u00f3 su v\u00ednculo con Uni\u00f3n de Santa Fe pero acept\u00f3 un pr\u00e9stamo por una temporada con Platense.\u00a0\",\"breadcrumb\":{\"@id\":\"https:\\\/\\\/deportesanluis.com.ar\\\/enzo-roldan-es-calamar\\\/#breadcrumb\"},\"inLanguage\":\"es-AR\",\"potentialAction\":[{\"@type\":\"ReadAction\",\"target\":[\"https:\\\/\\\/deportesanluis.com.ar\\\/enzo-roldan-es-calamar\\\/\"]}]},{\"@type\":\"ImageObject\",\"inLanguage\":\"es-AR\",\"@id\":\"https:\\\/\\\/deportesanluis.com.ar\\\/enzo-roldan-es-calamar\\\/#primaryimage\",\"url\":\"https:\\\/\\\/deportesanluis.com.ar\\\/wp-content\\\/uploads\\\/2025\\\/01\\\/LPF2025-EnzoRoldan-Platense.jpg\",\"contentUrl\":\"https:\\\/\\\/deportesanluis.com.ar\\\/wp-content\\\/uploads\\\/2025\\\/01\\\/LPF2025-EnzoRoldan-Platense.jpg\",\"width\":696,\"height\":464},{\"@type\":\"BreadcrumbList\",\"@id\":\"https:\\\/\\\/deportesanluis.com.ar\\\/enzo-roldan-es-calamar\\\/#breadcrumb\",\"itemListElement\":[{\"@type\":\"ListItem\",\"position\":1,\"name\":\"Home\",\"item\":\"https:\\\/\\\/deportesanluis.com.ar\\\/\"},{\"@type\":\"ListItem\",\"position\":2,\"name\":\"Enzo Rold\u00e1n es &#8220;Calamar&#8221;\"}]},{\"@type\":\"WebSite\",\"@id\":\"https:\\\/\\\/deportesanluis.com.ar\\\/#website\",\"url\":\"https:\\\/\\\/deportesanluis.com.ar\\\/\",\"name\":\"deportesanluis.com.ar\",\"description\":\"Noticias de Deporte de San Luis\",\"publisher\":{\"@id\":\"https:\\\/\\\/deportesanluis.com.ar\\\/#organization\"},\"alternateName\":\"Deporte SL\",\"potentialAction\":[{\"@type\":\"SearchAction\",\"target\":{\"@type\":\"EntryPoint\",\"urlTemplate\":\"https:\\\/\\\/deportesanluis.com.ar\\\/?s={search_term_string}\"},\"query-input\":{\"@type\":\"PropertyValueSpecification\",\"valueRequired\":true,\"valueName\":\"search_term_string\"}}],\"inLanguage\":\"es-AR\"},{\"@type\":\"Organization\",\"@id\":\"https:\\\/\\\/deportesanluis.com.ar\\\/#organization\",\"name\":\"DSL\",\"alternateName\":\"Deporte SL\",\"url\":\"https:\\\/\\\/deportesanluis.com.ar\\\/\",\"logo\":{\"@type\":\"ImageObject\",\"inLanguage\":\"es-AR\",\"@id\":\"https:\\\/\\\/deportesanluis.com.ar\\\/#\\\/schema\\\/logo\\\/image\\\/\",\"url\":\"https:\\\/\\\/deportesanluis.com.ar\\\/wp-content\\\/uploads\\\/2023\\\/06\\\/DSL-Logo-2023-5.jpg\",\"contentUrl\":\"https:\\\/\\\/deportesanluis.com.ar\\\/wp-content\\\/uploads\\\/2023\\\/06\\\/DSL-Logo-2023-5.jpg\",\"width\":1718,\"height\":845,\"caption\":\"DSL\"},\"image\":{\"@id\":\"https:\\\/\\\/deportesanluis.com.ar\\\/#\\\/schema\\\/logo\\\/image\\\/\"},\"sameAs\":[\"https:\\\/\\\/www.facebook.com\\\/DSLDeporteSanLuis\",\"https:\\\/\\\/x.com\\\/deportesanluis\",\"https:\\\/\\\/www.instagram.com\\\/dsl_deportesanluis\\\/\"]},{\"@type\":\"Person\",\"@id\":\"https:\\\/\\\/deportesanluis.com.ar\\\/#\\\/schema\\\/person\\\/4b3e665481e93d271fced43ee48143c8\",\"name\":\"admin\",\"image\":{\"@type\":\"ImageObject\",\"inLanguage\":\"es-AR\",\"@id\":\"https:\\\/\\\/secure.gravatar.com\\\/avatar\\\/5424b2c21466f502587708c43dbe2dc47b5e643fec67835095677cd3af6ba546?s=96&d=mm&r=g\",\"url\":\"https:\\\/\\\/secure.gravatar.com\\\/avatar\\\/5424b2c21466f502587708c43dbe2dc47b5e643fec67835095677cd3af6ba546?s=96&d=mm&r=g\",\"contentUrl\":\"https:\\\/\\\/secure.gravatar.com\\\/avatar\\\/5424b2c21466f502587708c43dbe2dc47b5e643fec67835095677cd3af6ba546?s=96&d=mm&r=g\",\"caption\":\"admin\"},\"sameAs\":[\"https:\\\/\\\/deportesanluis.com.ar\"],\"url\":\"https:\\\/\\\/deportesanluis.com.ar\\\/author\\\/admin\\\/\"}]}<\/script>\n<!-- \/ Yoast SEO plugin. -->","yoast_head_json":{"title":"Enzo Rold\u00e1n es \"Calamar\" - DSL","description":"El delantero mercedino renov\u00f3 su v\u00ednculo con Uni\u00f3n de Santa Fe pero acept\u00f3 un pr\u00e9stamo por una temporada con Platense.\u00a0","robots":{"index":"index","follow":"follow","max-snippet":"max-snippet:-1","max-image-preview":"max-image-preview:large","max-video-preview":"max-video-preview:-1"},"canonical":"https:\/\/deportesanluis.com.ar\/enzo-roldan-es-calamar\/","og_locale":"es_ES","og_type":"article","og_title":"Enzo Rold\u00e1n es \"Calamar\" - DSL","og_description":"El delantero mercedino renov\u00f3 su v\u00ednculo con Uni\u00f3n de Santa Fe pero acept\u00f3 un pr\u00e9stamo por una temporada con Platense.\u00a0","og_url":"https:\/\/deportesanluis.com.ar\/enzo-roldan-es-calamar\/","og_site_name":"DSL","article_publisher":"https:\/\/www.facebook.com\/DSLDeporteSanLuis","article_published_time":"2025-01-14T15:17:20+00:00","article_modified_time":"2025-01-17T16:18:47+00:00","og_image":[{"width":696,"height":464,"url":"https:\/\/deportesanluis.com.ar\/wp-content\/uploads\/2025\/01\/LPF2025-EnzoRoldan-Platense.jpg","type":"image\/jpeg"}],"author":"admin","twitter_card":"summary_large_image","twitter_creator":"@deportesanluis","twitter_site":"@deportesanluis","twitter_misc":{"Escrito por":"admin","Tiempo de lectura":"1 minuto"},"schema":{"@context":"https:\/\/schema.org","@graph":[{"@type":"Article","@id":"https:\/\/deportesanluis.com.ar\/enzo-roldan-es-calamar\/#article","isPartOf":{"@id":"https:\/\/deportesanluis.com.ar\/enzo-roldan-es-calamar\/"},"author":{"name":"admin","@id":"https:\/\/deportesanluis.com.ar\/#\/schema\/person\/4b3e665481e93d271fced43ee48143c8"},"headline":"Enzo Rold\u00e1n es &#8220;Calamar&#8221;","datePublished":"2025-01-14T15:17:20+00:00","dateModified":"2025-01-17T16:18:47+00:00","mainEntityOfPage":{"@id":"https:\/\/deportesanluis.com.ar\/enzo-roldan-es-calamar\/"},"wordCount":142,"publisher":{"@id":"https:\/\/deportesanluis.com.ar\/#organization"},"image":{"@id":"https:\/\/deportesanluis.com.ar\/enzo-roldan-es-calamar\/#primaryimage"},"thumbnailUrl":"https:\/\/deportesanluis.com.ar\/wp-content\/uploads\/2025\/01\/LPF2025-EnzoRoldan-Platense.jpg","keywords":["F\u00fatbol","LPF"],"articleSection":["8","F\u00fatbol","LPF"],"inLanguage":"es-AR"},{"@type":"WebPage","@id":"https:\/\/deportesanluis.com.ar\/enzo-roldan-es-calamar\/","url":"https:\/\/deportesanluis.com.ar\/enzo-roldan-es-calamar\/","name":"Enzo Rold\u00e1n es \"Calamar\" - DSL","isPartOf":{"@id":"https:\/\/deportesanluis.com.ar\/#website"},"primaryImageOfPage":{"@id":"https:\/\/deportesanluis.com.ar\/enzo-roldan-es-calamar\/#primaryimage"},"image":{"@id":"https:\/\/deportesanluis.com.ar\/enzo-roldan-es-calamar\/#primaryimage"},"thumbnailUrl":"https:\/\/deportesanluis.com.ar\/wp-content\/uploads\/2025\/01\/LPF2025-EnzoRoldan-Platense.jpg","datePublished":"2025-01-14T15:17:20+00:00","dateModified":"2025-01-17T16:18:47+00:00","description":"El delantero mercedino renov\u00f3 su v\u00ednculo con Uni\u00f3n de Santa Fe pero acept\u00f3 un pr\u00e9stamo por una temporada con Platense.\u00a0","breadcrumb":{"@id":"https:\/\/deportesanluis.com.ar\/enzo-roldan-es-calamar\/#breadcrumb"},"inLanguage":"es-AR","potentialAction":[{"@type":"ReadAction","target":["https:\/\/deportesanluis.com.ar\/enzo-roldan-es-calamar\/"]}]},{"@type":"ImageObject","inLanguage":"es-AR","@id":"https:\/\/deportesanluis.com.ar\/enzo-roldan-es-calamar\/#primaryimage","url":"https:\/\/deportesanluis.com.ar\/wp-content\/uploads\/2025\/01\/LPF2025-EnzoRoldan-Platense.jpg","contentUrl":"https:\/\/deportesanluis.com.ar\/wp-content\/uploads\/2025\/01\/LPF2025-EnzoRoldan-Platense.jpg","width":696,"height":464},{"@type":"BreadcrumbList","@id":"https:\/\/deportesanluis.com.ar\/enzo-roldan-es-calamar\/#breadcrumb","itemListElement":[{"@type":"ListItem","position":1,"name":"Home","item":"https:\/\/deportesanluis.com.ar\/"},{"@type":"ListItem","position":2,"name":"Enzo Rold\u00e1n es &#8220;Calamar&#8221;"}]},{"@type":"WebSite","@id":"https:\/\/deportesanluis.com.ar\/#website","url":"https:\/\/deportesanluis.com.ar\/","name":"deportesanluis.com.ar","description":"Noticias de Deporte de San Luis","publisher":{"@id":"https:\/\/deportesanluis.com.ar\/#organization"},"alternateName":"Deporte SL","potentialAction":[{"@type":"SearchAction","target":{"@type":"EntryPoint","urlTemplate":"https:\/\/deportesanluis.com.ar\/?s={search_term_string}"},"query-input":{"@type":"PropertyValueSpecification","valueRequired":true,"valueName":"search_term_string"}}],"inLanguage":"es-AR"},{"@type":"Organization","@id":"https:\/\/deportesanluis.com.ar\/#organization","name":"DSL","alternateName":"Deporte SL","url":"https:\/\/deportesanluis.com.ar\/","logo":{"@type":"ImageObject","inLanguage":"es-AR","@id":"https:\/\/deportesanluis.com.ar\/#\/schema\/logo\/image\/","url":"https:\/\/deportesanluis.com.ar\/wp-content\/uploads\/2023\/06\/DSL-Logo-2023-5.jpg","contentUrl":"https:\/\/deportesanluis.com.ar\/wp-content\/uploads\/2023\/06\/DSL-Logo-2023-5.jpg","width":1718,"height":845,"caption":"DSL"},"image":{"@id":"https:\/\/deportesanluis.com.ar\/#\/schema\/logo\/image\/"},"sameAs":["https:\/\/www.facebook.com\/DSLDeporteSanLuis","https:\/\/x.com\/deportesanluis","https:\/\/www.instagram.com\/dsl_deportesanluis\/"]},{"@type":"Person","@id":"https:\/\/deportesanluis.com.ar\/#\/schema\/person\/4b3e665481e93d271fced43ee48143c8","name":"admin","image":{"@type":"ImageObject","inLanguage":"es-AR","@id":"https:\/\/secure.gravatar.com\/avatar\/5424b2c21466f502587708c43dbe2dc47b5e643fec67835095677cd3af6ba546?s=96&d=mm&r=g","url":"https:\/\/secure.gravatar.com\/avatar\/5424b2c21466f502587708c43dbe2dc47b5e643fec67835095677cd3af6ba546?s=96&d=mm&r=g","contentUrl":"https:\/\/secure.gravatar.com\/avatar\/5424b2c21466f502587708c43dbe2dc47b5e643fec67835095677cd3af6ba546?s=96&d=mm&r=g","caption":"admin"},"sameAs":["https:\/\/deportesanluis.com.ar"],"url":"https:\/\/deportesanluis.com.ar\/author\/admin\/"}]}},"_links":{"self":[{"href":"https:\/\/deportesanluis.com.ar\/wp-json\/wp\/v2\/posts\/25377","targetHints":{"allow":["GET"]}}],"collection":[{"href":"https:\/\/deportesanluis.com.ar\/wp-json\/wp\/v2\/posts"}],"about":[{"href":"https:\/\/deportesanluis.com.ar\/wp-json\/wp\/v2\/types\/post"}],"author":[{"embeddable":true,"href":"https:\/\/deportesanluis.com.ar\/wp-json\/wp\/v2\/users\/1"}],"replies":[{"embeddable":true,"href":"https:\/\/deportesanluis.com.ar\/wp-json\/wp\/v2\/comments?post=25377"}],"version-history":[{"count":0,"href":"https:\/\/deportesanluis.com.ar\/wp-json\/wp\/v2\/posts\/25377\/revisions"}],"wp:featuredmedia":[{"embeddable":true,"href":"https:\/\/deportesanluis.com.ar\/wp-json\/wp\/v2\/media\/25378"}],"wp:attachment":[{"href":"https:\/\/deportesanluis.com.ar\/wp-json\/wp\/v2\/media?parent=25377"}],"wp:term":[{"taxonomy":"category","embeddable":true,"href":"https:\/\/deportesanluis.com.ar\/wp-json\/wp\/v2\/categories?post=25377"},{"taxonomy":"post_tag","embeddable":true,"href":"https:\/\/deportesanluis.com.ar\/wp-json\/wp\/v2\/tags?post=25377"}],"curies":[{"name":"wp","href":"https:\/\/api.w.org\/{rel}","templated":true}]}}