{"id":25530,"date":"2025-01-23T13:53:29","date_gmt":"2025-01-23T16:53:29","guid":{"rendered":"https:\/\/deportesanluis.com.ar\/?p=25530"},"modified":"2025-01-29T13:55:40","modified_gmt":"2025-01-29T16:55:40","slug":"el-san-luis-fc-se-probo-y-ya-tiene-fixture-confirmado","status":"publish","type":"post","link":"https:\/\/deportesanluis.com.ar\/el-san-luis-fc-se-probo-y-ya-tiene-fixture-confirmado\/","title":{"rendered":"El San Luis FC se prob\u00f3 y ya tiene fixture confirmado"},"content":{"rendered":"<p>Con el arribo de Leandro P\u00e1ramo en la conducci\u00f3n t\u00e9cnica y de las jugadoras Florencia Cordero, Roc\u00edo Arrieta, Agustina Arrieta, Alejandra Vaquero, Samantha Alurralde y Lucila Rivarola, el San Luis FC jug\u00f3 un amistoso con el reciente campe\u00f3n de la Primera B, Talleres de C\u00f3rdoba.<\/p>\n<p>Fue en el Funes con empate 0-0 en el primer tiempo y triunfo de &#8220;Las Matadoras&#8221; por 1-0 en el segundo.<\/p>\n<p>No se descarta que el San Luis FC juegue alg\u00fanos amistosos m\u00e1s en los pr\u00f3ximos d\u00edas ya que, el 2 de febrero comenazar\u00e1 su segunda participaci\u00f3n en la Primera Divisi\u00f3n de F\u00fatbol Femenino de AFA.<\/p>\n<p>El San Luis FC debutar\u00e1 como visitante ante Platense mientras que, su primer compromiso como local, ser\u00e1 nada m\u00e1s y nada menos que ante Independiente.<\/p>\n<h4><strong>Fixture &#8211; Torneo Apertura &#8211; Primera A Femenina &#8211; AFA<\/strong><\/h4>\n<p>Fecha 1 &#8211; 02\/02 &#8211; Platense vs. San Luis FC<br \/>\nFecha 2 &#8211; 09\/02 &#8211; San Luis FC vs. Independiente<br \/>\nFecha 3 &#8211; 16\/02 &#8211; V\u00e9lez Sarfield vs. San Luis FC<br \/>\nFecha 4 &#8211; 02\/03 &#8211; San Luis FC vs. Rosario Central<br \/>\nFecha 5 &#8211; 09\/03 &#8211; Belgrano (Cba.) vs. San Luis FC<br \/>\nFecha 6 &#8211; 16\/03 &#8211; San Luis FC vs. Boca Juniors<br \/>\nFecha 7 &#8211; 19\/03 &#8211; Hurac\u00e1n vs. San Luis FC<br \/>\nFecha 8 &#8211; 23\/03 &#8211; San Luis FC vs. Gimnasia y Esgrima de La Plata<br \/>\nFecha 9 &#8211; 30\/03 &#8211; Banfield vs. San Luis FC<br \/>\nFecha 10 &#8211; 13\/04 &#8211; San Luis FC vs. Racing Club<br \/>\nFecha 11 &#8211; 20\/04 &#8211; Ferro vs. San Luis FC<br \/>\nFecha 12 &#8211; 27\/04 &#8211; San Luis FC vs. Newell\u00b4s<br \/>\nFecha 13 &#8211; 04\/05 &#8211; Talleres (Cba.) vs. San Luis FC<br \/>\nFecha 14 &#8211; 07\/05 &#8211; San Luis FC vs. River Plate<br \/>\nFecha 15 &#8211; 11\/05 &#8211; San Lorenzo vs. San Luis FC<br \/>\nFecha 16 &#8211; 18\/05 &#8211; San Luis FC vs. SAT<br \/>\nFecha 17 &#8211; 25\/05 &#8211; San Luis FC (Libre)<\/p>\n<hr \/>\n<p><strong>Nota:<\/strong> Redacci\u00f3n<\/p>\n","protected":false},"excerpt":{"rendered":"<p>El equipo puntano, ahora con la conducci\u00f3n t\u00e9cnica de Leandro P\u00e1ramo, jug\u00f3 un amistoso con Talleres de C\u00f3rdoba en el Funes. Adem\u00e1s, AFA ya confirm\u00f3 todo el calendario del Torneo Apertura de Primera Divisi\u00f3n Femenina.\u00a0<\/p>\n","protected":false},"author":1,"featured_media":25531,"comment_status":"closed","ping_status":"closed","sticky":false,"template":"","format":"standard","meta":{"footnotes":""},"categories":[75,46],"tags":[137,233,48,287],"class_list":{"0":"post-25530","1":"post","2":"type-post","3":"status-publish","4":"format-standard","5":"has-post-thumbnail","7":"category-75","8":"category-futbol","9":"tag-afa","10":"tag-femenino","11":"tag-futbol","12":"tag-san-luis-fc"},"yoast_head":"<!-- This site is optimized with the Yoast SEO plugin v27.4 - https:\/\/yoast.com\/product\/yoast-seo-wordpress\/ -->\n<title>El San Luis FC se prob\u00f3 y ya tiene fixture confirmado - DSL<\/title>\n<meta name=\"description\" content=\"El equipo puntano, ahora con la conducci\u00f3n t\u00e9cnica de Leandro P\u00e1ramo, jug\u00f3 un amistoso con Talleres de C\u00f3rdoba en el Funes. Adem\u00e1s, AFA ya confirm\u00f3 todo el calendario del Torneo Apertura de Primera Divisi\u00f3n Femenina.\u00a0\" \/>\n<meta name=\"robots\" content=\"index, follow, max-snippet:-1, max-image-preview:large, max-video-preview:-1\" \/>\n<link rel=\"canonical\" href=\"https:\/\/deportesanluis.com.ar\/el-san-luis-fc-se-probo-y-ya-tiene-fixture-confirmado\/\" \/>\n<meta property=\"og:locale\" content=\"es_ES\" \/>\n<meta property=\"og:type\" content=\"article\" \/>\n<meta property=\"og:title\" content=\"El San Luis FC se prob\u00f3 y ya tiene fixture confirmado - DSL\" \/>\n<meta property=\"og:description\" content=\"El equipo puntano, ahora con la conducci\u00f3n t\u00e9cnica de Leandro P\u00e1ramo, jug\u00f3 un amistoso con Talleres de C\u00f3rdoba en el Funes. Adem\u00e1s, AFA ya confirm\u00f3 todo el calendario del Torneo Apertura de Primera Divisi\u00f3n Femenina.\u00a0\" \/>\n<meta property=\"og:url\" content=\"https:\/\/deportesanluis.com.ar\/el-san-luis-fc-se-probo-y-ya-tiene-fixture-confirmado\/\" \/>\n<meta property=\"og:site_name\" content=\"DSL\" \/>\n<meta property=\"article:publisher\" content=\"https:\/\/www.facebook.com\/DSLDeporteSanLuis\" \/>\n<meta property=\"article:published_time\" content=\"2025-01-23T16:53:29+00:00\" \/>\n<meta property=\"article:modified_time\" content=\"2025-01-29T16:55:40+00:00\" \/>\n<meta property=\"og:image\" content=\"https:\/\/deportesanluis.com.ar\/wp-content\/uploads\/2025\/01\/Femenino2025-SLFC-Pretemporada-1.jpg\" \/>\n\t<meta property=\"og:image:width\" content=\"800\" \/>\n\t<meta property=\"og:image:height\" content=\"500\" \/>\n\t<meta property=\"og:image:type\" content=\"image\/jpeg\" \/>\n<meta name=\"author\" content=\"admin\" \/>\n<meta name=\"twitter:card\" content=\"summary_large_image\" \/>\n<meta name=\"twitter:creator\" content=\"@deportesanluis\" \/>\n<meta name=\"twitter:site\" content=\"@deportesanluis\" \/>\n<meta name=\"twitter:label1\" content=\"Escrito por\" \/>\n\t<meta name=\"twitter:data1\" content=\"admin\" \/>\n\t<meta name=\"twitter:label2\" content=\"Tiempo de lectura\" \/>\n\t<meta name=\"twitter:data2\" content=\"2 minutos\" \/>\n<script type=\"application\/ld+json\" class=\"yoast-schema-graph\">{\"@context\":\"https:\\\/\\\/schema.org\",\"@graph\":[{\"@type\":\"Article\",\"@id\":\"https:\\\/\\\/deportesanluis.com.ar\\\/el-san-luis-fc-se-probo-y-ya-tiene-fixture-confirmado\\\/#article\",\"isPartOf\":{\"@id\":\"https:\\\/\\\/deportesanluis.com.ar\\\/el-san-luis-fc-se-probo-y-ya-tiene-fixture-confirmado\\\/\"},\"author\":{\"name\":\"admin\",\"@id\":\"https:\\\/\\\/deportesanluis.com.ar\\\/#\\\/schema\\\/person\\\/4b3e665481e93d271fced43ee48143c8\"},\"headline\":\"El San Luis FC se prob\u00f3 y ya tiene fixture confirmado\",\"datePublished\":\"2025-01-23T16:53:29+00:00\",\"dateModified\":\"2025-01-29T16:55:40+00:00\",\"mainEntityOfPage\":{\"@id\":\"https:\\\/\\\/deportesanluis.com.ar\\\/el-san-luis-fc-se-probo-y-ya-tiene-fixture-confirmado\\\/\"},\"wordCount\":314,\"publisher\":{\"@id\":\"https:\\\/\\\/deportesanluis.com.ar\\\/#organization\"},\"image\":{\"@id\":\"https:\\\/\\\/deportesanluis.com.ar\\\/el-san-luis-fc-se-probo-y-ya-tiene-fixture-confirmado\\\/#primaryimage\"},\"thumbnailUrl\":\"https:\\\/\\\/deportesanluis.com.ar\\\/wp-content\\\/uploads\\\/2025\\\/01\\\/Femenino2025-SLFC-Pretemporada-1.jpg\",\"keywords\":[\"AFA\",\"Femenino\",\"F\u00fatbol\",\"San Luis FC\"],\"articleSection\":[\"15\",\"F\u00fatbol\"],\"inLanguage\":\"es-AR\"},{\"@type\":\"WebPage\",\"@id\":\"https:\\\/\\\/deportesanluis.com.ar\\\/el-san-luis-fc-se-probo-y-ya-tiene-fixture-confirmado\\\/\",\"url\":\"https:\\\/\\\/deportesanluis.com.ar\\\/el-san-luis-fc-se-probo-y-ya-tiene-fixture-confirmado\\\/\",\"name\":\"El San Luis FC se prob\u00f3 y ya tiene fixture confirmado - DSL\",\"isPartOf\":{\"@id\":\"https:\\\/\\\/deportesanluis.com.ar\\\/#website\"},\"primaryImageOfPage\":{\"@id\":\"https:\\\/\\\/deportesanluis.com.ar\\\/el-san-luis-fc-se-probo-y-ya-tiene-fixture-confirmado\\\/#primaryimage\"},\"image\":{\"@id\":\"https:\\\/\\\/deportesanluis.com.ar\\\/el-san-luis-fc-se-probo-y-ya-tiene-fixture-confirmado\\\/#primaryimage\"},\"thumbnailUrl\":\"https:\\\/\\\/deportesanluis.com.ar\\\/wp-content\\\/uploads\\\/2025\\\/01\\\/Femenino2025-SLFC-Pretemporada-1.jpg\",\"datePublished\":\"2025-01-23T16:53:29+00:00\",\"dateModified\":\"2025-01-29T16:55:40+00:00\",\"description\":\"El equipo puntano, ahora con la conducci\u00f3n t\u00e9cnica de Leandro P\u00e1ramo, jug\u00f3 un amistoso con Talleres de C\u00f3rdoba en el Funes. Adem\u00e1s, AFA ya confirm\u00f3 todo el calendario del Torneo Apertura de Primera Divisi\u00f3n Femenina.\u00a0\",\"breadcrumb\":{\"@id\":\"https:\\\/\\\/deportesanluis.com.ar\\\/el-san-luis-fc-se-probo-y-ya-tiene-fixture-confirmado\\\/#breadcrumb\"},\"inLanguage\":\"es-AR\",\"potentialAction\":[{\"@type\":\"ReadAction\",\"target\":[\"https:\\\/\\\/deportesanluis.com.ar\\\/el-san-luis-fc-se-probo-y-ya-tiene-fixture-confirmado\\\/\"]}]},{\"@type\":\"ImageObject\",\"inLanguage\":\"es-AR\",\"@id\":\"https:\\\/\\\/deportesanluis.com.ar\\\/el-san-luis-fc-se-probo-y-ya-tiene-fixture-confirmado\\\/#primaryimage\",\"url\":\"https:\\\/\\\/deportesanluis.com.ar\\\/wp-content\\\/uploads\\\/2025\\\/01\\\/Femenino2025-SLFC-Pretemporada-1.jpg\",\"contentUrl\":\"https:\\\/\\\/deportesanluis.com.ar\\\/wp-content\\\/uploads\\\/2025\\\/01\\\/Femenino2025-SLFC-Pretemporada-1.jpg\",\"width\":800,\"height\":500},{\"@type\":\"BreadcrumbList\",\"@id\":\"https:\\\/\\\/deportesanluis.com.ar\\\/el-san-luis-fc-se-probo-y-ya-tiene-fixture-confirmado\\\/#breadcrumb\",\"itemListElement\":[{\"@type\":\"ListItem\",\"position\":1,\"name\":\"Home\",\"item\":\"https:\\\/\\\/deportesanluis.com.ar\\\/\"},{\"@type\":\"ListItem\",\"position\":2,\"name\":\"El San Luis FC se prob\u00f3 y ya tiene fixture confirmado\"}]},{\"@type\":\"WebSite\",\"@id\":\"https:\\\/\\\/deportesanluis.com.ar\\\/#website\",\"url\":\"https:\\\/\\\/deportesanluis.com.ar\\\/\",\"name\":\"deportesanluis.com.ar\",\"description\":\"Noticias de Deporte de San Luis\",\"publisher\":{\"@id\":\"https:\\\/\\\/deportesanluis.com.ar\\\/#organization\"},\"alternateName\":\"Deporte SL\",\"potentialAction\":[{\"@type\":\"SearchAction\",\"target\":{\"@type\":\"EntryPoint\",\"urlTemplate\":\"https:\\\/\\\/deportesanluis.com.ar\\\/?s={search_term_string}\"},\"query-input\":{\"@type\":\"PropertyValueSpecification\",\"valueRequired\":true,\"valueName\":\"search_term_string\"}}],\"inLanguage\":\"es-AR\"},{\"@type\":\"Organization\",\"@id\":\"https:\\\/\\\/deportesanluis.com.ar\\\/#organization\",\"name\":\"DSL\",\"alternateName\":\"Deporte SL\",\"url\":\"https:\\\/\\\/deportesanluis.com.ar\\\/\",\"logo\":{\"@type\":\"ImageObject\",\"inLanguage\":\"es-AR\",\"@id\":\"https:\\\/\\\/deportesanluis.com.ar\\\/#\\\/schema\\\/logo\\\/image\\\/\",\"url\":\"https:\\\/\\\/deportesanluis.com.ar\\\/wp-content\\\/uploads\\\/2023\\\/06\\\/DSL-Logo-2023-5.jpg\",\"contentUrl\":\"https:\\\/\\\/deportesanluis.com.ar\\\/wp-content\\\/uploads\\\/2023\\\/06\\\/DSL-Logo-2023-5.jpg\",\"width\":1718,\"height\":845,\"caption\":\"DSL\"},\"image\":{\"@id\":\"https:\\\/\\\/deportesanluis.com.ar\\\/#\\\/schema\\\/logo\\\/image\\\/\"},\"sameAs\":[\"https:\\\/\\\/www.facebook.com\\\/DSLDeporteSanLuis\",\"https:\\\/\\\/x.com\\\/deportesanluis\",\"https:\\\/\\\/www.instagram.com\\\/dsl_deportesanluis\\\/\"]},{\"@type\":\"Person\",\"@id\":\"https:\\\/\\\/deportesanluis.com.ar\\\/#\\\/schema\\\/person\\\/4b3e665481e93d271fced43ee48143c8\",\"name\":\"admin\",\"image\":{\"@type\":\"ImageObject\",\"inLanguage\":\"es-AR\",\"@id\":\"https:\\\/\\\/secure.gravatar.com\\\/avatar\\\/5424b2c21466f502587708c43dbe2dc47b5e643fec67835095677cd3af6ba546?s=96&d=mm&r=g\",\"url\":\"https:\\\/\\\/secure.gravatar.com\\\/avatar\\\/5424b2c21466f502587708c43dbe2dc47b5e643fec67835095677cd3af6ba546?s=96&d=mm&r=g\",\"contentUrl\":\"https:\\\/\\\/secure.gravatar.com\\\/avatar\\\/5424b2c21466f502587708c43dbe2dc47b5e643fec67835095677cd3af6ba546?s=96&d=mm&r=g\",\"caption\":\"admin\"},\"sameAs\":[\"https:\\\/\\\/deportesanluis.com.ar\"],\"url\":\"https:\\\/\\\/deportesanluis.com.ar\\\/author\\\/admin\\\/\"}]}<\/script>\n<!-- \/ Yoast SEO plugin. -->","yoast_head_json":{"title":"El San Luis FC se prob\u00f3 y ya tiene fixture confirmado - DSL","description":"El equipo puntano, ahora con la conducci\u00f3n t\u00e9cnica de Leandro P\u00e1ramo, jug\u00f3 un amistoso con Talleres de C\u00f3rdoba en el Funes. Adem\u00e1s, AFA ya confirm\u00f3 todo el calendario del Torneo Apertura de Primera Divisi\u00f3n Femenina.\u00a0","robots":{"index":"index","follow":"follow","max-snippet":"max-snippet:-1","max-image-preview":"max-image-preview:large","max-video-preview":"max-video-preview:-1"},"canonical":"https:\/\/deportesanluis.com.ar\/el-san-luis-fc-se-probo-y-ya-tiene-fixture-confirmado\/","og_locale":"es_ES","og_type":"article","og_title":"El San Luis FC se prob\u00f3 y ya tiene fixture confirmado - DSL","og_description":"El equipo puntano, ahora con la conducci\u00f3n t\u00e9cnica de Leandro P\u00e1ramo, jug\u00f3 un amistoso con Talleres de C\u00f3rdoba en el Funes. Adem\u00e1s, AFA ya confirm\u00f3 todo el calendario del Torneo Apertura de Primera Divisi\u00f3n Femenina.\u00a0","og_url":"https:\/\/deportesanluis.com.ar\/el-san-luis-fc-se-probo-y-ya-tiene-fixture-confirmado\/","og_site_name":"DSL","article_publisher":"https:\/\/www.facebook.com\/DSLDeporteSanLuis","article_published_time":"2025-01-23T16:53:29+00:00","article_modified_time":"2025-01-29T16:55:40+00:00","og_image":[{"width":800,"height":500,"url":"https:\/\/deportesanluis.com.ar\/wp-content\/uploads\/2025\/01\/Femenino2025-SLFC-Pretemporada-1.jpg","type":"image\/jpeg"}],"author":"admin","twitter_card":"summary_large_image","twitter_creator":"@deportesanluis","twitter_site":"@deportesanluis","twitter_misc":{"Escrito por":"admin","Tiempo de lectura":"2 minutos"},"schema":{"@context":"https:\/\/schema.org","@graph":[{"@type":"Article","@id":"https:\/\/deportesanluis.com.ar\/el-san-luis-fc-se-probo-y-ya-tiene-fixture-confirmado\/#article","isPartOf":{"@id":"https:\/\/deportesanluis.com.ar\/el-san-luis-fc-se-probo-y-ya-tiene-fixture-confirmado\/"},"author":{"name":"admin","@id":"https:\/\/deportesanluis.com.ar\/#\/schema\/person\/4b3e665481e93d271fced43ee48143c8"},"headline":"El San Luis FC se prob\u00f3 y ya tiene fixture confirmado","datePublished":"2025-01-23T16:53:29+00:00","dateModified":"2025-01-29T16:55:40+00:00","mainEntityOfPage":{"@id":"https:\/\/deportesanluis.com.ar\/el-san-luis-fc-se-probo-y-ya-tiene-fixture-confirmado\/"},"wordCount":314,"publisher":{"@id":"https:\/\/deportesanluis.com.ar\/#organization"},"image":{"@id":"https:\/\/deportesanluis.com.ar\/el-san-luis-fc-se-probo-y-ya-tiene-fixture-confirmado\/#primaryimage"},"thumbnailUrl":"https:\/\/deportesanluis.com.ar\/wp-content\/uploads\/2025\/01\/Femenino2025-SLFC-Pretemporada-1.jpg","keywords":["AFA","Femenino","F\u00fatbol","San Luis FC"],"articleSection":["15","F\u00fatbol"],"inLanguage":"es-AR"},{"@type":"WebPage","@id":"https:\/\/deportesanluis.com.ar\/el-san-luis-fc-se-probo-y-ya-tiene-fixture-confirmado\/","url":"https:\/\/deportesanluis.com.ar\/el-san-luis-fc-se-probo-y-ya-tiene-fixture-confirmado\/","name":"El San Luis FC se prob\u00f3 y ya tiene fixture confirmado - DSL","isPartOf":{"@id":"https:\/\/deportesanluis.com.ar\/#website"},"primaryImageOfPage":{"@id":"https:\/\/deportesanluis.com.ar\/el-san-luis-fc-se-probo-y-ya-tiene-fixture-confirmado\/#primaryimage"},"image":{"@id":"https:\/\/deportesanluis.com.ar\/el-san-luis-fc-se-probo-y-ya-tiene-fixture-confirmado\/#primaryimage"},"thumbnailUrl":"https:\/\/deportesanluis.com.ar\/wp-content\/uploads\/2025\/01\/Femenino2025-SLFC-Pretemporada-1.jpg","datePublished":"2025-01-23T16:53:29+00:00","dateModified":"2025-01-29T16:55:40+00:00","description":"El equipo puntano, ahora con la conducci\u00f3n t\u00e9cnica de Leandro P\u00e1ramo, jug\u00f3 un amistoso con Talleres de C\u00f3rdoba en el Funes. Adem\u00e1s, AFA ya confirm\u00f3 todo el calendario del Torneo Apertura de Primera Divisi\u00f3n Femenina.\u00a0","breadcrumb":{"@id":"https:\/\/deportesanluis.com.ar\/el-san-luis-fc-se-probo-y-ya-tiene-fixture-confirmado\/#breadcrumb"},"inLanguage":"es-AR","potentialAction":[{"@type":"ReadAction","target":["https:\/\/deportesanluis.com.ar\/el-san-luis-fc-se-probo-y-ya-tiene-fixture-confirmado\/"]}]},{"@type":"ImageObject","inLanguage":"es-AR","@id":"https:\/\/deportesanluis.com.ar\/el-san-luis-fc-se-probo-y-ya-tiene-fixture-confirmado\/#primaryimage","url":"https:\/\/deportesanluis.com.ar\/wp-content\/uploads\/2025\/01\/Femenino2025-SLFC-Pretemporada-1.jpg","contentUrl":"https:\/\/deportesanluis.com.ar\/wp-content\/uploads\/2025\/01\/Femenino2025-SLFC-Pretemporada-1.jpg","width":800,"height":500},{"@type":"BreadcrumbList","@id":"https:\/\/deportesanluis.com.ar\/el-san-luis-fc-se-probo-y-ya-tiene-fixture-confirmado\/#breadcrumb","itemListElement":[{"@type":"ListItem","position":1,"name":"Home","item":"https:\/\/deportesanluis.com.ar\/"},{"@type":"ListItem","position":2,"name":"El San Luis FC se prob\u00f3 y ya tiene fixture confirmado"}]},{"@type":"WebSite","@id":"https:\/\/deportesanluis.com.ar\/#website","url":"https:\/\/deportesanluis.com.ar\/","name":"deportesanluis.com.ar","description":"Noticias de Deporte de San Luis","publisher":{"@id":"https:\/\/deportesanluis.com.ar\/#organization"},"alternateName":"Deporte SL","potentialAction":[{"@type":"SearchAction","target":{"@type":"EntryPoint","urlTemplate":"https:\/\/deportesanluis.com.ar\/?s={search_term_string}"},"query-input":{"@type":"PropertyValueSpecification","valueRequired":true,"valueName":"search_term_string"}}],"inLanguage":"es-AR"},{"@type":"Organization","@id":"https:\/\/deportesanluis.com.ar\/#organization","name":"DSL","alternateName":"Deporte SL","url":"https:\/\/deportesanluis.com.ar\/","logo":{"@type":"ImageObject","inLanguage":"es-AR","@id":"https:\/\/deportesanluis.com.ar\/#\/schema\/logo\/image\/","url":"https:\/\/deportesanluis.com.ar\/wp-content\/uploads\/2023\/06\/DSL-Logo-2023-5.jpg","contentUrl":"https:\/\/deportesanluis.com.ar\/wp-content\/uploads\/2023\/06\/DSL-Logo-2023-5.jpg","width":1718,"height":845,"caption":"DSL"},"image":{"@id":"https:\/\/deportesanluis.com.ar\/#\/schema\/logo\/image\/"},"sameAs":["https:\/\/www.facebook.com\/DSLDeporteSanLuis","https:\/\/x.com\/deportesanluis","https:\/\/www.instagram.com\/dsl_deportesanluis\/"]},{"@type":"Person","@id":"https:\/\/deportesanluis.com.ar\/#\/schema\/person\/4b3e665481e93d271fced43ee48143c8","name":"admin","image":{"@type":"ImageObject","inLanguage":"es-AR","@id":"https:\/\/secure.gravatar.com\/avatar\/5424b2c21466f502587708c43dbe2dc47b5e643fec67835095677cd3af6ba546?s=96&d=mm&r=g","url":"https:\/\/secure.gravatar.com\/avatar\/5424b2c21466f502587708c43dbe2dc47b5e643fec67835095677cd3af6ba546?s=96&d=mm&r=g","contentUrl":"https:\/\/secure.gravatar.com\/avatar\/5424b2c21466f502587708c43dbe2dc47b5e643fec67835095677cd3af6ba546?s=96&d=mm&r=g","caption":"admin"},"sameAs":["https:\/\/deportesanluis.com.ar"],"url":"https:\/\/deportesanluis.com.ar\/author\/admin\/"}]}},"_links":{"self":[{"href":"https:\/\/deportesanluis.com.ar\/wp-json\/wp\/v2\/posts\/25530","targetHints":{"allow":["GET"]}}],"collection":[{"href":"https:\/\/deportesanluis.com.ar\/wp-json\/wp\/v2\/posts"}],"about":[{"href":"https:\/\/deportesanluis.com.ar\/wp-json\/wp\/v2\/types\/post"}],"author":[{"embeddable":true,"href":"https:\/\/deportesanluis.com.ar\/wp-json\/wp\/v2\/users\/1"}],"replies":[{"embeddable":true,"href":"https:\/\/deportesanluis.com.ar\/wp-json\/wp\/v2\/comments?post=25530"}],"version-history":[{"count":0,"href":"https:\/\/deportesanluis.com.ar\/wp-json\/wp\/v2\/posts\/25530\/revisions"}],"wp:featuredmedia":[{"embeddable":true,"href":"https:\/\/deportesanluis.com.ar\/wp-json\/wp\/v2\/media\/25531"}],"wp:attachment":[{"href":"https:\/\/deportesanluis.com.ar\/wp-json\/wp\/v2\/media?parent=25530"}],"wp:term":[{"taxonomy":"category","embeddable":true,"href":"https:\/\/deportesanluis.com.ar\/wp-json\/wp\/v2\/categories?post=25530"},{"taxonomy":"post_tag","embeddable":true,"href":"https:\/\/deportesanluis.com.ar\/wp-json\/wp\/v2\/tags?post=25530"}],"curies":[{"name":"wp","href":"https:\/\/api.w.org\/{rel}","templated":true}]}}