{"id":25695,"date":"2025-02-04T12:57:25","date_gmt":"2025-02-04T15:57:25","guid":{"rendered":"https:\/\/deportesanluis.com.ar\/?p=25695"},"modified":"2025-02-11T11:41:38","modified_gmt":"2025-02-11T14:41:38","slug":"el-tpsl-confirmo-el-inicio-de-la-temporada","status":"publish","type":"post","link":"https:\/\/deportesanluis.com.ar\/el-tpsl-confirmo-el-inicio-de-la-temporada\/","title":{"rendered":"El TPSL confirm\u00f3 el inicio de la temporada"},"content":{"rendered":"<p>El Turismo Pista San Luis, categor\u00eda que organiza ARPADP y que fiscaliza FRADSL, confirm\u00f3 que la temporada 2025 comenzar\u00e1 el 8 y 9 de marzo en el Aut\u00f3dromo Rosendo Hern\u00e1ndez de nuestra Ciudad.<\/p>\n<p>Adem\u00e1s, las autoridades indicaron que la edici\u00f3n 2025 constar\u00e1 de ocho fechas en aut\u00f3dromos de San Luis y C\u00f3rdoba. Dos de ellas, en tanto, ser\u00e1n especiales y otorgar\u00e1n puntaje extra.<\/p>\n<p>Adem\u00e1s de la Copa de Plata (mitad de temporada) y la Copa de Oro (campe\u00f3n anual), el TPSL pondr\u00e1 en juego la Copa Seniors, reservada exclusivamente al mejor piloto mayor de 55 a\u00f1os de edad.<\/p>\n<p>Cabe recordar que los cinco mejores pilotos de cada categor\u00eda fueron:<\/p>\n<table style=\"border-collapse: collapse; width: 100%;\">\n<tbody>\n<tr>\n<td style=\"width: 50%;\"><strong>Clase 3<\/strong><br \/>\nMarcos Scrimaglia (Fiat Palio)<br \/>\nLucas De Biassio (Fiat Uno)<br \/>\nSergio Ferrer (Toyota Etios)<br \/>\nMat\u00edas Fern\u00e1ndez (VW Gol)<br \/>\nFederico Romer (Ford Escort)<\/td>\n<td style=\"width: 50%;\"><strong>Clase A<\/strong><br \/>\nEsteban Postay (Fiat 600)<br \/>\nFederico Carosela (Fiat 600)<br \/>\nGabriel Alessio (Citr\u00f6en)<br \/>\nJoel Altamirano (Citr\u00f6en)<br \/>\nFrancisco Telo (Fiat 600)<\/td>\n<\/tr>\n<tr>\n<td style=\"width: 50%;\"><strong>Clase 850cc. <\/strong><br \/>\nLeonardo Arevalo (Fiat 600)<br \/>\nAdriano Caccinon (Citr\u00f6en)<br \/>\nGuillermo Bagaloni (Fiat 600)<br \/>\nDarel Brizuela (Fiat 600)<br \/>\nJos\u00e9 Mart\u00ednez (Fiat 600)<\/td>\n<td style=\"width: 50%;\"><strong>Supercar Cuyano<\/strong><br \/>\nDiego Casale (Ford)<br \/>\nEmanuel Flores (Torino)<br \/>\nV\u00edctor Miglia (Chevrolet)<br \/>\nEladio Gosso (Chevrolet)<br \/>\nEnrique G\u00f3mez (Chevrolet)<\/td>\n<\/tr>\n<tr>\n<td style=\"width: 50%;\"><strong>Clase 1<\/strong><br \/>\nFranco Gregorio (Fiat 128)<br \/>\nLautaro S\u00e1nchez (Fiat 128)<br \/>\nLucas Homenul (Fiat 128)<br \/>\nPablo Falcone (Fiat 128)<br \/>\nEmanuel Canovas (Fiat 128)<\/td>\n<td style=\"width: 50%;\"><strong>Monomarca F\u00edat<\/strong><br \/>\nEduardo Haller (Fiat Uno)<br \/>\nFernando Carreno (Fiat Uno)<br \/>\nMat\u00edas Maccio (Fiat Uno)<br \/>\nDaniel Calabuig (Fiat Uno)<br \/>\nSebasti\u00e1n Carmona (Fiat Uno)<\/td>\n<\/tr>\n<\/tbody>\n<\/table>\n<p>En tanto, ya muchos pilotos confirmaron sus arribos a una categor\u00eda que lleva el nombre de San Luis pero que, a\u00f1o a a\u00f1o, se afianza en la Regi\u00f3n.<\/p>\n<p>En la Clase 1 estar\u00e1n Josu\u00e9 Bustos (Fiat 128), Lucas Fragatti (Fiat 128), Santiago Gianre (Fiat 147), Renzo Biassi (Fiat 128) y Agust\u00edn Muesa (Fiat 128).<\/p>\n<p>Franco Methol (Fiat Uno) confirm\u00f3 que afrontara toda la temporada 2025 en la Monomarca F\u00edat mientras que &#8220;Coco&#8221; Paredes regresar\u00e1 al Supercar Cuyano, categor\u00eda que tendr\u00e1 a V\u00edctor Miglia en un Chevrolet 400.<\/p>\n<hr \/>\n<p><strong>Nota:<\/strong> Redacci\u00f3n\u00a0 \u00a0<strong>Foto:<\/strong> Marcelo Lacerda<\/p>\n","protected":false},"excerpt":{"rendered":"<p>La categor\u00eda pondr\u00e1 primera el pr\u00f3ximo 8 y 9 de marzo en el Rosendo Hern\u00e1ndez. Se espera un gran parque automotor.\u00a0<\/p>\n","protected":false},"author":1,"featured_media":25696,"comment_status":"closed","ping_status":"closed","sticky":false,"template":"","format":"standard","meta":{"footnotes":""},"categories":[81,51,125],"tags":[205],"class_list":{"0":"post-25695","1":"post","2":"type-post","3":"status-publish","4":"format-standard","5":"has-post-thumbnail","7":"category-81","8":"category-motores","9":"category-tpsl","10":"tag-tpsl"},"yoast_head":"<!-- This site is optimized with the Yoast SEO plugin v27.4 - https:\/\/yoast.com\/product\/yoast-seo-wordpress\/ -->\n<title>El TPSL confirm\u00f3 el inicio de la temporada - DSL<\/title>\n<meta name=\"description\" content=\"La categor\u00eda pondr\u00e1 primera el pr\u00f3ximo 8 y 9 de marzo en el Rosendo Hern\u00e1ndez. Se espera un gran parque automotor.\u00a0\" \/>\n<meta name=\"robots\" content=\"index, follow, max-snippet:-1, max-image-preview:large, max-video-preview:-1\" \/>\n<link rel=\"canonical\" href=\"https:\/\/deportesanluis.com.ar\/el-tpsl-confirmo-el-inicio-de-la-temporada\/\" \/>\n<meta property=\"og:locale\" content=\"es_ES\" \/>\n<meta property=\"og:type\" content=\"article\" \/>\n<meta property=\"og:title\" content=\"El TPSL confirm\u00f3 el inicio de la temporada - DSL\" \/>\n<meta property=\"og:description\" content=\"La categor\u00eda pondr\u00e1 primera el pr\u00f3ximo 8 y 9 de marzo en el Rosendo Hern\u00e1ndez. Se espera un gran parque automotor.\u00a0\" \/>\n<meta property=\"og:url\" content=\"https:\/\/deportesanluis.com.ar\/el-tpsl-confirmo-el-inicio-de-la-temporada\/\" \/>\n<meta property=\"og:site_name\" content=\"DSL\" \/>\n<meta property=\"article:publisher\" content=\"https:\/\/www.facebook.com\/DSLDeporteSanLuis\" \/>\n<meta property=\"article:published_time\" content=\"2025-02-04T15:57:25+00:00\" \/>\n<meta property=\"article:modified_time\" content=\"2025-02-11T14:41:38+00:00\" \/>\n<meta property=\"og:image\" content=\"https:\/\/deportesanluis.com.ar\/wp-content\/uploads\/2025\/02\/TPSL25-BanderaVerde.jpg\" \/>\n\t<meta property=\"og:image:width\" content=\"800\" \/>\n\t<meta property=\"og:image:height\" content=\"500\" \/>\n\t<meta property=\"og:image:type\" content=\"image\/jpeg\" \/>\n<meta name=\"author\" content=\"admin\" \/>\n<meta name=\"twitter:card\" content=\"summary_large_image\" \/>\n<meta name=\"twitter:creator\" content=\"@deportesanluis\" \/>\n<meta name=\"twitter:site\" content=\"@deportesanluis\" \/>\n<meta name=\"twitter:label1\" content=\"Escrito por\" \/>\n\t<meta name=\"twitter:data1\" content=\"admin\" \/>\n\t<meta name=\"twitter:label2\" content=\"Tiempo de lectura\" \/>\n\t<meta name=\"twitter:data2\" content=\"2 minutos\" \/>\n<script type=\"application\/ld+json\" class=\"yoast-schema-graph\">{\"@context\":\"https:\\\/\\\/schema.org\",\"@graph\":[{\"@type\":\"Article\",\"@id\":\"https:\\\/\\\/deportesanluis.com.ar\\\/el-tpsl-confirmo-el-inicio-de-la-temporada\\\/#article\",\"isPartOf\":{\"@id\":\"https:\\\/\\\/deportesanluis.com.ar\\\/el-tpsl-confirmo-el-inicio-de-la-temporada\\\/\"},\"author\":{\"name\":\"admin\",\"@id\":\"https:\\\/\\\/deportesanluis.com.ar\\\/#\\\/schema\\\/person\\\/4b3e665481e93d271fced43ee48143c8\"},\"headline\":\"El TPSL confirm\u00f3 el inicio de la temporada\",\"datePublished\":\"2025-02-04T15:57:25+00:00\",\"dateModified\":\"2025-02-11T14:41:38+00:00\",\"mainEntityOfPage\":{\"@id\":\"https:\\\/\\\/deportesanluis.com.ar\\\/el-tpsl-confirmo-el-inicio-de-la-temporada\\\/\"},\"wordCount\":342,\"publisher\":{\"@id\":\"https:\\\/\\\/deportesanluis.com.ar\\\/#organization\"},\"image\":{\"@id\":\"https:\\\/\\\/deportesanluis.com.ar\\\/el-tpsl-confirmo-el-inicio-de-la-temporada\\\/#primaryimage\"},\"thumbnailUrl\":\"https:\\\/\\\/deportesanluis.com.ar\\\/wp-content\\\/uploads\\\/2025\\\/02\\\/TPSL25-BanderaVerde.jpg\",\"keywords\":[\"TPSL\"],\"articleSection\":[\"13\",\"Motores\",\"TPSL\"],\"inLanguage\":\"es-AR\"},{\"@type\":\"WebPage\",\"@id\":\"https:\\\/\\\/deportesanluis.com.ar\\\/el-tpsl-confirmo-el-inicio-de-la-temporada\\\/\",\"url\":\"https:\\\/\\\/deportesanluis.com.ar\\\/el-tpsl-confirmo-el-inicio-de-la-temporada\\\/\",\"name\":\"El TPSL confirm\u00f3 el inicio de la temporada - DSL\",\"isPartOf\":{\"@id\":\"https:\\\/\\\/deportesanluis.com.ar\\\/#website\"},\"primaryImageOfPage\":{\"@id\":\"https:\\\/\\\/deportesanluis.com.ar\\\/el-tpsl-confirmo-el-inicio-de-la-temporada\\\/#primaryimage\"},\"image\":{\"@id\":\"https:\\\/\\\/deportesanluis.com.ar\\\/el-tpsl-confirmo-el-inicio-de-la-temporada\\\/#primaryimage\"},\"thumbnailUrl\":\"https:\\\/\\\/deportesanluis.com.ar\\\/wp-content\\\/uploads\\\/2025\\\/02\\\/TPSL25-BanderaVerde.jpg\",\"datePublished\":\"2025-02-04T15:57:25+00:00\",\"dateModified\":\"2025-02-11T14:41:38+00:00\",\"description\":\"La categor\u00eda pondr\u00e1 primera el pr\u00f3ximo 8 y 9 de marzo en el Rosendo Hern\u00e1ndez. Se espera un gran parque automotor.\u00a0\",\"breadcrumb\":{\"@id\":\"https:\\\/\\\/deportesanluis.com.ar\\\/el-tpsl-confirmo-el-inicio-de-la-temporada\\\/#breadcrumb\"},\"inLanguage\":\"es-AR\",\"potentialAction\":[{\"@type\":\"ReadAction\",\"target\":[\"https:\\\/\\\/deportesanluis.com.ar\\\/el-tpsl-confirmo-el-inicio-de-la-temporada\\\/\"]}]},{\"@type\":\"ImageObject\",\"inLanguage\":\"es-AR\",\"@id\":\"https:\\\/\\\/deportesanluis.com.ar\\\/el-tpsl-confirmo-el-inicio-de-la-temporada\\\/#primaryimage\",\"url\":\"https:\\\/\\\/deportesanluis.com.ar\\\/wp-content\\\/uploads\\\/2025\\\/02\\\/TPSL25-BanderaVerde.jpg\",\"contentUrl\":\"https:\\\/\\\/deportesanluis.com.ar\\\/wp-content\\\/uploads\\\/2025\\\/02\\\/TPSL25-BanderaVerde.jpg\",\"width\":800,\"height\":500},{\"@type\":\"BreadcrumbList\",\"@id\":\"https:\\\/\\\/deportesanluis.com.ar\\\/el-tpsl-confirmo-el-inicio-de-la-temporada\\\/#breadcrumb\",\"itemListElement\":[{\"@type\":\"ListItem\",\"position\":1,\"name\":\"Home\",\"item\":\"https:\\\/\\\/deportesanluis.com.ar\\\/\"},{\"@type\":\"ListItem\",\"position\":2,\"name\":\"El TPSL confirm\u00f3 el inicio de la temporada\"}]},{\"@type\":\"WebSite\",\"@id\":\"https:\\\/\\\/deportesanluis.com.ar\\\/#website\",\"url\":\"https:\\\/\\\/deportesanluis.com.ar\\\/\",\"name\":\"deportesanluis.com.ar\",\"description\":\"Noticias de Deporte de San Luis\",\"publisher\":{\"@id\":\"https:\\\/\\\/deportesanluis.com.ar\\\/#organization\"},\"alternateName\":\"Deporte SL\",\"potentialAction\":[{\"@type\":\"SearchAction\",\"target\":{\"@type\":\"EntryPoint\",\"urlTemplate\":\"https:\\\/\\\/deportesanluis.com.ar\\\/?s={search_term_string}\"},\"query-input\":{\"@type\":\"PropertyValueSpecification\",\"valueRequired\":true,\"valueName\":\"search_term_string\"}}],\"inLanguage\":\"es-AR\"},{\"@type\":\"Organization\",\"@id\":\"https:\\\/\\\/deportesanluis.com.ar\\\/#organization\",\"name\":\"DSL\",\"alternateName\":\"Deporte SL\",\"url\":\"https:\\\/\\\/deportesanluis.com.ar\\\/\",\"logo\":{\"@type\":\"ImageObject\",\"inLanguage\":\"es-AR\",\"@id\":\"https:\\\/\\\/deportesanluis.com.ar\\\/#\\\/schema\\\/logo\\\/image\\\/\",\"url\":\"https:\\\/\\\/deportesanluis.com.ar\\\/wp-content\\\/uploads\\\/2023\\\/06\\\/DSL-Logo-2023-5.jpg\",\"contentUrl\":\"https:\\\/\\\/deportesanluis.com.ar\\\/wp-content\\\/uploads\\\/2023\\\/06\\\/DSL-Logo-2023-5.jpg\",\"width\":1718,\"height\":845,\"caption\":\"DSL\"},\"image\":{\"@id\":\"https:\\\/\\\/deportesanluis.com.ar\\\/#\\\/schema\\\/logo\\\/image\\\/\"},\"sameAs\":[\"https:\\\/\\\/www.facebook.com\\\/DSLDeporteSanLuis\",\"https:\\\/\\\/x.com\\\/deportesanluis\",\"https:\\\/\\\/www.instagram.com\\\/dsl_deportesanluis\\\/\"]},{\"@type\":\"Person\",\"@id\":\"https:\\\/\\\/deportesanluis.com.ar\\\/#\\\/schema\\\/person\\\/4b3e665481e93d271fced43ee48143c8\",\"name\":\"admin\",\"image\":{\"@type\":\"ImageObject\",\"inLanguage\":\"es-AR\",\"@id\":\"https:\\\/\\\/secure.gravatar.com\\\/avatar\\\/5424b2c21466f502587708c43dbe2dc47b5e643fec67835095677cd3af6ba546?s=96&d=mm&r=g\",\"url\":\"https:\\\/\\\/secure.gravatar.com\\\/avatar\\\/5424b2c21466f502587708c43dbe2dc47b5e643fec67835095677cd3af6ba546?s=96&d=mm&r=g\",\"contentUrl\":\"https:\\\/\\\/secure.gravatar.com\\\/avatar\\\/5424b2c21466f502587708c43dbe2dc47b5e643fec67835095677cd3af6ba546?s=96&d=mm&r=g\",\"caption\":\"admin\"},\"sameAs\":[\"https:\\\/\\\/deportesanluis.com.ar\"],\"url\":\"https:\\\/\\\/deportesanluis.com.ar\\\/author\\\/admin\\\/\"}]}<\/script>\n<!-- \/ Yoast SEO plugin. -->","yoast_head_json":{"title":"El TPSL confirm\u00f3 el inicio de la temporada - DSL","description":"La categor\u00eda pondr\u00e1 primera el pr\u00f3ximo 8 y 9 de marzo en el Rosendo Hern\u00e1ndez. Se espera un gran parque automotor.\u00a0","robots":{"index":"index","follow":"follow","max-snippet":"max-snippet:-1","max-image-preview":"max-image-preview:large","max-video-preview":"max-video-preview:-1"},"canonical":"https:\/\/deportesanluis.com.ar\/el-tpsl-confirmo-el-inicio-de-la-temporada\/","og_locale":"es_ES","og_type":"article","og_title":"El TPSL confirm\u00f3 el inicio de la temporada - DSL","og_description":"La categor\u00eda pondr\u00e1 primera el pr\u00f3ximo 8 y 9 de marzo en el Rosendo Hern\u00e1ndez. Se espera un gran parque automotor.\u00a0","og_url":"https:\/\/deportesanluis.com.ar\/el-tpsl-confirmo-el-inicio-de-la-temporada\/","og_site_name":"DSL","article_publisher":"https:\/\/www.facebook.com\/DSLDeporteSanLuis","article_published_time":"2025-02-04T15:57:25+00:00","article_modified_time":"2025-02-11T14:41:38+00:00","og_image":[{"width":800,"height":500,"url":"https:\/\/deportesanluis.com.ar\/wp-content\/uploads\/2025\/02\/TPSL25-BanderaVerde.jpg","type":"image\/jpeg"}],"author":"admin","twitter_card":"summary_large_image","twitter_creator":"@deportesanluis","twitter_site":"@deportesanluis","twitter_misc":{"Escrito por":"admin","Tiempo de lectura":"2 minutos"},"schema":{"@context":"https:\/\/schema.org","@graph":[{"@type":"Article","@id":"https:\/\/deportesanluis.com.ar\/el-tpsl-confirmo-el-inicio-de-la-temporada\/#article","isPartOf":{"@id":"https:\/\/deportesanluis.com.ar\/el-tpsl-confirmo-el-inicio-de-la-temporada\/"},"author":{"name":"admin","@id":"https:\/\/deportesanluis.com.ar\/#\/schema\/person\/4b3e665481e93d271fced43ee48143c8"},"headline":"El TPSL confirm\u00f3 el inicio de la temporada","datePublished":"2025-02-04T15:57:25+00:00","dateModified":"2025-02-11T14:41:38+00:00","mainEntityOfPage":{"@id":"https:\/\/deportesanluis.com.ar\/el-tpsl-confirmo-el-inicio-de-la-temporada\/"},"wordCount":342,"publisher":{"@id":"https:\/\/deportesanluis.com.ar\/#organization"},"image":{"@id":"https:\/\/deportesanluis.com.ar\/el-tpsl-confirmo-el-inicio-de-la-temporada\/#primaryimage"},"thumbnailUrl":"https:\/\/deportesanluis.com.ar\/wp-content\/uploads\/2025\/02\/TPSL25-BanderaVerde.jpg","keywords":["TPSL"],"articleSection":["13","Motores","TPSL"],"inLanguage":"es-AR"},{"@type":"WebPage","@id":"https:\/\/deportesanluis.com.ar\/el-tpsl-confirmo-el-inicio-de-la-temporada\/","url":"https:\/\/deportesanluis.com.ar\/el-tpsl-confirmo-el-inicio-de-la-temporada\/","name":"El TPSL confirm\u00f3 el inicio de la temporada - DSL","isPartOf":{"@id":"https:\/\/deportesanluis.com.ar\/#website"},"primaryImageOfPage":{"@id":"https:\/\/deportesanluis.com.ar\/el-tpsl-confirmo-el-inicio-de-la-temporada\/#primaryimage"},"image":{"@id":"https:\/\/deportesanluis.com.ar\/el-tpsl-confirmo-el-inicio-de-la-temporada\/#primaryimage"},"thumbnailUrl":"https:\/\/deportesanluis.com.ar\/wp-content\/uploads\/2025\/02\/TPSL25-BanderaVerde.jpg","datePublished":"2025-02-04T15:57:25+00:00","dateModified":"2025-02-11T14:41:38+00:00","description":"La categor\u00eda pondr\u00e1 primera el pr\u00f3ximo 8 y 9 de marzo en el Rosendo Hern\u00e1ndez. Se espera un gran parque automotor.\u00a0","breadcrumb":{"@id":"https:\/\/deportesanluis.com.ar\/el-tpsl-confirmo-el-inicio-de-la-temporada\/#breadcrumb"},"inLanguage":"es-AR","potentialAction":[{"@type":"ReadAction","target":["https:\/\/deportesanluis.com.ar\/el-tpsl-confirmo-el-inicio-de-la-temporada\/"]}]},{"@type":"ImageObject","inLanguage":"es-AR","@id":"https:\/\/deportesanluis.com.ar\/el-tpsl-confirmo-el-inicio-de-la-temporada\/#primaryimage","url":"https:\/\/deportesanluis.com.ar\/wp-content\/uploads\/2025\/02\/TPSL25-BanderaVerde.jpg","contentUrl":"https:\/\/deportesanluis.com.ar\/wp-content\/uploads\/2025\/02\/TPSL25-BanderaVerde.jpg","width":800,"height":500},{"@type":"BreadcrumbList","@id":"https:\/\/deportesanluis.com.ar\/el-tpsl-confirmo-el-inicio-de-la-temporada\/#breadcrumb","itemListElement":[{"@type":"ListItem","position":1,"name":"Home","item":"https:\/\/deportesanluis.com.ar\/"},{"@type":"ListItem","position":2,"name":"El TPSL confirm\u00f3 el inicio de la temporada"}]},{"@type":"WebSite","@id":"https:\/\/deportesanluis.com.ar\/#website","url":"https:\/\/deportesanluis.com.ar\/","name":"deportesanluis.com.ar","description":"Noticias de Deporte de San Luis","publisher":{"@id":"https:\/\/deportesanluis.com.ar\/#organization"},"alternateName":"Deporte SL","potentialAction":[{"@type":"SearchAction","target":{"@type":"EntryPoint","urlTemplate":"https:\/\/deportesanluis.com.ar\/?s={search_term_string}"},"query-input":{"@type":"PropertyValueSpecification","valueRequired":true,"valueName":"search_term_string"}}],"inLanguage":"es-AR"},{"@type":"Organization","@id":"https:\/\/deportesanluis.com.ar\/#organization","name":"DSL","alternateName":"Deporte SL","url":"https:\/\/deportesanluis.com.ar\/","logo":{"@type":"ImageObject","inLanguage":"es-AR","@id":"https:\/\/deportesanluis.com.ar\/#\/schema\/logo\/image\/","url":"https:\/\/deportesanluis.com.ar\/wp-content\/uploads\/2023\/06\/DSL-Logo-2023-5.jpg","contentUrl":"https:\/\/deportesanluis.com.ar\/wp-content\/uploads\/2023\/06\/DSL-Logo-2023-5.jpg","width":1718,"height":845,"caption":"DSL"},"image":{"@id":"https:\/\/deportesanluis.com.ar\/#\/schema\/logo\/image\/"},"sameAs":["https:\/\/www.facebook.com\/DSLDeporteSanLuis","https:\/\/x.com\/deportesanluis","https:\/\/www.instagram.com\/dsl_deportesanluis\/"]},{"@type":"Person","@id":"https:\/\/deportesanluis.com.ar\/#\/schema\/person\/4b3e665481e93d271fced43ee48143c8","name":"admin","image":{"@type":"ImageObject","inLanguage":"es-AR","@id":"https:\/\/secure.gravatar.com\/avatar\/5424b2c21466f502587708c43dbe2dc47b5e643fec67835095677cd3af6ba546?s=96&d=mm&r=g","url":"https:\/\/secure.gravatar.com\/avatar\/5424b2c21466f502587708c43dbe2dc47b5e643fec67835095677cd3af6ba546?s=96&d=mm&r=g","contentUrl":"https:\/\/secure.gravatar.com\/avatar\/5424b2c21466f502587708c43dbe2dc47b5e643fec67835095677cd3af6ba546?s=96&d=mm&r=g","caption":"admin"},"sameAs":["https:\/\/deportesanluis.com.ar"],"url":"https:\/\/deportesanluis.com.ar\/author\/admin\/"}]}},"_links":{"self":[{"href":"https:\/\/deportesanluis.com.ar\/wp-json\/wp\/v2\/posts\/25695","targetHints":{"allow":["GET"]}}],"collection":[{"href":"https:\/\/deportesanluis.com.ar\/wp-json\/wp\/v2\/posts"}],"about":[{"href":"https:\/\/deportesanluis.com.ar\/wp-json\/wp\/v2\/types\/post"}],"author":[{"embeddable":true,"href":"https:\/\/deportesanluis.com.ar\/wp-json\/wp\/v2\/users\/1"}],"replies":[{"embeddable":true,"href":"https:\/\/deportesanluis.com.ar\/wp-json\/wp\/v2\/comments?post=25695"}],"version-history":[{"count":0,"href":"https:\/\/deportesanluis.com.ar\/wp-json\/wp\/v2\/posts\/25695\/revisions"}],"wp:featuredmedia":[{"embeddable":true,"href":"https:\/\/deportesanluis.com.ar\/wp-json\/wp\/v2\/media\/25696"}],"wp:attachment":[{"href":"https:\/\/deportesanluis.com.ar\/wp-json\/wp\/v2\/media?parent=25695"}],"wp:term":[{"taxonomy":"category","embeddable":true,"href":"https:\/\/deportesanluis.com.ar\/wp-json\/wp\/v2\/categories?post=25695"},{"taxonomy":"post_tag","embeddable":true,"href":"https:\/\/deportesanluis.com.ar\/wp-json\/wp\/v2\/tags?post=25695"}],"curies":[{"name":"wp","href":"https:\/\/api.w.org\/{rel}","templated":true}]}}