{"id":26185,"date":"2025-03-15T10:58:58","date_gmt":"2025-03-15T13:58:58","guid":{"rendered":"https:\/\/deportesanluis.com.ar\/?p=26185"},"modified":"2025-03-16T11:31:39","modified_gmt":"2025-03-16T14:31:39","slug":"buen-ritmo-para-los-fernandez","status":"publish","type":"post","link":"https:\/\/deportesanluis.com.ar\/buen-ritmo-para-los-fernandez\/","title":{"rendered":"Buen ritmo para los Fern\u00e1ndez"},"content":{"rendered":"<p>El Turismo Nacional comenz\u00f3 a disputar su Fecha 2 de la temporada 2025 en el Aut\u00f3dromo Oscar Cabal\u00e9n de Alta Gracia, en la provincia de C\u00f3rdoba.<\/p>\n<p>En la Clase 2 est\u00e1n Marcos y Aaron Fern\u00e1ndez a bordo de sendos Nissan March que alista el JF Racing.<\/p>\n<p>Luego de las pruebas del jueves y de los entrenamientos, este viernes se disput\u00f3 la primera tanda de Clasificaci\u00f3n donde se destac\u00f3 Francisco Coltrinari (Peugeot 208) con un registro de 1:40,721.<\/p>\n<p><img loading=\"lazy\" decoding=\"async\" class=\"alignnone size-full wp-image-26187\" src=\"https:\/\/deportesanluis.com.ar\/wp-content\/uploads\/2025\/03\/Coltrinari-TN2025-Cabalen-1.jpg\" alt=\"\" width=\"800\" height=\"500\" srcset=\"https:\/\/deportesanluis.com.ar\/wp-content\/uploads\/2025\/03\/Coltrinari-TN2025-Cabalen-1.jpg 800w, https:\/\/deportesanluis.com.ar\/wp-content\/uploads\/2025\/03\/Coltrinari-TN2025-Cabalen-1-300x188.jpg 300w, https:\/\/deportesanluis.com.ar\/wp-content\/uploads\/2025\/03\/Coltrinari-TN2025-Cabalen-1-768x480.jpg 768w, https:\/\/deportesanluis.com.ar\/wp-content\/uploads\/2025\/03\/Coltrinari-TN2025-Cabalen-1-672x420.jpg 672w, https:\/\/deportesanluis.com.ar\/wp-content\/uploads\/2025\/03\/Coltrinari-TN2025-Cabalen-1-150x94.jpg 150w, https:\/\/deportesanluis.com.ar\/wp-content\/uploads\/2025\/03\/Coltrinari-TN2025-Cabalen-1-696x435.jpg 696w\" sizes=\"auto, (max-width: 800px) 100vw, 800px\" \/><\/p>\n<p>Bautista Damiani (Toyota Yaris), Juan Pablo Pastori (Chevrolet Onix), Joaqu\u00edn Cafaro (Toyota Etios) y Alejo Cravero (Toyota Etios) completaron los cinco mejores tiempos.<\/p>\n<p>Marcos Fern\u00e1ndez (Nissan March) ocup\u00f3 el puesto 22 a 1,269 del l\u00edder. Aaron Fern\u00e1ndez (Nissan March), por su parte, se ubic\u00f3 en el puesto 26 a 1,629, un registro m\u00e1s que positivo sabiendo que no ten\u00eda contacto con el auto desde octubre del 2024.<\/p>\n<p><img loading=\"lazy\" decoding=\"async\" class=\"alignnone size-full wp-image-26188\" src=\"https:\/\/deportesanluis.com.ar\/wp-content\/uploads\/2025\/03\/MarcosFernandez-TN2025-Cabalen-1.jpg\" alt=\"\" width=\"800\" height=\"500\" srcset=\"https:\/\/deportesanluis.com.ar\/wp-content\/uploads\/2025\/03\/MarcosFernandez-TN2025-Cabalen-1.jpg 800w, https:\/\/deportesanluis.com.ar\/wp-content\/uploads\/2025\/03\/MarcosFernandez-TN2025-Cabalen-1-300x188.jpg 300w, https:\/\/deportesanluis.com.ar\/wp-content\/uploads\/2025\/03\/MarcosFernandez-TN2025-Cabalen-1-768x480.jpg 768w, https:\/\/deportesanluis.com.ar\/wp-content\/uploads\/2025\/03\/MarcosFernandez-TN2025-Cabalen-1-672x420.jpg 672w, https:\/\/deportesanluis.com.ar\/wp-content\/uploads\/2025\/03\/MarcosFernandez-TN2025-Cabalen-1-150x94.jpg 150w, https:\/\/deportesanluis.com.ar\/wp-content\/uploads\/2025\/03\/MarcosFernandez-TN2025-Cabalen-1-696x435.jpg 696w\" sizes=\"auto, (max-width: 800px) 100vw, 800px\" \/><\/p>\n<p>Este s\u00e1bado se realizar\u00e1 una segunda tanda de Clasificaci\u00f3n y por la tarde llegar\u00e1 el momento de las Series. El domingo, desde las 12:30hs. se disputar\u00e1 la Final.<\/p>\n<hr \/>\n<p><strong>Nota:<\/strong> Redacci\u00f3n\u00a0 <strong>Fotos:<\/strong> APAT<\/p>\n","protected":false},"excerpt":{"rendered":"<p>Marcos y Aaron Fern\u00e1ndez cumplieron la primera tanda de clasificaci\u00f3n en Alta Gracia. Ambos se ubicaron a un segundo infracci\u00f3n de Francisco Coltrinari. Este s\u00e1bado se disputan las series de la Clase 2.\u00a0<\/p>\n","protected":false},"author":1,"featured_media":26186,"comment_status":"closed","ping_status":"closed","sticky":false,"template":"","format":"standard","meta":{"footnotes":""},"categories":[75,51,127],"tags":[128],"class_list":{"0":"post-26185","1":"post","2":"type-post","3":"status-publish","4":"format-standard","5":"has-post-thumbnail","7":"category-75","8":"category-motores","9":"category-tn","10":"tag-tn"},"yoast_head":"<!-- This site is optimized with the Yoast SEO plugin v27.4 - https:\/\/yoast.com\/product\/yoast-seo-wordpress\/ -->\n<title>Buen ritmo para los Fern\u00e1ndez - DSL<\/title>\n<meta name=\"description\" content=\"Marcos y Aaron Fern\u00e1ndez cumplieron la primera tanda de clasificaci\u00f3n en Alta Gracia. Ambos se ubicaron a un segundo infracci\u00f3n de Francisco Coltrinari. Este s\u00e1bado se disputan las series de la Clase 2.\u00a0\" \/>\n<meta name=\"robots\" content=\"index, follow, max-snippet:-1, max-image-preview:large, max-video-preview:-1\" \/>\n<link rel=\"canonical\" href=\"https:\/\/deportesanluis.com.ar\/buen-ritmo-para-los-fernandez\/\" \/>\n<meta property=\"og:locale\" content=\"es_ES\" \/>\n<meta property=\"og:type\" content=\"article\" \/>\n<meta property=\"og:title\" content=\"Buen ritmo para los Fern\u00e1ndez - DSL\" \/>\n<meta property=\"og:description\" content=\"Marcos y Aaron Fern\u00e1ndez cumplieron la primera tanda de clasificaci\u00f3n en Alta Gracia. Ambos se ubicaron a un segundo infracci\u00f3n de Francisco Coltrinari. Este s\u00e1bado se disputan las series de la Clase 2.\u00a0\" \/>\n<meta property=\"og:url\" content=\"https:\/\/deportesanluis.com.ar\/buen-ritmo-para-los-fernandez\/\" \/>\n<meta property=\"og:site_name\" content=\"DSL\" \/>\n<meta property=\"article:publisher\" content=\"https:\/\/www.facebook.com\/DSLDeporteSanLuis\" \/>\n<meta property=\"article:published_time\" content=\"2025-03-15T13:58:58+00:00\" \/>\n<meta property=\"article:modified_time\" content=\"2025-03-16T14:31:39+00:00\" \/>\n<meta property=\"og:image\" content=\"https:\/\/deportesanluis.com.ar\/wp-content\/uploads\/2025\/03\/Aaron-Fernandez-TN2025-Cabalen-1.jpg\" \/>\n\t<meta property=\"og:image:width\" content=\"800\" \/>\n\t<meta property=\"og:image:height\" content=\"500\" \/>\n\t<meta property=\"og:image:type\" content=\"image\/jpeg\" \/>\n<meta name=\"author\" content=\"admin\" \/>\n<meta name=\"twitter:card\" content=\"summary_large_image\" \/>\n<meta name=\"twitter:creator\" content=\"@deportesanluis\" \/>\n<meta name=\"twitter:site\" content=\"@deportesanluis\" \/>\n<meta name=\"twitter:label1\" content=\"Escrito por\" \/>\n\t<meta name=\"twitter:data1\" content=\"admin\" \/>\n\t<meta name=\"twitter:label2\" content=\"Tiempo de lectura\" \/>\n\t<meta name=\"twitter:data2\" content=\"2 minutos\" \/>\n<script type=\"application\/ld+json\" class=\"yoast-schema-graph\">{\"@context\":\"https:\\\/\\\/schema.org\",\"@graph\":[{\"@type\":\"Article\",\"@id\":\"https:\\\/\\\/deportesanluis.com.ar\\\/buen-ritmo-para-los-fernandez\\\/#article\",\"isPartOf\":{\"@id\":\"https:\\\/\\\/deportesanluis.com.ar\\\/buen-ritmo-para-los-fernandez\\\/\"},\"author\":{\"name\":\"admin\",\"@id\":\"https:\\\/\\\/deportesanluis.com.ar\\\/#\\\/schema\\\/person\\\/4b3e665481e93d271fced43ee48143c8\"},\"headline\":\"Buen ritmo para los Fern\u00e1ndez\",\"datePublished\":\"2025-03-15T13:58:58+00:00\",\"dateModified\":\"2025-03-16T14:31:39+00:00\",\"mainEntityOfPage\":{\"@id\":\"https:\\\/\\\/deportesanluis.com.ar\\\/buen-ritmo-para-los-fernandez\\\/\"},\"wordCount\":187,\"publisher\":{\"@id\":\"https:\\\/\\\/deportesanluis.com.ar\\\/#organization\"},\"image\":{\"@id\":\"https:\\\/\\\/deportesanluis.com.ar\\\/buen-ritmo-para-los-fernandez\\\/#primaryimage\"},\"thumbnailUrl\":\"https:\\\/\\\/deportesanluis.com.ar\\\/wp-content\\\/uploads\\\/2025\\\/03\\\/Aaron-Fernandez-TN2025-Cabalen-1.jpg\",\"keywords\":[\"TN\"],\"articleSection\":[\"15\",\"Motores\",\"TN\"],\"inLanguage\":\"es-AR\"},{\"@type\":\"WebPage\",\"@id\":\"https:\\\/\\\/deportesanluis.com.ar\\\/buen-ritmo-para-los-fernandez\\\/\",\"url\":\"https:\\\/\\\/deportesanluis.com.ar\\\/buen-ritmo-para-los-fernandez\\\/\",\"name\":\"Buen ritmo para los Fern\u00e1ndez - DSL\",\"isPartOf\":{\"@id\":\"https:\\\/\\\/deportesanluis.com.ar\\\/#website\"},\"primaryImageOfPage\":{\"@id\":\"https:\\\/\\\/deportesanluis.com.ar\\\/buen-ritmo-para-los-fernandez\\\/#primaryimage\"},\"image\":{\"@id\":\"https:\\\/\\\/deportesanluis.com.ar\\\/buen-ritmo-para-los-fernandez\\\/#primaryimage\"},\"thumbnailUrl\":\"https:\\\/\\\/deportesanluis.com.ar\\\/wp-content\\\/uploads\\\/2025\\\/03\\\/Aaron-Fernandez-TN2025-Cabalen-1.jpg\",\"datePublished\":\"2025-03-15T13:58:58+00:00\",\"dateModified\":\"2025-03-16T14:31:39+00:00\",\"description\":\"Marcos y Aaron Fern\u00e1ndez cumplieron la primera tanda de clasificaci\u00f3n en Alta Gracia. Ambos se ubicaron a un segundo infracci\u00f3n de Francisco Coltrinari. Este s\u00e1bado se disputan las series de la Clase 2.\u00a0\",\"breadcrumb\":{\"@id\":\"https:\\\/\\\/deportesanluis.com.ar\\\/buen-ritmo-para-los-fernandez\\\/#breadcrumb\"},\"inLanguage\":\"es-AR\",\"potentialAction\":[{\"@type\":\"ReadAction\",\"target\":[\"https:\\\/\\\/deportesanluis.com.ar\\\/buen-ritmo-para-los-fernandez\\\/\"]}]},{\"@type\":\"ImageObject\",\"inLanguage\":\"es-AR\",\"@id\":\"https:\\\/\\\/deportesanluis.com.ar\\\/buen-ritmo-para-los-fernandez\\\/#primaryimage\",\"url\":\"https:\\\/\\\/deportesanluis.com.ar\\\/wp-content\\\/uploads\\\/2025\\\/03\\\/Aaron-Fernandez-TN2025-Cabalen-1.jpg\",\"contentUrl\":\"https:\\\/\\\/deportesanluis.com.ar\\\/wp-content\\\/uploads\\\/2025\\\/03\\\/Aaron-Fernandez-TN2025-Cabalen-1.jpg\",\"width\":800,\"height\":500},{\"@type\":\"BreadcrumbList\",\"@id\":\"https:\\\/\\\/deportesanluis.com.ar\\\/buen-ritmo-para-los-fernandez\\\/#breadcrumb\",\"itemListElement\":[{\"@type\":\"ListItem\",\"position\":1,\"name\":\"Home\",\"item\":\"https:\\\/\\\/deportesanluis.com.ar\\\/\"},{\"@type\":\"ListItem\",\"position\":2,\"name\":\"Buen ritmo para los Fern\u00e1ndez\"}]},{\"@type\":\"WebSite\",\"@id\":\"https:\\\/\\\/deportesanluis.com.ar\\\/#website\",\"url\":\"https:\\\/\\\/deportesanluis.com.ar\\\/\",\"name\":\"deportesanluis.com.ar\",\"description\":\"Noticias de Deporte de San Luis\",\"publisher\":{\"@id\":\"https:\\\/\\\/deportesanluis.com.ar\\\/#organization\"},\"alternateName\":\"Deporte SL\",\"potentialAction\":[{\"@type\":\"SearchAction\",\"target\":{\"@type\":\"EntryPoint\",\"urlTemplate\":\"https:\\\/\\\/deportesanluis.com.ar\\\/?s={search_term_string}\"},\"query-input\":{\"@type\":\"PropertyValueSpecification\",\"valueRequired\":true,\"valueName\":\"search_term_string\"}}],\"inLanguage\":\"es-AR\"},{\"@type\":\"Organization\",\"@id\":\"https:\\\/\\\/deportesanluis.com.ar\\\/#organization\",\"name\":\"DSL\",\"alternateName\":\"Deporte SL\",\"url\":\"https:\\\/\\\/deportesanluis.com.ar\\\/\",\"logo\":{\"@type\":\"ImageObject\",\"inLanguage\":\"es-AR\",\"@id\":\"https:\\\/\\\/deportesanluis.com.ar\\\/#\\\/schema\\\/logo\\\/image\\\/\",\"url\":\"https:\\\/\\\/deportesanluis.com.ar\\\/wp-content\\\/uploads\\\/2023\\\/06\\\/DSL-Logo-2023-5.jpg\",\"contentUrl\":\"https:\\\/\\\/deportesanluis.com.ar\\\/wp-content\\\/uploads\\\/2023\\\/06\\\/DSL-Logo-2023-5.jpg\",\"width\":1718,\"height\":845,\"caption\":\"DSL\"},\"image\":{\"@id\":\"https:\\\/\\\/deportesanluis.com.ar\\\/#\\\/schema\\\/logo\\\/image\\\/\"},\"sameAs\":[\"https:\\\/\\\/www.facebook.com\\\/DSLDeporteSanLuis\",\"https:\\\/\\\/x.com\\\/deportesanluis\",\"https:\\\/\\\/www.instagram.com\\\/dsl_deportesanluis\\\/\"]},{\"@type\":\"Person\",\"@id\":\"https:\\\/\\\/deportesanluis.com.ar\\\/#\\\/schema\\\/person\\\/4b3e665481e93d271fced43ee48143c8\",\"name\":\"admin\",\"image\":{\"@type\":\"ImageObject\",\"inLanguage\":\"es-AR\",\"@id\":\"https:\\\/\\\/secure.gravatar.com\\\/avatar\\\/5424b2c21466f502587708c43dbe2dc47b5e643fec67835095677cd3af6ba546?s=96&d=mm&r=g\",\"url\":\"https:\\\/\\\/secure.gravatar.com\\\/avatar\\\/5424b2c21466f502587708c43dbe2dc47b5e643fec67835095677cd3af6ba546?s=96&d=mm&r=g\",\"contentUrl\":\"https:\\\/\\\/secure.gravatar.com\\\/avatar\\\/5424b2c21466f502587708c43dbe2dc47b5e643fec67835095677cd3af6ba546?s=96&d=mm&r=g\",\"caption\":\"admin\"},\"sameAs\":[\"https:\\\/\\\/deportesanluis.com.ar\"],\"url\":\"https:\\\/\\\/deportesanluis.com.ar\\\/author\\\/admin\\\/\"}]}<\/script>\n<!-- \/ Yoast SEO plugin. -->","yoast_head_json":{"title":"Buen ritmo para los Fern\u00e1ndez - DSL","description":"Marcos y Aaron Fern\u00e1ndez cumplieron la primera tanda de clasificaci\u00f3n en Alta Gracia. Ambos se ubicaron a un segundo infracci\u00f3n de Francisco Coltrinari. Este s\u00e1bado se disputan las series de la Clase 2.\u00a0","robots":{"index":"index","follow":"follow","max-snippet":"max-snippet:-1","max-image-preview":"max-image-preview:large","max-video-preview":"max-video-preview:-1"},"canonical":"https:\/\/deportesanluis.com.ar\/buen-ritmo-para-los-fernandez\/","og_locale":"es_ES","og_type":"article","og_title":"Buen ritmo para los Fern\u00e1ndez - DSL","og_description":"Marcos y Aaron Fern\u00e1ndez cumplieron la primera tanda de clasificaci\u00f3n en Alta Gracia. Ambos se ubicaron a un segundo infracci\u00f3n de Francisco Coltrinari. Este s\u00e1bado se disputan las series de la Clase 2.\u00a0","og_url":"https:\/\/deportesanluis.com.ar\/buen-ritmo-para-los-fernandez\/","og_site_name":"DSL","article_publisher":"https:\/\/www.facebook.com\/DSLDeporteSanLuis","article_published_time":"2025-03-15T13:58:58+00:00","article_modified_time":"2025-03-16T14:31:39+00:00","og_image":[{"width":800,"height":500,"url":"https:\/\/deportesanluis.com.ar\/wp-content\/uploads\/2025\/03\/Aaron-Fernandez-TN2025-Cabalen-1.jpg","type":"image\/jpeg"}],"author":"admin","twitter_card":"summary_large_image","twitter_creator":"@deportesanluis","twitter_site":"@deportesanluis","twitter_misc":{"Escrito por":"admin","Tiempo de lectura":"2 minutos"},"schema":{"@context":"https:\/\/schema.org","@graph":[{"@type":"Article","@id":"https:\/\/deportesanluis.com.ar\/buen-ritmo-para-los-fernandez\/#article","isPartOf":{"@id":"https:\/\/deportesanluis.com.ar\/buen-ritmo-para-los-fernandez\/"},"author":{"name":"admin","@id":"https:\/\/deportesanluis.com.ar\/#\/schema\/person\/4b3e665481e93d271fced43ee48143c8"},"headline":"Buen ritmo para los Fern\u00e1ndez","datePublished":"2025-03-15T13:58:58+00:00","dateModified":"2025-03-16T14:31:39+00:00","mainEntityOfPage":{"@id":"https:\/\/deportesanluis.com.ar\/buen-ritmo-para-los-fernandez\/"},"wordCount":187,"publisher":{"@id":"https:\/\/deportesanluis.com.ar\/#organization"},"image":{"@id":"https:\/\/deportesanluis.com.ar\/buen-ritmo-para-los-fernandez\/#primaryimage"},"thumbnailUrl":"https:\/\/deportesanluis.com.ar\/wp-content\/uploads\/2025\/03\/Aaron-Fernandez-TN2025-Cabalen-1.jpg","keywords":["TN"],"articleSection":["15","Motores","TN"],"inLanguage":"es-AR"},{"@type":"WebPage","@id":"https:\/\/deportesanluis.com.ar\/buen-ritmo-para-los-fernandez\/","url":"https:\/\/deportesanluis.com.ar\/buen-ritmo-para-los-fernandez\/","name":"Buen ritmo para los Fern\u00e1ndez - DSL","isPartOf":{"@id":"https:\/\/deportesanluis.com.ar\/#website"},"primaryImageOfPage":{"@id":"https:\/\/deportesanluis.com.ar\/buen-ritmo-para-los-fernandez\/#primaryimage"},"image":{"@id":"https:\/\/deportesanluis.com.ar\/buen-ritmo-para-los-fernandez\/#primaryimage"},"thumbnailUrl":"https:\/\/deportesanluis.com.ar\/wp-content\/uploads\/2025\/03\/Aaron-Fernandez-TN2025-Cabalen-1.jpg","datePublished":"2025-03-15T13:58:58+00:00","dateModified":"2025-03-16T14:31:39+00:00","description":"Marcos y Aaron Fern\u00e1ndez cumplieron la primera tanda de clasificaci\u00f3n en Alta Gracia. Ambos se ubicaron a un segundo infracci\u00f3n de Francisco Coltrinari. Este s\u00e1bado se disputan las series de la Clase 2.\u00a0","breadcrumb":{"@id":"https:\/\/deportesanluis.com.ar\/buen-ritmo-para-los-fernandez\/#breadcrumb"},"inLanguage":"es-AR","potentialAction":[{"@type":"ReadAction","target":["https:\/\/deportesanluis.com.ar\/buen-ritmo-para-los-fernandez\/"]}]},{"@type":"ImageObject","inLanguage":"es-AR","@id":"https:\/\/deportesanluis.com.ar\/buen-ritmo-para-los-fernandez\/#primaryimage","url":"https:\/\/deportesanluis.com.ar\/wp-content\/uploads\/2025\/03\/Aaron-Fernandez-TN2025-Cabalen-1.jpg","contentUrl":"https:\/\/deportesanluis.com.ar\/wp-content\/uploads\/2025\/03\/Aaron-Fernandez-TN2025-Cabalen-1.jpg","width":800,"height":500},{"@type":"BreadcrumbList","@id":"https:\/\/deportesanluis.com.ar\/buen-ritmo-para-los-fernandez\/#breadcrumb","itemListElement":[{"@type":"ListItem","position":1,"name":"Home","item":"https:\/\/deportesanluis.com.ar\/"},{"@type":"ListItem","position":2,"name":"Buen ritmo para los Fern\u00e1ndez"}]},{"@type":"WebSite","@id":"https:\/\/deportesanluis.com.ar\/#website","url":"https:\/\/deportesanluis.com.ar\/","name":"deportesanluis.com.ar","description":"Noticias de Deporte de San Luis","publisher":{"@id":"https:\/\/deportesanluis.com.ar\/#organization"},"alternateName":"Deporte SL","potentialAction":[{"@type":"SearchAction","target":{"@type":"EntryPoint","urlTemplate":"https:\/\/deportesanluis.com.ar\/?s={search_term_string}"},"query-input":{"@type":"PropertyValueSpecification","valueRequired":true,"valueName":"search_term_string"}}],"inLanguage":"es-AR"},{"@type":"Organization","@id":"https:\/\/deportesanluis.com.ar\/#organization","name":"DSL","alternateName":"Deporte SL","url":"https:\/\/deportesanluis.com.ar\/","logo":{"@type":"ImageObject","inLanguage":"es-AR","@id":"https:\/\/deportesanluis.com.ar\/#\/schema\/logo\/image\/","url":"https:\/\/deportesanluis.com.ar\/wp-content\/uploads\/2023\/06\/DSL-Logo-2023-5.jpg","contentUrl":"https:\/\/deportesanluis.com.ar\/wp-content\/uploads\/2023\/06\/DSL-Logo-2023-5.jpg","width":1718,"height":845,"caption":"DSL"},"image":{"@id":"https:\/\/deportesanluis.com.ar\/#\/schema\/logo\/image\/"},"sameAs":["https:\/\/www.facebook.com\/DSLDeporteSanLuis","https:\/\/x.com\/deportesanluis","https:\/\/www.instagram.com\/dsl_deportesanluis\/"]},{"@type":"Person","@id":"https:\/\/deportesanluis.com.ar\/#\/schema\/person\/4b3e665481e93d271fced43ee48143c8","name":"admin","image":{"@type":"ImageObject","inLanguage":"es-AR","@id":"https:\/\/secure.gravatar.com\/avatar\/5424b2c21466f502587708c43dbe2dc47b5e643fec67835095677cd3af6ba546?s=96&d=mm&r=g","url":"https:\/\/secure.gravatar.com\/avatar\/5424b2c21466f502587708c43dbe2dc47b5e643fec67835095677cd3af6ba546?s=96&d=mm&r=g","contentUrl":"https:\/\/secure.gravatar.com\/avatar\/5424b2c21466f502587708c43dbe2dc47b5e643fec67835095677cd3af6ba546?s=96&d=mm&r=g","caption":"admin"},"sameAs":["https:\/\/deportesanluis.com.ar"],"url":"https:\/\/deportesanluis.com.ar\/author\/admin\/"}]}},"_links":{"self":[{"href":"https:\/\/deportesanluis.com.ar\/wp-json\/wp\/v2\/posts\/26185","targetHints":{"allow":["GET"]}}],"collection":[{"href":"https:\/\/deportesanluis.com.ar\/wp-json\/wp\/v2\/posts"}],"about":[{"href":"https:\/\/deportesanluis.com.ar\/wp-json\/wp\/v2\/types\/post"}],"author":[{"embeddable":true,"href":"https:\/\/deportesanluis.com.ar\/wp-json\/wp\/v2\/users\/1"}],"replies":[{"embeddable":true,"href":"https:\/\/deportesanluis.com.ar\/wp-json\/wp\/v2\/comments?post=26185"}],"version-history":[{"count":0,"href":"https:\/\/deportesanluis.com.ar\/wp-json\/wp\/v2\/posts\/26185\/revisions"}],"wp:featuredmedia":[{"embeddable":true,"href":"https:\/\/deportesanluis.com.ar\/wp-json\/wp\/v2\/media\/26186"}],"wp:attachment":[{"href":"https:\/\/deportesanluis.com.ar\/wp-json\/wp\/v2\/media?parent=26185"}],"wp:term":[{"taxonomy":"category","embeddable":true,"href":"https:\/\/deportesanluis.com.ar\/wp-json\/wp\/v2\/categories?post=26185"},{"taxonomy":"post_tag","embeddable":true,"href":"https:\/\/deportesanluis.com.ar\/wp-json\/wp\/v2\/tags?post=26185"}],"curies":[{"name":"wp","href":"https:\/\/api.w.org\/{rel}","templated":true}]}}