{"id":26236,"date":"2025-03-17T09:46:36","date_gmt":"2025-03-17T12:46:36","guid":{"rendered":"https:\/\/deportesanluis.com.ar\/?p=26236"},"modified":"2025-04-02T13:25:51","modified_gmt":"2025-04-02T16:25:51","slug":"positivo-fin-de-semana-para-los-fernandez","status":"publish","type":"post","link":"https:\/\/deportesanluis.com.ar\/positivo-fin-de-semana-para-los-fernandez\/","title":{"rendered":"Positivo fin de semana para los Fern\u00e1ndez"},"content":{"rendered":"<p>Este fin de semana se disput\u00f3 la Fecha 2 del Turismo Nacional. Fue en el Aut\u00f3dromo Oscar Cabal\u00e9n de Alta Gracia y con saldo positivo para los puntanos Marcos y Aaron Fern\u00e1ndez.<\/p>\n<p>A bordo de sendos Nissan Marcha que alista el JF Racing, los puntanos cumplieron con una clara regularidad en los ensayos, Qualy y Series de la Clase 2.<\/p>\n<p>Marcos, que se vio involucrado en un toque por parte de Ramiro Cano (Toyota Yaris) pudo completar la prueba en el puesto 15 mientras que Aaron, que regresaba a la actividad, no desenton\u00f3 y cruz\u00f3 la meta en el puesto 27.<\/p>\n<p><img loading=\"lazy\" decoding=\"async\" class=\"alignnone size-full wp-image-26223\" src=\"https:\/\/deportesanluis.com.ar\/wp-content\/uploads\/2025\/03\/MarcosFernandez-TN2025-Cabalen-2.jpg\" alt=\"\" width=\"800\" height=\"500\" srcset=\"https:\/\/deportesanluis.com.ar\/wp-content\/uploads\/2025\/03\/MarcosFernandez-TN2025-Cabalen-2.jpg 800w, https:\/\/deportesanluis.com.ar\/wp-content\/uploads\/2025\/03\/MarcosFernandez-TN2025-Cabalen-2-300x188.jpg 300w, https:\/\/deportesanluis.com.ar\/wp-content\/uploads\/2025\/03\/MarcosFernandez-TN2025-Cabalen-2-768x480.jpg 768w, https:\/\/deportesanluis.com.ar\/wp-content\/uploads\/2025\/03\/MarcosFernandez-TN2025-Cabalen-2-672x420.jpg 672w, https:\/\/deportesanluis.com.ar\/wp-content\/uploads\/2025\/03\/MarcosFernandez-TN2025-Cabalen-2-150x94.jpg 150w, https:\/\/deportesanluis.com.ar\/wp-content\/uploads\/2025\/03\/MarcosFernandez-TN2025-Cabalen-2-696x435.jpg 696w\" sizes=\"auto, (max-width: 800px) 100vw, 800px\" \/><\/p>\n<p>La victoria fue para Joaqu\u00edn Cafaro (Toyota Etios) seguido por Juan Pablo Pastori (Chevrolet Onix), Alejo Cravero (Toyota Etios), Nicol\u00e1s Posco (Ford Fiesta) y Juan Mart\u00edn Eluchans (Toyota Yaris).<\/p>\n<p><img loading=\"lazy\" decoding=\"async\" class=\"alignnone size-full wp-image-26238\" src=\"https:\/\/deportesanluis.com.ar\/wp-content\/uploads\/2025\/03\/Cafaro-Cabalen-TN25-01.jpg\" alt=\"\" width=\"800\" height=\"500\" srcset=\"https:\/\/deportesanluis.com.ar\/wp-content\/uploads\/2025\/03\/Cafaro-Cabalen-TN25-01.jpg 800w, https:\/\/deportesanluis.com.ar\/wp-content\/uploads\/2025\/03\/Cafaro-Cabalen-TN25-01-300x188.jpg 300w, https:\/\/deportesanluis.com.ar\/wp-content\/uploads\/2025\/03\/Cafaro-Cabalen-TN25-01-768x480.jpg 768w, https:\/\/deportesanluis.com.ar\/wp-content\/uploads\/2025\/03\/Cafaro-Cabalen-TN25-01-672x420.jpg 672w, https:\/\/deportesanluis.com.ar\/wp-content\/uploads\/2025\/03\/Cafaro-Cabalen-TN25-01-150x94.jpg 150w, https:\/\/deportesanluis.com.ar\/wp-content\/uploads\/2025\/03\/Cafaro-Cabalen-TN25-01-696x435.jpg 696w\" sizes=\"auto, (max-width: 800px) 100vw, 800px\" \/><\/p>\n<p>La Clase 3 fue para Manuel Mallo (Chevrolet Cruze) seguido por Jorge Barrio (Chevrolet Cruze), Facundo Chapur (Citr\u00f6en C-Elysee), Juli\u00e1n Santero (Toyota Corolla) y Mat\u00edas Mu\u00f1oz Marchesi (Ford Focus).<\/p>\n<p><img loading=\"lazy\" decoding=\"async\" class=\"alignnone size-full wp-image-26239\" src=\"https:\/\/deportesanluis.com.ar\/wp-content\/uploads\/2025\/03\/Mallo-Cabalen-TN25-01.jpg\" alt=\"\" width=\"800\" height=\"500\" srcset=\"https:\/\/deportesanluis.com.ar\/wp-content\/uploads\/2025\/03\/Mallo-Cabalen-TN25-01.jpg 800w, https:\/\/deportesanluis.com.ar\/wp-content\/uploads\/2025\/03\/Mallo-Cabalen-TN25-01-300x188.jpg 300w, https:\/\/deportesanluis.com.ar\/wp-content\/uploads\/2025\/03\/Mallo-Cabalen-TN25-01-768x480.jpg 768w, https:\/\/deportesanluis.com.ar\/wp-content\/uploads\/2025\/03\/Mallo-Cabalen-TN25-01-672x420.jpg 672w, https:\/\/deportesanluis.com.ar\/wp-content\/uploads\/2025\/03\/Mallo-Cabalen-TN25-01-150x94.jpg 150w, https:\/\/deportesanluis.com.ar\/wp-content\/uploads\/2025\/03\/Mallo-Cabalen-TN25-01-696x435.jpg 696w\" sizes=\"auto, (max-width: 800px) 100vw, 800px\" \/><\/p>\n<p>La nota la dio el duro golpe que sufri\u00f3 Bastidas (Toyota Corolla) con vuelco incluido en el ingreso a la recta principal.<\/p>\n<p>Con estos resultados, la Clase 2 tiene como l\u00edder a Cafaro con 66 unidades. Lo escoltan Bautista Damiani con 46 y Posco con 45. Marcos Fern\u00e1ndez suma 22 y se ubica en el puesto 14. Aaron, por su parte, sum\u00f3 sus primeros 3 puntos y se ubica en el lugar 35.<\/p>\n<p>La Clase 3 tiene como puntero a Chapur con 61. Lo siguen Alfonso Domenech con 55, Santero con 54 y Jos\u00e9 Manuel Urcera con 53.<\/p>\n<p>La pr\u00f3xima cita, tercera de la temporada, ser\u00e1 del 4 al 6 de abril en el Aut\u00f3dromo Ciudad de Concordia, Entre R\u00edos.<\/p>\n<hr \/>\n<p><strong>Nota:<\/strong> Redacci\u00f3n\u00a0 \u00a0<strong>Fotos:<\/strong> APAT<\/p>\n","protected":false},"excerpt":{"rendered":"<p>Fue en el Cabal\u00e9n de Alta Gracia con Marcos y Aaron cruzando la l\u00ednea de meta y sumando puntos para el campeonato. Cafaro en la Clase 2 y Mallo en la Clase 3 fueron los ganadores. La pr\u00f3xima cita ser\u00e1 en Concordia.<\/p>\n","protected":false},"author":1,"featured_media":26237,"comment_status":"closed","ping_status":"closed","sticky":false,"template":"","format":"standard","meta":{"footnotes":""},"categories":[75,51,127],"tags":[128],"class_list":{"0":"post-26236","1":"post","2":"type-post","3":"status-publish","4":"format-standard","5":"has-post-thumbnail","7":"category-75","8":"category-motores","9":"category-tn","10":"tag-tn"},"yoast_head":"<!-- This site is optimized with the Yoast SEO plugin v27.4 - https:\/\/yoast.com\/product\/yoast-seo-wordpress\/ -->\n<title>Positivo fin de semana para los Fern\u00e1ndez - DSL<\/title>\n<meta name=\"description\" content=\"Fue en el Cabal\u00e9n de Alta Gracia con Marcos y Aaron cruzando la l\u00ednea de meta y sumando puntos para el campeonato. Cafaro en la Clase 2 y Mallo en la Clase 3 fueron los ganadores. La pr\u00f3xima cita ser\u00e1 en Concordia.\" \/>\n<meta name=\"robots\" content=\"index, follow, max-snippet:-1, max-image-preview:large, max-video-preview:-1\" \/>\n<link rel=\"canonical\" href=\"https:\/\/deportesanluis.com.ar\/positivo-fin-de-semana-para-los-fernandez\/\" \/>\n<meta property=\"og:locale\" content=\"es_ES\" \/>\n<meta property=\"og:type\" content=\"article\" \/>\n<meta property=\"og:title\" content=\"Positivo fin de semana para los Fern\u00e1ndez - DSL\" \/>\n<meta property=\"og:description\" content=\"Fue en el Cabal\u00e9n de Alta Gracia con Marcos y Aaron cruzando la l\u00ednea de meta y sumando puntos para el campeonato. Cafaro en la Clase 2 y Mallo en la Clase 3 fueron los ganadores. La pr\u00f3xima cita ser\u00e1 en Concordia.\" \/>\n<meta property=\"og:url\" content=\"https:\/\/deportesanluis.com.ar\/positivo-fin-de-semana-para-los-fernandez\/\" \/>\n<meta property=\"og:site_name\" content=\"DSL\" \/>\n<meta property=\"article:publisher\" content=\"https:\/\/www.facebook.com\/DSLDeporteSanLuis\" \/>\n<meta property=\"article:published_time\" content=\"2025-03-17T12:46:36+00:00\" \/>\n<meta property=\"article:modified_time\" content=\"2025-04-02T16:25:51+00:00\" \/>\n<meta property=\"og:image\" content=\"https:\/\/deportesanluis.com.ar\/wp-content\/uploads\/2025\/03\/Aaron-Fernandez-TN2025-Cabalen-3.jpg\" \/>\n\t<meta property=\"og:image:width\" content=\"800\" \/>\n\t<meta property=\"og:image:height\" content=\"500\" \/>\n\t<meta property=\"og:image:type\" content=\"image\/jpeg\" \/>\n<meta name=\"author\" content=\"admin\" \/>\n<meta name=\"twitter:card\" content=\"summary_large_image\" \/>\n<meta name=\"twitter:creator\" content=\"@deportesanluis\" \/>\n<meta name=\"twitter:site\" content=\"@deportesanluis\" \/>\n<meta name=\"twitter:label1\" content=\"Escrito por\" \/>\n\t<meta name=\"twitter:data1\" content=\"admin\" \/>\n\t<meta name=\"twitter:label2\" content=\"Tiempo de lectura\" \/>\n\t<meta name=\"twitter:data2\" content=\"3 minutos\" \/>\n<script type=\"application\/ld+json\" class=\"yoast-schema-graph\">{\"@context\":\"https:\\\/\\\/schema.org\",\"@graph\":[{\"@type\":\"Article\",\"@id\":\"https:\\\/\\\/deportesanluis.com.ar\\\/positivo-fin-de-semana-para-los-fernandez\\\/#article\",\"isPartOf\":{\"@id\":\"https:\\\/\\\/deportesanluis.com.ar\\\/positivo-fin-de-semana-para-los-fernandez\\\/\"},\"author\":{\"name\":\"admin\",\"@id\":\"https:\\\/\\\/deportesanluis.com.ar\\\/#\\\/schema\\\/person\\\/4b3e665481e93d271fced43ee48143c8\"},\"headline\":\"Positivo fin de semana para los Fern\u00e1ndez\",\"datePublished\":\"2025-03-17T12:46:36+00:00\",\"dateModified\":\"2025-04-02T16:25:51+00:00\",\"mainEntityOfPage\":{\"@id\":\"https:\\\/\\\/deportesanluis.com.ar\\\/positivo-fin-de-semana-para-los-fernandez\\\/\"},\"wordCount\":287,\"publisher\":{\"@id\":\"https:\\\/\\\/deportesanluis.com.ar\\\/#organization\"},\"image\":{\"@id\":\"https:\\\/\\\/deportesanluis.com.ar\\\/positivo-fin-de-semana-para-los-fernandez\\\/#primaryimage\"},\"thumbnailUrl\":\"https:\\\/\\\/deportesanluis.com.ar\\\/wp-content\\\/uploads\\\/2025\\\/03\\\/Aaron-Fernandez-TN2025-Cabalen-3.jpg\",\"keywords\":[\"TN\"],\"articleSection\":[\"15\",\"Motores\",\"TN\"],\"inLanguage\":\"es-AR\"},{\"@type\":\"WebPage\",\"@id\":\"https:\\\/\\\/deportesanluis.com.ar\\\/positivo-fin-de-semana-para-los-fernandez\\\/\",\"url\":\"https:\\\/\\\/deportesanluis.com.ar\\\/positivo-fin-de-semana-para-los-fernandez\\\/\",\"name\":\"Positivo fin de semana para los Fern\u00e1ndez - DSL\",\"isPartOf\":{\"@id\":\"https:\\\/\\\/deportesanluis.com.ar\\\/#website\"},\"primaryImageOfPage\":{\"@id\":\"https:\\\/\\\/deportesanluis.com.ar\\\/positivo-fin-de-semana-para-los-fernandez\\\/#primaryimage\"},\"image\":{\"@id\":\"https:\\\/\\\/deportesanluis.com.ar\\\/positivo-fin-de-semana-para-los-fernandez\\\/#primaryimage\"},\"thumbnailUrl\":\"https:\\\/\\\/deportesanluis.com.ar\\\/wp-content\\\/uploads\\\/2025\\\/03\\\/Aaron-Fernandez-TN2025-Cabalen-3.jpg\",\"datePublished\":\"2025-03-17T12:46:36+00:00\",\"dateModified\":\"2025-04-02T16:25:51+00:00\",\"description\":\"Fue en el Cabal\u00e9n de Alta Gracia con Marcos y Aaron cruzando la l\u00ednea de meta y sumando puntos para el campeonato. Cafaro en la Clase 2 y Mallo en la Clase 3 fueron los ganadores. La pr\u00f3xima cita ser\u00e1 en Concordia.\",\"breadcrumb\":{\"@id\":\"https:\\\/\\\/deportesanluis.com.ar\\\/positivo-fin-de-semana-para-los-fernandez\\\/#breadcrumb\"},\"inLanguage\":\"es-AR\",\"potentialAction\":[{\"@type\":\"ReadAction\",\"target\":[\"https:\\\/\\\/deportesanluis.com.ar\\\/positivo-fin-de-semana-para-los-fernandez\\\/\"]}]},{\"@type\":\"ImageObject\",\"inLanguage\":\"es-AR\",\"@id\":\"https:\\\/\\\/deportesanluis.com.ar\\\/positivo-fin-de-semana-para-los-fernandez\\\/#primaryimage\",\"url\":\"https:\\\/\\\/deportesanluis.com.ar\\\/wp-content\\\/uploads\\\/2025\\\/03\\\/Aaron-Fernandez-TN2025-Cabalen-3.jpg\",\"contentUrl\":\"https:\\\/\\\/deportesanluis.com.ar\\\/wp-content\\\/uploads\\\/2025\\\/03\\\/Aaron-Fernandez-TN2025-Cabalen-3.jpg\",\"width\":800,\"height\":500},{\"@type\":\"BreadcrumbList\",\"@id\":\"https:\\\/\\\/deportesanluis.com.ar\\\/positivo-fin-de-semana-para-los-fernandez\\\/#breadcrumb\",\"itemListElement\":[{\"@type\":\"ListItem\",\"position\":1,\"name\":\"Home\",\"item\":\"https:\\\/\\\/deportesanluis.com.ar\\\/\"},{\"@type\":\"ListItem\",\"position\":2,\"name\":\"Positivo fin de semana para los Fern\u00e1ndez\"}]},{\"@type\":\"WebSite\",\"@id\":\"https:\\\/\\\/deportesanluis.com.ar\\\/#website\",\"url\":\"https:\\\/\\\/deportesanluis.com.ar\\\/\",\"name\":\"deportesanluis.com.ar\",\"description\":\"Noticias de Deporte de San Luis\",\"publisher\":{\"@id\":\"https:\\\/\\\/deportesanluis.com.ar\\\/#organization\"},\"alternateName\":\"Deporte SL\",\"potentialAction\":[{\"@type\":\"SearchAction\",\"target\":{\"@type\":\"EntryPoint\",\"urlTemplate\":\"https:\\\/\\\/deportesanluis.com.ar\\\/?s={search_term_string}\"},\"query-input\":{\"@type\":\"PropertyValueSpecification\",\"valueRequired\":true,\"valueName\":\"search_term_string\"}}],\"inLanguage\":\"es-AR\"},{\"@type\":\"Organization\",\"@id\":\"https:\\\/\\\/deportesanluis.com.ar\\\/#organization\",\"name\":\"DSL\",\"alternateName\":\"Deporte SL\",\"url\":\"https:\\\/\\\/deportesanluis.com.ar\\\/\",\"logo\":{\"@type\":\"ImageObject\",\"inLanguage\":\"es-AR\",\"@id\":\"https:\\\/\\\/deportesanluis.com.ar\\\/#\\\/schema\\\/logo\\\/image\\\/\",\"url\":\"https:\\\/\\\/deportesanluis.com.ar\\\/wp-content\\\/uploads\\\/2023\\\/06\\\/DSL-Logo-2023-5.jpg\",\"contentUrl\":\"https:\\\/\\\/deportesanluis.com.ar\\\/wp-content\\\/uploads\\\/2023\\\/06\\\/DSL-Logo-2023-5.jpg\",\"width\":1718,\"height\":845,\"caption\":\"DSL\"},\"image\":{\"@id\":\"https:\\\/\\\/deportesanluis.com.ar\\\/#\\\/schema\\\/logo\\\/image\\\/\"},\"sameAs\":[\"https:\\\/\\\/www.facebook.com\\\/DSLDeporteSanLuis\",\"https:\\\/\\\/x.com\\\/deportesanluis\",\"https:\\\/\\\/www.instagram.com\\\/dsl_deportesanluis\\\/\"]},{\"@type\":\"Person\",\"@id\":\"https:\\\/\\\/deportesanluis.com.ar\\\/#\\\/schema\\\/person\\\/4b3e665481e93d271fced43ee48143c8\",\"name\":\"admin\",\"image\":{\"@type\":\"ImageObject\",\"inLanguage\":\"es-AR\",\"@id\":\"https:\\\/\\\/secure.gravatar.com\\\/avatar\\\/5424b2c21466f502587708c43dbe2dc47b5e643fec67835095677cd3af6ba546?s=96&d=mm&r=g\",\"url\":\"https:\\\/\\\/secure.gravatar.com\\\/avatar\\\/5424b2c21466f502587708c43dbe2dc47b5e643fec67835095677cd3af6ba546?s=96&d=mm&r=g\",\"contentUrl\":\"https:\\\/\\\/secure.gravatar.com\\\/avatar\\\/5424b2c21466f502587708c43dbe2dc47b5e643fec67835095677cd3af6ba546?s=96&d=mm&r=g\",\"caption\":\"admin\"},\"sameAs\":[\"https:\\\/\\\/deportesanluis.com.ar\"],\"url\":\"https:\\\/\\\/deportesanluis.com.ar\\\/author\\\/admin\\\/\"}]}<\/script>\n<!-- \/ Yoast SEO plugin. -->","yoast_head_json":{"title":"Positivo fin de semana para los Fern\u00e1ndez - DSL","description":"Fue en el Cabal\u00e9n de Alta Gracia con Marcos y Aaron cruzando la l\u00ednea de meta y sumando puntos para el campeonato. Cafaro en la Clase 2 y Mallo en la Clase 3 fueron los ganadores. La pr\u00f3xima cita ser\u00e1 en Concordia.","robots":{"index":"index","follow":"follow","max-snippet":"max-snippet:-1","max-image-preview":"max-image-preview:large","max-video-preview":"max-video-preview:-1"},"canonical":"https:\/\/deportesanluis.com.ar\/positivo-fin-de-semana-para-los-fernandez\/","og_locale":"es_ES","og_type":"article","og_title":"Positivo fin de semana para los Fern\u00e1ndez - DSL","og_description":"Fue en el Cabal\u00e9n de Alta Gracia con Marcos y Aaron cruzando la l\u00ednea de meta y sumando puntos para el campeonato. Cafaro en la Clase 2 y Mallo en la Clase 3 fueron los ganadores. La pr\u00f3xima cita ser\u00e1 en Concordia.","og_url":"https:\/\/deportesanluis.com.ar\/positivo-fin-de-semana-para-los-fernandez\/","og_site_name":"DSL","article_publisher":"https:\/\/www.facebook.com\/DSLDeporteSanLuis","article_published_time":"2025-03-17T12:46:36+00:00","article_modified_time":"2025-04-02T16:25:51+00:00","og_image":[{"width":800,"height":500,"url":"https:\/\/deportesanluis.com.ar\/wp-content\/uploads\/2025\/03\/Aaron-Fernandez-TN2025-Cabalen-3.jpg","type":"image\/jpeg"}],"author":"admin","twitter_card":"summary_large_image","twitter_creator":"@deportesanluis","twitter_site":"@deportesanluis","twitter_misc":{"Escrito por":"admin","Tiempo de lectura":"3 minutos"},"schema":{"@context":"https:\/\/schema.org","@graph":[{"@type":"Article","@id":"https:\/\/deportesanluis.com.ar\/positivo-fin-de-semana-para-los-fernandez\/#article","isPartOf":{"@id":"https:\/\/deportesanluis.com.ar\/positivo-fin-de-semana-para-los-fernandez\/"},"author":{"name":"admin","@id":"https:\/\/deportesanluis.com.ar\/#\/schema\/person\/4b3e665481e93d271fced43ee48143c8"},"headline":"Positivo fin de semana para los Fern\u00e1ndez","datePublished":"2025-03-17T12:46:36+00:00","dateModified":"2025-04-02T16:25:51+00:00","mainEntityOfPage":{"@id":"https:\/\/deportesanluis.com.ar\/positivo-fin-de-semana-para-los-fernandez\/"},"wordCount":287,"publisher":{"@id":"https:\/\/deportesanluis.com.ar\/#organization"},"image":{"@id":"https:\/\/deportesanluis.com.ar\/positivo-fin-de-semana-para-los-fernandez\/#primaryimage"},"thumbnailUrl":"https:\/\/deportesanluis.com.ar\/wp-content\/uploads\/2025\/03\/Aaron-Fernandez-TN2025-Cabalen-3.jpg","keywords":["TN"],"articleSection":["15","Motores","TN"],"inLanguage":"es-AR"},{"@type":"WebPage","@id":"https:\/\/deportesanluis.com.ar\/positivo-fin-de-semana-para-los-fernandez\/","url":"https:\/\/deportesanluis.com.ar\/positivo-fin-de-semana-para-los-fernandez\/","name":"Positivo fin de semana para los Fern\u00e1ndez - DSL","isPartOf":{"@id":"https:\/\/deportesanluis.com.ar\/#website"},"primaryImageOfPage":{"@id":"https:\/\/deportesanluis.com.ar\/positivo-fin-de-semana-para-los-fernandez\/#primaryimage"},"image":{"@id":"https:\/\/deportesanluis.com.ar\/positivo-fin-de-semana-para-los-fernandez\/#primaryimage"},"thumbnailUrl":"https:\/\/deportesanluis.com.ar\/wp-content\/uploads\/2025\/03\/Aaron-Fernandez-TN2025-Cabalen-3.jpg","datePublished":"2025-03-17T12:46:36+00:00","dateModified":"2025-04-02T16:25:51+00:00","description":"Fue en el Cabal\u00e9n de Alta Gracia con Marcos y Aaron cruzando la l\u00ednea de meta y sumando puntos para el campeonato. Cafaro en la Clase 2 y Mallo en la Clase 3 fueron los ganadores. La pr\u00f3xima cita ser\u00e1 en Concordia.","breadcrumb":{"@id":"https:\/\/deportesanluis.com.ar\/positivo-fin-de-semana-para-los-fernandez\/#breadcrumb"},"inLanguage":"es-AR","potentialAction":[{"@type":"ReadAction","target":["https:\/\/deportesanluis.com.ar\/positivo-fin-de-semana-para-los-fernandez\/"]}]},{"@type":"ImageObject","inLanguage":"es-AR","@id":"https:\/\/deportesanluis.com.ar\/positivo-fin-de-semana-para-los-fernandez\/#primaryimage","url":"https:\/\/deportesanluis.com.ar\/wp-content\/uploads\/2025\/03\/Aaron-Fernandez-TN2025-Cabalen-3.jpg","contentUrl":"https:\/\/deportesanluis.com.ar\/wp-content\/uploads\/2025\/03\/Aaron-Fernandez-TN2025-Cabalen-3.jpg","width":800,"height":500},{"@type":"BreadcrumbList","@id":"https:\/\/deportesanluis.com.ar\/positivo-fin-de-semana-para-los-fernandez\/#breadcrumb","itemListElement":[{"@type":"ListItem","position":1,"name":"Home","item":"https:\/\/deportesanluis.com.ar\/"},{"@type":"ListItem","position":2,"name":"Positivo fin de semana para los Fern\u00e1ndez"}]},{"@type":"WebSite","@id":"https:\/\/deportesanluis.com.ar\/#website","url":"https:\/\/deportesanluis.com.ar\/","name":"deportesanluis.com.ar","description":"Noticias de Deporte de San Luis","publisher":{"@id":"https:\/\/deportesanluis.com.ar\/#organization"},"alternateName":"Deporte SL","potentialAction":[{"@type":"SearchAction","target":{"@type":"EntryPoint","urlTemplate":"https:\/\/deportesanluis.com.ar\/?s={search_term_string}"},"query-input":{"@type":"PropertyValueSpecification","valueRequired":true,"valueName":"search_term_string"}}],"inLanguage":"es-AR"},{"@type":"Organization","@id":"https:\/\/deportesanluis.com.ar\/#organization","name":"DSL","alternateName":"Deporte SL","url":"https:\/\/deportesanluis.com.ar\/","logo":{"@type":"ImageObject","inLanguage":"es-AR","@id":"https:\/\/deportesanluis.com.ar\/#\/schema\/logo\/image\/","url":"https:\/\/deportesanluis.com.ar\/wp-content\/uploads\/2023\/06\/DSL-Logo-2023-5.jpg","contentUrl":"https:\/\/deportesanluis.com.ar\/wp-content\/uploads\/2023\/06\/DSL-Logo-2023-5.jpg","width":1718,"height":845,"caption":"DSL"},"image":{"@id":"https:\/\/deportesanluis.com.ar\/#\/schema\/logo\/image\/"},"sameAs":["https:\/\/www.facebook.com\/DSLDeporteSanLuis","https:\/\/x.com\/deportesanluis","https:\/\/www.instagram.com\/dsl_deportesanluis\/"]},{"@type":"Person","@id":"https:\/\/deportesanluis.com.ar\/#\/schema\/person\/4b3e665481e93d271fced43ee48143c8","name":"admin","image":{"@type":"ImageObject","inLanguage":"es-AR","@id":"https:\/\/secure.gravatar.com\/avatar\/5424b2c21466f502587708c43dbe2dc47b5e643fec67835095677cd3af6ba546?s=96&d=mm&r=g","url":"https:\/\/secure.gravatar.com\/avatar\/5424b2c21466f502587708c43dbe2dc47b5e643fec67835095677cd3af6ba546?s=96&d=mm&r=g","contentUrl":"https:\/\/secure.gravatar.com\/avatar\/5424b2c21466f502587708c43dbe2dc47b5e643fec67835095677cd3af6ba546?s=96&d=mm&r=g","caption":"admin"},"sameAs":["https:\/\/deportesanluis.com.ar"],"url":"https:\/\/deportesanluis.com.ar\/author\/admin\/"}]}},"_links":{"self":[{"href":"https:\/\/deportesanluis.com.ar\/wp-json\/wp\/v2\/posts\/26236","targetHints":{"allow":["GET"]}}],"collection":[{"href":"https:\/\/deportesanluis.com.ar\/wp-json\/wp\/v2\/posts"}],"about":[{"href":"https:\/\/deportesanluis.com.ar\/wp-json\/wp\/v2\/types\/post"}],"author":[{"embeddable":true,"href":"https:\/\/deportesanluis.com.ar\/wp-json\/wp\/v2\/users\/1"}],"replies":[{"embeddable":true,"href":"https:\/\/deportesanluis.com.ar\/wp-json\/wp\/v2\/comments?post=26236"}],"version-history":[{"count":0,"href":"https:\/\/deportesanluis.com.ar\/wp-json\/wp\/v2\/posts\/26236\/revisions"}],"wp:featuredmedia":[{"embeddable":true,"href":"https:\/\/deportesanluis.com.ar\/wp-json\/wp\/v2\/media\/26237"}],"wp:attachment":[{"href":"https:\/\/deportesanluis.com.ar\/wp-json\/wp\/v2\/media?parent=26236"}],"wp:term":[{"taxonomy":"category","embeddable":true,"href":"https:\/\/deportesanluis.com.ar\/wp-json\/wp\/v2\/categories?post=26236"},{"taxonomy":"post_tag","embeddable":true,"href":"https:\/\/deportesanluis.com.ar\/wp-json\/wp\/v2\/tags?post=26236"}],"curies":[{"name":"wp","href":"https:\/\/api.w.org\/{rel}","templated":true}]}}