{"id":26432,"date":"2025-04-09T09:59:28","date_gmt":"2025-04-09T12:59:28","guid":{"rendered":"https:\/\/deportesanluis.com.ar\/?p=26432"},"modified":"2025-04-15T11:58:18","modified_gmt":"2025-04-15T14:58:18","slug":"el-tn-paso-por-concordia","status":"publish","type":"post","link":"https:\/\/deportesanluis.com.ar\/el-tn-paso-por-concordia\/","title":{"rendered":"El TN pas\u00f3 por Concordia"},"content":{"rendered":"<p>Este fin de semana se disput\u00f3 la Fecha 2 del Turismo Nacional. Fue en Concordia, Entre R\u00edos.<\/p>\n<p>En la Clase 2 la victoria fue para Francisco Coltrinari (Peugeot 208) con una marca de 36:14,27 seguido por Maximiliano Bestani (Toyota Etios) a 1,31seg. e I\u00f1aki Beit\u00eda (Toyota Yaris) a 2,27seg.<\/p>\n<p>Bautista Damiani (Toyota Yaris) y Nicol\u00e1s Posco (Ford Fiesta) completaron los cinco mejores lugares.<\/p>\n<p>Marcos Fern\u00e1ndez (Nissan March) finaliz\u00f3 en el puesto 15 a poco m\u00e1s de 15seg. de diferencia. Aaron Fern\u00e1ndez (Nissan March), por su parte, cruz\u00f3 la meta en el puesto 27 a casi 26seg.<\/p>\n<p>La final de la Clase 3 fue para Jorge Barrio (Chevrolet Cruze) con una marca de 33:58,193 dejando atr\u00e1s a Juli\u00e1n Santero (Toyota Corolla) a 1,58seg. y Joel Gassmann (Chevrolet Cruze) a 7seg. Thiago Mart\u00ednez (Toyota Corolla) y Jos\u00e9 Manuel Urcera (Ford Focus) los escoltaron.<\/p>\n<p>Con estos resultados, la Clase 2 es liderada por Damiani con 87 unidades. Lo siguen Joaqu\u00edn Cafaro (Toyota Etios) con 66 y Coltrinari con 63. Marcos ocupa el puesto 13 con 34 puntos mientras que Aaron cae al puesto 38 con 3.<\/p>\n<p>La Clase 3 tiene como l\u00edderes a Santero con 88, Urcera con 81 y Barrio con 76 puntos.<\/p>\n<p>La pr\u00f3xima cita del Turismo Nacional ser\u00e1 del 25 al 27 de abril en el Villicum de San Juan.<\/p>\n<hr \/>\n<p><strong>Nota:<\/strong> Redacci\u00f3n<\/p>\n","protected":false},"excerpt":{"rendered":"<p>Fue este fin de semana con triunfos para Coltrinari en la Clase 2 y Barrio en la Clase 3. Marcos y Aaron Fern\u00e1ndez pudieron completar la prueba.\u00a0<\/p>\n","protected":false},"author":1,"featured_media":26433,"comment_status":"closed","ping_status":"closed","sticky":false,"template":"","format":"standard","meta":{"footnotes":""},"categories":[75,51,127],"tags":[128],"class_list":{"0":"post-26432","1":"post","2":"type-post","3":"status-publish","4":"format-standard","5":"has-post-thumbnail","7":"category-75","8":"category-motores","9":"category-tn","10":"tag-tn"},"yoast_head":"<!-- This site is optimized with the Yoast SEO plugin v27.4 - https:\/\/yoast.com\/product\/yoast-seo-wordpress\/ -->\n<title>El TN pas\u00f3 por Concordia - DSL<\/title>\n<meta name=\"description\" content=\"Fue este fin de semana con triunfos para Coltrinari en la Clase 2 y Barrio en la Clase 3. Marcos y Aaron Fern\u00e1ndez pudieron completar la prueba.\u00a0\" \/>\n<meta name=\"robots\" content=\"index, follow, max-snippet:-1, max-image-preview:large, max-video-preview:-1\" \/>\n<link rel=\"canonical\" href=\"https:\/\/deportesanluis.com.ar\/el-tn-paso-por-concordia\/\" \/>\n<meta property=\"og:locale\" content=\"es_ES\" \/>\n<meta property=\"og:type\" content=\"article\" \/>\n<meta property=\"og:title\" content=\"El TN pas\u00f3 por Concordia - DSL\" \/>\n<meta property=\"og:description\" content=\"Fue este fin de semana con triunfos para Coltrinari en la Clase 2 y Barrio en la Clase 3. Marcos y Aaron Fern\u00e1ndez pudieron completar la prueba.\u00a0\" \/>\n<meta property=\"og:url\" content=\"https:\/\/deportesanluis.com.ar\/el-tn-paso-por-concordia\/\" \/>\n<meta property=\"og:site_name\" content=\"DSL\" \/>\n<meta property=\"article:publisher\" content=\"https:\/\/www.facebook.com\/DSLDeporteSanLuis\" \/>\n<meta property=\"article:published_time\" content=\"2025-04-09T12:59:28+00:00\" \/>\n<meta property=\"article:modified_time\" content=\"2025-04-15T14:58:18+00:00\" \/>\n<meta property=\"og:image\" content=\"https:\/\/deportesanluis.com.ar\/wp-content\/uploads\/2025\/04\/MarcosFernandez-Concordia-01-TN2025.jpg\" \/>\n\t<meta property=\"og:image:width\" content=\"800\" \/>\n\t<meta property=\"og:image:height\" content=\"500\" \/>\n\t<meta property=\"og:image:type\" content=\"image\/jpeg\" \/>\n<meta name=\"author\" content=\"admin\" \/>\n<meta name=\"twitter:card\" content=\"summary_large_image\" \/>\n<meta name=\"twitter:creator\" content=\"@deportesanluis\" \/>\n<meta name=\"twitter:site\" content=\"@deportesanluis\" \/>\n<meta name=\"twitter:label1\" content=\"Escrito por\" \/>\n\t<meta name=\"twitter:data1\" content=\"admin\" \/>\n\t<meta name=\"twitter:label2\" content=\"Tiempo de lectura\" \/>\n\t<meta name=\"twitter:data2\" content=\"2 minutos\" \/>\n<script type=\"application\/ld+json\" class=\"yoast-schema-graph\">{\"@context\":\"https:\\\/\\\/schema.org\",\"@graph\":[{\"@type\":\"Article\",\"@id\":\"https:\\\/\\\/deportesanluis.com.ar\\\/el-tn-paso-por-concordia\\\/#article\",\"isPartOf\":{\"@id\":\"https:\\\/\\\/deportesanluis.com.ar\\\/el-tn-paso-por-concordia\\\/\"},\"author\":{\"name\":\"admin\",\"@id\":\"https:\\\/\\\/deportesanluis.com.ar\\\/#\\\/schema\\\/person\\\/4b3e665481e93d271fced43ee48143c8\"},\"headline\":\"El TN pas\u00f3 por Concordia\",\"datePublished\":\"2025-04-09T12:59:28+00:00\",\"dateModified\":\"2025-04-15T14:58:18+00:00\",\"mainEntityOfPage\":{\"@id\":\"https:\\\/\\\/deportesanluis.com.ar\\\/el-tn-paso-por-concordia\\\/\"},\"wordCount\":219,\"publisher\":{\"@id\":\"https:\\\/\\\/deportesanluis.com.ar\\\/#organization\"},\"image\":{\"@id\":\"https:\\\/\\\/deportesanluis.com.ar\\\/el-tn-paso-por-concordia\\\/#primaryimage\"},\"thumbnailUrl\":\"https:\\\/\\\/deportesanluis.com.ar\\\/wp-content\\\/uploads\\\/2025\\\/04\\\/MarcosFernandez-Concordia-01-TN2025.jpg\",\"keywords\":[\"TN\"],\"articleSection\":[\"15\",\"Motores\",\"TN\"],\"inLanguage\":\"es-AR\"},{\"@type\":\"WebPage\",\"@id\":\"https:\\\/\\\/deportesanluis.com.ar\\\/el-tn-paso-por-concordia\\\/\",\"url\":\"https:\\\/\\\/deportesanluis.com.ar\\\/el-tn-paso-por-concordia\\\/\",\"name\":\"El TN pas\u00f3 por Concordia - DSL\",\"isPartOf\":{\"@id\":\"https:\\\/\\\/deportesanluis.com.ar\\\/#website\"},\"primaryImageOfPage\":{\"@id\":\"https:\\\/\\\/deportesanluis.com.ar\\\/el-tn-paso-por-concordia\\\/#primaryimage\"},\"image\":{\"@id\":\"https:\\\/\\\/deportesanluis.com.ar\\\/el-tn-paso-por-concordia\\\/#primaryimage\"},\"thumbnailUrl\":\"https:\\\/\\\/deportesanluis.com.ar\\\/wp-content\\\/uploads\\\/2025\\\/04\\\/MarcosFernandez-Concordia-01-TN2025.jpg\",\"datePublished\":\"2025-04-09T12:59:28+00:00\",\"dateModified\":\"2025-04-15T14:58:18+00:00\",\"description\":\"Fue este fin de semana con triunfos para Coltrinari en la Clase 2 y Barrio en la Clase 3. Marcos y Aaron Fern\u00e1ndez pudieron completar la prueba.\u00a0\",\"breadcrumb\":{\"@id\":\"https:\\\/\\\/deportesanluis.com.ar\\\/el-tn-paso-por-concordia\\\/#breadcrumb\"},\"inLanguage\":\"es-AR\",\"potentialAction\":[{\"@type\":\"ReadAction\",\"target\":[\"https:\\\/\\\/deportesanluis.com.ar\\\/el-tn-paso-por-concordia\\\/\"]}]},{\"@type\":\"ImageObject\",\"inLanguage\":\"es-AR\",\"@id\":\"https:\\\/\\\/deportesanluis.com.ar\\\/el-tn-paso-por-concordia\\\/#primaryimage\",\"url\":\"https:\\\/\\\/deportesanluis.com.ar\\\/wp-content\\\/uploads\\\/2025\\\/04\\\/MarcosFernandez-Concordia-01-TN2025.jpg\",\"contentUrl\":\"https:\\\/\\\/deportesanluis.com.ar\\\/wp-content\\\/uploads\\\/2025\\\/04\\\/MarcosFernandez-Concordia-01-TN2025.jpg\",\"width\":800,\"height\":500},{\"@type\":\"BreadcrumbList\",\"@id\":\"https:\\\/\\\/deportesanluis.com.ar\\\/el-tn-paso-por-concordia\\\/#breadcrumb\",\"itemListElement\":[{\"@type\":\"ListItem\",\"position\":1,\"name\":\"Home\",\"item\":\"https:\\\/\\\/deportesanluis.com.ar\\\/\"},{\"@type\":\"ListItem\",\"position\":2,\"name\":\"El TN pas\u00f3 por Concordia\"}]},{\"@type\":\"WebSite\",\"@id\":\"https:\\\/\\\/deportesanluis.com.ar\\\/#website\",\"url\":\"https:\\\/\\\/deportesanluis.com.ar\\\/\",\"name\":\"deportesanluis.com.ar\",\"description\":\"Noticias de Deporte de San Luis\",\"publisher\":{\"@id\":\"https:\\\/\\\/deportesanluis.com.ar\\\/#organization\"},\"alternateName\":\"Deporte SL\",\"potentialAction\":[{\"@type\":\"SearchAction\",\"target\":{\"@type\":\"EntryPoint\",\"urlTemplate\":\"https:\\\/\\\/deportesanluis.com.ar\\\/?s={search_term_string}\"},\"query-input\":{\"@type\":\"PropertyValueSpecification\",\"valueRequired\":true,\"valueName\":\"search_term_string\"}}],\"inLanguage\":\"es-AR\"},{\"@type\":\"Organization\",\"@id\":\"https:\\\/\\\/deportesanluis.com.ar\\\/#organization\",\"name\":\"DSL\",\"alternateName\":\"Deporte SL\",\"url\":\"https:\\\/\\\/deportesanluis.com.ar\\\/\",\"logo\":{\"@type\":\"ImageObject\",\"inLanguage\":\"es-AR\",\"@id\":\"https:\\\/\\\/deportesanluis.com.ar\\\/#\\\/schema\\\/logo\\\/image\\\/\",\"url\":\"https:\\\/\\\/deportesanluis.com.ar\\\/wp-content\\\/uploads\\\/2023\\\/06\\\/DSL-Logo-2023-5.jpg\",\"contentUrl\":\"https:\\\/\\\/deportesanluis.com.ar\\\/wp-content\\\/uploads\\\/2023\\\/06\\\/DSL-Logo-2023-5.jpg\",\"width\":1718,\"height\":845,\"caption\":\"DSL\"},\"image\":{\"@id\":\"https:\\\/\\\/deportesanluis.com.ar\\\/#\\\/schema\\\/logo\\\/image\\\/\"},\"sameAs\":[\"https:\\\/\\\/www.facebook.com\\\/DSLDeporteSanLuis\",\"https:\\\/\\\/x.com\\\/deportesanluis\",\"https:\\\/\\\/www.instagram.com\\\/dsl_deportesanluis\\\/\"]},{\"@type\":\"Person\",\"@id\":\"https:\\\/\\\/deportesanluis.com.ar\\\/#\\\/schema\\\/person\\\/4b3e665481e93d271fced43ee48143c8\",\"name\":\"admin\",\"image\":{\"@type\":\"ImageObject\",\"inLanguage\":\"es-AR\",\"@id\":\"https:\\\/\\\/secure.gravatar.com\\\/avatar\\\/5424b2c21466f502587708c43dbe2dc47b5e643fec67835095677cd3af6ba546?s=96&d=mm&r=g\",\"url\":\"https:\\\/\\\/secure.gravatar.com\\\/avatar\\\/5424b2c21466f502587708c43dbe2dc47b5e643fec67835095677cd3af6ba546?s=96&d=mm&r=g\",\"contentUrl\":\"https:\\\/\\\/secure.gravatar.com\\\/avatar\\\/5424b2c21466f502587708c43dbe2dc47b5e643fec67835095677cd3af6ba546?s=96&d=mm&r=g\",\"caption\":\"admin\"},\"sameAs\":[\"https:\\\/\\\/deportesanluis.com.ar\"],\"url\":\"https:\\\/\\\/deportesanluis.com.ar\\\/author\\\/admin\\\/\"}]}<\/script>\n<!-- \/ Yoast SEO plugin. -->","yoast_head_json":{"title":"El TN pas\u00f3 por Concordia - DSL","description":"Fue este fin de semana con triunfos para Coltrinari en la Clase 2 y Barrio en la Clase 3. Marcos y Aaron Fern\u00e1ndez pudieron completar la prueba.\u00a0","robots":{"index":"index","follow":"follow","max-snippet":"max-snippet:-1","max-image-preview":"max-image-preview:large","max-video-preview":"max-video-preview:-1"},"canonical":"https:\/\/deportesanluis.com.ar\/el-tn-paso-por-concordia\/","og_locale":"es_ES","og_type":"article","og_title":"El TN pas\u00f3 por Concordia - DSL","og_description":"Fue este fin de semana con triunfos para Coltrinari en la Clase 2 y Barrio en la Clase 3. Marcos y Aaron Fern\u00e1ndez pudieron completar la prueba.\u00a0","og_url":"https:\/\/deportesanluis.com.ar\/el-tn-paso-por-concordia\/","og_site_name":"DSL","article_publisher":"https:\/\/www.facebook.com\/DSLDeporteSanLuis","article_published_time":"2025-04-09T12:59:28+00:00","article_modified_time":"2025-04-15T14:58:18+00:00","og_image":[{"width":800,"height":500,"url":"https:\/\/deportesanluis.com.ar\/wp-content\/uploads\/2025\/04\/MarcosFernandez-Concordia-01-TN2025.jpg","type":"image\/jpeg"}],"author":"admin","twitter_card":"summary_large_image","twitter_creator":"@deportesanluis","twitter_site":"@deportesanluis","twitter_misc":{"Escrito por":"admin","Tiempo de lectura":"2 minutos"},"schema":{"@context":"https:\/\/schema.org","@graph":[{"@type":"Article","@id":"https:\/\/deportesanluis.com.ar\/el-tn-paso-por-concordia\/#article","isPartOf":{"@id":"https:\/\/deportesanluis.com.ar\/el-tn-paso-por-concordia\/"},"author":{"name":"admin","@id":"https:\/\/deportesanluis.com.ar\/#\/schema\/person\/4b3e665481e93d271fced43ee48143c8"},"headline":"El TN pas\u00f3 por Concordia","datePublished":"2025-04-09T12:59:28+00:00","dateModified":"2025-04-15T14:58:18+00:00","mainEntityOfPage":{"@id":"https:\/\/deportesanluis.com.ar\/el-tn-paso-por-concordia\/"},"wordCount":219,"publisher":{"@id":"https:\/\/deportesanluis.com.ar\/#organization"},"image":{"@id":"https:\/\/deportesanluis.com.ar\/el-tn-paso-por-concordia\/#primaryimage"},"thumbnailUrl":"https:\/\/deportesanluis.com.ar\/wp-content\/uploads\/2025\/04\/MarcosFernandez-Concordia-01-TN2025.jpg","keywords":["TN"],"articleSection":["15","Motores","TN"],"inLanguage":"es-AR"},{"@type":"WebPage","@id":"https:\/\/deportesanluis.com.ar\/el-tn-paso-por-concordia\/","url":"https:\/\/deportesanluis.com.ar\/el-tn-paso-por-concordia\/","name":"El TN pas\u00f3 por Concordia - DSL","isPartOf":{"@id":"https:\/\/deportesanluis.com.ar\/#website"},"primaryImageOfPage":{"@id":"https:\/\/deportesanluis.com.ar\/el-tn-paso-por-concordia\/#primaryimage"},"image":{"@id":"https:\/\/deportesanluis.com.ar\/el-tn-paso-por-concordia\/#primaryimage"},"thumbnailUrl":"https:\/\/deportesanluis.com.ar\/wp-content\/uploads\/2025\/04\/MarcosFernandez-Concordia-01-TN2025.jpg","datePublished":"2025-04-09T12:59:28+00:00","dateModified":"2025-04-15T14:58:18+00:00","description":"Fue este fin de semana con triunfos para Coltrinari en la Clase 2 y Barrio en la Clase 3. Marcos y Aaron Fern\u00e1ndez pudieron completar la prueba.\u00a0","breadcrumb":{"@id":"https:\/\/deportesanluis.com.ar\/el-tn-paso-por-concordia\/#breadcrumb"},"inLanguage":"es-AR","potentialAction":[{"@type":"ReadAction","target":["https:\/\/deportesanluis.com.ar\/el-tn-paso-por-concordia\/"]}]},{"@type":"ImageObject","inLanguage":"es-AR","@id":"https:\/\/deportesanluis.com.ar\/el-tn-paso-por-concordia\/#primaryimage","url":"https:\/\/deportesanluis.com.ar\/wp-content\/uploads\/2025\/04\/MarcosFernandez-Concordia-01-TN2025.jpg","contentUrl":"https:\/\/deportesanluis.com.ar\/wp-content\/uploads\/2025\/04\/MarcosFernandez-Concordia-01-TN2025.jpg","width":800,"height":500},{"@type":"BreadcrumbList","@id":"https:\/\/deportesanluis.com.ar\/el-tn-paso-por-concordia\/#breadcrumb","itemListElement":[{"@type":"ListItem","position":1,"name":"Home","item":"https:\/\/deportesanluis.com.ar\/"},{"@type":"ListItem","position":2,"name":"El TN pas\u00f3 por Concordia"}]},{"@type":"WebSite","@id":"https:\/\/deportesanluis.com.ar\/#website","url":"https:\/\/deportesanluis.com.ar\/","name":"deportesanluis.com.ar","description":"Noticias de Deporte de San Luis","publisher":{"@id":"https:\/\/deportesanluis.com.ar\/#organization"},"alternateName":"Deporte SL","potentialAction":[{"@type":"SearchAction","target":{"@type":"EntryPoint","urlTemplate":"https:\/\/deportesanluis.com.ar\/?s={search_term_string}"},"query-input":{"@type":"PropertyValueSpecification","valueRequired":true,"valueName":"search_term_string"}}],"inLanguage":"es-AR"},{"@type":"Organization","@id":"https:\/\/deportesanluis.com.ar\/#organization","name":"DSL","alternateName":"Deporte SL","url":"https:\/\/deportesanluis.com.ar\/","logo":{"@type":"ImageObject","inLanguage":"es-AR","@id":"https:\/\/deportesanluis.com.ar\/#\/schema\/logo\/image\/","url":"https:\/\/deportesanluis.com.ar\/wp-content\/uploads\/2023\/06\/DSL-Logo-2023-5.jpg","contentUrl":"https:\/\/deportesanluis.com.ar\/wp-content\/uploads\/2023\/06\/DSL-Logo-2023-5.jpg","width":1718,"height":845,"caption":"DSL"},"image":{"@id":"https:\/\/deportesanluis.com.ar\/#\/schema\/logo\/image\/"},"sameAs":["https:\/\/www.facebook.com\/DSLDeporteSanLuis","https:\/\/x.com\/deportesanluis","https:\/\/www.instagram.com\/dsl_deportesanluis\/"]},{"@type":"Person","@id":"https:\/\/deportesanluis.com.ar\/#\/schema\/person\/4b3e665481e93d271fced43ee48143c8","name":"admin","image":{"@type":"ImageObject","inLanguage":"es-AR","@id":"https:\/\/secure.gravatar.com\/avatar\/5424b2c21466f502587708c43dbe2dc47b5e643fec67835095677cd3af6ba546?s=96&d=mm&r=g","url":"https:\/\/secure.gravatar.com\/avatar\/5424b2c21466f502587708c43dbe2dc47b5e643fec67835095677cd3af6ba546?s=96&d=mm&r=g","contentUrl":"https:\/\/secure.gravatar.com\/avatar\/5424b2c21466f502587708c43dbe2dc47b5e643fec67835095677cd3af6ba546?s=96&d=mm&r=g","caption":"admin"},"sameAs":["https:\/\/deportesanluis.com.ar"],"url":"https:\/\/deportesanluis.com.ar\/author\/admin\/"}]}},"_links":{"self":[{"href":"https:\/\/deportesanluis.com.ar\/wp-json\/wp\/v2\/posts\/26432","targetHints":{"allow":["GET"]}}],"collection":[{"href":"https:\/\/deportesanluis.com.ar\/wp-json\/wp\/v2\/posts"}],"about":[{"href":"https:\/\/deportesanluis.com.ar\/wp-json\/wp\/v2\/types\/post"}],"author":[{"embeddable":true,"href":"https:\/\/deportesanluis.com.ar\/wp-json\/wp\/v2\/users\/1"}],"replies":[{"embeddable":true,"href":"https:\/\/deportesanluis.com.ar\/wp-json\/wp\/v2\/comments?post=26432"}],"version-history":[{"count":0,"href":"https:\/\/deportesanluis.com.ar\/wp-json\/wp\/v2\/posts\/26432\/revisions"}],"wp:featuredmedia":[{"embeddable":true,"href":"https:\/\/deportesanluis.com.ar\/wp-json\/wp\/v2\/media\/26433"}],"wp:attachment":[{"href":"https:\/\/deportesanluis.com.ar\/wp-json\/wp\/v2\/media?parent=26432"}],"wp:term":[{"taxonomy":"category","embeddable":true,"href":"https:\/\/deportesanluis.com.ar\/wp-json\/wp\/v2\/categories?post=26432"},{"taxonomy":"post_tag","embeddable":true,"href":"https:\/\/deportesanluis.com.ar\/wp-json\/wp\/v2\/tags?post=26432"}],"curies":[{"name":"wp","href":"https:\/\/api.w.org\/{rel}","templated":true}]}}