{"id":26913,"date":"2025-05-17T21:11:03","date_gmt":"2025-05-18T00:11:03","guid":{"rendered":"https:\/\/deportesanluis.com.ar\/?p=26913"},"modified":"2025-05-17T21:11:03","modified_gmt":"2025-05-18T00:11:03","slug":"ulissi-es-profeta-en-su-tierra","status":"publish","type":"post","link":"https:\/\/deportesanluis.com.ar\/ulissi-es-profeta-en-su-tierra\/","title":{"rendered":"Ulissi es profeta en su tierra"},"content":{"rendered":"<p>El Giro de Italia celebr\u00f3 este s\u00e1bado su Etapa 8, un recorrido de 197kms. entre Giulianova y Castelraimondo con un amplio triunfo del\u00a0australiano Luke Plapp (Team Jayco) con una marca de 4hs. 44min. 20seg.<\/p>\n<p>El neerland\u00e9s Wilco Kelderman (Team Visma) y el italiano Diego Ulissi (Astana) completaron los tres mejores lugares a 38seg. de diferencia.<\/p>\n<p><img loading=\"lazy\" decoding=\"async\" class=\"alignnone size-full wp-image-26915\" src=\"https:\/\/deportesanluis.com.ar\/wp-content\/uploads\/2025\/05\/Luke-Plapp-Etapa8-Giro2025.jpg\" alt=\"\" width=\"960\" height=\"639\" srcset=\"https:\/\/deportesanluis.com.ar\/wp-content\/uploads\/2025\/05\/Luke-Plapp-Etapa8-Giro2025.jpg 960w, https:\/\/deportesanluis.com.ar\/wp-content\/uploads\/2025\/05\/Luke-Plapp-Etapa8-Giro2025-300x200.jpg 300w, https:\/\/deportesanluis.com.ar\/wp-content\/uploads\/2025\/05\/Luke-Plapp-Etapa8-Giro2025-768x511.jpg 768w, https:\/\/deportesanluis.com.ar\/wp-content\/uploads\/2025\/05\/Luke-Plapp-Etapa8-Giro2025-631x420.jpg 631w, https:\/\/deportesanluis.com.ar\/wp-content\/uploads\/2025\/05\/Luke-Plapp-Etapa8-Giro2025-150x100.jpg 150w, https:\/\/deportesanluis.com.ar\/wp-content\/uploads\/2025\/05\/Luke-Plapp-Etapa8-Giro2025-696x463.jpg 696w\" sizes=\"auto, (max-width: 960px) 100vw, 960px\" \/><\/p>\n<p>El\u00a0dan\u00e9s Mads Pedersen (Lidl-Trek), el italiano Lorenzo Fortunato (Astana) y Plapp se repartieron las cuatro Metas de Velocidad del d\u00eda.<\/p>\n<p>Las de Monta\u00f1a fueron para Davide Piganzoli (Team Polti), Fortunato y Plapp.<\/p>\n<p>Con estos resultados, el Giro de Italia ahora es liderado por un hijo de sus tierras, Diego Ulissi quien escala 29 posiciones con un total de 29hs. 21min. 23seg.<\/p>\n<p>Lorenzo Fortunato es el escolta a 12seg. mientras que el esloveno Primoz Roglic (UAE Team Emirates) cay\u00f3 al tercer lugar quedando a 17seg. de diferencia.<\/p>\n<p>El l\u00edder entre los velocistas es Pedersen con 153 puntos; en la Monta\u00f1a manda Fortunato con 98; el mejor Sub23 es el espa\u00f1ol Juan Ayuso del UAE Team Emirates que sigue siendo el mejor equipo.<\/p>\n<p>Este s\u00e1bado ser\u00e1 el momento de la Etapa 9, con 181kms. entre Gubbio y Siena.<\/p>\n<hr \/>\n<p><strong>Nota:<\/strong> Redacci\u00f3n\u00a0 <strong>\u00a0Fotos:<\/strong> Prensa Giro \/ Reuters<\/p>\n","protected":false},"excerpt":{"rendered":"<p>El hombre del Astana es nuevo l\u00edder del Giro de Italia. La octava jornada fue dominada por el australiano Luke Plapp del Team Jayco.\u00a0<\/p>\n","protected":false},"author":1,"featured_media":26914,"comment_status":"closed","ping_status":"closed","sticky":false,"template":"","format":"standard","meta":{"footnotes":""},"categories":[42,40,32],"tags":[41,223],"class_list":{"0":"post-26913","1":"post","2":"type-post","3":"status-publish","4":"format-standard","5":"has-post-thumbnail","7":"category-42","8":"category-ciclismo","9":"category-poli","10":"tag-ciclismo","11":"tag-giro-de-italia"},"yoast_head":"<!-- This site is optimized with the Yoast SEO plugin v27.4 - https:\/\/yoast.com\/product\/yoast-seo-wordpress\/ -->\n<title>Ulissi es profeta en su tierra - DSL<\/title>\n<meta name=\"description\" content=\"El hombre del Astana es nuevo l\u00edder del Giro de Italia. La octava jornada fue dominada por el australiano Luke Plapp del Team Jayco.\u00a0\" \/>\n<meta name=\"robots\" content=\"index, follow, max-snippet:-1, max-image-preview:large, max-video-preview:-1\" \/>\n<link rel=\"canonical\" href=\"https:\/\/deportesanluis.com.ar\/ulissi-es-profeta-en-su-tierra\/\" \/>\n<meta property=\"og:locale\" content=\"es_ES\" \/>\n<meta property=\"og:type\" content=\"article\" \/>\n<meta property=\"og:title\" content=\"Ulissi es profeta en su tierra - DSL\" \/>\n<meta property=\"og:description\" content=\"El hombre del Astana es nuevo l\u00edder del Giro de Italia. La octava jornada fue dominada por el australiano Luke Plapp del Team Jayco.\u00a0\" \/>\n<meta property=\"og:url\" content=\"https:\/\/deportesanluis.com.ar\/ulissi-es-profeta-en-su-tierra\/\" \/>\n<meta property=\"og:site_name\" content=\"DSL\" \/>\n<meta property=\"article:publisher\" content=\"https:\/\/www.facebook.com\/DSLDeporteSanLuis\" \/>\n<meta property=\"article:published_time\" content=\"2025-05-18T00:11:03+00:00\" \/>\n<meta property=\"og:image\" content=\"https:\/\/deportesanluis.com.ar\/wp-content\/uploads\/2025\/05\/Diego-Ulissi-Giro25.jpg\" \/>\n\t<meta property=\"og:image:width\" content=\"800\" \/>\n\t<meta property=\"og:image:height\" content=\"500\" \/>\n\t<meta property=\"og:image:type\" content=\"image\/jpeg\" \/>\n<meta name=\"author\" content=\"admin\" \/>\n<meta name=\"twitter:card\" content=\"summary_large_image\" \/>\n<meta name=\"twitter:creator\" content=\"@deportesanluis\" \/>\n<meta name=\"twitter:site\" content=\"@deportesanluis\" \/>\n<meta name=\"twitter:label1\" content=\"Escrito por\" \/>\n\t<meta name=\"twitter:data1\" content=\"admin\" \/>\n\t<meta name=\"twitter:label2\" content=\"Tiempo de lectura\" \/>\n\t<meta name=\"twitter:data2\" content=\"2 minutos\" \/>\n<script type=\"application\/ld+json\" class=\"yoast-schema-graph\">{\"@context\":\"https:\\\/\\\/schema.org\",\"@graph\":[{\"@type\":\"Article\",\"@id\":\"https:\\\/\\\/deportesanluis.com.ar\\\/ulissi-es-profeta-en-su-tierra\\\/#article\",\"isPartOf\":{\"@id\":\"https:\\\/\\\/deportesanluis.com.ar\\\/ulissi-es-profeta-en-su-tierra\\\/\"},\"author\":{\"name\":\"admin\",\"@id\":\"https:\\\/\\\/deportesanluis.com.ar\\\/#\\\/schema\\\/person\\\/4b3e665481e93d271fced43ee48143c8\"},\"headline\":\"Ulissi es profeta en su tierra\",\"datePublished\":\"2025-05-18T00:11:03+00:00\",\"mainEntityOfPage\":{\"@id\":\"https:\\\/\\\/deportesanluis.com.ar\\\/ulissi-es-profeta-en-su-tierra\\\/\"},\"wordCount\":210,\"publisher\":{\"@id\":\"https:\\\/\\\/deportesanluis.com.ar\\\/#organization\"},\"image\":{\"@id\":\"https:\\\/\\\/deportesanluis.com.ar\\\/ulissi-es-profeta-en-su-tierra\\\/#primaryimage\"},\"thumbnailUrl\":\"https:\\\/\\\/deportesanluis.com.ar\\\/wp-content\\\/uploads\\\/2025\\\/05\\\/Diego-Ulissi-Giro25.jpg\",\"keywords\":[\"Ciclismo\",\"Giro de Italia\"],\"articleSection\":[\"6\",\"Ciclismo\",\"Poli\"],\"inLanguage\":\"es-AR\"},{\"@type\":\"WebPage\",\"@id\":\"https:\\\/\\\/deportesanluis.com.ar\\\/ulissi-es-profeta-en-su-tierra\\\/\",\"url\":\"https:\\\/\\\/deportesanluis.com.ar\\\/ulissi-es-profeta-en-su-tierra\\\/\",\"name\":\"Ulissi es profeta en su tierra - DSL\",\"isPartOf\":{\"@id\":\"https:\\\/\\\/deportesanluis.com.ar\\\/#website\"},\"primaryImageOfPage\":{\"@id\":\"https:\\\/\\\/deportesanluis.com.ar\\\/ulissi-es-profeta-en-su-tierra\\\/#primaryimage\"},\"image\":{\"@id\":\"https:\\\/\\\/deportesanluis.com.ar\\\/ulissi-es-profeta-en-su-tierra\\\/#primaryimage\"},\"thumbnailUrl\":\"https:\\\/\\\/deportesanluis.com.ar\\\/wp-content\\\/uploads\\\/2025\\\/05\\\/Diego-Ulissi-Giro25.jpg\",\"datePublished\":\"2025-05-18T00:11:03+00:00\",\"description\":\"El hombre del Astana es nuevo l\u00edder del Giro de Italia. La octava jornada fue dominada por el australiano Luke Plapp del Team Jayco.\u00a0\",\"breadcrumb\":{\"@id\":\"https:\\\/\\\/deportesanluis.com.ar\\\/ulissi-es-profeta-en-su-tierra\\\/#breadcrumb\"},\"inLanguage\":\"es-AR\",\"potentialAction\":[{\"@type\":\"ReadAction\",\"target\":[\"https:\\\/\\\/deportesanluis.com.ar\\\/ulissi-es-profeta-en-su-tierra\\\/\"]}]},{\"@type\":\"ImageObject\",\"inLanguage\":\"es-AR\",\"@id\":\"https:\\\/\\\/deportesanluis.com.ar\\\/ulissi-es-profeta-en-su-tierra\\\/#primaryimage\",\"url\":\"https:\\\/\\\/deportesanluis.com.ar\\\/wp-content\\\/uploads\\\/2025\\\/05\\\/Diego-Ulissi-Giro25.jpg\",\"contentUrl\":\"https:\\\/\\\/deportesanluis.com.ar\\\/wp-content\\\/uploads\\\/2025\\\/05\\\/Diego-Ulissi-Giro25.jpg\",\"width\":800,\"height\":500},{\"@type\":\"BreadcrumbList\",\"@id\":\"https:\\\/\\\/deportesanluis.com.ar\\\/ulissi-es-profeta-en-su-tierra\\\/#breadcrumb\",\"itemListElement\":[{\"@type\":\"ListItem\",\"position\":1,\"name\":\"Home\",\"item\":\"https:\\\/\\\/deportesanluis.com.ar\\\/\"},{\"@type\":\"ListItem\",\"position\":2,\"name\":\"Ulissi es profeta en su tierra\"}]},{\"@type\":\"WebSite\",\"@id\":\"https:\\\/\\\/deportesanluis.com.ar\\\/#website\",\"url\":\"https:\\\/\\\/deportesanluis.com.ar\\\/\",\"name\":\"deportesanluis.com.ar\",\"description\":\"Noticias de Deporte de San Luis\",\"publisher\":{\"@id\":\"https:\\\/\\\/deportesanluis.com.ar\\\/#organization\"},\"alternateName\":\"Deporte SL\",\"potentialAction\":[{\"@type\":\"SearchAction\",\"target\":{\"@type\":\"EntryPoint\",\"urlTemplate\":\"https:\\\/\\\/deportesanluis.com.ar\\\/?s={search_term_string}\"},\"query-input\":{\"@type\":\"PropertyValueSpecification\",\"valueRequired\":true,\"valueName\":\"search_term_string\"}}],\"inLanguage\":\"es-AR\"},{\"@type\":\"Organization\",\"@id\":\"https:\\\/\\\/deportesanluis.com.ar\\\/#organization\",\"name\":\"DSL\",\"alternateName\":\"Deporte SL\",\"url\":\"https:\\\/\\\/deportesanluis.com.ar\\\/\",\"logo\":{\"@type\":\"ImageObject\",\"inLanguage\":\"es-AR\",\"@id\":\"https:\\\/\\\/deportesanluis.com.ar\\\/#\\\/schema\\\/logo\\\/image\\\/\",\"url\":\"https:\\\/\\\/deportesanluis.com.ar\\\/wp-content\\\/uploads\\\/2023\\\/06\\\/DSL-Logo-2023-5.jpg\",\"contentUrl\":\"https:\\\/\\\/deportesanluis.com.ar\\\/wp-content\\\/uploads\\\/2023\\\/06\\\/DSL-Logo-2023-5.jpg\",\"width\":1718,\"height\":845,\"caption\":\"DSL\"},\"image\":{\"@id\":\"https:\\\/\\\/deportesanluis.com.ar\\\/#\\\/schema\\\/logo\\\/image\\\/\"},\"sameAs\":[\"https:\\\/\\\/www.facebook.com\\\/DSLDeporteSanLuis\",\"https:\\\/\\\/x.com\\\/deportesanluis\",\"https:\\\/\\\/www.instagram.com\\\/dsl_deportesanluis\\\/\"]},{\"@type\":\"Person\",\"@id\":\"https:\\\/\\\/deportesanluis.com.ar\\\/#\\\/schema\\\/person\\\/4b3e665481e93d271fced43ee48143c8\",\"name\":\"admin\",\"image\":{\"@type\":\"ImageObject\",\"inLanguage\":\"es-AR\",\"@id\":\"https:\\\/\\\/secure.gravatar.com\\\/avatar\\\/5424b2c21466f502587708c43dbe2dc47b5e643fec67835095677cd3af6ba546?s=96&d=mm&r=g\",\"url\":\"https:\\\/\\\/secure.gravatar.com\\\/avatar\\\/5424b2c21466f502587708c43dbe2dc47b5e643fec67835095677cd3af6ba546?s=96&d=mm&r=g\",\"contentUrl\":\"https:\\\/\\\/secure.gravatar.com\\\/avatar\\\/5424b2c21466f502587708c43dbe2dc47b5e643fec67835095677cd3af6ba546?s=96&d=mm&r=g\",\"caption\":\"admin\"},\"sameAs\":[\"https:\\\/\\\/deportesanluis.com.ar\"],\"url\":\"https:\\\/\\\/deportesanluis.com.ar\\\/author\\\/admin\\\/\"}]}<\/script>\n<!-- \/ Yoast SEO plugin. -->","yoast_head_json":{"title":"Ulissi es profeta en su tierra - DSL","description":"El hombre del Astana es nuevo l\u00edder del Giro de Italia. La octava jornada fue dominada por el australiano Luke Plapp del Team Jayco.\u00a0","robots":{"index":"index","follow":"follow","max-snippet":"max-snippet:-1","max-image-preview":"max-image-preview:large","max-video-preview":"max-video-preview:-1"},"canonical":"https:\/\/deportesanluis.com.ar\/ulissi-es-profeta-en-su-tierra\/","og_locale":"es_ES","og_type":"article","og_title":"Ulissi es profeta en su tierra - DSL","og_description":"El hombre del Astana es nuevo l\u00edder del Giro de Italia. La octava jornada fue dominada por el australiano Luke Plapp del Team Jayco.\u00a0","og_url":"https:\/\/deportesanluis.com.ar\/ulissi-es-profeta-en-su-tierra\/","og_site_name":"DSL","article_publisher":"https:\/\/www.facebook.com\/DSLDeporteSanLuis","article_published_time":"2025-05-18T00:11:03+00:00","og_image":[{"width":800,"height":500,"url":"https:\/\/deportesanluis.com.ar\/wp-content\/uploads\/2025\/05\/Diego-Ulissi-Giro25.jpg","type":"image\/jpeg"}],"author":"admin","twitter_card":"summary_large_image","twitter_creator":"@deportesanluis","twitter_site":"@deportesanluis","twitter_misc":{"Escrito por":"admin","Tiempo de lectura":"2 minutos"},"schema":{"@context":"https:\/\/schema.org","@graph":[{"@type":"Article","@id":"https:\/\/deportesanluis.com.ar\/ulissi-es-profeta-en-su-tierra\/#article","isPartOf":{"@id":"https:\/\/deportesanluis.com.ar\/ulissi-es-profeta-en-su-tierra\/"},"author":{"name":"admin","@id":"https:\/\/deportesanluis.com.ar\/#\/schema\/person\/4b3e665481e93d271fced43ee48143c8"},"headline":"Ulissi es profeta en su tierra","datePublished":"2025-05-18T00:11:03+00:00","mainEntityOfPage":{"@id":"https:\/\/deportesanluis.com.ar\/ulissi-es-profeta-en-su-tierra\/"},"wordCount":210,"publisher":{"@id":"https:\/\/deportesanluis.com.ar\/#organization"},"image":{"@id":"https:\/\/deportesanluis.com.ar\/ulissi-es-profeta-en-su-tierra\/#primaryimage"},"thumbnailUrl":"https:\/\/deportesanluis.com.ar\/wp-content\/uploads\/2025\/05\/Diego-Ulissi-Giro25.jpg","keywords":["Ciclismo","Giro de Italia"],"articleSection":["6","Ciclismo","Poli"],"inLanguage":"es-AR"},{"@type":"WebPage","@id":"https:\/\/deportesanluis.com.ar\/ulissi-es-profeta-en-su-tierra\/","url":"https:\/\/deportesanluis.com.ar\/ulissi-es-profeta-en-su-tierra\/","name":"Ulissi es profeta en su tierra - DSL","isPartOf":{"@id":"https:\/\/deportesanluis.com.ar\/#website"},"primaryImageOfPage":{"@id":"https:\/\/deportesanluis.com.ar\/ulissi-es-profeta-en-su-tierra\/#primaryimage"},"image":{"@id":"https:\/\/deportesanluis.com.ar\/ulissi-es-profeta-en-su-tierra\/#primaryimage"},"thumbnailUrl":"https:\/\/deportesanluis.com.ar\/wp-content\/uploads\/2025\/05\/Diego-Ulissi-Giro25.jpg","datePublished":"2025-05-18T00:11:03+00:00","description":"El hombre del Astana es nuevo l\u00edder del Giro de Italia. La octava jornada fue dominada por el australiano Luke Plapp del Team Jayco.\u00a0","breadcrumb":{"@id":"https:\/\/deportesanluis.com.ar\/ulissi-es-profeta-en-su-tierra\/#breadcrumb"},"inLanguage":"es-AR","potentialAction":[{"@type":"ReadAction","target":["https:\/\/deportesanluis.com.ar\/ulissi-es-profeta-en-su-tierra\/"]}]},{"@type":"ImageObject","inLanguage":"es-AR","@id":"https:\/\/deportesanluis.com.ar\/ulissi-es-profeta-en-su-tierra\/#primaryimage","url":"https:\/\/deportesanluis.com.ar\/wp-content\/uploads\/2025\/05\/Diego-Ulissi-Giro25.jpg","contentUrl":"https:\/\/deportesanluis.com.ar\/wp-content\/uploads\/2025\/05\/Diego-Ulissi-Giro25.jpg","width":800,"height":500},{"@type":"BreadcrumbList","@id":"https:\/\/deportesanluis.com.ar\/ulissi-es-profeta-en-su-tierra\/#breadcrumb","itemListElement":[{"@type":"ListItem","position":1,"name":"Home","item":"https:\/\/deportesanluis.com.ar\/"},{"@type":"ListItem","position":2,"name":"Ulissi es profeta en su tierra"}]},{"@type":"WebSite","@id":"https:\/\/deportesanluis.com.ar\/#website","url":"https:\/\/deportesanluis.com.ar\/","name":"deportesanluis.com.ar","description":"Noticias de Deporte de San Luis","publisher":{"@id":"https:\/\/deportesanluis.com.ar\/#organization"},"alternateName":"Deporte SL","potentialAction":[{"@type":"SearchAction","target":{"@type":"EntryPoint","urlTemplate":"https:\/\/deportesanluis.com.ar\/?s={search_term_string}"},"query-input":{"@type":"PropertyValueSpecification","valueRequired":true,"valueName":"search_term_string"}}],"inLanguage":"es-AR"},{"@type":"Organization","@id":"https:\/\/deportesanluis.com.ar\/#organization","name":"DSL","alternateName":"Deporte SL","url":"https:\/\/deportesanluis.com.ar\/","logo":{"@type":"ImageObject","inLanguage":"es-AR","@id":"https:\/\/deportesanluis.com.ar\/#\/schema\/logo\/image\/","url":"https:\/\/deportesanluis.com.ar\/wp-content\/uploads\/2023\/06\/DSL-Logo-2023-5.jpg","contentUrl":"https:\/\/deportesanluis.com.ar\/wp-content\/uploads\/2023\/06\/DSL-Logo-2023-5.jpg","width":1718,"height":845,"caption":"DSL"},"image":{"@id":"https:\/\/deportesanluis.com.ar\/#\/schema\/logo\/image\/"},"sameAs":["https:\/\/www.facebook.com\/DSLDeporteSanLuis","https:\/\/x.com\/deportesanluis","https:\/\/www.instagram.com\/dsl_deportesanluis\/"]},{"@type":"Person","@id":"https:\/\/deportesanluis.com.ar\/#\/schema\/person\/4b3e665481e93d271fced43ee48143c8","name":"admin","image":{"@type":"ImageObject","inLanguage":"es-AR","@id":"https:\/\/secure.gravatar.com\/avatar\/5424b2c21466f502587708c43dbe2dc47b5e643fec67835095677cd3af6ba546?s=96&d=mm&r=g","url":"https:\/\/secure.gravatar.com\/avatar\/5424b2c21466f502587708c43dbe2dc47b5e643fec67835095677cd3af6ba546?s=96&d=mm&r=g","contentUrl":"https:\/\/secure.gravatar.com\/avatar\/5424b2c21466f502587708c43dbe2dc47b5e643fec67835095677cd3af6ba546?s=96&d=mm&r=g","caption":"admin"},"sameAs":["https:\/\/deportesanluis.com.ar"],"url":"https:\/\/deportesanluis.com.ar\/author\/admin\/"}]}},"_links":{"self":[{"href":"https:\/\/deportesanluis.com.ar\/wp-json\/wp\/v2\/posts\/26913","targetHints":{"allow":["GET"]}}],"collection":[{"href":"https:\/\/deportesanluis.com.ar\/wp-json\/wp\/v2\/posts"}],"about":[{"href":"https:\/\/deportesanluis.com.ar\/wp-json\/wp\/v2\/types\/post"}],"author":[{"embeddable":true,"href":"https:\/\/deportesanluis.com.ar\/wp-json\/wp\/v2\/users\/1"}],"replies":[{"embeddable":true,"href":"https:\/\/deportesanluis.com.ar\/wp-json\/wp\/v2\/comments?post=26913"}],"version-history":[{"count":0,"href":"https:\/\/deportesanluis.com.ar\/wp-json\/wp\/v2\/posts\/26913\/revisions"}],"wp:featuredmedia":[{"embeddable":true,"href":"https:\/\/deportesanluis.com.ar\/wp-json\/wp\/v2\/media\/26914"}],"wp:attachment":[{"href":"https:\/\/deportesanluis.com.ar\/wp-json\/wp\/v2\/media?parent=26913"}],"wp:term":[{"taxonomy":"category","embeddable":true,"href":"https:\/\/deportesanluis.com.ar\/wp-json\/wp\/v2\/categories?post=26913"},{"taxonomy":"post_tag","embeddable":true,"href":"https:\/\/deportesanluis.com.ar\/wp-json\/wp\/v2\/tags?post=26913"}],"curies":[{"name":"wp","href":"https:\/\/api.w.org\/{rel}","templated":true}]}}