{"id":26977,"date":"2025-05-21T10:05:05","date_gmt":"2025-05-21T13:05:05","guid":{"rendered":"https:\/\/deportesanluis.com.ar\/?p=26977"},"modified":"2025-05-21T10:05:05","modified_gmt":"2025-05-21T13:05:05","slug":"hoole-volo-al-pie-de-la-torre","status":"publish","type":"post","link":"https:\/\/deportesanluis.com.ar\/hoole-volo-al-pie-de-la-torre\/","title":{"rendered":"Hoole vol\u00f3 al pie de la torre"},"content":{"rendered":"<p>Tras el descanso, este martes el Giro de Italia puso en juego su Etapa 10, una crono individual de 28,6kms. entre Lucca y Pisa donde vol\u00f3 el neerland\u00e9s Daan Hoole (Lidl-Trek) con una marca de 32min. 30seg.<\/p>\n<p>El escolta fue quien hab\u00eda sido el mejor de la CRI en Albania, el brit\u00e1nico Joshua Tarling (Ineos Grenadiers) a solo 6seg. de diferencia. El podio lo complet\u00f3 el brit\u00e1nico Ethan Hayter (Soudal Quick-Step) a 9seg.<\/p>\n<p>Cabe destacar que, promediando la jornada, una fuerte lluvia se hizo presente en Pisa y complic\u00f3 el registro de los principales competidores.<\/p>\n<p>Con estos resultados, la General del Giro de Italia sigue bajo el dominio del mexicano Isaac Del Toro (UAE Team Emirates) con un total de 34hs. 11min. 37seg. escoltado por el espa\u00f1ol Juan Ayuso (UAE Team Emirates) a 25seg.; el italiano Antonio Tiberi (Bahrain-Victorius) a 1min. 01seg.; el brit\u00e1nico Simon Yates (Team Visma) a 1min. 03seg. y el esloveno Primoz Roglic (Red Bull-Bora) a 1min. 18seg.<\/p>\n<p>Este mi\u00e9rcoles se disputar\u00e1 la Etapa 11, un recorrido de 186kms. de monta\u00f1a entre Viareggio y Castelnovo ne Monti con el exigente paso por Alpe San Pellegrino, a m\u00e1s de 1600msnm.<\/p>\n<hr \/>\n<p><strong>Nota:<\/strong> Redacci\u00f3n<\/p>\n","protected":false},"excerpt":{"rendered":"<p>El neerland\u00e9s del Lidl-Trek se qued\u00f3 con la cronometrada que uni\u00f3 Lucca con Pisa. El mexicano Del Toro, del UAE Team Emirates, se mantiene como l\u00edder.\u00a0<\/p>\n","protected":false},"author":1,"featured_media":26978,"comment_status":"closed","ping_status":"closed","sticky":false,"template":"","format":"standard","meta":{"footnotes":""},"categories":[42,40,32],"tags":[41,223],"class_list":{"0":"post-26977","1":"post","2":"type-post","3":"status-publish","4":"format-standard","5":"has-post-thumbnail","7":"category-42","8":"category-ciclismo","9":"category-poli","10":"tag-ciclismo","11":"tag-giro-de-italia"},"yoast_head":"<!-- This site is optimized with the Yoast SEO plugin v27.4 - https:\/\/yoast.com\/product\/yoast-seo-wordpress\/ -->\n<title>Hoole vol\u00f3 al pie de la torre - DSL<\/title>\n<meta name=\"description\" content=\"El neerland\u00e9s del Lidl-Trek se qued\u00f3 con la cronometrada que uni\u00f3 Lucca con Pisa. El mexicano Del Toro, del UAE Team Emirates, se mantiene como l\u00edder.\u00a0\" \/>\n<meta name=\"robots\" content=\"index, follow, max-snippet:-1, max-image-preview:large, max-video-preview:-1\" \/>\n<link rel=\"canonical\" href=\"https:\/\/deportesanluis.com.ar\/hoole-volo-al-pie-de-la-torre\/\" \/>\n<meta property=\"og:locale\" content=\"es_ES\" \/>\n<meta property=\"og:type\" content=\"article\" \/>\n<meta property=\"og:title\" content=\"Hoole vol\u00f3 al pie de la torre - DSL\" \/>\n<meta property=\"og:description\" content=\"El neerland\u00e9s del Lidl-Trek se qued\u00f3 con la cronometrada que uni\u00f3 Lucca con Pisa. El mexicano Del Toro, del UAE Team Emirates, se mantiene como l\u00edder.\u00a0\" \/>\n<meta property=\"og:url\" content=\"https:\/\/deportesanluis.com.ar\/hoole-volo-al-pie-de-la-torre\/\" \/>\n<meta property=\"og:site_name\" content=\"DSL\" \/>\n<meta property=\"article:publisher\" content=\"https:\/\/www.facebook.com\/DSLDeporteSanLuis\" \/>\n<meta property=\"article:published_time\" content=\"2025-05-21T13:05:05+00:00\" \/>\n<meta property=\"og:image\" content=\"https:\/\/deportesanluis.com.ar\/wp-content\/uploads\/2025\/05\/Hoole-E11-Giro25.jpg\" \/>\n\t<meta property=\"og:image:width\" content=\"800\" \/>\n\t<meta property=\"og:image:height\" content=\"500\" \/>\n\t<meta property=\"og:image:type\" content=\"image\/jpeg\" \/>\n<meta name=\"author\" content=\"admin\" \/>\n<meta name=\"twitter:card\" content=\"summary_large_image\" \/>\n<meta name=\"twitter:creator\" content=\"@deportesanluis\" \/>\n<meta name=\"twitter:site\" content=\"@deportesanluis\" \/>\n<meta name=\"twitter:label1\" content=\"Escrito por\" \/>\n\t<meta name=\"twitter:data1\" content=\"admin\" \/>\n\t<meta name=\"twitter:label2\" content=\"Tiempo de lectura\" \/>\n\t<meta name=\"twitter:data2\" content=\"2 minutos\" \/>\n<script type=\"application\/ld+json\" class=\"yoast-schema-graph\">{\"@context\":\"https:\\\/\\\/schema.org\",\"@graph\":[{\"@type\":\"Article\",\"@id\":\"https:\\\/\\\/deportesanluis.com.ar\\\/hoole-volo-al-pie-de-la-torre\\\/#article\",\"isPartOf\":{\"@id\":\"https:\\\/\\\/deportesanluis.com.ar\\\/hoole-volo-al-pie-de-la-torre\\\/\"},\"author\":{\"name\":\"admin\",\"@id\":\"https:\\\/\\\/deportesanluis.com.ar\\\/#\\\/schema\\\/person\\\/4b3e665481e93d271fced43ee48143c8\"},\"headline\":\"Hoole vol\u00f3 al pie de la torre\",\"datePublished\":\"2025-05-21T13:05:05+00:00\",\"mainEntityOfPage\":{\"@id\":\"https:\\\/\\\/deportesanluis.com.ar\\\/hoole-volo-al-pie-de-la-torre\\\/\"},\"wordCount\":209,\"publisher\":{\"@id\":\"https:\\\/\\\/deportesanluis.com.ar\\\/#organization\"},\"image\":{\"@id\":\"https:\\\/\\\/deportesanluis.com.ar\\\/hoole-volo-al-pie-de-la-torre\\\/#primaryimage\"},\"thumbnailUrl\":\"https:\\\/\\\/deportesanluis.com.ar\\\/wp-content\\\/uploads\\\/2025\\\/05\\\/Hoole-E11-Giro25.jpg\",\"keywords\":[\"Ciclismo\",\"Giro de Italia\"],\"articleSection\":[\"6\",\"Ciclismo\",\"Poli\"],\"inLanguage\":\"es-AR\"},{\"@type\":\"WebPage\",\"@id\":\"https:\\\/\\\/deportesanluis.com.ar\\\/hoole-volo-al-pie-de-la-torre\\\/\",\"url\":\"https:\\\/\\\/deportesanluis.com.ar\\\/hoole-volo-al-pie-de-la-torre\\\/\",\"name\":\"Hoole vol\u00f3 al pie de la torre - DSL\",\"isPartOf\":{\"@id\":\"https:\\\/\\\/deportesanluis.com.ar\\\/#website\"},\"primaryImageOfPage\":{\"@id\":\"https:\\\/\\\/deportesanluis.com.ar\\\/hoole-volo-al-pie-de-la-torre\\\/#primaryimage\"},\"image\":{\"@id\":\"https:\\\/\\\/deportesanluis.com.ar\\\/hoole-volo-al-pie-de-la-torre\\\/#primaryimage\"},\"thumbnailUrl\":\"https:\\\/\\\/deportesanluis.com.ar\\\/wp-content\\\/uploads\\\/2025\\\/05\\\/Hoole-E11-Giro25.jpg\",\"datePublished\":\"2025-05-21T13:05:05+00:00\",\"description\":\"El neerland\u00e9s del Lidl-Trek se qued\u00f3 con la cronometrada que uni\u00f3 Lucca con Pisa. El mexicano Del Toro, del UAE Team Emirates, se mantiene como l\u00edder.\u00a0\",\"breadcrumb\":{\"@id\":\"https:\\\/\\\/deportesanluis.com.ar\\\/hoole-volo-al-pie-de-la-torre\\\/#breadcrumb\"},\"inLanguage\":\"es-AR\",\"potentialAction\":[{\"@type\":\"ReadAction\",\"target\":[\"https:\\\/\\\/deportesanluis.com.ar\\\/hoole-volo-al-pie-de-la-torre\\\/\"]}]},{\"@type\":\"ImageObject\",\"inLanguage\":\"es-AR\",\"@id\":\"https:\\\/\\\/deportesanluis.com.ar\\\/hoole-volo-al-pie-de-la-torre\\\/#primaryimage\",\"url\":\"https:\\\/\\\/deportesanluis.com.ar\\\/wp-content\\\/uploads\\\/2025\\\/05\\\/Hoole-E11-Giro25.jpg\",\"contentUrl\":\"https:\\\/\\\/deportesanluis.com.ar\\\/wp-content\\\/uploads\\\/2025\\\/05\\\/Hoole-E11-Giro25.jpg\",\"width\":800,\"height\":500},{\"@type\":\"BreadcrumbList\",\"@id\":\"https:\\\/\\\/deportesanluis.com.ar\\\/hoole-volo-al-pie-de-la-torre\\\/#breadcrumb\",\"itemListElement\":[{\"@type\":\"ListItem\",\"position\":1,\"name\":\"Home\",\"item\":\"https:\\\/\\\/deportesanluis.com.ar\\\/\"},{\"@type\":\"ListItem\",\"position\":2,\"name\":\"Hoole vol\u00f3 al pie de la torre\"}]},{\"@type\":\"WebSite\",\"@id\":\"https:\\\/\\\/deportesanluis.com.ar\\\/#website\",\"url\":\"https:\\\/\\\/deportesanluis.com.ar\\\/\",\"name\":\"deportesanluis.com.ar\",\"description\":\"Noticias de Deporte de San Luis\",\"publisher\":{\"@id\":\"https:\\\/\\\/deportesanluis.com.ar\\\/#organization\"},\"alternateName\":\"Deporte SL\",\"potentialAction\":[{\"@type\":\"SearchAction\",\"target\":{\"@type\":\"EntryPoint\",\"urlTemplate\":\"https:\\\/\\\/deportesanluis.com.ar\\\/?s={search_term_string}\"},\"query-input\":{\"@type\":\"PropertyValueSpecification\",\"valueRequired\":true,\"valueName\":\"search_term_string\"}}],\"inLanguage\":\"es-AR\"},{\"@type\":\"Organization\",\"@id\":\"https:\\\/\\\/deportesanluis.com.ar\\\/#organization\",\"name\":\"DSL\",\"alternateName\":\"Deporte SL\",\"url\":\"https:\\\/\\\/deportesanluis.com.ar\\\/\",\"logo\":{\"@type\":\"ImageObject\",\"inLanguage\":\"es-AR\",\"@id\":\"https:\\\/\\\/deportesanluis.com.ar\\\/#\\\/schema\\\/logo\\\/image\\\/\",\"url\":\"https:\\\/\\\/deportesanluis.com.ar\\\/wp-content\\\/uploads\\\/2023\\\/06\\\/DSL-Logo-2023-5.jpg\",\"contentUrl\":\"https:\\\/\\\/deportesanluis.com.ar\\\/wp-content\\\/uploads\\\/2023\\\/06\\\/DSL-Logo-2023-5.jpg\",\"width\":1718,\"height\":845,\"caption\":\"DSL\"},\"image\":{\"@id\":\"https:\\\/\\\/deportesanluis.com.ar\\\/#\\\/schema\\\/logo\\\/image\\\/\"},\"sameAs\":[\"https:\\\/\\\/www.facebook.com\\\/DSLDeporteSanLuis\",\"https:\\\/\\\/x.com\\\/deportesanluis\",\"https:\\\/\\\/www.instagram.com\\\/dsl_deportesanluis\\\/\"]},{\"@type\":\"Person\",\"@id\":\"https:\\\/\\\/deportesanluis.com.ar\\\/#\\\/schema\\\/person\\\/4b3e665481e93d271fced43ee48143c8\",\"name\":\"admin\",\"image\":{\"@type\":\"ImageObject\",\"inLanguage\":\"es-AR\",\"@id\":\"https:\\\/\\\/secure.gravatar.com\\\/avatar\\\/5424b2c21466f502587708c43dbe2dc47b5e643fec67835095677cd3af6ba546?s=96&d=mm&r=g\",\"url\":\"https:\\\/\\\/secure.gravatar.com\\\/avatar\\\/5424b2c21466f502587708c43dbe2dc47b5e643fec67835095677cd3af6ba546?s=96&d=mm&r=g\",\"contentUrl\":\"https:\\\/\\\/secure.gravatar.com\\\/avatar\\\/5424b2c21466f502587708c43dbe2dc47b5e643fec67835095677cd3af6ba546?s=96&d=mm&r=g\",\"caption\":\"admin\"},\"sameAs\":[\"https:\\\/\\\/deportesanluis.com.ar\"],\"url\":\"https:\\\/\\\/deportesanluis.com.ar\\\/author\\\/admin\\\/\"}]}<\/script>\n<!-- \/ Yoast SEO plugin. -->","yoast_head_json":{"title":"Hoole vol\u00f3 al pie de la torre - DSL","description":"El neerland\u00e9s del Lidl-Trek se qued\u00f3 con la cronometrada que uni\u00f3 Lucca con Pisa. El mexicano Del Toro, del UAE Team Emirates, se mantiene como l\u00edder.\u00a0","robots":{"index":"index","follow":"follow","max-snippet":"max-snippet:-1","max-image-preview":"max-image-preview:large","max-video-preview":"max-video-preview:-1"},"canonical":"https:\/\/deportesanluis.com.ar\/hoole-volo-al-pie-de-la-torre\/","og_locale":"es_ES","og_type":"article","og_title":"Hoole vol\u00f3 al pie de la torre - DSL","og_description":"El neerland\u00e9s del Lidl-Trek se qued\u00f3 con la cronometrada que uni\u00f3 Lucca con Pisa. El mexicano Del Toro, del UAE Team Emirates, se mantiene como l\u00edder.\u00a0","og_url":"https:\/\/deportesanluis.com.ar\/hoole-volo-al-pie-de-la-torre\/","og_site_name":"DSL","article_publisher":"https:\/\/www.facebook.com\/DSLDeporteSanLuis","article_published_time":"2025-05-21T13:05:05+00:00","og_image":[{"width":800,"height":500,"url":"https:\/\/deportesanluis.com.ar\/wp-content\/uploads\/2025\/05\/Hoole-E11-Giro25.jpg","type":"image\/jpeg"}],"author":"admin","twitter_card":"summary_large_image","twitter_creator":"@deportesanluis","twitter_site":"@deportesanluis","twitter_misc":{"Escrito por":"admin","Tiempo de lectura":"2 minutos"},"schema":{"@context":"https:\/\/schema.org","@graph":[{"@type":"Article","@id":"https:\/\/deportesanluis.com.ar\/hoole-volo-al-pie-de-la-torre\/#article","isPartOf":{"@id":"https:\/\/deportesanluis.com.ar\/hoole-volo-al-pie-de-la-torre\/"},"author":{"name":"admin","@id":"https:\/\/deportesanluis.com.ar\/#\/schema\/person\/4b3e665481e93d271fced43ee48143c8"},"headline":"Hoole vol\u00f3 al pie de la torre","datePublished":"2025-05-21T13:05:05+00:00","mainEntityOfPage":{"@id":"https:\/\/deportesanluis.com.ar\/hoole-volo-al-pie-de-la-torre\/"},"wordCount":209,"publisher":{"@id":"https:\/\/deportesanluis.com.ar\/#organization"},"image":{"@id":"https:\/\/deportesanluis.com.ar\/hoole-volo-al-pie-de-la-torre\/#primaryimage"},"thumbnailUrl":"https:\/\/deportesanluis.com.ar\/wp-content\/uploads\/2025\/05\/Hoole-E11-Giro25.jpg","keywords":["Ciclismo","Giro de Italia"],"articleSection":["6","Ciclismo","Poli"],"inLanguage":"es-AR"},{"@type":"WebPage","@id":"https:\/\/deportesanluis.com.ar\/hoole-volo-al-pie-de-la-torre\/","url":"https:\/\/deportesanluis.com.ar\/hoole-volo-al-pie-de-la-torre\/","name":"Hoole vol\u00f3 al pie de la torre - DSL","isPartOf":{"@id":"https:\/\/deportesanluis.com.ar\/#website"},"primaryImageOfPage":{"@id":"https:\/\/deportesanluis.com.ar\/hoole-volo-al-pie-de-la-torre\/#primaryimage"},"image":{"@id":"https:\/\/deportesanluis.com.ar\/hoole-volo-al-pie-de-la-torre\/#primaryimage"},"thumbnailUrl":"https:\/\/deportesanluis.com.ar\/wp-content\/uploads\/2025\/05\/Hoole-E11-Giro25.jpg","datePublished":"2025-05-21T13:05:05+00:00","description":"El neerland\u00e9s del Lidl-Trek se qued\u00f3 con la cronometrada que uni\u00f3 Lucca con Pisa. El mexicano Del Toro, del UAE Team Emirates, se mantiene como l\u00edder.\u00a0","breadcrumb":{"@id":"https:\/\/deportesanluis.com.ar\/hoole-volo-al-pie-de-la-torre\/#breadcrumb"},"inLanguage":"es-AR","potentialAction":[{"@type":"ReadAction","target":["https:\/\/deportesanluis.com.ar\/hoole-volo-al-pie-de-la-torre\/"]}]},{"@type":"ImageObject","inLanguage":"es-AR","@id":"https:\/\/deportesanluis.com.ar\/hoole-volo-al-pie-de-la-torre\/#primaryimage","url":"https:\/\/deportesanluis.com.ar\/wp-content\/uploads\/2025\/05\/Hoole-E11-Giro25.jpg","contentUrl":"https:\/\/deportesanluis.com.ar\/wp-content\/uploads\/2025\/05\/Hoole-E11-Giro25.jpg","width":800,"height":500},{"@type":"BreadcrumbList","@id":"https:\/\/deportesanluis.com.ar\/hoole-volo-al-pie-de-la-torre\/#breadcrumb","itemListElement":[{"@type":"ListItem","position":1,"name":"Home","item":"https:\/\/deportesanluis.com.ar\/"},{"@type":"ListItem","position":2,"name":"Hoole vol\u00f3 al pie de la torre"}]},{"@type":"WebSite","@id":"https:\/\/deportesanluis.com.ar\/#website","url":"https:\/\/deportesanluis.com.ar\/","name":"deportesanluis.com.ar","description":"Noticias de Deporte de San Luis","publisher":{"@id":"https:\/\/deportesanluis.com.ar\/#organization"},"alternateName":"Deporte SL","potentialAction":[{"@type":"SearchAction","target":{"@type":"EntryPoint","urlTemplate":"https:\/\/deportesanluis.com.ar\/?s={search_term_string}"},"query-input":{"@type":"PropertyValueSpecification","valueRequired":true,"valueName":"search_term_string"}}],"inLanguage":"es-AR"},{"@type":"Organization","@id":"https:\/\/deportesanluis.com.ar\/#organization","name":"DSL","alternateName":"Deporte SL","url":"https:\/\/deportesanluis.com.ar\/","logo":{"@type":"ImageObject","inLanguage":"es-AR","@id":"https:\/\/deportesanluis.com.ar\/#\/schema\/logo\/image\/","url":"https:\/\/deportesanluis.com.ar\/wp-content\/uploads\/2023\/06\/DSL-Logo-2023-5.jpg","contentUrl":"https:\/\/deportesanluis.com.ar\/wp-content\/uploads\/2023\/06\/DSL-Logo-2023-5.jpg","width":1718,"height":845,"caption":"DSL"},"image":{"@id":"https:\/\/deportesanluis.com.ar\/#\/schema\/logo\/image\/"},"sameAs":["https:\/\/www.facebook.com\/DSLDeporteSanLuis","https:\/\/x.com\/deportesanluis","https:\/\/www.instagram.com\/dsl_deportesanluis\/"]},{"@type":"Person","@id":"https:\/\/deportesanluis.com.ar\/#\/schema\/person\/4b3e665481e93d271fced43ee48143c8","name":"admin","image":{"@type":"ImageObject","inLanguage":"es-AR","@id":"https:\/\/secure.gravatar.com\/avatar\/5424b2c21466f502587708c43dbe2dc47b5e643fec67835095677cd3af6ba546?s=96&d=mm&r=g","url":"https:\/\/secure.gravatar.com\/avatar\/5424b2c21466f502587708c43dbe2dc47b5e643fec67835095677cd3af6ba546?s=96&d=mm&r=g","contentUrl":"https:\/\/secure.gravatar.com\/avatar\/5424b2c21466f502587708c43dbe2dc47b5e643fec67835095677cd3af6ba546?s=96&d=mm&r=g","caption":"admin"},"sameAs":["https:\/\/deportesanluis.com.ar"],"url":"https:\/\/deportesanluis.com.ar\/author\/admin\/"}]}},"_links":{"self":[{"href":"https:\/\/deportesanluis.com.ar\/wp-json\/wp\/v2\/posts\/26977","targetHints":{"allow":["GET"]}}],"collection":[{"href":"https:\/\/deportesanluis.com.ar\/wp-json\/wp\/v2\/posts"}],"about":[{"href":"https:\/\/deportesanluis.com.ar\/wp-json\/wp\/v2\/types\/post"}],"author":[{"embeddable":true,"href":"https:\/\/deportesanluis.com.ar\/wp-json\/wp\/v2\/users\/1"}],"replies":[{"embeddable":true,"href":"https:\/\/deportesanluis.com.ar\/wp-json\/wp\/v2\/comments?post=26977"}],"version-history":[{"count":0,"href":"https:\/\/deportesanluis.com.ar\/wp-json\/wp\/v2\/posts\/26977\/revisions"}],"wp:featuredmedia":[{"embeddable":true,"href":"https:\/\/deportesanluis.com.ar\/wp-json\/wp\/v2\/media\/26978"}],"wp:attachment":[{"href":"https:\/\/deportesanluis.com.ar\/wp-json\/wp\/v2\/media?parent=26977"}],"wp:term":[{"taxonomy":"category","embeddable":true,"href":"https:\/\/deportesanluis.com.ar\/wp-json\/wp\/v2\/categories?post=26977"},{"taxonomy":"post_tag","embeddable":true,"href":"https:\/\/deportesanluis.com.ar\/wp-json\/wp\/v2\/tags?post=26977"}],"curies":[{"name":"wp","href":"https:\/\/api.w.org\/{rel}","templated":true}]}}