{"id":26993,"date":"2025-05-22T11:15:31","date_gmt":"2025-05-22T14:15:31","guid":{"rendered":"https:\/\/deportesanluis.com.ar\/?p=26993"},"modified":"2025-05-22T11:15:31","modified_gmt":"2025-05-22T14:15:31","slug":"carapaz-se-anota-una-en-el-giro","status":"publish","type":"post","link":"https:\/\/deportesanluis.com.ar\/carapaz-se-anota-una-en-el-giro\/","title":{"rendered":"Carapaz se anota una en el Giro"},"content":{"rendered":"<p>El Giro de Italia celebr\u00f3 este mi\u00e9rcoles su Etapa 11, una exigente prueba de monta\u00f1a entre Viareggio y Castelnovo ne\u00b4Monti con 186kms. de recorrido.<\/p>\n<p>El triunfo fue para el ecuatoriano Richard Carapaz (EF Education) con una marca de 4hs. 35min. 20seg. escoltado por el mexicano Isaac Del Toro (UAE Team Emirates), el italiano Giulio Ciccone (Lidl-Trek), el brit\u00e1nico Thomas Pidcock (Q36.5) y el colombiano Egan Bernal (Ineos Grenadiers) a 10seg. de diferencia.<\/p>\n\r\n                <style type=\"text\/css\">\r\n                    \r\n                    #tdi_1  .td-doubleSlider-2 .td-item1 {\r\n                        background: url(https:\/\/deportesanluis.com.ar\/wp-content\/uploads\/2025\/05\/Carapaz-E12-04-Giro25-80x60.jpg) 0 0 no-repeat;\r\n                    }\r\n                    #tdi_1  .td-doubleSlider-2 .td-item2 {\r\n                        background: url(https:\/\/deportesanluis.com.ar\/wp-content\/uploads\/2025\/05\/Carapaz-E12-03-Giro25-80x60.jpg) 0 0 no-repeat;\r\n                    }\r\n                    #tdi_1  .td-doubleSlider-2 .td-item3 {\r\n                        background: url(https:\/\/deportesanluis.com.ar\/wp-content\/uploads\/2025\/05\/Carapaz-E12-02-Giro25-80x60.jpg) 0 0 no-repeat;\r\n                    }\r\n                    #tdi_1  .td-doubleSlider-2 .td-item4 {\r\n                        background: url(https:\/\/deportesanluis.com.ar\/wp-content\/uploads\/2025\/05\/Carapaz-E12-01-Giro25-80x60.jpg) 0 0 no-repeat;\r\n                    }\r\n                <\/style>\r\n\r\n                <div id=\"tdi_1\" class=\"td-gallery td-slide-on-2-columns\">\r\n                    <div class=\"post_td_gallery\">\r\n                        <div class=\"td-gallery-slide-top\">\r\n                           <div class=\"td-gallery-title\"><\/div>\r\n\r\n                            <div class=\"td-gallery-controls-wrapper\">\r\n                                <div class=\"td-gallery-slide-count\"><span class=\"td-gallery-slide-item-focus\">1<\/span> de 4<\/div>\r\n                                <div class=\"td-gallery-slide-prev-next-but\">\r\n                                    <i class = \"td-icon-left doubleSliderPrevButton\"><\/i>\r\n                                    <i class = \"td-icon-right doubleSliderNextButton\"><\/i>\r\n                                <\/div>\r\n                            <\/div>\r\n                        <\/div>\r\n\r\n                        <div class = \"td-doubleSlider-1 \">\r\n                            <div class = \"td-slider\">\r\n                                \r\n                    <div class = \"td-slide-item td-item1\">\r\n                        <figure class=\"td-slide-galery-figure td-slide-popup-gallery\">\r\n                            <a class=\"slide-gallery-image-link\" href=\"https:\/\/deportesanluis.com.ar\/wp-content\/uploads\/2025\/05\/Carapaz-E12-04-Giro25.jpg\" title=\"Carapaz-E12-04-Giro25\"  data-caption=\"\"  data-description=\"\">\r\n                                <img decoding=\"async\" src=\"https:\/\/deportesanluis.com.ar\/wp-content\/uploads\/2025\/05\/Carapaz-E12-04-Giro25-672x420.jpg\" srcset=\"https:\/\/deportesanluis.com.ar\/wp-content\/uploads\/2025\/05\/Carapaz-E12-04-Giro25-672x420.jpg 672w, https:\/\/deportesanluis.com.ar\/wp-content\/uploads\/2025\/05\/Carapaz-E12-04-Giro25-300x188.jpg 300w, https:\/\/deportesanluis.com.ar\/wp-content\/uploads\/2025\/05\/Carapaz-E12-04-Giro25-768x480.jpg 768w, https:\/\/deportesanluis.com.ar\/wp-content\/uploads\/2025\/05\/Carapaz-E12-04-Giro25-150x94.jpg 150w, https:\/\/deportesanluis.com.ar\/wp-content\/uploads\/2025\/05\/Carapaz-E12-04-Giro25-696x435.jpg 696w, https:\/\/deportesanluis.com.ar\/wp-content\/uploads\/2025\/05\/Carapaz-E12-04-Giro25.jpg 800w\" sizes=\"(max-width: 672px) 100vw, 672px\" alt=\"\">\r\n                            <\/a>\r\n                            \r\n                        <\/figure>\r\n                    <\/div>\r\n                    <div class = \"td-slide-item td-item2\">\r\n                        <figure class=\"td-slide-galery-figure td-slide-popup-gallery\">\r\n                            <a class=\"slide-gallery-image-link\" href=\"https:\/\/deportesanluis.com.ar\/wp-content\/uploads\/2025\/05\/Carapaz-E12-03-Giro25.jpg\" title=\"Carapaz-E12-03-Giro25\"  data-caption=\"\"  data-description=\"\">\r\n                                <img decoding=\"async\" src=\"https:\/\/deportesanluis.com.ar\/wp-content\/uploads\/2025\/05\/Carapaz-E12-03-Giro25-672x420.jpg\" srcset=\"https:\/\/deportesanluis.com.ar\/wp-content\/uploads\/2025\/05\/Carapaz-E12-03-Giro25-672x420.jpg 672w, https:\/\/deportesanluis.com.ar\/wp-content\/uploads\/2025\/05\/Carapaz-E12-03-Giro25-300x188.jpg 300w, https:\/\/deportesanluis.com.ar\/wp-content\/uploads\/2025\/05\/Carapaz-E12-03-Giro25-768x480.jpg 768w, https:\/\/deportesanluis.com.ar\/wp-content\/uploads\/2025\/05\/Carapaz-E12-03-Giro25-150x94.jpg 150w, https:\/\/deportesanluis.com.ar\/wp-content\/uploads\/2025\/05\/Carapaz-E12-03-Giro25-696x435.jpg 696w, https:\/\/deportesanluis.com.ar\/wp-content\/uploads\/2025\/05\/Carapaz-E12-03-Giro25.jpg 800w\" sizes=\"(max-width: 672px) 100vw, 672px\" alt=\"\">\r\n                            <\/a>\r\n                            \r\n                        <\/figure>\r\n                    <\/div>\r\n                    <div class = \"td-slide-item td-item3\">\r\n                        <figure class=\"td-slide-galery-figure td-slide-popup-gallery\">\r\n                            <a class=\"slide-gallery-image-link\" href=\"https:\/\/deportesanluis.com.ar\/wp-content\/uploads\/2025\/05\/Carapaz-E12-02-Giro25.jpg\" title=\"Carapaz-E12-02-Giro25\"  data-caption=\"\"  data-description=\"\">\r\n                                <img decoding=\"async\" src=\"https:\/\/deportesanluis.com.ar\/wp-content\/uploads\/2025\/05\/Carapaz-E12-02-Giro25-672x420.jpg\" srcset=\"https:\/\/deportesanluis.com.ar\/wp-content\/uploads\/2025\/05\/Carapaz-E12-02-Giro25-672x420.jpg 672w, https:\/\/deportesanluis.com.ar\/wp-content\/uploads\/2025\/05\/Carapaz-E12-02-Giro25-300x188.jpg 300w, https:\/\/deportesanluis.com.ar\/wp-content\/uploads\/2025\/05\/Carapaz-E12-02-Giro25-768x480.jpg 768w, https:\/\/deportesanluis.com.ar\/wp-content\/uploads\/2025\/05\/Carapaz-E12-02-Giro25-150x94.jpg 150w, https:\/\/deportesanluis.com.ar\/wp-content\/uploads\/2025\/05\/Carapaz-E12-02-Giro25-696x435.jpg 696w, https:\/\/deportesanluis.com.ar\/wp-content\/uploads\/2025\/05\/Carapaz-E12-02-Giro25.jpg 800w\" sizes=\"(max-width: 672px) 100vw, 672px\" alt=\"\">\r\n                            <\/a>\r\n                            \r\n                        <\/figure>\r\n                    <\/div>\r\n                    <div class = \"td-slide-item td-item4\">\r\n                        <figure class=\"td-slide-galery-figure td-slide-popup-gallery\">\r\n                            <a class=\"slide-gallery-image-link\" href=\"https:\/\/deportesanluis.com.ar\/wp-content\/uploads\/2025\/05\/Carapaz-E12-01-Giro25.jpg\" title=\"Carapaz-E12-01-Giro25\"  data-caption=\"\"  data-description=\"\">\r\n                                <img decoding=\"async\" src=\"https:\/\/deportesanluis.com.ar\/wp-content\/uploads\/2025\/05\/Carapaz-E12-01-Giro25-672x420.jpg\" srcset=\"https:\/\/deportesanluis.com.ar\/wp-content\/uploads\/2025\/05\/Carapaz-E12-01-Giro25-672x420.jpg 672w, https:\/\/deportesanluis.com.ar\/wp-content\/uploads\/2025\/05\/Carapaz-E12-01-Giro25-300x188.jpg 300w, https:\/\/deportesanluis.com.ar\/wp-content\/uploads\/2025\/05\/Carapaz-E12-01-Giro25-768x480.jpg 768w, https:\/\/deportesanluis.com.ar\/wp-content\/uploads\/2025\/05\/Carapaz-E12-01-Giro25-150x94.jpg 150w, https:\/\/deportesanluis.com.ar\/wp-content\/uploads\/2025\/05\/Carapaz-E12-01-Giro25-696x435.jpg 696w, https:\/\/deportesanluis.com.ar\/wp-content\/uploads\/2025\/05\/Carapaz-E12-01-Giro25.jpg 800w\" sizes=\"(max-width: 672px) 100vw, 672px\" alt=\"\">\r\n                            <\/a>\r\n                            \r\n                        <\/figure>\r\n                    <\/div>\r\n                            <\/div>\r\n                        <\/div>\r\n\r\n                        <div class = \"td-doubleSlider-2\">\r\n                            <div class = \"td-slider\">\r\n                                \r\n                    <div class = \"td-button td-item1\">\r\n                        <div class = \"td-border\"><\/div>\r\n                    <\/div>\r\n                    <div class = \"td-button td-item2\">\r\n                        <div class = \"td-border\"><\/div>\r\n                    <\/div>\r\n                    <div class = \"td-button td-item3\">\r\n                        <div class = \"td-border\"><\/div>\r\n                    <\/div>\r\n                    <div class = \"td-button td-item4\">\r\n                        <div class = \"td-border\"><\/div>\r\n                    <\/div>\r\n                            <\/div>\r\n                        <\/div>\r\n\r\n                    <\/div>\r\n\r\n                <\/div>\r\n                \n<p>La jornada cont\u00f3 con cuatro premios de velocidad que quedaron en manos del espa\u00f1ol Xabier Azparren (Q36.5), el colombiano Nairo Quintana (Movistar), el italiano Lorenzo Fortunato (XDS Astana) y Carapaz. Estos \u00faltimos, adem\u00e1s, ganaron los puertos de monta\u00f1a.<\/p>\n<p>Con estos resultados, la General del Giro de Italia sigue bajo el dominio de Del Toro con un total de 38hs. 47min. 01seg. Lo siguen el espa\u00f1ol Juan Ayuso (UAE Team Emirates) a 31seg.; el italiano Antonio Tiberi (Bahrain-Victorius) a 1min. 07seg.; el brit\u00e1nico Simon Yates (Team Visma) a 1min. 09seg.; el esloveno Primoz Roglic (Red Bull-Bora) a 1min. 24seg. y Carapaz que trepa al sexto lugar, a 1min. 56seg.<\/p>\n<p>El dan\u00e9s Mads Pedersen (Lidl-Trek) con 153 puntos y el local Fortunato con 156 unidades, se mantienen como l\u00edderes de las Metas de Velocidad y Monta\u00f1a, respectivamente.<\/p>\n<p>La Sub23 es liderada por Del Toro pero, como luce la &#8220;Maglia Rossa&#8221;, la casaca blanca la usar\u00e1 su escolta Ayuso; mientras que el UAE Team Emirates es el mejor equipo.<\/p>\n<p>Este jueves se disputar\u00e1 la Etapa 12, ser\u00e1n 172kms. entre Modena y Viadana donde se espera un interesante sprint final.<\/p>\n<hr \/>\n<p><strong>Nota:<\/strong> Redacci\u00f3n\u00a0 \u00a0<strong>Fotos:<\/strong> Prensa Giro de Italia<\/p>\n","protected":false},"excerpt":{"rendered":"<p>El ecuatoriano del EF Education se qued\u00f3 con la exigente jornada en Castelnovo neMonti. Su escolta fue el l\u00edder de la General, el mexicano Isaac Del Toro del UAE Team Emirates.\u00a0<\/p>\n","protected":false},"author":1,"featured_media":26994,"comment_status":"closed","ping_status":"closed","sticky":false,"template":"","format":"standard","meta":{"footnotes":""},"categories":[42,40,32],"tags":[41,223],"class_list":{"0":"post-26993","1":"post","2":"type-post","3":"status-publish","4":"format-standard","5":"has-post-thumbnail","7":"category-42","8":"category-ciclismo","9":"category-poli","10":"tag-ciclismo","11":"tag-giro-de-italia"},"yoast_head":"<!-- This site is optimized with the Yoast SEO plugin v27.4 - https:\/\/yoast.com\/product\/yoast-seo-wordpress\/ -->\n<title>Carapaz se anota una en el Giro - DSL<\/title>\n<meta name=\"description\" content=\"El ecuatoriano del EF Education se qued\u00f3 con la exigente jornada en Castelnovo neMonti. Su escolta fue el l\u00edder de la General, el mexicano Isaac Del Toro del UAE Team Emirates.\u00a0\" \/>\n<meta name=\"robots\" content=\"index, follow, max-snippet:-1, max-image-preview:large, max-video-preview:-1\" \/>\n<link rel=\"canonical\" href=\"https:\/\/deportesanluis.com.ar\/carapaz-se-anota-una-en-el-giro\/\" \/>\n<meta property=\"og:locale\" content=\"es_ES\" \/>\n<meta property=\"og:type\" content=\"article\" \/>\n<meta property=\"og:title\" content=\"Carapaz se anota una en el Giro - DSL\" \/>\n<meta property=\"og:description\" content=\"El ecuatoriano del EF Education se qued\u00f3 con la exigente jornada en Castelnovo neMonti. Su escolta fue el l\u00edder de la General, el mexicano Isaac Del Toro del UAE Team Emirates.\u00a0\" \/>\n<meta property=\"og:url\" content=\"https:\/\/deportesanluis.com.ar\/carapaz-se-anota-una-en-el-giro\/\" \/>\n<meta property=\"og:site_name\" content=\"DSL\" \/>\n<meta property=\"article:publisher\" content=\"https:\/\/www.facebook.com\/DSLDeporteSanLuis\" \/>\n<meta property=\"article:published_time\" content=\"2025-05-22T14:15:31+00:00\" \/>\n<meta property=\"og:image\" content=\"https:\/\/deportesanluis.com.ar\/wp-content\/uploads\/2025\/05\/Carapaz-E12-01-Giro25.jpg\" \/>\n\t<meta property=\"og:image:width\" content=\"800\" \/>\n\t<meta property=\"og:image:height\" content=\"500\" \/>\n\t<meta property=\"og:image:type\" content=\"image\/jpeg\" \/>\n<meta name=\"author\" content=\"admin\" \/>\n<meta name=\"twitter:card\" content=\"summary_large_image\" \/>\n<meta name=\"twitter:creator\" content=\"@deportesanluis\" \/>\n<meta name=\"twitter:site\" content=\"@deportesanluis\" \/>\n<meta name=\"twitter:label1\" content=\"Escrito por\" \/>\n\t<meta name=\"twitter:data1\" content=\"admin\" \/>\n\t<meta name=\"twitter:label2\" content=\"Tiempo de lectura\" \/>\n\t<meta name=\"twitter:data2\" content=\"2 minutos\" \/>\n<script type=\"application\/ld+json\" class=\"yoast-schema-graph\">{\"@context\":\"https:\\\/\\\/schema.org\",\"@graph\":[{\"@type\":\"Article\",\"@id\":\"https:\\\/\\\/deportesanluis.com.ar\\\/carapaz-se-anota-una-en-el-giro\\\/#article\",\"isPartOf\":{\"@id\":\"https:\\\/\\\/deportesanluis.com.ar\\\/carapaz-se-anota-una-en-el-giro\\\/\"},\"author\":{\"name\":\"admin\",\"@id\":\"https:\\\/\\\/deportesanluis.com.ar\\\/#\\\/schema\\\/person\\\/4b3e665481e93d271fced43ee48143c8\"},\"headline\":\"Carapaz se anota una en el Giro\",\"datePublished\":\"2025-05-22T14:15:31+00:00\",\"mainEntityOfPage\":{\"@id\":\"https:\\\/\\\/deportesanluis.com.ar\\\/carapaz-se-anota-una-en-el-giro\\\/\"},\"wordCount\":293,\"publisher\":{\"@id\":\"https:\\\/\\\/deportesanluis.com.ar\\\/#organization\"},\"image\":{\"@id\":\"https:\\\/\\\/deportesanluis.com.ar\\\/carapaz-se-anota-una-en-el-giro\\\/#primaryimage\"},\"thumbnailUrl\":\"https:\\\/\\\/deportesanluis.com.ar\\\/wp-content\\\/uploads\\\/2025\\\/05\\\/Carapaz-E12-01-Giro25.jpg\",\"keywords\":[\"Ciclismo\",\"Giro de Italia\"],\"articleSection\":[\"6\",\"Ciclismo\",\"Poli\"],\"inLanguage\":\"es-AR\"},{\"@type\":\"WebPage\",\"@id\":\"https:\\\/\\\/deportesanluis.com.ar\\\/carapaz-se-anota-una-en-el-giro\\\/\",\"url\":\"https:\\\/\\\/deportesanluis.com.ar\\\/carapaz-se-anota-una-en-el-giro\\\/\",\"name\":\"Carapaz se anota una en el Giro - DSL\",\"isPartOf\":{\"@id\":\"https:\\\/\\\/deportesanluis.com.ar\\\/#website\"},\"primaryImageOfPage\":{\"@id\":\"https:\\\/\\\/deportesanluis.com.ar\\\/carapaz-se-anota-una-en-el-giro\\\/#primaryimage\"},\"image\":{\"@id\":\"https:\\\/\\\/deportesanluis.com.ar\\\/carapaz-se-anota-una-en-el-giro\\\/#primaryimage\"},\"thumbnailUrl\":\"https:\\\/\\\/deportesanluis.com.ar\\\/wp-content\\\/uploads\\\/2025\\\/05\\\/Carapaz-E12-01-Giro25.jpg\",\"datePublished\":\"2025-05-22T14:15:31+00:00\",\"description\":\"El ecuatoriano del EF Education se qued\u00f3 con la exigente jornada en Castelnovo neMonti. Su escolta fue el l\u00edder de la General, el mexicano Isaac Del Toro del UAE Team Emirates.\u00a0\",\"breadcrumb\":{\"@id\":\"https:\\\/\\\/deportesanluis.com.ar\\\/carapaz-se-anota-una-en-el-giro\\\/#breadcrumb\"},\"inLanguage\":\"es-AR\",\"potentialAction\":[{\"@type\":\"ReadAction\",\"target\":[\"https:\\\/\\\/deportesanluis.com.ar\\\/carapaz-se-anota-una-en-el-giro\\\/\"]}]},{\"@type\":\"ImageObject\",\"inLanguage\":\"es-AR\",\"@id\":\"https:\\\/\\\/deportesanluis.com.ar\\\/carapaz-se-anota-una-en-el-giro\\\/#primaryimage\",\"url\":\"https:\\\/\\\/deportesanluis.com.ar\\\/wp-content\\\/uploads\\\/2025\\\/05\\\/Carapaz-E12-01-Giro25.jpg\",\"contentUrl\":\"https:\\\/\\\/deportesanluis.com.ar\\\/wp-content\\\/uploads\\\/2025\\\/05\\\/Carapaz-E12-01-Giro25.jpg\",\"width\":800,\"height\":500},{\"@type\":\"BreadcrumbList\",\"@id\":\"https:\\\/\\\/deportesanluis.com.ar\\\/carapaz-se-anota-una-en-el-giro\\\/#breadcrumb\",\"itemListElement\":[{\"@type\":\"ListItem\",\"position\":1,\"name\":\"Home\",\"item\":\"https:\\\/\\\/deportesanluis.com.ar\\\/\"},{\"@type\":\"ListItem\",\"position\":2,\"name\":\"Carapaz se anota una en el Giro\"}]},{\"@type\":\"WebSite\",\"@id\":\"https:\\\/\\\/deportesanluis.com.ar\\\/#website\",\"url\":\"https:\\\/\\\/deportesanluis.com.ar\\\/\",\"name\":\"deportesanluis.com.ar\",\"description\":\"Noticias de Deporte de San Luis\",\"publisher\":{\"@id\":\"https:\\\/\\\/deportesanluis.com.ar\\\/#organization\"},\"alternateName\":\"Deporte SL\",\"potentialAction\":[{\"@type\":\"SearchAction\",\"target\":{\"@type\":\"EntryPoint\",\"urlTemplate\":\"https:\\\/\\\/deportesanluis.com.ar\\\/?s={search_term_string}\"},\"query-input\":{\"@type\":\"PropertyValueSpecification\",\"valueRequired\":true,\"valueName\":\"search_term_string\"}}],\"inLanguage\":\"es-AR\"},{\"@type\":\"Organization\",\"@id\":\"https:\\\/\\\/deportesanluis.com.ar\\\/#organization\",\"name\":\"DSL\",\"alternateName\":\"Deporte SL\",\"url\":\"https:\\\/\\\/deportesanluis.com.ar\\\/\",\"logo\":{\"@type\":\"ImageObject\",\"inLanguage\":\"es-AR\",\"@id\":\"https:\\\/\\\/deportesanluis.com.ar\\\/#\\\/schema\\\/logo\\\/image\\\/\",\"url\":\"https:\\\/\\\/deportesanluis.com.ar\\\/wp-content\\\/uploads\\\/2023\\\/06\\\/DSL-Logo-2023-5.jpg\",\"contentUrl\":\"https:\\\/\\\/deportesanluis.com.ar\\\/wp-content\\\/uploads\\\/2023\\\/06\\\/DSL-Logo-2023-5.jpg\",\"width\":1718,\"height\":845,\"caption\":\"DSL\"},\"image\":{\"@id\":\"https:\\\/\\\/deportesanluis.com.ar\\\/#\\\/schema\\\/logo\\\/image\\\/\"},\"sameAs\":[\"https:\\\/\\\/www.facebook.com\\\/DSLDeporteSanLuis\",\"https:\\\/\\\/x.com\\\/deportesanluis\",\"https:\\\/\\\/www.instagram.com\\\/dsl_deportesanluis\\\/\"]},{\"@type\":\"Person\",\"@id\":\"https:\\\/\\\/deportesanluis.com.ar\\\/#\\\/schema\\\/person\\\/4b3e665481e93d271fced43ee48143c8\",\"name\":\"admin\",\"image\":{\"@type\":\"ImageObject\",\"inLanguage\":\"es-AR\",\"@id\":\"https:\\\/\\\/secure.gravatar.com\\\/avatar\\\/5424b2c21466f502587708c43dbe2dc47b5e643fec67835095677cd3af6ba546?s=96&d=mm&r=g\",\"url\":\"https:\\\/\\\/secure.gravatar.com\\\/avatar\\\/5424b2c21466f502587708c43dbe2dc47b5e643fec67835095677cd3af6ba546?s=96&d=mm&r=g\",\"contentUrl\":\"https:\\\/\\\/secure.gravatar.com\\\/avatar\\\/5424b2c21466f502587708c43dbe2dc47b5e643fec67835095677cd3af6ba546?s=96&d=mm&r=g\",\"caption\":\"admin\"},\"sameAs\":[\"https:\\\/\\\/deportesanluis.com.ar\"],\"url\":\"https:\\\/\\\/deportesanluis.com.ar\\\/author\\\/admin\\\/\"}]}<\/script>\n<!-- \/ Yoast SEO plugin. -->","yoast_head_json":{"title":"Carapaz se anota una en el Giro - DSL","description":"El ecuatoriano del EF Education se qued\u00f3 con la exigente jornada en Castelnovo neMonti. Su escolta fue el l\u00edder de la General, el mexicano Isaac Del Toro del UAE Team Emirates.\u00a0","robots":{"index":"index","follow":"follow","max-snippet":"max-snippet:-1","max-image-preview":"max-image-preview:large","max-video-preview":"max-video-preview:-1"},"canonical":"https:\/\/deportesanluis.com.ar\/carapaz-se-anota-una-en-el-giro\/","og_locale":"es_ES","og_type":"article","og_title":"Carapaz se anota una en el Giro - DSL","og_description":"El ecuatoriano del EF Education se qued\u00f3 con la exigente jornada en Castelnovo neMonti. Su escolta fue el l\u00edder de la General, el mexicano Isaac Del Toro del UAE Team Emirates.\u00a0","og_url":"https:\/\/deportesanluis.com.ar\/carapaz-se-anota-una-en-el-giro\/","og_site_name":"DSL","article_publisher":"https:\/\/www.facebook.com\/DSLDeporteSanLuis","article_published_time":"2025-05-22T14:15:31+00:00","og_image":[{"width":800,"height":500,"url":"https:\/\/deportesanluis.com.ar\/wp-content\/uploads\/2025\/05\/Carapaz-E12-01-Giro25.jpg","type":"image\/jpeg"}],"author":"admin","twitter_card":"summary_large_image","twitter_creator":"@deportesanluis","twitter_site":"@deportesanluis","twitter_misc":{"Escrito por":"admin","Tiempo de lectura":"2 minutos"},"schema":{"@context":"https:\/\/schema.org","@graph":[{"@type":"Article","@id":"https:\/\/deportesanluis.com.ar\/carapaz-se-anota-una-en-el-giro\/#article","isPartOf":{"@id":"https:\/\/deportesanluis.com.ar\/carapaz-se-anota-una-en-el-giro\/"},"author":{"name":"admin","@id":"https:\/\/deportesanluis.com.ar\/#\/schema\/person\/4b3e665481e93d271fced43ee48143c8"},"headline":"Carapaz se anota una en el Giro","datePublished":"2025-05-22T14:15:31+00:00","mainEntityOfPage":{"@id":"https:\/\/deportesanluis.com.ar\/carapaz-se-anota-una-en-el-giro\/"},"wordCount":293,"publisher":{"@id":"https:\/\/deportesanluis.com.ar\/#organization"},"image":{"@id":"https:\/\/deportesanluis.com.ar\/carapaz-se-anota-una-en-el-giro\/#primaryimage"},"thumbnailUrl":"https:\/\/deportesanluis.com.ar\/wp-content\/uploads\/2025\/05\/Carapaz-E12-01-Giro25.jpg","keywords":["Ciclismo","Giro de Italia"],"articleSection":["6","Ciclismo","Poli"],"inLanguage":"es-AR"},{"@type":"WebPage","@id":"https:\/\/deportesanluis.com.ar\/carapaz-se-anota-una-en-el-giro\/","url":"https:\/\/deportesanluis.com.ar\/carapaz-se-anota-una-en-el-giro\/","name":"Carapaz se anota una en el Giro - DSL","isPartOf":{"@id":"https:\/\/deportesanluis.com.ar\/#website"},"primaryImageOfPage":{"@id":"https:\/\/deportesanluis.com.ar\/carapaz-se-anota-una-en-el-giro\/#primaryimage"},"image":{"@id":"https:\/\/deportesanluis.com.ar\/carapaz-se-anota-una-en-el-giro\/#primaryimage"},"thumbnailUrl":"https:\/\/deportesanluis.com.ar\/wp-content\/uploads\/2025\/05\/Carapaz-E12-01-Giro25.jpg","datePublished":"2025-05-22T14:15:31+00:00","description":"El ecuatoriano del EF Education se qued\u00f3 con la exigente jornada en Castelnovo neMonti. Su escolta fue el l\u00edder de la General, el mexicano Isaac Del Toro del UAE Team Emirates.\u00a0","breadcrumb":{"@id":"https:\/\/deportesanluis.com.ar\/carapaz-se-anota-una-en-el-giro\/#breadcrumb"},"inLanguage":"es-AR","potentialAction":[{"@type":"ReadAction","target":["https:\/\/deportesanluis.com.ar\/carapaz-se-anota-una-en-el-giro\/"]}]},{"@type":"ImageObject","inLanguage":"es-AR","@id":"https:\/\/deportesanluis.com.ar\/carapaz-se-anota-una-en-el-giro\/#primaryimage","url":"https:\/\/deportesanluis.com.ar\/wp-content\/uploads\/2025\/05\/Carapaz-E12-01-Giro25.jpg","contentUrl":"https:\/\/deportesanluis.com.ar\/wp-content\/uploads\/2025\/05\/Carapaz-E12-01-Giro25.jpg","width":800,"height":500},{"@type":"BreadcrumbList","@id":"https:\/\/deportesanluis.com.ar\/carapaz-se-anota-una-en-el-giro\/#breadcrumb","itemListElement":[{"@type":"ListItem","position":1,"name":"Home","item":"https:\/\/deportesanluis.com.ar\/"},{"@type":"ListItem","position":2,"name":"Carapaz se anota una en el Giro"}]},{"@type":"WebSite","@id":"https:\/\/deportesanluis.com.ar\/#website","url":"https:\/\/deportesanluis.com.ar\/","name":"deportesanluis.com.ar","description":"Noticias de Deporte de San Luis","publisher":{"@id":"https:\/\/deportesanluis.com.ar\/#organization"},"alternateName":"Deporte SL","potentialAction":[{"@type":"SearchAction","target":{"@type":"EntryPoint","urlTemplate":"https:\/\/deportesanluis.com.ar\/?s={search_term_string}"},"query-input":{"@type":"PropertyValueSpecification","valueRequired":true,"valueName":"search_term_string"}}],"inLanguage":"es-AR"},{"@type":"Organization","@id":"https:\/\/deportesanluis.com.ar\/#organization","name":"DSL","alternateName":"Deporte SL","url":"https:\/\/deportesanluis.com.ar\/","logo":{"@type":"ImageObject","inLanguage":"es-AR","@id":"https:\/\/deportesanluis.com.ar\/#\/schema\/logo\/image\/","url":"https:\/\/deportesanluis.com.ar\/wp-content\/uploads\/2023\/06\/DSL-Logo-2023-5.jpg","contentUrl":"https:\/\/deportesanluis.com.ar\/wp-content\/uploads\/2023\/06\/DSL-Logo-2023-5.jpg","width":1718,"height":845,"caption":"DSL"},"image":{"@id":"https:\/\/deportesanluis.com.ar\/#\/schema\/logo\/image\/"},"sameAs":["https:\/\/www.facebook.com\/DSLDeporteSanLuis","https:\/\/x.com\/deportesanluis","https:\/\/www.instagram.com\/dsl_deportesanluis\/"]},{"@type":"Person","@id":"https:\/\/deportesanluis.com.ar\/#\/schema\/person\/4b3e665481e93d271fced43ee48143c8","name":"admin","image":{"@type":"ImageObject","inLanguage":"es-AR","@id":"https:\/\/secure.gravatar.com\/avatar\/5424b2c21466f502587708c43dbe2dc47b5e643fec67835095677cd3af6ba546?s=96&d=mm&r=g","url":"https:\/\/secure.gravatar.com\/avatar\/5424b2c21466f502587708c43dbe2dc47b5e643fec67835095677cd3af6ba546?s=96&d=mm&r=g","contentUrl":"https:\/\/secure.gravatar.com\/avatar\/5424b2c21466f502587708c43dbe2dc47b5e643fec67835095677cd3af6ba546?s=96&d=mm&r=g","caption":"admin"},"sameAs":["https:\/\/deportesanluis.com.ar"],"url":"https:\/\/deportesanluis.com.ar\/author\/admin\/"}]}},"_links":{"self":[{"href":"https:\/\/deportesanluis.com.ar\/wp-json\/wp\/v2\/posts\/26993","targetHints":{"allow":["GET"]}}],"collection":[{"href":"https:\/\/deportesanluis.com.ar\/wp-json\/wp\/v2\/posts"}],"about":[{"href":"https:\/\/deportesanluis.com.ar\/wp-json\/wp\/v2\/types\/post"}],"author":[{"embeddable":true,"href":"https:\/\/deportesanluis.com.ar\/wp-json\/wp\/v2\/users\/1"}],"replies":[{"embeddable":true,"href":"https:\/\/deportesanluis.com.ar\/wp-json\/wp\/v2\/comments?post=26993"}],"version-history":[{"count":0,"href":"https:\/\/deportesanluis.com.ar\/wp-json\/wp\/v2\/posts\/26993\/revisions"}],"wp:featuredmedia":[{"embeddable":true,"href":"https:\/\/deportesanluis.com.ar\/wp-json\/wp\/v2\/media\/26994"}],"wp:attachment":[{"href":"https:\/\/deportesanluis.com.ar\/wp-json\/wp\/v2\/media?parent=26993"}],"wp:term":[{"taxonomy":"category","embeddable":true,"href":"https:\/\/deportesanluis.com.ar\/wp-json\/wp\/v2\/categories?post=26993"},{"taxonomy":"post_tag","embeddable":true,"href":"https:\/\/deportesanluis.com.ar\/wp-json\/wp\/v2\/tags?post=26993"}],"curies":[{"name":"wp","href":"https:\/\/api.w.org\/{rel}","templated":true}]}}