{"id":27019,"date":"2025-05-25T11:40:12","date_gmt":"2025-05-25T14:40:12","guid":{"rendered":"https:\/\/deportesanluis.com.ar\/?p=27019"},"modified":"2025-05-25T11:40:12","modified_gmt":"2025-05-25T14:40:12","slug":"este-sprint-fue-para-pedersen","status":"publish","type":"post","link":"https:\/\/deportesanluis.com.ar\/este-sprint-fue-para-pedersen\/","title":{"rendered":"Este sprint fue para Pedersen"},"content":{"rendered":"<p>El Giro de Italia disput\u00f3 este viernes su\u00a0Etapa 13, un recorrido de 180kms. entre Rovigo y Vicenza que, obviamente, iba a definirse entre los sprinter.<\/p>\n<p>Fue as\u00ed que el ganador fue el dan\u00e9s Mads Pedersen (Lidl-Trek) con una marca de 3hs. 50min. 24seg. dejando atr\u00e1s en la pelea al belga Wout Van Aert (Team Visma) y al mexicano Isaac Del Toro (UAE Team Emirates) quien arrib\u00f3 2seg. m\u00e1s tarde.<\/p>\n<p>Los puertos de Velocidad y de Monta\u00f1a fueron repartidos entre los italianos Mattia Bais (Team Polti) y Christian Scaroni (Astana), el belga Dries De Bondt (Decathlon AG2R) y Pedersen.<\/p>\n<p>Con estos resultados, la General se mantiene bajo el control de Del Toro con un total de 46hs. 32min. 59seg. seguido por el espa\u00f1ol Juan Ayuso (UAE Team Emirates) a 38seg. y por el italiano Antonio Tiberi (Bahrain) a 1min. 18seg.<\/p>\n<p>Mads Pedersen (Lidl-Trek) suma un total de 227 puntos para seguir luciendo la casaca de mejor velocista; el italiano Lorenzo Fortunato (Astana) lo hace en la monta\u00f1a mientras que Del Toro es el mejor Sub23 pero la remera blanca seguir\u00e1 siendo lucida por su escolta Ayuso.<\/p>\n<p>Este s\u00e1bado se pondr\u00e1 en juego la Etapa 14, un recorrido de 195kms. entre Treviso y Nova Gorica.<\/p>\n<hr \/>\n<p><strong>Nota:<\/strong> Redacci\u00f3n<\/p>\n","protected":false},"excerpt":{"rendered":"<p>El dan\u00e9s del Lidl-Trek se qued\u00f3 con la jornada en Vicenza y se afianza como el mejor velocista de un Giro de Italia que se mantiene al mando del mexicano Del Toro.<\/p>\n","protected":false},"author":1,"featured_media":27022,"comment_status":"closed","ping_status":"closed","sticky":false,"template":"","format":"standard","meta":{"footnotes":""},"categories":[42,40,32],"tags":[41,223],"class_list":{"0":"post-27019","1":"post","2":"type-post","3":"status-publish","4":"format-standard","5":"has-post-thumbnail","7":"category-42","8":"category-ciclismo","9":"category-poli","10":"tag-ciclismo","11":"tag-giro-de-italia"},"yoast_head":"<!-- This site is optimized with the Yoast SEO plugin v27.4 - https:\/\/yoast.com\/product\/yoast-seo-wordpress\/ -->\n<title>Este sprint fue para Pedersen - DSL<\/title>\n<meta name=\"description\" content=\"El dan\u00e9s del Lidl-Trek se qued\u00f3 con la jornada en Vicenza y se afianza como el mejor velocista de un Giro de Italia que se mantiene al mando del mexicano Del Toro.\" \/>\n<meta name=\"robots\" content=\"index, follow, max-snippet:-1, max-image-preview:large, max-video-preview:-1\" \/>\n<link rel=\"canonical\" href=\"https:\/\/deportesanluis.com.ar\/este-sprint-fue-para-pedersen\/\" \/>\n<meta property=\"og:locale\" content=\"es_ES\" \/>\n<meta property=\"og:type\" content=\"article\" \/>\n<meta property=\"og:title\" content=\"Este sprint fue para Pedersen - DSL\" \/>\n<meta property=\"og:description\" content=\"El dan\u00e9s del Lidl-Trek se qued\u00f3 con la jornada en Vicenza y se afianza como el mejor velocista de un Giro de Italia que se mantiene al mando del mexicano Del Toro.\" \/>\n<meta property=\"og:url\" content=\"https:\/\/deportesanluis.com.ar\/este-sprint-fue-para-pedersen\/\" \/>\n<meta property=\"og:site_name\" content=\"DSL\" \/>\n<meta property=\"article:publisher\" content=\"https:\/\/www.facebook.com\/DSLDeporteSanLuis\" \/>\n<meta property=\"article:published_time\" content=\"2025-05-25T14:40:12+00:00\" \/>\n<meta property=\"og:image\" content=\"https:\/\/deportesanluis.com.ar\/wp-content\/uploads\/2025\/05\/Pedersen-E13-Giro25.jpeg\" \/>\n\t<meta property=\"og:image:width\" content=\"889\" \/>\n\t<meta property=\"og:image:height\" content=\"573\" \/>\n\t<meta property=\"og:image:type\" content=\"image\/jpeg\" \/>\n<meta name=\"author\" content=\"admin\" \/>\n<meta name=\"twitter:card\" content=\"summary_large_image\" \/>\n<meta name=\"twitter:creator\" content=\"@deportesanluis\" \/>\n<meta name=\"twitter:site\" content=\"@deportesanluis\" \/>\n<meta name=\"twitter:label1\" content=\"Escrito por\" \/>\n\t<meta name=\"twitter:data1\" content=\"admin\" \/>\n\t<meta name=\"twitter:label2\" content=\"Tiempo de lectura\" \/>\n\t<meta name=\"twitter:data2\" content=\"2 minutos\" \/>\n<script type=\"application\/ld+json\" class=\"yoast-schema-graph\">{\"@context\":\"https:\\\/\\\/schema.org\",\"@graph\":[{\"@type\":\"Article\",\"@id\":\"https:\\\/\\\/deportesanluis.com.ar\\\/este-sprint-fue-para-pedersen\\\/#article\",\"isPartOf\":{\"@id\":\"https:\\\/\\\/deportesanluis.com.ar\\\/este-sprint-fue-para-pedersen\\\/\"},\"author\":{\"name\":\"admin\",\"@id\":\"https:\\\/\\\/deportesanluis.com.ar\\\/#\\\/schema\\\/person\\\/4b3e665481e93d271fced43ee48143c8\"},\"headline\":\"Este sprint fue para Pedersen\",\"datePublished\":\"2025-05-25T14:40:12+00:00\",\"mainEntityOfPage\":{\"@id\":\"https:\\\/\\\/deportesanluis.com.ar\\\/este-sprint-fue-para-pedersen\\\/\"},\"wordCount\":217,\"publisher\":{\"@id\":\"https:\\\/\\\/deportesanluis.com.ar\\\/#organization\"},\"image\":{\"@id\":\"https:\\\/\\\/deportesanluis.com.ar\\\/este-sprint-fue-para-pedersen\\\/#primaryimage\"},\"thumbnailUrl\":\"https:\\\/\\\/deportesanluis.com.ar\\\/wp-content\\\/uploads\\\/2025\\\/05\\\/Pedersen-E13-Giro25.jpeg\",\"keywords\":[\"Ciclismo\",\"Giro de Italia\"],\"articleSection\":[\"6\",\"Ciclismo\",\"Poli\"],\"inLanguage\":\"es-AR\"},{\"@type\":\"WebPage\",\"@id\":\"https:\\\/\\\/deportesanluis.com.ar\\\/este-sprint-fue-para-pedersen\\\/\",\"url\":\"https:\\\/\\\/deportesanluis.com.ar\\\/este-sprint-fue-para-pedersen\\\/\",\"name\":\"Este sprint fue para Pedersen - DSL\",\"isPartOf\":{\"@id\":\"https:\\\/\\\/deportesanluis.com.ar\\\/#website\"},\"primaryImageOfPage\":{\"@id\":\"https:\\\/\\\/deportesanluis.com.ar\\\/este-sprint-fue-para-pedersen\\\/#primaryimage\"},\"image\":{\"@id\":\"https:\\\/\\\/deportesanluis.com.ar\\\/este-sprint-fue-para-pedersen\\\/#primaryimage\"},\"thumbnailUrl\":\"https:\\\/\\\/deportesanluis.com.ar\\\/wp-content\\\/uploads\\\/2025\\\/05\\\/Pedersen-E13-Giro25.jpeg\",\"datePublished\":\"2025-05-25T14:40:12+00:00\",\"description\":\"El dan\u00e9s del Lidl-Trek se qued\u00f3 con la jornada en Vicenza y se afianza como el mejor velocista de un Giro de Italia que se mantiene al mando del mexicano Del Toro.\",\"breadcrumb\":{\"@id\":\"https:\\\/\\\/deportesanluis.com.ar\\\/este-sprint-fue-para-pedersen\\\/#breadcrumb\"},\"inLanguage\":\"es-AR\",\"potentialAction\":[{\"@type\":\"ReadAction\",\"target\":[\"https:\\\/\\\/deportesanluis.com.ar\\\/este-sprint-fue-para-pedersen\\\/\"]}]},{\"@type\":\"ImageObject\",\"inLanguage\":\"es-AR\",\"@id\":\"https:\\\/\\\/deportesanluis.com.ar\\\/este-sprint-fue-para-pedersen\\\/#primaryimage\",\"url\":\"https:\\\/\\\/deportesanluis.com.ar\\\/wp-content\\\/uploads\\\/2025\\\/05\\\/Pedersen-E13-Giro25.jpeg\",\"contentUrl\":\"https:\\\/\\\/deportesanluis.com.ar\\\/wp-content\\\/uploads\\\/2025\\\/05\\\/Pedersen-E13-Giro25.jpeg\",\"width\":889,\"height\":573},{\"@type\":\"BreadcrumbList\",\"@id\":\"https:\\\/\\\/deportesanluis.com.ar\\\/este-sprint-fue-para-pedersen\\\/#breadcrumb\",\"itemListElement\":[{\"@type\":\"ListItem\",\"position\":1,\"name\":\"Home\",\"item\":\"https:\\\/\\\/deportesanluis.com.ar\\\/\"},{\"@type\":\"ListItem\",\"position\":2,\"name\":\"Este sprint fue para Pedersen\"}]},{\"@type\":\"WebSite\",\"@id\":\"https:\\\/\\\/deportesanluis.com.ar\\\/#website\",\"url\":\"https:\\\/\\\/deportesanluis.com.ar\\\/\",\"name\":\"deportesanluis.com.ar\",\"description\":\"Noticias de Deporte de San Luis\",\"publisher\":{\"@id\":\"https:\\\/\\\/deportesanluis.com.ar\\\/#organization\"},\"alternateName\":\"Deporte SL\",\"potentialAction\":[{\"@type\":\"SearchAction\",\"target\":{\"@type\":\"EntryPoint\",\"urlTemplate\":\"https:\\\/\\\/deportesanluis.com.ar\\\/?s={search_term_string}\"},\"query-input\":{\"@type\":\"PropertyValueSpecification\",\"valueRequired\":true,\"valueName\":\"search_term_string\"}}],\"inLanguage\":\"es-AR\"},{\"@type\":\"Organization\",\"@id\":\"https:\\\/\\\/deportesanluis.com.ar\\\/#organization\",\"name\":\"DSL\",\"alternateName\":\"Deporte SL\",\"url\":\"https:\\\/\\\/deportesanluis.com.ar\\\/\",\"logo\":{\"@type\":\"ImageObject\",\"inLanguage\":\"es-AR\",\"@id\":\"https:\\\/\\\/deportesanluis.com.ar\\\/#\\\/schema\\\/logo\\\/image\\\/\",\"url\":\"https:\\\/\\\/deportesanluis.com.ar\\\/wp-content\\\/uploads\\\/2023\\\/06\\\/DSL-Logo-2023-5.jpg\",\"contentUrl\":\"https:\\\/\\\/deportesanluis.com.ar\\\/wp-content\\\/uploads\\\/2023\\\/06\\\/DSL-Logo-2023-5.jpg\",\"width\":1718,\"height\":845,\"caption\":\"DSL\"},\"image\":{\"@id\":\"https:\\\/\\\/deportesanluis.com.ar\\\/#\\\/schema\\\/logo\\\/image\\\/\"},\"sameAs\":[\"https:\\\/\\\/www.facebook.com\\\/DSLDeporteSanLuis\",\"https:\\\/\\\/x.com\\\/deportesanluis\",\"https:\\\/\\\/www.instagram.com\\\/dsl_deportesanluis\\\/\"]},{\"@type\":\"Person\",\"@id\":\"https:\\\/\\\/deportesanluis.com.ar\\\/#\\\/schema\\\/person\\\/4b3e665481e93d271fced43ee48143c8\",\"name\":\"admin\",\"image\":{\"@type\":\"ImageObject\",\"inLanguage\":\"es-AR\",\"@id\":\"https:\\\/\\\/secure.gravatar.com\\\/avatar\\\/5424b2c21466f502587708c43dbe2dc47b5e643fec67835095677cd3af6ba546?s=96&d=mm&r=g\",\"url\":\"https:\\\/\\\/secure.gravatar.com\\\/avatar\\\/5424b2c21466f502587708c43dbe2dc47b5e643fec67835095677cd3af6ba546?s=96&d=mm&r=g\",\"contentUrl\":\"https:\\\/\\\/secure.gravatar.com\\\/avatar\\\/5424b2c21466f502587708c43dbe2dc47b5e643fec67835095677cd3af6ba546?s=96&d=mm&r=g\",\"caption\":\"admin\"},\"sameAs\":[\"https:\\\/\\\/deportesanluis.com.ar\"],\"url\":\"https:\\\/\\\/deportesanluis.com.ar\\\/author\\\/admin\\\/\"}]}<\/script>\n<!-- \/ Yoast SEO plugin. -->","yoast_head_json":{"title":"Este sprint fue para Pedersen - DSL","description":"El dan\u00e9s del Lidl-Trek se qued\u00f3 con la jornada en Vicenza y se afianza como el mejor velocista de un Giro de Italia que se mantiene al mando del mexicano Del Toro.","robots":{"index":"index","follow":"follow","max-snippet":"max-snippet:-1","max-image-preview":"max-image-preview:large","max-video-preview":"max-video-preview:-1"},"canonical":"https:\/\/deportesanluis.com.ar\/este-sprint-fue-para-pedersen\/","og_locale":"es_ES","og_type":"article","og_title":"Este sprint fue para Pedersen - DSL","og_description":"El dan\u00e9s del Lidl-Trek se qued\u00f3 con la jornada en Vicenza y se afianza como el mejor velocista de un Giro de Italia que se mantiene al mando del mexicano Del Toro.","og_url":"https:\/\/deportesanluis.com.ar\/este-sprint-fue-para-pedersen\/","og_site_name":"DSL","article_publisher":"https:\/\/www.facebook.com\/DSLDeporteSanLuis","article_published_time":"2025-05-25T14:40:12+00:00","og_image":[{"width":889,"height":573,"url":"https:\/\/deportesanluis.com.ar\/wp-content\/uploads\/2025\/05\/Pedersen-E13-Giro25.jpeg","type":"image\/jpeg"}],"author":"admin","twitter_card":"summary_large_image","twitter_creator":"@deportesanluis","twitter_site":"@deportesanluis","twitter_misc":{"Escrito por":"admin","Tiempo de lectura":"2 minutos"},"schema":{"@context":"https:\/\/schema.org","@graph":[{"@type":"Article","@id":"https:\/\/deportesanluis.com.ar\/este-sprint-fue-para-pedersen\/#article","isPartOf":{"@id":"https:\/\/deportesanluis.com.ar\/este-sprint-fue-para-pedersen\/"},"author":{"name":"admin","@id":"https:\/\/deportesanluis.com.ar\/#\/schema\/person\/4b3e665481e93d271fced43ee48143c8"},"headline":"Este sprint fue para Pedersen","datePublished":"2025-05-25T14:40:12+00:00","mainEntityOfPage":{"@id":"https:\/\/deportesanluis.com.ar\/este-sprint-fue-para-pedersen\/"},"wordCount":217,"publisher":{"@id":"https:\/\/deportesanluis.com.ar\/#organization"},"image":{"@id":"https:\/\/deportesanluis.com.ar\/este-sprint-fue-para-pedersen\/#primaryimage"},"thumbnailUrl":"https:\/\/deportesanluis.com.ar\/wp-content\/uploads\/2025\/05\/Pedersen-E13-Giro25.jpeg","keywords":["Ciclismo","Giro de Italia"],"articleSection":["6","Ciclismo","Poli"],"inLanguage":"es-AR"},{"@type":"WebPage","@id":"https:\/\/deportesanluis.com.ar\/este-sprint-fue-para-pedersen\/","url":"https:\/\/deportesanluis.com.ar\/este-sprint-fue-para-pedersen\/","name":"Este sprint fue para Pedersen - DSL","isPartOf":{"@id":"https:\/\/deportesanluis.com.ar\/#website"},"primaryImageOfPage":{"@id":"https:\/\/deportesanluis.com.ar\/este-sprint-fue-para-pedersen\/#primaryimage"},"image":{"@id":"https:\/\/deportesanluis.com.ar\/este-sprint-fue-para-pedersen\/#primaryimage"},"thumbnailUrl":"https:\/\/deportesanluis.com.ar\/wp-content\/uploads\/2025\/05\/Pedersen-E13-Giro25.jpeg","datePublished":"2025-05-25T14:40:12+00:00","description":"El dan\u00e9s del Lidl-Trek se qued\u00f3 con la jornada en Vicenza y se afianza como el mejor velocista de un Giro de Italia que se mantiene al mando del mexicano Del Toro.","breadcrumb":{"@id":"https:\/\/deportesanluis.com.ar\/este-sprint-fue-para-pedersen\/#breadcrumb"},"inLanguage":"es-AR","potentialAction":[{"@type":"ReadAction","target":["https:\/\/deportesanluis.com.ar\/este-sprint-fue-para-pedersen\/"]}]},{"@type":"ImageObject","inLanguage":"es-AR","@id":"https:\/\/deportesanluis.com.ar\/este-sprint-fue-para-pedersen\/#primaryimage","url":"https:\/\/deportesanluis.com.ar\/wp-content\/uploads\/2025\/05\/Pedersen-E13-Giro25.jpeg","contentUrl":"https:\/\/deportesanluis.com.ar\/wp-content\/uploads\/2025\/05\/Pedersen-E13-Giro25.jpeg","width":889,"height":573},{"@type":"BreadcrumbList","@id":"https:\/\/deportesanluis.com.ar\/este-sprint-fue-para-pedersen\/#breadcrumb","itemListElement":[{"@type":"ListItem","position":1,"name":"Home","item":"https:\/\/deportesanluis.com.ar\/"},{"@type":"ListItem","position":2,"name":"Este sprint fue para Pedersen"}]},{"@type":"WebSite","@id":"https:\/\/deportesanluis.com.ar\/#website","url":"https:\/\/deportesanluis.com.ar\/","name":"deportesanluis.com.ar","description":"Noticias de Deporte de San Luis","publisher":{"@id":"https:\/\/deportesanluis.com.ar\/#organization"},"alternateName":"Deporte SL","potentialAction":[{"@type":"SearchAction","target":{"@type":"EntryPoint","urlTemplate":"https:\/\/deportesanluis.com.ar\/?s={search_term_string}"},"query-input":{"@type":"PropertyValueSpecification","valueRequired":true,"valueName":"search_term_string"}}],"inLanguage":"es-AR"},{"@type":"Organization","@id":"https:\/\/deportesanluis.com.ar\/#organization","name":"DSL","alternateName":"Deporte SL","url":"https:\/\/deportesanluis.com.ar\/","logo":{"@type":"ImageObject","inLanguage":"es-AR","@id":"https:\/\/deportesanluis.com.ar\/#\/schema\/logo\/image\/","url":"https:\/\/deportesanluis.com.ar\/wp-content\/uploads\/2023\/06\/DSL-Logo-2023-5.jpg","contentUrl":"https:\/\/deportesanluis.com.ar\/wp-content\/uploads\/2023\/06\/DSL-Logo-2023-5.jpg","width":1718,"height":845,"caption":"DSL"},"image":{"@id":"https:\/\/deportesanluis.com.ar\/#\/schema\/logo\/image\/"},"sameAs":["https:\/\/www.facebook.com\/DSLDeporteSanLuis","https:\/\/x.com\/deportesanluis","https:\/\/www.instagram.com\/dsl_deportesanluis\/"]},{"@type":"Person","@id":"https:\/\/deportesanluis.com.ar\/#\/schema\/person\/4b3e665481e93d271fced43ee48143c8","name":"admin","image":{"@type":"ImageObject","inLanguage":"es-AR","@id":"https:\/\/secure.gravatar.com\/avatar\/5424b2c21466f502587708c43dbe2dc47b5e643fec67835095677cd3af6ba546?s=96&d=mm&r=g","url":"https:\/\/secure.gravatar.com\/avatar\/5424b2c21466f502587708c43dbe2dc47b5e643fec67835095677cd3af6ba546?s=96&d=mm&r=g","contentUrl":"https:\/\/secure.gravatar.com\/avatar\/5424b2c21466f502587708c43dbe2dc47b5e643fec67835095677cd3af6ba546?s=96&d=mm&r=g","caption":"admin"},"sameAs":["https:\/\/deportesanluis.com.ar"],"url":"https:\/\/deportesanluis.com.ar\/author\/admin\/"}]}},"_links":{"self":[{"href":"https:\/\/deportesanluis.com.ar\/wp-json\/wp\/v2\/posts\/27019","targetHints":{"allow":["GET"]}}],"collection":[{"href":"https:\/\/deportesanluis.com.ar\/wp-json\/wp\/v2\/posts"}],"about":[{"href":"https:\/\/deportesanluis.com.ar\/wp-json\/wp\/v2\/types\/post"}],"author":[{"embeddable":true,"href":"https:\/\/deportesanluis.com.ar\/wp-json\/wp\/v2\/users\/1"}],"replies":[{"embeddable":true,"href":"https:\/\/deportesanluis.com.ar\/wp-json\/wp\/v2\/comments?post=27019"}],"version-history":[{"count":0,"href":"https:\/\/deportesanluis.com.ar\/wp-json\/wp\/v2\/posts\/27019\/revisions"}],"wp:featuredmedia":[{"embeddable":true,"href":"https:\/\/deportesanluis.com.ar\/wp-json\/wp\/v2\/media\/27022"}],"wp:attachment":[{"href":"https:\/\/deportesanluis.com.ar\/wp-json\/wp\/v2\/media?parent=27019"}],"wp:term":[{"taxonomy":"category","embeddable":true,"href":"https:\/\/deportesanluis.com.ar\/wp-json\/wp\/v2\/categories?post=27019"},{"taxonomy":"post_tag","embeddable":true,"href":"https:\/\/deportesanluis.com.ar\/wp-json\/wp\/v2\/tags?post=27019"}],"curies":[{"name":"wp","href":"https:\/\/api.w.org\/{rel}","templated":true}]}}