{"id":27051,"date":"2025-05-26T19:35:24","date_gmt":"2025-05-26T22:35:24","guid":{"rendered":"https:\/\/deportesanluis.com.ar\/?p=27051"},"modified":"2025-05-26T19:35:24","modified_gmt":"2025-05-26T22:35:24","slug":"primera-vez-para-verona","status":"publish","type":"post","link":"https:\/\/deportesanluis.com.ar\/primera-vez-para-verona\/","title":{"rendered":"Primera vez para Verona"},"content":{"rendered":"<p>Este domingo se disput\u00f3 la\u00a0Etapa 15 del Giro de Italia, un recorrido de 219kms. entre Fiume Veneto y Asiago con un amplio y c\u00f3modo triunfo para el espa\u00f1ol Carlos Verona (Lidl-Trek) en 5hs. 15min. 41seg.<\/p>\n<p>Los escoltas fueron el alem\u00e1n Florian Stork (Tudor Pro) a 22seg. y el italiano Christian Scaroni (Astana) a 23seg.<\/p>\n<p>Los puertos de Velocidad fueron para el dan\u00e9s Mads Pedersen (Lidl-Trek), el italiano Marco Frigo (Israel-Premier Tech) y Verona. La Monta\u00f1a, en tanto, fue para los italianos Nicola Conci (Astana), Lorenzo Fortunato (Astana) y Verona. La Sub23 fue para el italiano Gianmarco Garofoli (Soudal-Quick Step).<\/p>\n<p>Con estos resultados, la General del Giro de Italia se mantiene bajo el dominio del mexicano Isaac Del Toro (UAE Team Emirates) con un total de 55hs. 54min. 05seg. seguido por el brit\u00e1nico Simon Yates (Team Visma) a 1min. 20seg.; por el espa\u00f1ol Juan Ayuso (UAE Team Emirates) a 1min. 26seg.; el ecuatoriano Richard Carapaz (EF Education) a 2min. 07seg. y el canadiense Derek Gee (Israel-Premier Tech) a 2min. 54seg.<\/p>\n<p>Este martes arranca la \u00faltima semana de competencia con la disputa de la Etapa 16 que ser\u00e1n 203kms. entre Piazzola sul Brenta y San Valentino con pasos por las exigentes Candriai y Santa B\u00e1rbara, puertos de monta\u00f1a de primera categor\u00eda.<\/p>\n<hr \/>\n<p><strong>Nota:<\/strong> Redacci\u00f3n<\/p>\n","protected":false},"excerpt":{"rendered":"<p>El espa\u00f1ol del Lidl-Trek logr\u00f3 su primera vez en el Giro de Italia. Este martes arranca la \u00faltima semana y manda el mexicano Del Toro del UAE Team Emirates.\u00a0<\/p>\n","protected":false},"author":1,"featured_media":27052,"comment_status":"closed","ping_status":"closed","sticky":false,"template":"","format":"standard","meta":{"footnotes":""},"categories":[42,40,32],"tags":[41,223],"class_list":{"0":"post-27051","1":"post","2":"type-post","3":"status-publish","4":"format-standard","5":"has-post-thumbnail","7":"category-42","8":"category-ciclismo","9":"category-poli","10":"tag-ciclismo","11":"tag-giro-de-italia"},"yoast_head":"<!-- This site is optimized with the Yoast SEO plugin v27.4 - https:\/\/yoast.com\/product\/yoast-seo-wordpress\/ -->\n<title>Primera vez para Verona - DSL<\/title>\n<meta name=\"description\" content=\"El espa\u00f1ol del Lidl-Trek logr\u00f3 su primera vez en el Giro de Italia. Este martes arranca la \u00faltima semana y manda el mexicano Del Toro del UAE Team Emirates.\u00a0\" \/>\n<meta name=\"robots\" content=\"index, follow, max-snippet:-1, max-image-preview:large, max-video-preview:-1\" \/>\n<link rel=\"canonical\" href=\"https:\/\/deportesanluis.com.ar\/primera-vez-para-verona\/\" \/>\n<meta property=\"og:locale\" content=\"es_ES\" \/>\n<meta property=\"og:type\" content=\"article\" \/>\n<meta property=\"og:title\" content=\"Primera vez para Verona - DSL\" \/>\n<meta property=\"og:description\" content=\"El espa\u00f1ol del Lidl-Trek logr\u00f3 su primera vez en el Giro de Italia. Este martes arranca la \u00faltima semana y manda el mexicano Del Toro del UAE Team Emirates.\u00a0\" \/>\n<meta property=\"og:url\" content=\"https:\/\/deportesanluis.com.ar\/primera-vez-para-verona\/\" \/>\n<meta property=\"og:site_name\" content=\"DSL\" \/>\n<meta property=\"article:publisher\" content=\"https:\/\/www.facebook.com\/DSLDeporteSanLuis\" \/>\n<meta property=\"article:published_time\" content=\"2025-05-26T22:35:24+00:00\" \/>\n<meta property=\"og:image\" content=\"https:\/\/deportesanluis.com.ar\/wp-content\/uploads\/2025\/05\/Verona-Giro.jpg\" \/>\n\t<meta property=\"og:image:width\" content=\"800\" \/>\n\t<meta property=\"og:image:height\" content=\"500\" \/>\n\t<meta property=\"og:image:type\" content=\"image\/jpeg\" \/>\n<meta name=\"author\" content=\"admin\" \/>\n<meta name=\"twitter:card\" content=\"summary_large_image\" \/>\n<meta name=\"twitter:creator\" content=\"@deportesanluis\" \/>\n<meta name=\"twitter:site\" content=\"@deportesanluis\" \/>\n<meta name=\"twitter:label1\" content=\"Escrito por\" \/>\n\t<meta name=\"twitter:data1\" content=\"admin\" \/>\n\t<meta name=\"twitter:label2\" content=\"Tiempo de lectura\" \/>\n\t<meta name=\"twitter:data2\" content=\"2 minutos\" \/>\n<script type=\"application\/ld+json\" class=\"yoast-schema-graph\">{\"@context\":\"https:\\\/\\\/schema.org\",\"@graph\":[{\"@type\":\"Article\",\"@id\":\"https:\\\/\\\/deportesanluis.com.ar\\\/primera-vez-para-verona\\\/#article\",\"isPartOf\":{\"@id\":\"https:\\\/\\\/deportesanluis.com.ar\\\/primera-vez-para-verona\\\/\"},\"author\":{\"name\":\"admin\",\"@id\":\"https:\\\/\\\/deportesanluis.com.ar\\\/#\\\/schema\\\/person\\\/4b3e665481e93d271fced43ee48143c8\"},\"headline\":\"Primera vez para Verona\",\"datePublished\":\"2025-05-26T22:35:24+00:00\",\"mainEntityOfPage\":{\"@id\":\"https:\\\/\\\/deportesanluis.com.ar\\\/primera-vez-para-verona\\\/\"},\"wordCount\":226,\"publisher\":{\"@id\":\"https:\\\/\\\/deportesanluis.com.ar\\\/#organization\"},\"image\":{\"@id\":\"https:\\\/\\\/deportesanluis.com.ar\\\/primera-vez-para-verona\\\/#primaryimage\"},\"thumbnailUrl\":\"https:\\\/\\\/deportesanluis.com.ar\\\/wp-content\\\/uploads\\\/2025\\\/05\\\/Verona-Giro.jpg\",\"keywords\":[\"Ciclismo\",\"Giro de Italia\"],\"articleSection\":[\"6\",\"Ciclismo\",\"Poli\"],\"inLanguage\":\"es-AR\"},{\"@type\":\"WebPage\",\"@id\":\"https:\\\/\\\/deportesanluis.com.ar\\\/primera-vez-para-verona\\\/\",\"url\":\"https:\\\/\\\/deportesanluis.com.ar\\\/primera-vez-para-verona\\\/\",\"name\":\"Primera vez para Verona - DSL\",\"isPartOf\":{\"@id\":\"https:\\\/\\\/deportesanluis.com.ar\\\/#website\"},\"primaryImageOfPage\":{\"@id\":\"https:\\\/\\\/deportesanluis.com.ar\\\/primera-vez-para-verona\\\/#primaryimage\"},\"image\":{\"@id\":\"https:\\\/\\\/deportesanluis.com.ar\\\/primera-vez-para-verona\\\/#primaryimage\"},\"thumbnailUrl\":\"https:\\\/\\\/deportesanluis.com.ar\\\/wp-content\\\/uploads\\\/2025\\\/05\\\/Verona-Giro.jpg\",\"datePublished\":\"2025-05-26T22:35:24+00:00\",\"description\":\"El espa\u00f1ol del Lidl-Trek logr\u00f3 su primera vez en el Giro de Italia. Este martes arranca la \u00faltima semana y manda el mexicano Del Toro del UAE Team Emirates.\u00a0\",\"breadcrumb\":{\"@id\":\"https:\\\/\\\/deportesanluis.com.ar\\\/primera-vez-para-verona\\\/#breadcrumb\"},\"inLanguage\":\"es-AR\",\"potentialAction\":[{\"@type\":\"ReadAction\",\"target\":[\"https:\\\/\\\/deportesanluis.com.ar\\\/primera-vez-para-verona\\\/\"]}]},{\"@type\":\"ImageObject\",\"inLanguage\":\"es-AR\",\"@id\":\"https:\\\/\\\/deportesanluis.com.ar\\\/primera-vez-para-verona\\\/#primaryimage\",\"url\":\"https:\\\/\\\/deportesanluis.com.ar\\\/wp-content\\\/uploads\\\/2025\\\/05\\\/Verona-Giro.jpg\",\"contentUrl\":\"https:\\\/\\\/deportesanluis.com.ar\\\/wp-content\\\/uploads\\\/2025\\\/05\\\/Verona-Giro.jpg\",\"width\":800,\"height\":500},{\"@type\":\"BreadcrumbList\",\"@id\":\"https:\\\/\\\/deportesanluis.com.ar\\\/primera-vez-para-verona\\\/#breadcrumb\",\"itemListElement\":[{\"@type\":\"ListItem\",\"position\":1,\"name\":\"Home\",\"item\":\"https:\\\/\\\/deportesanluis.com.ar\\\/\"},{\"@type\":\"ListItem\",\"position\":2,\"name\":\"Primera vez para Verona\"}]},{\"@type\":\"WebSite\",\"@id\":\"https:\\\/\\\/deportesanluis.com.ar\\\/#website\",\"url\":\"https:\\\/\\\/deportesanluis.com.ar\\\/\",\"name\":\"deportesanluis.com.ar\",\"description\":\"Noticias de Deporte de San Luis\",\"publisher\":{\"@id\":\"https:\\\/\\\/deportesanluis.com.ar\\\/#organization\"},\"alternateName\":\"Deporte SL\",\"potentialAction\":[{\"@type\":\"SearchAction\",\"target\":{\"@type\":\"EntryPoint\",\"urlTemplate\":\"https:\\\/\\\/deportesanluis.com.ar\\\/?s={search_term_string}\"},\"query-input\":{\"@type\":\"PropertyValueSpecification\",\"valueRequired\":true,\"valueName\":\"search_term_string\"}}],\"inLanguage\":\"es-AR\"},{\"@type\":\"Organization\",\"@id\":\"https:\\\/\\\/deportesanluis.com.ar\\\/#organization\",\"name\":\"DSL\",\"alternateName\":\"Deporte SL\",\"url\":\"https:\\\/\\\/deportesanluis.com.ar\\\/\",\"logo\":{\"@type\":\"ImageObject\",\"inLanguage\":\"es-AR\",\"@id\":\"https:\\\/\\\/deportesanluis.com.ar\\\/#\\\/schema\\\/logo\\\/image\\\/\",\"url\":\"https:\\\/\\\/deportesanluis.com.ar\\\/wp-content\\\/uploads\\\/2023\\\/06\\\/DSL-Logo-2023-5.jpg\",\"contentUrl\":\"https:\\\/\\\/deportesanluis.com.ar\\\/wp-content\\\/uploads\\\/2023\\\/06\\\/DSL-Logo-2023-5.jpg\",\"width\":1718,\"height\":845,\"caption\":\"DSL\"},\"image\":{\"@id\":\"https:\\\/\\\/deportesanluis.com.ar\\\/#\\\/schema\\\/logo\\\/image\\\/\"},\"sameAs\":[\"https:\\\/\\\/www.facebook.com\\\/DSLDeporteSanLuis\",\"https:\\\/\\\/x.com\\\/deportesanluis\",\"https:\\\/\\\/www.instagram.com\\\/dsl_deportesanluis\\\/\"]},{\"@type\":\"Person\",\"@id\":\"https:\\\/\\\/deportesanluis.com.ar\\\/#\\\/schema\\\/person\\\/4b3e665481e93d271fced43ee48143c8\",\"name\":\"admin\",\"image\":{\"@type\":\"ImageObject\",\"inLanguage\":\"es-AR\",\"@id\":\"https:\\\/\\\/secure.gravatar.com\\\/avatar\\\/5424b2c21466f502587708c43dbe2dc47b5e643fec67835095677cd3af6ba546?s=96&d=mm&r=g\",\"url\":\"https:\\\/\\\/secure.gravatar.com\\\/avatar\\\/5424b2c21466f502587708c43dbe2dc47b5e643fec67835095677cd3af6ba546?s=96&d=mm&r=g\",\"contentUrl\":\"https:\\\/\\\/secure.gravatar.com\\\/avatar\\\/5424b2c21466f502587708c43dbe2dc47b5e643fec67835095677cd3af6ba546?s=96&d=mm&r=g\",\"caption\":\"admin\"},\"sameAs\":[\"https:\\\/\\\/deportesanluis.com.ar\"],\"url\":\"https:\\\/\\\/deportesanluis.com.ar\\\/author\\\/admin\\\/\"}]}<\/script>\n<!-- \/ Yoast SEO plugin. -->","yoast_head_json":{"title":"Primera vez para Verona - DSL","description":"El espa\u00f1ol del Lidl-Trek logr\u00f3 su primera vez en el Giro de Italia. Este martes arranca la \u00faltima semana y manda el mexicano Del Toro del UAE Team Emirates.\u00a0","robots":{"index":"index","follow":"follow","max-snippet":"max-snippet:-1","max-image-preview":"max-image-preview:large","max-video-preview":"max-video-preview:-1"},"canonical":"https:\/\/deportesanluis.com.ar\/primera-vez-para-verona\/","og_locale":"es_ES","og_type":"article","og_title":"Primera vez para Verona - DSL","og_description":"El espa\u00f1ol del Lidl-Trek logr\u00f3 su primera vez en el Giro de Italia. Este martes arranca la \u00faltima semana y manda el mexicano Del Toro del UAE Team Emirates.\u00a0","og_url":"https:\/\/deportesanluis.com.ar\/primera-vez-para-verona\/","og_site_name":"DSL","article_publisher":"https:\/\/www.facebook.com\/DSLDeporteSanLuis","article_published_time":"2025-05-26T22:35:24+00:00","og_image":[{"width":800,"height":500,"url":"https:\/\/deportesanluis.com.ar\/wp-content\/uploads\/2025\/05\/Verona-Giro.jpg","type":"image\/jpeg"}],"author":"admin","twitter_card":"summary_large_image","twitter_creator":"@deportesanluis","twitter_site":"@deportesanluis","twitter_misc":{"Escrito por":"admin","Tiempo de lectura":"2 minutos"},"schema":{"@context":"https:\/\/schema.org","@graph":[{"@type":"Article","@id":"https:\/\/deportesanluis.com.ar\/primera-vez-para-verona\/#article","isPartOf":{"@id":"https:\/\/deportesanluis.com.ar\/primera-vez-para-verona\/"},"author":{"name":"admin","@id":"https:\/\/deportesanluis.com.ar\/#\/schema\/person\/4b3e665481e93d271fced43ee48143c8"},"headline":"Primera vez para Verona","datePublished":"2025-05-26T22:35:24+00:00","mainEntityOfPage":{"@id":"https:\/\/deportesanluis.com.ar\/primera-vez-para-verona\/"},"wordCount":226,"publisher":{"@id":"https:\/\/deportesanluis.com.ar\/#organization"},"image":{"@id":"https:\/\/deportesanluis.com.ar\/primera-vez-para-verona\/#primaryimage"},"thumbnailUrl":"https:\/\/deportesanluis.com.ar\/wp-content\/uploads\/2025\/05\/Verona-Giro.jpg","keywords":["Ciclismo","Giro de Italia"],"articleSection":["6","Ciclismo","Poli"],"inLanguage":"es-AR"},{"@type":"WebPage","@id":"https:\/\/deportesanluis.com.ar\/primera-vez-para-verona\/","url":"https:\/\/deportesanluis.com.ar\/primera-vez-para-verona\/","name":"Primera vez para Verona - DSL","isPartOf":{"@id":"https:\/\/deportesanluis.com.ar\/#website"},"primaryImageOfPage":{"@id":"https:\/\/deportesanluis.com.ar\/primera-vez-para-verona\/#primaryimage"},"image":{"@id":"https:\/\/deportesanluis.com.ar\/primera-vez-para-verona\/#primaryimage"},"thumbnailUrl":"https:\/\/deportesanluis.com.ar\/wp-content\/uploads\/2025\/05\/Verona-Giro.jpg","datePublished":"2025-05-26T22:35:24+00:00","description":"El espa\u00f1ol del Lidl-Trek logr\u00f3 su primera vez en el Giro de Italia. Este martes arranca la \u00faltima semana y manda el mexicano Del Toro del UAE Team Emirates.\u00a0","breadcrumb":{"@id":"https:\/\/deportesanluis.com.ar\/primera-vez-para-verona\/#breadcrumb"},"inLanguage":"es-AR","potentialAction":[{"@type":"ReadAction","target":["https:\/\/deportesanluis.com.ar\/primera-vez-para-verona\/"]}]},{"@type":"ImageObject","inLanguage":"es-AR","@id":"https:\/\/deportesanluis.com.ar\/primera-vez-para-verona\/#primaryimage","url":"https:\/\/deportesanluis.com.ar\/wp-content\/uploads\/2025\/05\/Verona-Giro.jpg","contentUrl":"https:\/\/deportesanluis.com.ar\/wp-content\/uploads\/2025\/05\/Verona-Giro.jpg","width":800,"height":500},{"@type":"BreadcrumbList","@id":"https:\/\/deportesanluis.com.ar\/primera-vez-para-verona\/#breadcrumb","itemListElement":[{"@type":"ListItem","position":1,"name":"Home","item":"https:\/\/deportesanluis.com.ar\/"},{"@type":"ListItem","position":2,"name":"Primera vez para Verona"}]},{"@type":"WebSite","@id":"https:\/\/deportesanluis.com.ar\/#website","url":"https:\/\/deportesanluis.com.ar\/","name":"deportesanluis.com.ar","description":"Noticias de Deporte de San Luis","publisher":{"@id":"https:\/\/deportesanluis.com.ar\/#organization"},"alternateName":"Deporte SL","potentialAction":[{"@type":"SearchAction","target":{"@type":"EntryPoint","urlTemplate":"https:\/\/deportesanluis.com.ar\/?s={search_term_string}"},"query-input":{"@type":"PropertyValueSpecification","valueRequired":true,"valueName":"search_term_string"}}],"inLanguage":"es-AR"},{"@type":"Organization","@id":"https:\/\/deportesanluis.com.ar\/#organization","name":"DSL","alternateName":"Deporte SL","url":"https:\/\/deportesanluis.com.ar\/","logo":{"@type":"ImageObject","inLanguage":"es-AR","@id":"https:\/\/deportesanluis.com.ar\/#\/schema\/logo\/image\/","url":"https:\/\/deportesanluis.com.ar\/wp-content\/uploads\/2023\/06\/DSL-Logo-2023-5.jpg","contentUrl":"https:\/\/deportesanluis.com.ar\/wp-content\/uploads\/2023\/06\/DSL-Logo-2023-5.jpg","width":1718,"height":845,"caption":"DSL"},"image":{"@id":"https:\/\/deportesanluis.com.ar\/#\/schema\/logo\/image\/"},"sameAs":["https:\/\/www.facebook.com\/DSLDeporteSanLuis","https:\/\/x.com\/deportesanluis","https:\/\/www.instagram.com\/dsl_deportesanluis\/"]},{"@type":"Person","@id":"https:\/\/deportesanluis.com.ar\/#\/schema\/person\/4b3e665481e93d271fced43ee48143c8","name":"admin","image":{"@type":"ImageObject","inLanguage":"es-AR","@id":"https:\/\/secure.gravatar.com\/avatar\/5424b2c21466f502587708c43dbe2dc47b5e643fec67835095677cd3af6ba546?s=96&d=mm&r=g","url":"https:\/\/secure.gravatar.com\/avatar\/5424b2c21466f502587708c43dbe2dc47b5e643fec67835095677cd3af6ba546?s=96&d=mm&r=g","contentUrl":"https:\/\/secure.gravatar.com\/avatar\/5424b2c21466f502587708c43dbe2dc47b5e643fec67835095677cd3af6ba546?s=96&d=mm&r=g","caption":"admin"},"sameAs":["https:\/\/deportesanluis.com.ar"],"url":"https:\/\/deportesanluis.com.ar\/author\/admin\/"}]}},"_links":{"self":[{"href":"https:\/\/deportesanluis.com.ar\/wp-json\/wp\/v2\/posts\/27051","targetHints":{"allow":["GET"]}}],"collection":[{"href":"https:\/\/deportesanluis.com.ar\/wp-json\/wp\/v2\/posts"}],"about":[{"href":"https:\/\/deportesanluis.com.ar\/wp-json\/wp\/v2\/types\/post"}],"author":[{"embeddable":true,"href":"https:\/\/deportesanluis.com.ar\/wp-json\/wp\/v2\/users\/1"}],"replies":[{"embeddable":true,"href":"https:\/\/deportesanluis.com.ar\/wp-json\/wp\/v2\/comments?post=27051"}],"version-history":[{"count":0,"href":"https:\/\/deportesanluis.com.ar\/wp-json\/wp\/v2\/posts\/27051\/revisions"}],"wp:featuredmedia":[{"embeddable":true,"href":"https:\/\/deportesanluis.com.ar\/wp-json\/wp\/v2\/media\/27052"}],"wp:attachment":[{"href":"https:\/\/deportesanluis.com.ar\/wp-json\/wp\/v2\/media?parent=27051"}],"wp:term":[{"taxonomy":"category","embeddable":true,"href":"https:\/\/deportesanluis.com.ar\/wp-json\/wp\/v2\/categories?post=27051"},{"taxonomy":"post_tag","embeddable":true,"href":"https:\/\/deportesanluis.com.ar\/wp-json\/wp\/v2\/tags?post=27051"}],"curies":[{"name":"wp","href":"https:\/\/api.w.org\/{rel}","templated":true}]}}