{"id":27145,"date":"2025-06-04T09:20:55","date_gmt":"2025-06-04T12:20:55","guid":{"rendered":"https:\/\/deportesanluis.com.ar\/?p=27145"},"modified":"2025-06-10T08:37:25","modified_gmt":"2025-06-10T11:37:25","slug":"auto-nuevo-y-clan-completo-desde-la-proxima-en-viedma","status":"publish","type":"post","link":"https:\/\/deportesanluis.com.ar\/auto-nuevo-y-clan-completo-desde-la-proxima-en-viedma\/","title":{"rendered":"Auto nuevo y clan completo desde la pr\u00f3xima en Viedma"},"content":{"rendered":"<p>El equipo JF Racing anunci\u00f3 la incorporaci\u00f3n de un Peugeot 208 a su plantel de veh\u00edculos dentro de la Clase 2 del Turismo Nacional.\u00a0La unidad fue la que Santiago Tambucci utiliz\u00f3 la fecha pasada en R\u00edo Cuarto.<\/p>\n<p>Dicho veh\u00edculo lo utiliz\u00f3 Juli\u00e1n Leppahille durante el 2024 con la atenci\u00f3n de Jorge Piedra Competici\u00f3n. Luego del acuerdo, el veh\u00edculo fue trasladado a San Luis para comenzar con las primeras labores sobre el veh\u00edculo que ser\u00e1 confiado a Marcos Fern\u00e1ndez, a partir de la sexta fecha de la tabla anual.<\/p>\n<p>\u201cConsideramos que es un buen momento para comenzar la renovaci\u00f3n de los autos que forman parte de nuestro equipo; por eso es que apenas terminada la carrera de R\u00edo Cuarto, acordamos incorporar el Peugeot 208. Este auto, en la pr\u00f3xima fecha, lo correr\u00e1 mi hijo Marcos\u201d, expres\u00f3 al respecto Walter Fern\u00e1ndez, titular de la formaci\u00f3n establecida en San Luis, que cuenta con consejos t\u00e9cnicos provistos por Gabriel Rodr\u00edguez.<\/p>\n<p>&nbsp;<\/p>\n<blockquote class=\"instagram-media\" style=\"background: #FFF; border: 0; border-radius: 3px; box-shadow: 0 0 1px 0 rgba(0,0,0,0.5),0 1px 10px 0 rgba(0,0,0,0.15); margin: 1px; max-width: 540px; min-width: 326px; padding: 0; width: calc(100% - 2px);\" data-instgrm-captioned=\"\" data-instgrm-permalink=\"https:\/\/www.instagram.com\/reel\/DKZ1J3Ote-P\/?utm_source=ig_embed&amp;utm_campaign=loading\" data-instgrm-version=\"14\">\n<div style=\"padding: 16px;\">\n<p>&nbsp;<\/p>\n<div style=\"display: flex; flex-direction: row; align-items: center;\">\n<div style=\"background-color: #f4f4f4; border-radius: 50%; flex-grow: 0; height: 40px; margin-right: 14px; width: 40px;\"><\/div>\n<div style=\"display: flex; flex-direction: column; flex-grow: 1; justify-content: center;\">\n<div style=\"background-color: #f4f4f4; border-radius: 4px; flex-grow: 0; height: 14px; margin-bottom: 6px; width: 100px;\"><\/div>\n<div style=\"background-color: #f4f4f4; border-radius: 4px; flex-grow: 0; height: 14px; width: 60px;\"><\/div>\n<\/div>\n<\/div>\n<div style=\"padding: 19% 0;\"><\/div>\n<div style=\"display: block; height: 50px; margin: 0 auto 12px; width: 50px;\"><\/div>\n<div style=\"padding-top: 8px;\">\n<div style=\"color: #3897f0; font-family: Arial,sans-serif; font-size: 14px; font-style: normal; font-weight: 550; line-height: 18px;\">Ver esta publicaci\u00f3n en Instagram<\/div>\n<\/div>\n<div style=\"padding: 12.5% 0;\"><\/div>\n<div style=\"display: flex; flex-direction: row; margin-bottom: 14px; align-items: center;\">\n<div>\n<div style=\"background-color: #f4f4f4; border-radius: 50%; height: 12.5px; width: 12.5px; transform: translateX(0px) translateY(7px);\"><\/div>\n<div style=\"background-color: #f4f4f4; height: 12.5px; transform: rotate(-45deg) translateX(3px) translateY(1px); width: 12.5px; flex-grow: 0; margin-right: 14px; margin-left: 2px;\"><\/div>\n<div style=\"background-color: #f4f4f4; border-radius: 50%; height: 12.5px; width: 12.5px; transform: translateX(9px) translateY(-18px);\"><\/div>\n<\/div>\n<div style=\"margin-left: 8px;\">\n<div style=\"background-color: #f4f4f4; border-radius: 50%; flex-grow: 0; height: 20px; width: 20px;\"><\/div>\n<div style=\"width: 0; height: 0; border-top: 2px solid transparent; border-left: 6px solid #f4f4f4; border-bottom: 2px solid transparent; transform: translateX(16px) translateY(-4px) rotate(30deg);\"><\/div>\n<\/div>\n<div style=\"margin-left: auto;\">\n<div style=\"width: 0px; border-top: 8px solid #F4F4F4; border-right: 8px solid transparent; transform: translateY(16px);\"><\/div>\n<div style=\"background-color: #f4f4f4; flex-grow: 0; height: 12px; width: 16px; transform: translateY(-4px);\"><\/div>\n<div style=\"width: 0; height: 0; border-top: 8px solid #F4F4F4; border-left: 8px solid transparent; transform: translateY(-4px) translateX(8px);\"><\/div>\n<\/div>\n<\/div>\n<div style=\"display: flex; flex-direction: column; flex-grow: 1; justify-content: center; margin-bottom: 24px;\">\n<div style=\"background-color: #f4f4f4; border-radius: 4px; flex-grow: 0; height: 14px; margin-bottom: 6px; width: 224px;\"><\/div>\n<div style=\"background-color: #f4f4f4; border-radius: 4px; flex-grow: 0; height: 14px; width: 144px;\"><\/div>\n<\/div>\n<p>&nbsp;<\/p>\n<p style=\"color: #c9c8cd; font-family: Arial,sans-serif; font-size: 14px; line-height: 17px; margin-bottom: 0; margin-top: 8px; overflow: hidden; padding: 8px 0 7px; text-align: center; text-overflow: ellipsis; white-space: nowrap;\"><a style=\"color: #c9c8cd; font-family: Arial,sans-serif; font-size: 14px; font-style: normal; font-weight: normal; line-height: 17px; text-decoration: none;\" href=\"https:\/\/www.instagram.com\/reel\/DKZ1J3Ote-P\/?utm_source=ig_embed&amp;utm_campaign=loading\" target=\"_blank\" rel=\"noopener\">Una publicaci\u00f3n compartida por JF RACING (@jfracingprensatn)<\/a><\/p>\n<\/div>\n<\/blockquote>\n<p><script async src=\"\/\/www.instagram.com\/embed.js\"><\/script><\/p>\n<p>Adem\u00e1s de dicha alternativa, cuando se dispute la sexta fecha del Campeonato 2025 entre los d\u00edas 13, 14 y 15 de junio en el Aut\u00f3dromo Ciudad de Viedma (R\u00edo Negro), la formaci\u00f3n puntana tendr\u00e1 en pista nuevamente a Sergio Fern\u00e1ndez, hermano de Marcos, quien regresar\u00e1 al TN Clase 2 tras m\u00e1s de dos a\u00f1os de su \u00faltima competencia, disputada el 06 de noviembre de 2022 en el Aut\u00f3dromo Oscar y Juan G\u00e1lvez de Buenos Aires.<\/p>\n<figure id=\"attachment_27146\" aria-describedby=\"caption-attachment-27146\" style=\"width: 1920px\" class=\"wp-caption alignnone\"><img loading=\"lazy\" decoding=\"async\" class=\"wp-image-27146 size-full\" src=\"https:\/\/deportesanluis.com.ar\/wp-content\/uploads\/2025\/06\/SergioFernandez-Archivo-TN25.jpeg\" alt=\"\" width=\"1920\" height=\"1080\" srcset=\"https:\/\/deportesanluis.com.ar\/wp-content\/uploads\/2025\/06\/SergioFernandez-Archivo-TN25.jpeg 1920w, https:\/\/deportesanluis.com.ar\/wp-content\/uploads\/2025\/06\/SergioFernandez-Archivo-TN25-300x169.jpeg 300w, https:\/\/deportesanluis.com.ar\/wp-content\/uploads\/2025\/06\/SergioFernandez-Archivo-TN25-1024x576.jpeg 1024w, https:\/\/deportesanluis.com.ar\/wp-content\/uploads\/2025\/06\/SergioFernandez-Archivo-TN25-768x432.jpeg 768w, https:\/\/deportesanluis.com.ar\/wp-content\/uploads\/2025\/06\/SergioFernandez-Archivo-TN25-1536x864.jpeg 1536w, https:\/\/deportesanluis.com.ar\/wp-content\/uploads\/2025\/06\/SergioFernandez-Archivo-TN25-747x420.jpeg 747w, https:\/\/deportesanluis.com.ar\/wp-content\/uploads\/2025\/06\/SergioFernandez-Archivo-TN25-150x84.jpeg 150w, https:\/\/deportesanluis.com.ar\/wp-content\/uploads\/2025\/06\/SergioFernandez-Archivo-TN25-696x392.jpeg 696w, https:\/\/deportesanluis.com.ar\/wp-content\/uploads\/2025\/06\/SergioFernandez-Archivo-TN25-1068x601.jpeg 1068w\" sizes=\"auto, (max-width: 1920px) 100vw, 1920px\" \/><figcaption id=\"caption-attachment-27146\" class=\"wp-caption-text\">\u00daltima presentaci\u00f3n de Sergio Fern\u00e1ndez en la Clase 2 del TN.<\/figcaption><\/figure>\n<p>De esta manera, en la pista rionegrina, el JF Racing se presentar\u00e1 con Aaron Fern\u00e1ndez y Sergio Fern\u00e1ndez en sendos Nissan March como as\u00ed tambi\u00e9n Marcos Fern\u00e1ndez en el flamante Peugeot 208.<\/p>\n<hr \/>\n<p><strong>Nota:<\/strong> Redacci\u00f3n<\/p>\n","protected":false},"excerpt":{"rendered":"<p>El JF Racing confirm\u00f3 la incorporaci\u00f3n de un Peugeot 208 a su estructura que ser\u00e1 utilizado de ahora en adelante por Marcos Fern\u00e1ndez. Adem\u00e1s, indicaron que regresa a la categor\u00eda su hermano Sergio.<\/p>\n","protected":false},"author":1,"featured_media":26638,"comment_status":"closed","ping_status":"closed","sticky":false,"template":"","format":"standard","meta":{"footnotes":""},"categories":[75,51,127],"tags":[128],"class_list":{"0":"post-27145","1":"post","2":"type-post","3":"status-publish","4":"format-standard","5":"has-post-thumbnail","7":"category-75","8":"category-motores","9":"category-tn","10":"tag-tn"},"yoast_head":"<!-- This site is optimized with the Yoast SEO plugin v27.4 - https:\/\/yoast.com\/product\/yoast-seo-wordpress\/ -->\n<title>Auto nuevo y clan completo desde la pr\u00f3xima en Viedma - DSL<\/title>\n<meta name=\"description\" content=\"El JF Racing confirm\u00f3 la incorporaci\u00f3n de un Peugeot 208 a su estructura que ser\u00e1 utilizado de ahora en adelante por Marcos Fern\u00e1ndez. Adem\u00e1s, indicaron que regresa a la categor\u00eda su hermano Sergio.\" \/>\n<meta name=\"robots\" content=\"index, follow, max-snippet:-1, max-image-preview:large, max-video-preview:-1\" \/>\n<link rel=\"canonical\" href=\"https:\/\/deportesanluis.com.ar\/auto-nuevo-y-clan-completo-desde-la-proxima-en-viedma\/\" \/>\n<meta property=\"og:locale\" content=\"es_ES\" \/>\n<meta property=\"og:type\" content=\"article\" \/>\n<meta property=\"og:title\" content=\"Auto nuevo y clan completo desde la pr\u00f3xima en Viedma - DSL\" \/>\n<meta property=\"og:description\" content=\"El JF Racing confirm\u00f3 la incorporaci\u00f3n de un Peugeot 208 a su estructura que ser\u00e1 utilizado de ahora en adelante por Marcos Fern\u00e1ndez. Adem\u00e1s, indicaron que regresa a la categor\u00eda su hermano Sergio.\" \/>\n<meta property=\"og:url\" content=\"https:\/\/deportesanluis.com.ar\/auto-nuevo-y-clan-completo-desde-la-proxima-en-viedma\/\" \/>\n<meta property=\"og:site_name\" content=\"DSL\" \/>\n<meta property=\"article:publisher\" content=\"https:\/\/www.facebook.com\/DSLDeporteSanLuis\" \/>\n<meta property=\"article:published_time\" content=\"2025-06-04T12:20:55+00:00\" \/>\n<meta property=\"article:modified_time\" content=\"2025-06-10T11:37:25+00:00\" \/>\n<meta property=\"og:image\" content=\"https:\/\/deportesanluis.com.ar\/wp-content\/uploads\/2025\/04\/Aaron-Fernandez-Villicum-01-TN25.jpg\" \/>\n\t<meta property=\"og:image:width\" content=\"862\" \/>\n\t<meta property=\"og:image:height\" content=\"552\" \/>\n\t<meta property=\"og:image:type\" content=\"image\/jpeg\" \/>\n<meta name=\"author\" content=\"admin\" \/>\n<meta name=\"twitter:card\" content=\"summary_large_image\" \/>\n<meta name=\"twitter:creator\" content=\"@deportesanluis\" \/>\n<meta name=\"twitter:site\" content=\"@deportesanluis\" \/>\n<meta name=\"twitter:label1\" content=\"Escrito por\" \/>\n\t<meta name=\"twitter:data1\" content=\"admin\" \/>\n\t<meta name=\"twitter:label2\" content=\"Tiempo de lectura\" \/>\n\t<meta name=\"twitter:data2\" content=\"2 minutos\" \/>\n<script type=\"application\/ld+json\" class=\"yoast-schema-graph\">{\"@context\":\"https:\\\/\\\/schema.org\",\"@graph\":[{\"@type\":\"Article\",\"@id\":\"https:\\\/\\\/deportesanluis.com.ar\\\/auto-nuevo-y-clan-completo-desde-la-proxima-en-viedma\\\/#article\",\"isPartOf\":{\"@id\":\"https:\\\/\\\/deportesanluis.com.ar\\\/auto-nuevo-y-clan-completo-desde-la-proxima-en-viedma\\\/\"},\"author\":{\"name\":\"admin\",\"@id\":\"https:\\\/\\\/deportesanluis.com.ar\\\/#\\\/schema\\\/person\\\/4b3e665481e93d271fced43ee48143c8\"},\"headline\":\"Auto nuevo y clan completo desde la pr\u00f3xima en Viedma\",\"datePublished\":\"2025-06-04T12:20:55+00:00\",\"dateModified\":\"2025-06-10T11:37:25+00:00\",\"mainEntityOfPage\":{\"@id\":\"https:\\\/\\\/deportesanluis.com.ar\\\/auto-nuevo-y-clan-completo-desde-la-proxima-en-viedma\\\/\"},\"wordCount\":333,\"publisher\":{\"@id\":\"https:\\\/\\\/deportesanluis.com.ar\\\/#organization\"},\"image\":{\"@id\":\"https:\\\/\\\/deportesanluis.com.ar\\\/auto-nuevo-y-clan-completo-desde-la-proxima-en-viedma\\\/#primaryimage\"},\"thumbnailUrl\":\"https:\\\/\\\/deportesanluis.com.ar\\\/wp-content\\\/uploads\\\/2025\\\/04\\\/Aaron-Fernandez-Villicum-01-TN25.jpg\",\"keywords\":[\"TN\"],\"articleSection\":[\"15\",\"Motores\",\"TN\"],\"inLanguage\":\"es-AR\"},{\"@type\":\"WebPage\",\"@id\":\"https:\\\/\\\/deportesanluis.com.ar\\\/auto-nuevo-y-clan-completo-desde-la-proxima-en-viedma\\\/\",\"url\":\"https:\\\/\\\/deportesanluis.com.ar\\\/auto-nuevo-y-clan-completo-desde-la-proxima-en-viedma\\\/\",\"name\":\"Auto nuevo y clan completo desde la pr\u00f3xima en Viedma - DSL\",\"isPartOf\":{\"@id\":\"https:\\\/\\\/deportesanluis.com.ar\\\/#website\"},\"primaryImageOfPage\":{\"@id\":\"https:\\\/\\\/deportesanluis.com.ar\\\/auto-nuevo-y-clan-completo-desde-la-proxima-en-viedma\\\/#primaryimage\"},\"image\":{\"@id\":\"https:\\\/\\\/deportesanluis.com.ar\\\/auto-nuevo-y-clan-completo-desde-la-proxima-en-viedma\\\/#primaryimage\"},\"thumbnailUrl\":\"https:\\\/\\\/deportesanluis.com.ar\\\/wp-content\\\/uploads\\\/2025\\\/04\\\/Aaron-Fernandez-Villicum-01-TN25.jpg\",\"datePublished\":\"2025-06-04T12:20:55+00:00\",\"dateModified\":\"2025-06-10T11:37:25+00:00\",\"description\":\"El JF Racing confirm\u00f3 la incorporaci\u00f3n de un Peugeot 208 a su estructura que ser\u00e1 utilizado de ahora en adelante por Marcos Fern\u00e1ndez. Adem\u00e1s, indicaron que regresa a la categor\u00eda su hermano Sergio.\",\"breadcrumb\":{\"@id\":\"https:\\\/\\\/deportesanluis.com.ar\\\/auto-nuevo-y-clan-completo-desde-la-proxima-en-viedma\\\/#breadcrumb\"},\"inLanguage\":\"es-AR\",\"potentialAction\":[{\"@type\":\"ReadAction\",\"target\":[\"https:\\\/\\\/deportesanluis.com.ar\\\/auto-nuevo-y-clan-completo-desde-la-proxima-en-viedma\\\/\"]}]},{\"@type\":\"ImageObject\",\"inLanguage\":\"es-AR\",\"@id\":\"https:\\\/\\\/deportesanluis.com.ar\\\/auto-nuevo-y-clan-completo-desde-la-proxima-en-viedma\\\/#primaryimage\",\"url\":\"https:\\\/\\\/deportesanluis.com.ar\\\/wp-content\\\/uploads\\\/2025\\\/04\\\/Aaron-Fernandez-Villicum-01-TN25.jpg\",\"contentUrl\":\"https:\\\/\\\/deportesanluis.com.ar\\\/wp-content\\\/uploads\\\/2025\\\/04\\\/Aaron-Fernandez-Villicum-01-TN25.jpg\",\"width\":862,\"height\":552},{\"@type\":\"BreadcrumbList\",\"@id\":\"https:\\\/\\\/deportesanluis.com.ar\\\/auto-nuevo-y-clan-completo-desde-la-proxima-en-viedma\\\/#breadcrumb\",\"itemListElement\":[{\"@type\":\"ListItem\",\"position\":1,\"name\":\"Home\",\"item\":\"https:\\\/\\\/deportesanluis.com.ar\\\/\"},{\"@type\":\"ListItem\",\"position\":2,\"name\":\"Auto nuevo y clan completo desde la pr\u00f3xima en Viedma\"}]},{\"@type\":\"WebSite\",\"@id\":\"https:\\\/\\\/deportesanluis.com.ar\\\/#website\",\"url\":\"https:\\\/\\\/deportesanluis.com.ar\\\/\",\"name\":\"deportesanluis.com.ar\",\"description\":\"Noticias de Deporte de San Luis\",\"publisher\":{\"@id\":\"https:\\\/\\\/deportesanluis.com.ar\\\/#organization\"},\"alternateName\":\"Deporte SL\",\"potentialAction\":[{\"@type\":\"SearchAction\",\"target\":{\"@type\":\"EntryPoint\",\"urlTemplate\":\"https:\\\/\\\/deportesanluis.com.ar\\\/?s={search_term_string}\"},\"query-input\":{\"@type\":\"PropertyValueSpecification\",\"valueRequired\":true,\"valueName\":\"search_term_string\"}}],\"inLanguage\":\"es-AR\"},{\"@type\":\"Organization\",\"@id\":\"https:\\\/\\\/deportesanluis.com.ar\\\/#organization\",\"name\":\"DSL\",\"alternateName\":\"Deporte SL\",\"url\":\"https:\\\/\\\/deportesanluis.com.ar\\\/\",\"logo\":{\"@type\":\"ImageObject\",\"inLanguage\":\"es-AR\",\"@id\":\"https:\\\/\\\/deportesanluis.com.ar\\\/#\\\/schema\\\/logo\\\/image\\\/\",\"url\":\"https:\\\/\\\/deportesanluis.com.ar\\\/wp-content\\\/uploads\\\/2023\\\/06\\\/DSL-Logo-2023-5.jpg\",\"contentUrl\":\"https:\\\/\\\/deportesanluis.com.ar\\\/wp-content\\\/uploads\\\/2023\\\/06\\\/DSL-Logo-2023-5.jpg\",\"width\":1718,\"height\":845,\"caption\":\"DSL\"},\"image\":{\"@id\":\"https:\\\/\\\/deportesanluis.com.ar\\\/#\\\/schema\\\/logo\\\/image\\\/\"},\"sameAs\":[\"https:\\\/\\\/www.facebook.com\\\/DSLDeporteSanLuis\",\"https:\\\/\\\/x.com\\\/deportesanluis\",\"https:\\\/\\\/www.instagram.com\\\/dsl_deportesanluis\\\/\"]},{\"@type\":\"Person\",\"@id\":\"https:\\\/\\\/deportesanluis.com.ar\\\/#\\\/schema\\\/person\\\/4b3e665481e93d271fced43ee48143c8\",\"name\":\"admin\",\"image\":{\"@type\":\"ImageObject\",\"inLanguage\":\"es-AR\",\"@id\":\"https:\\\/\\\/secure.gravatar.com\\\/avatar\\\/5424b2c21466f502587708c43dbe2dc47b5e643fec67835095677cd3af6ba546?s=96&d=mm&r=g\",\"url\":\"https:\\\/\\\/secure.gravatar.com\\\/avatar\\\/5424b2c21466f502587708c43dbe2dc47b5e643fec67835095677cd3af6ba546?s=96&d=mm&r=g\",\"contentUrl\":\"https:\\\/\\\/secure.gravatar.com\\\/avatar\\\/5424b2c21466f502587708c43dbe2dc47b5e643fec67835095677cd3af6ba546?s=96&d=mm&r=g\",\"caption\":\"admin\"},\"sameAs\":[\"https:\\\/\\\/deportesanluis.com.ar\"],\"url\":\"https:\\\/\\\/deportesanluis.com.ar\\\/author\\\/admin\\\/\"}]}<\/script>\n<!-- \/ Yoast SEO plugin. -->","yoast_head_json":{"title":"Auto nuevo y clan completo desde la pr\u00f3xima en Viedma - DSL","description":"El JF Racing confirm\u00f3 la incorporaci\u00f3n de un Peugeot 208 a su estructura que ser\u00e1 utilizado de ahora en adelante por Marcos Fern\u00e1ndez. Adem\u00e1s, indicaron que regresa a la categor\u00eda su hermano Sergio.","robots":{"index":"index","follow":"follow","max-snippet":"max-snippet:-1","max-image-preview":"max-image-preview:large","max-video-preview":"max-video-preview:-1"},"canonical":"https:\/\/deportesanluis.com.ar\/auto-nuevo-y-clan-completo-desde-la-proxima-en-viedma\/","og_locale":"es_ES","og_type":"article","og_title":"Auto nuevo y clan completo desde la pr\u00f3xima en Viedma - DSL","og_description":"El JF Racing confirm\u00f3 la incorporaci\u00f3n de un Peugeot 208 a su estructura que ser\u00e1 utilizado de ahora en adelante por Marcos Fern\u00e1ndez. Adem\u00e1s, indicaron que regresa a la categor\u00eda su hermano Sergio.","og_url":"https:\/\/deportesanluis.com.ar\/auto-nuevo-y-clan-completo-desde-la-proxima-en-viedma\/","og_site_name":"DSL","article_publisher":"https:\/\/www.facebook.com\/DSLDeporteSanLuis","article_published_time":"2025-06-04T12:20:55+00:00","article_modified_time":"2025-06-10T11:37:25+00:00","og_image":[{"width":862,"height":552,"url":"https:\/\/deportesanluis.com.ar\/wp-content\/uploads\/2025\/04\/Aaron-Fernandez-Villicum-01-TN25.jpg","type":"image\/jpeg"}],"author":"admin","twitter_card":"summary_large_image","twitter_creator":"@deportesanluis","twitter_site":"@deportesanluis","twitter_misc":{"Escrito por":"admin","Tiempo de lectura":"2 minutos"},"schema":{"@context":"https:\/\/schema.org","@graph":[{"@type":"Article","@id":"https:\/\/deportesanluis.com.ar\/auto-nuevo-y-clan-completo-desde-la-proxima-en-viedma\/#article","isPartOf":{"@id":"https:\/\/deportesanluis.com.ar\/auto-nuevo-y-clan-completo-desde-la-proxima-en-viedma\/"},"author":{"name":"admin","@id":"https:\/\/deportesanluis.com.ar\/#\/schema\/person\/4b3e665481e93d271fced43ee48143c8"},"headline":"Auto nuevo y clan completo desde la pr\u00f3xima en Viedma","datePublished":"2025-06-04T12:20:55+00:00","dateModified":"2025-06-10T11:37:25+00:00","mainEntityOfPage":{"@id":"https:\/\/deportesanluis.com.ar\/auto-nuevo-y-clan-completo-desde-la-proxima-en-viedma\/"},"wordCount":333,"publisher":{"@id":"https:\/\/deportesanluis.com.ar\/#organization"},"image":{"@id":"https:\/\/deportesanluis.com.ar\/auto-nuevo-y-clan-completo-desde-la-proxima-en-viedma\/#primaryimage"},"thumbnailUrl":"https:\/\/deportesanluis.com.ar\/wp-content\/uploads\/2025\/04\/Aaron-Fernandez-Villicum-01-TN25.jpg","keywords":["TN"],"articleSection":["15","Motores","TN"],"inLanguage":"es-AR"},{"@type":"WebPage","@id":"https:\/\/deportesanluis.com.ar\/auto-nuevo-y-clan-completo-desde-la-proxima-en-viedma\/","url":"https:\/\/deportesanluis.com.ar\/auto-nuevo-y-clan-completo-desde-la-proxima-en-viedma\/","name":"Auto nuevo y clan completo desde la pr\u00f3xima en Viedma - DSL","isPartOf":{"@id":"https:\/\/deportesanluis.com.ar\/#website"},"primaryImageOfPage":{"@id":"https:\/\/deportesanluis.com.ar\/auto-nuevo-y-clan-completo-desde-la-proxima-en-viedma\/#primaryimage"},"image":{"@id":"https:\/\/deportesanluis.com.ar\/auto-nuevo-y-clan-completo-desde-la-proxima-en-viedma\/#primaryimage"},"thumbnailUrl":"https:\/\/deportesanluis.com.ar\/wp-content\/uploads\/2025\/04\/Aaron-Fernandez-Villicum-01-TN25.jpg","datePublished":"2025-06-04T12:20:55+00:00","dateModified":"2025-06-10T11:37:25+00:00","description":"El JF Racing confirm\u00f3 la incorporaci\u00f3n de un Peugeot 208 a su estructura que ser\u00e1 utilizado de ahora en adelante por Marcos Fern\u00e1ndez. Adem\u00e1s, indicaron que regresa a la categor\u00eda su hermano Sergio.","breadcrumb":{"@id":"https:\/\/deportesanluis.com.ar\/auto-nuevo-y-clan-completo-desde-la-proxima-en-viedma\/#breadcrumb"},"inLanguage":"es-AR","potentialAction":[{"@type":"ReadAction","target":["https:\/\/deportesanluis.com.ar\/auto-nuevo-y-clan-completo-desde-la-proxima-en-viedma\/"]}]},{"@type":"ImageObject","inLanguage":"es-AR","@id":"https:\/\/deportesanluis.com.ar\/auto-nuevo-y-clan-completo-desde-la-proxima-en-viedma\/#primaryimage","url":"https:\/\/deportesanluis.com.ar\/wp-content\/uploads\/2025\/04\/Aaron-Fernandez-Villicum-01-TN25.jpg","contentUrl":"https:\/\/deportesanluis.com.ar\/wp-content\/uploads\/2025\/04\/Aaron-Fernandez-Villicum-01-TN25.jpg","width":862,"height":552},{"@type":"BreadcrumbList","@id":"https:\/\/deportesanluis.com.ar\/auto-nuevo-y-clan-completo-desde-la-proxima-en-viedma\/#breadcrumb","itemListElement":[{"@type":"ListItem","position":1,"name":"Home","item":"https:\/\/deportesanluis.com.ar\/"},{"@type":"ListItem","position":2,"name":"Auto nuevo y clan completo desde la pr\u00f3xima en Viedma"}]},{"@type":"WebSite","@id":"https:\/\/deportesanluis.com.ar\/#website","url":"https:\/\/deportesanluis.com.ar\/","name":"deportesanluis.com.ar","description":"Noticias de Deporte de San Luis","publisher":{"@id":"https:\/\/deportesanluis.com.ar\/#organization"},"alternateName":"Deporte SL","potentialAction":[{"@type":"SearchAction","target":{"@type":"EntryPoint","urlTemplate":"https:\/\/deportesanluis.com.ar\/?s={search_term_string}"},"query-input":{"@type":"PropertyValueSpecification","valueRequired":true,"valueName":"search_term_string"}}],"inLanguage":"es-AR"},{"@type":"Organization","@id":"https:\/\/deportesanluis.com.ar\/#organization","name":"DSL","alternateName":"Deporte SL","url":"https:\/\/deportesanluis.com.ar\/","logo":{"@type":"ImageObject","inLanguage":"es-AR","@id":"https:\/\/deportesanluis.com.ar\/#\/schema\/logo\/image\/","url":"https:\/\/deportesanluis.com.ar\/wp-content\/uploads\/2023\/06\/DSL-Logo-2023-5.jpg","contentUrl":"https:\/\/deportesanluis.com.ar\/wp-content\/uploads\/2023\/06\/DSL-Logo-2023-5.jpg","width":1718,"height":845,"caption":"DSL"},"image":{"@id":"https:\/\/deportesanluis.com.ar\/#\/schema\/logo\/image\/"},"sameAs":["https:\/\/www.facebook.com\/DSLDeporteSanLuis","https:\/\/x.com\/deportesanluis","https:\/\/www.instagram.com\/dsl_deportesanluis\/"]},{"@type":"Person","@id":"https:\/\/deportesanluis.com.ar\/#\/schema\/person\/4b3e665481e93d271fced43ee48143c8","name":"admin","image":{"@type":"ImageObject","inLanguage":"es-AR","@id":"https:\/\/secure.gravatar.com\/avatar\/5424b2c21466f502587708c43dbe2dc47b5e643fec67835095677cd3af6ba546?s=96&d=mm&r=g","url":"https:\/\/secure.gravatar.com\/avatar\/5424b2c21466f502587708c43dbe2dc47b5e643fec67835095677cd3af6ba546?s=96&d=mm&r=g","contentUrl":"https:\/\/secure.gravatar.com\/avatar\/5424b2c21466f502587708c43dbe2dc47b5e643fec67835095677cd3af6ba546?s=96&d=mm&r=g","caption":"admin"},"sameAs":["https:\/\/deportesanluis.com.ar"],"url":"https:\/\/deportesanluis.com.ar\/author\/admin\/"}]}},"_links":{"self":[{"href":"https:\/\/deportesanluis.com.ar\/wp-json\/wp\/v2\/posts\/27145","targetHints":{"allow":["GET"]}}],"collection":[{"href":"https:\/\/deportesanluis.com.ar\/wp-json\/wp\/v2\/posts"}],"about":[{"href":"https:\/\/deportesanluis.com.ar\/wp-json\/wp\/v2\/types\/post"}],"author":[{"embeddable":true,"href":"https:\/\/deportesanluis.com.ar\/wp-json\/wp\/v2\/users\/1"}],"replies":[{"embeddable":true,"href":"https:\/\/deportesanluis.com.ar\/wp-json\/wp\/v2\/comments?post=27145"}],"version-history":[{"count":0,"href":"https:\/\/deportesanluis.com.ar\/wp-json\/wp\/v2\/posts\/27145\/revisions"}],"wp:featuredmedia":[{"embeddable":true,"href":"https:\/\/deportesanluis.com.ar\/wp-json\/wp\/v2\/media\/26638"}],"wp:attachment":[{"href":"https:\/\/deportesanluis.com.ar\/wp-json\/wp\/v2\/media?parent=27145"}],"wp:term":[{"taxonomy":"category","embeddable":true,"href":"https:\/\/deportesanluis.com.ar\/wp-json\/wp\/v2\/categories?post=27145"},{"taxonomy":"post_tag","embeddable":true,"href":"https:\/\/deportesanluis.com.ar\/wp-json\/wp\/v2\/tags?post=27145"}],"curies":[{"name":"wp","href":"https:\/\/api.w.org\/{rel}","templated":true}]}}