{"id":27324,"date":"2025-06-12T20:02:47","date_gmt":"2025-06-12T23:02:47","guid":{"rendered":"https:\/\/deportesanluis.com.ar\/?p=27324"},"modified":"2025-06-16T12:10:41","modified_gmt":"2025-06-16T15:10:41","slug":"todo-el-clan-fernandez-rumbo-a-viedma","status":"publish","type":"post","link":"https:\/\/deportesanluis.com.ar\/todo-el-clan-fernandez-rumbo-a-viedma\/","title":{"rendered":"Todo el clan Fern\u00e1ndez rumbo a Viedma"},"content":{"rendered":"<p data-start=\"78\" data-end=\"471\">Viedma ser\u00e1 el escenario de una nueva fecha del Turismo Nacional (TN), que se desarrollar\u00e1 con una agenda cargada de acci\u00f3n y emociones. La cita contar\u00e1 con una importante novedad: por primera vez, el Turismo Nacional compartir\u00e1 pista con el Turismo Carretera 2000, lo que promete generar un espect\u00e1culo \u00fanico para los fan\u00e1ticos del automovilismo argentino.<\/p>\n<p data-start=\"78\" data-end=\"471\">San Luis estar\u00e1 pendiente de lo que suceda con los pilotos del JF Racing de la familia Fern\u00e1ndez quienes, en la Clase 2, tendr\u00e1n actividad el viernes por la tarde con los entrenamientos, el s\u00e1bado por la ma\u00f1ana con las dos sesiones de clasificaci\u00f3n (Qualy 1 y Qualy 2) para determinar el orden de largada en las series clasificatorias de la tarde.<\/p>\n<p data-start=\"1141\" data-end=\"1596\">El equipo puntano contar\u00e1 con la presencia de <strong data-start=\"1258\" data-end=\"1277\">Aaron Fern\u00e1ndez<\/strong> y <strong data-start=\"1287\" data-end=\"1307\">Sergio Fern\u00e1ndez<\/strong> en sendos Nissan March; y la de <strong data-start=\"1429\" data-end=\"1449\">Marcos Fern\u00e1ndez <\/strong>en el flamante Peugeot 208 con el que buscar\u00e1 su segundo triunfo en la pista patag\u00f3nica.<\/p>\n<blockquote class=\"instagram-media\" style=\"background: #FFF; border: 0; border-radius: 3px; box-shadow: 0 0 1px 0 rgba(0,0,0,0.5),0 1px 10px 0 rgba(0,0,0,0.15); margin: 1px; max-width: 540px; min-width: 326px; padding: 0; width: calc(100% - 2px);\" data-instgrm-captioned=\"\" data-instgrm-permalink=\"https:\/\/www.instagram.com\/reel\/DKz8rHuPG8s\/?utm_source=ig_embed&amp;utm_campaign=loading\" data-instgrm-version=\"14\">\n<div style=\"padding: 16px;\">\n<p>&nbsp;<\/p>\n<div style=\"display: flex; flex-direction: row; align-items: center;\">\n<div style=\"background-color: #f4f4f4; border-radius: 50%; flex-grow: 0; height: 40px; margin-right: 14px; width: 40px;\"><\/div>\n<div style=\"display: flex; flex-direction: column; flex-grow: 1; justify-content: center;\">\n<div style=\"background-color: #f4f4f4; border-radius: 4px; flex-grow: 0; height: 14px; margin-bottom: 6px; width: 100px;\"><\/div>\n<div style=\"background-color: #f4f4f4; border-radius: 4px; flex-grow: 0; height: 14px; width: 60px;\"><\/div>\n<\/div>\n<\/div>\n<div style=\"padding: 19% 0;\"><\/div>\n<div style=\"display: block; height: 50px; margin: 0 auto 12px; width: 50px;\"><\/div>\n<div style=\"padding-top: 8px;\">\n<div style=\"color: #3897f0; font-family: Arial,sans-serif; font-size: 14px; font-style: normal; font-weight: 550; line-height: 18px;\">Ver esta publicaci\u00f3n en Instagram<\/div>\n<\/div>\n<div style=\"padding: 12.5% 0;\"><\/div>\n<div style=\"display: flex; flex-direction: row; margin-bottom: 14px; align-items: center;\">\n<div>\n<div style=\"background-color: #f4f4f4; border-radius: 50%; height: 12.5px; width: 12.5px; transform: translateX(0px) translateY(7px);\"><\/div>\n<div style=\"background-color: #f4f4f4; height: 12.5px; transform: rotate(-45deg) translateX(3px) translateY(1px); width: 12.5px; flex-grow: 0; margin-right: 14px; margin-left: 2px;\"><\/div>\n<div style=\"background-color: #f4f4f4; border-radius: 50%; height: 12.5px; width: 12.5px; transform: translateX(9px) translateY(-18px);\"><\/div>\n<\/div>\n<div style=\"margin-left: 8px;\">\n<div style=\"background-color: #f4f4f4; border-radius: 50%; flex-grow: 0; height: 20px; width: 20px;\"><\/div>\n<div style=\"width: 0; height: 0; border-top: 2px solid transparent; border-left: 6px solid #f4f4f4; border-bottom: 2px solid transparent; transform: translateX(16px) translateY(-4px) rotate(30deg);\"><\/div>\n<\/div>\n<div style=\"margin-left: auto;\">\n<div style=\"width: 0px; border-top: 8px solid #F4F4F4; border-right: 8px solid transparent; transform: translateY(16px);\"><\/div>\n<div style=\"background-color: #f4f4f4; flex-grow: 0; height: 12px; width: 16px; transform: translateY(-4px);\"><\/div>\n<div style=\"width: 0; height: 0; border-top: 8px solid #F4F4F4; border-left: 8px solid transparent; transform: translateY(-4px) translateX(8px);\"><\/div>\n<\/div>\n<\/div>\n<div style=\"display: flex; flex-direction: column; flex-grow: 1; justify-content: center; margin-bottom: 24px;\">\n<div style=\"background-color: #f4f4f4; border-radius: 4px; flex-grow: 0; height: 14px; margin-bottom: 6px; width: 224px;\"><\/div>\n<div style=\"background-color: #f4f4f4; border-radius: 4px; flex-grow: 0; height: 14px; width: 144px;\"><\/div>\n<\/div>\n<p>&nbsp;<\/p>\n<p style=\"color: #c9c8cd; font-family: Arial,sans-serif; font-size: 14px; line-height: 17px; margin-bottom: 0; margin-top: 8px; overflow: hidden; padding: 8px 0 7px; text-align: center; text-overflow: ellipsis; white-space: nowrap;\"><a style=\"color: #c9c8cd; font-family: Arial,sans-serif; font-size: 14px; font-style: normal; font-weight: normal; line-height: 17px; text-decoration: none;\" href=\"https:\/\/www.instagram.com\/reel\/DKz8rHuPG8s\/?utm_source=ig_embed&amp;utm_campaign=loading\" target=\"_blank\" rel=\"noopener\">Una publicaci\u00f3n compartida por JF RACING (@jfracingprensatn)<\/a><\/p>\n<\/div>\n<\/blockquote>\n<p><script async src=\"\/\/www.instagram.com\/embed.js\"><\/script><\/p>\n<p data-start=\"876\" data-end=\"1139\">El domingo, la jornada promete ser intensa. Desde las 12:20hs. los fan\u00e1ticos disfrutar\u00e1n de la Final de la Clase 2, mientras que a partir de las 13:30hs. ser\u00e1 el turno de la Final de la Clase 3.<\/p>\n<h3 data-start=\"1598\" data-end=\"1638\">Posiciones Actuales en el Campeonato<\/h3>\n<p data-start=\"1640\" data-end=\"1652\"><strong data-start=\"1640\" data-end=\"1652\">Clase 2:<\/strong><\/p>\n<ol data-start=\"1653\" data-end=\"1913\">\n<li data-start=\"1653\" data-end=\"1708\">\n<p data-start=\"1656\" data-end=\"1708\"><strong data-start=\"1656\" data-end=\"1678\">Juan Pablo Pastori<\/strong> (Chevrolet Onix) \u2013 121 puntos<\/p>\n<\/li>\n<li data-start=\"1709\" data-end=\"1758\">\n<p data-start=\"1712\" data-end=\"1758\"><strong data-start=\"1712\" data-end=\"1730\">Joaqu\u00edn Cafaro<\/strong> (Toyota Etios) \u2013 108 puntos<\/p>\n<\/li>\n<li data-start=\"1759\" data-end=\"1813\">\n<p data-start=\"1762\" data-end=\"1813\"><strong data-start=\"1762\" data-end=\"1786\">Francisco Coltrinari<\/strong> (Peugeot 208) \u2013 106 puntos<\/p>\n<\/li>\n<li data-start=\"1814\" data-end=\"1865\">\n<p data-start=\"1817\" data-end=\"1865\"><strong data-start=\"1817\" data-end=\"1837\">Bautista Damiani<\/strong> (Toyota Yaris) \u2013 105 puntos<\/p>\n<\/li>\n<li data-start=\"1866\" data-end=\"1913\">\n<p data-start=\"1869\" data-end=\"1913\"><strong data-start=\"1869\" data-end=\"1886\">Nicol\u00e1s Posco<\/strong> (Ford Fiesta) \u2013 103 puntos<\/p>\n<\/li>\n<\/ol>\n<p data-start=\"1915\" data-end=\"2066\"><strong data-start=\"1915\" data-end=\"1935\">Marcos Fern\u00e1ndez<\/strong> ocupa el <strong data-start=\"1945\" data-end=\"1958\">17\u00b0 lugar<\/strong> con <strong data-start=\"1963\" data-end=\"1978\">53 unidades<\/strong>, mientras que <strong data-start=\"1993\" data-end=\"2012\">Aaron Fern\u00e1ndez<\/strong> se encuentra en la <strong data-start=\"2032\" data-end=\"2048\">41\u00b0 posici\u00f3n<\/strong> con <strong data-start=\"2053\" data-end=\"2065\">4 puntos<\/strong>.<\/p>\n<p data-start=\"2068\" data-end=\"2080\"><strong data-start=\"2068\" data-end=\"2080\">Clase 3:<\/strong><\/p>\n<ol data-start=\"2081\" data-end=\"2382\">\n<li data-start=\"2081\" data-end=\"2132\">\n<p data-start=\"2084\" data-end=\"2132\"><strong data-start=\"2084\" data-end=\"2102\">Juli\u00e1n Santero<\/strong> (Toyota Corolla) \u2013 161 puntos<\/p>\n<\/li>\n<li data-start=\"2133\" data-end=\"2183\">\n<p data-start=\"2136\" data-end=\"2183\"><strong data-start=\"2136\" data-end=\"2152\">Jorge Barrio<\/strong> (Chevrolet Cruze) \u2013 117 puntos<\/p>\n<\/li>\n<li data-start=\"2184\" data-end=\"2232\">\n<p data-start=\"2187\" data-end=\"2232\"><strong data-start=\"2187\" data-end=\"2207\">Alfonso Domenech<\/strong> (VW Virtus) \u2013 111 puntos<\/p>\n<\/li>\n<li data-start=\"2233\" data-end=\"2278\">\n<p data-start=\"2236\" data-end=\"2278\"><strong data-start=\"2236\" data-end=\"2253\">Rodrigo Lug\u00f3n<\/strong> (VW Virtus) \u2013 111 puntos<\/p>\n<\/li>\n<li data-start=\"2279\" data-end=\"2330\">\n<p data-start=\"2282\" data-end=\"2330\"><strong data-start=\"2282\" data-end=\"2299\">Jer\u00f3nimo Teti<\/strong> (Chevrolet Cruze) \u2013 105 puntos<\/p>\n<\/li>\n<li data-start=\"2331\" data-end=\"2382\">\n<p data-start=\"2334\" data-end=\"2382\"><strong data-start=\"2334\" data-end=\"2351\">Joel Gassmann<\/strong> (Chevrolet Cruze) \u2013 101 puntos<\/p>\n<\/li>\n<\/ol>\n<hr \/>\n<p><strong>Nota:<\/strong> Redacci\u00f3n<\/p>\n","protected":false},"excerpt":{"rendered":"<p>Este fin de semana, el aut\u00f3dromo de la capital rionegrina ser\u00e1 sede de la Fecha 6 del Turismo Nacional con la participaci\u00f3n de Aaron, Sergio y Marcos Fern\u00e1ndez en la Clase 2.<\/p>\n","protected":false},"author":1,"featured_media":27325,"comment_status":"closed","ping_status":"closed","sticky":false,"template":"","format":"standard","meta":{"footnotes":""},"categories":[51,127],"tags":[128],"class_list":{"0":"post-27324","1":"post","2":"type-post","3":"status-publish","4":"format-standard","5":"has-post-thumbnail","7":"category-motores","8":"category-tn","9":"tag-tn"},"yoast_head":"<!-- This site is optimized with the Yoast SEO plugin v27.4 - https:\/\/yoast.com\/product\/yoast-seo-wordpress\/ -->\n<title>Todo el clan Fern\u00e1ndez rumbo a Viedma - DSL<\/title>\n<meta name=\"description\" content=\"Este fin de semana, el aut\u00f3dromo de la capital rionegrina ser\u00e1 sede de la Fecha 6 del Turismo Nacional con la participaci\u00f3n de Aaron, Sergio y Marcos Fern\u00e1ndez en la Clase 2.\" \/>\n<meta name=\"robots\" content=\"index, follow, max-snippet:-1, max-image-preview:large, max-video-preview:-1\" \/>\n<link rel=\"canonical\" href=\"https:\/\/deportesanluis.com.ar\/todo-el-clan-fernandez-rumbo-a-viedma\/\" \/>\n<meta property=\"og:locale\" content=\"es_ES\" \/>\n<meta property=\"og:type\" content=\"article\" \/>\n<meta property=\"og:title\" content=\"Todo el clan Fern\u00e1ndez rumbo a Viedma - DSL\" \/>\n<meta property=\"og:description\" content=\"Este fin de semana, el aut\u00f3dromo de la capital rionegrina ser\u00e1 sede de la Fecha 6 del Turismo Nacional con la participaci\u00f3n de Aaron, Sergio y Marcos Fern\u00e1ndez en la Clase 2.\" \/>\n<meta property=\"og:url\" content=\"https:\/\/deportesanluis.com.ar\/todo-el-clan-fernandez-rumbo-a-viedma\/\" \/>\n<meta property=\"og:site_name\" content=\"DSL\" \/>\n<meta property=\"article:publisher\" content=\"https:\/\/www.facebook.com\/DSLDeporteSanLuis\" \/>\n<meta property=\"article:published_time\" content=\"2025-06-12T23:02:47+00:00\" \/>\n<meta property=\"article:modified_time\" content=\"2025-06-16T15:10:41+00:00\" \/>\n<meta property=\"og:image\" content=\"https:\/\/deportesanluis.com.ar\/wp-content\/uploads\/2025\/06\/MarcosFernandez-Peugeot-Maqueta.jpg\" \/>\n\t<meta property=\"og:image:width\" content=\"800\" \/>\n\t<meta property=\"og:image:height\" content=\"500\" \/>\n\t<meta property=\"og:image:type\" content=\"image\/jpeg\" \/>\n<meta name=\"author\" content=\"admin\" \/>\n<meta name=\"twitter:card\" content=\"summary_large_image\" \/>\n<meta name=\"twitter:creator\" content=\"@deportesanluis\" \/>\n<meta name=\"twitter:site\" content=\"@deportesanluis\" \/>\n<meta name=\"twitter:label1\" content=\"Escrito por\" \/>\n\t<meta name=\"twitter:data1\" content=\"admin\" \/>\n\t<meta name=\"twitter:label2\" content=\"Tiempo de lectura\" \/>\n\t<meta name=\"twitter:data2\" content=\"2 minutos\" \/>\n<script type=\"application\/ld+json\" class=\"yoast-schema-graph\">{\"@context\":\"https:\\\/\\\/schema.org\",\"@graph\":[{\"@type\":\"Article\",\"@id\":\"https:\\\/\\\/deportesanluis.com.ar\\\/todo-el-clan-fernandez-rumbo-a-viedma\\\/#article\",\"isPartOf\":{\"@id\":\"https:\\\/\\\/deportesanluis.com.ar\\\/todo-el-clan-fernandez-rumbo-a-viedma\\\/\"},\"author\":{\"name\":\"admin\",\"@id\":\"https:\\\/\\\/deportesanluis.com.ar\\\/#\\\/schema\\\/person\\\/4b3e665481e93d271fced43ee48143c8\"},\"headline\":\"Todo el clan Fern\u00e1ndez rumbo a Viedma\",\"datePublished\":\"2025-06-12T23:02:47+00:00\",\"dateModified\":\"2025-06-16T15:10:41+00:00\",\"mainEntityOfPage\":{\"@id\":\"https:\\\/\\\/deportesanluis.com.ar\\\/todo-el-clan-fernandez-rumbo-a-viedma\\\/\"},\"wordCount\":315,\"publisher\":{\"@id\":\"https:\\\/\\\/deportesanluis.com.ar\\\/#organization\"},\"image\":{\"@id\":\"https:\\\/\\\/deportesanluis.com.ar\\\/todo-el-clan-fernandez-rumbo-a-viedma\\\/#primaryimage\"},\"thumbnailUrl\":\"https:\\\/\\\/deportesanluis.com.ar\\\/wp-content\\\/uploads\\\/2025\\\/06\\\/MarcosFernandez-Peugeot-Maqueta.jpg\",\"keywords\":[\"TN\"],\"articleSection\":[\"Motores\",\"TN\"],\"inLanguage\":\"es-AR\"},{\"@type\":\"WebPage\",\"@id\":\"https:\\\/\\\/deportesanluis.com.ar\\\/todo-el-clan-fernandez-rumbo-a-viedma\\\/\",\"url\":\"https:\\\/\\\/deportesanluis.com.ar\\\/todo-el-clan-fernandez-rumbo-a-viedma\\\/\",\"name\":\"Todo el clan Fern\u00e1ndez rumbo a Viedma - DSL\",\"isPartOf\":{\"@id\":\"https:\\\/\\\/deportesanluis.com.ar\\\/#website\"},\"primaryImageOfPage\":{\"@id\":\"https:\\\/\\\/deportesanluis.com.ar\\\/todo-el-clan-fernandez-rumbo-a-viedma\\\/#primaryimage\"},\"image\":{\"@id\":\"https:\\\/\\\/deportesanluis.com.ar\\\/todo-el-clan-fernandez-rumbo-a-viedma\\\/#primaryimage\"},\"thumbnailUrl\":\"https:\\\/\\\/deportesanluis.com.ar\\\/wp-content\\\/uploads\\\/2025\\\/06\\\/MarcosFernandez-Peugeot-Maqueta.jpg\",\"datePublished\":\"2025-06-12T23:02:47+00:00\",\"dateModified\":\"2025-06-16T15:10:41+00:00\",\"description\":\"Este fin de semana, el aut\u00f3dromo de la capital rionegrina ser\u00e1 sede de la Fecha 6 del Turismo Nacional con la participaci\u00f3n de Aaron, Sergio y Marcos Fern\u00e1ndez en la Clase 2.\",\"breadcrumb\":{\"@id\":\"https:\\\/\\\/deportesanluis.com.ar\\\/todo-el-clan-fernandez-rumbo-a-viedma\\\/#breadcrumb\"},\"inLanguage\":\"es-AR\",\"potentialAction\":[{\"@type\":\"ReadAction\",\"target\":[\"https:\\\/\\\/deportesanluis.com.ar\\\/todo-el-clan-fernandez-rumbo-a-viedma\\\/\"]}]},{\"@type\":\"ImageObject\",\"inLanguage\":\"es-AR\",\"@id\":\"https:\\\/\\\/deportesanluis.com.ar\\\/todo-el-clan-fernandez-rumbo-a-viedma\\\/#primaryimage\",\"url\":\"https:\\\/\\\/deportesanluis.com.ar\\\/wp-content\\\/uploads\\\/2025\\\/06\\\/MarcosFernandez-Peugeot-Maqueta.jpg\",\"contentUrl\":\"https:\\\/\\\/deportesanluis.com.ar\\\/wp-content\\\/uploads\\\/2025\\\/06\\\/MarcosFernandez-Peugeot-Maqueta.jpg\",\"width\":800,\"height\":500},{\"@type\":\"BreadcrumbList\",\"@id\":\"https:\\\/\\\/deportesanluis.com.ar\\\/todo-el-clan-fernandez-rumbo-a-viedma\\\/#breadcrumb\",\"itemListElement\":[{\"@type\":\"ListItem\",\"position\":1,\"name\":\"Home\",\"item\":\"https:\\\/\\\/deportesanluis.com.ar\\\/\"},{\"@type\":\"ListItem\",\"position\":2,\"name\":\"Todo el clan Fern\u00e1ndez rumbo a Viedma\"}]},{\"@type\":\"WebSite\",\"@id\":\"https:\\\/\\\/deportesanluis.com.ar\\\/#website\",\"url\":\"https:\\\/\\\/deportesanluis.com.ar\\\/\",\"name\":\"deportesanluis.com.ar\",\"description\":\"Noticias de Deporte de San Luis\",\"publisher\":{\"@id\":\"https:\\\/\\\/deportesanluis.com.ar\\\/#organization\"},\"alternateName\":\"Deporte SL\",\"potentialAction\":[{\"@type\":\"SearchAction\",\"target\":{\"@type\":\"EntryPoint\",\"urlTemplate\":\"https:\\\/\\\/deportesanluis.com.ar\\\/?s={search_term_string}\"},\"query-input\":{\"@type\":\"PropertyValueSpecification\",\"valueRequired\":true,\"valueName\":\"search_term_string\"}}],\"inLanguage\":\"es-AR\"},{\"@type\":\"Organization\",\"@id\":\"https:\\\/\\\/deportesanluis.com.ar\\\/#organization\",\"name\":\"DSL\",\"alternateName\":\"Deporte SL\",\"url\":\"https:\\\/\\\/deportesanluis.com.ar\\\/\",\"logo\":{\"@type\":\"ImageObject\",\"inLanguage\":\"es-AR\",\"@id\":\"https:\\\/\\\/deportesanluis.com.ar\\\/#\\\/schema\\\/logo\\\/image\\\/\",\"url\":\"https:\\\/\\\/deportesanluis.com.ar\\\/wp-content\\\/uploads\\\/2023\\\/06\\\/DSL-Logo-2023-5.jpg\",\"contentUrl\":\"https:\\\/\\\/deportesanluis.com.ar\\\/wp-content\\\/uploads\\\/2023\\\/06\\\/DSL-Logo-2023-5.jpg\",\"width\":1718,\"height\":845,\"caption\":\"DSL\"},\"image\":{\"@id\":\"https:\\\/\\\/deportesanluis.com.ar\\\/#\\\/schema\\\/logo\\\/image\\\/\"},\"sameAs\":[\"https:\\\/\\\/www.facebook.com\\\/DSLDeporteSanLuis\",\"https:\\\/\\\/x.com\\\/deportesanluis\",\"https:\\\/\\\/www.instagram.com\\\/dsl_deportesanluis\\\/\"]},{\"@type\":\"Person\",\"@id\":\"https:\\\/\\\/deportesanluis.com.ar\\\/#\\\/schema\\\/person\\\/4b3e665481e93d271fced43ee48143c8\",\"name\":\"admin\",\"image\":{\"@type\":\"ImageObject\",\"inLanguage\":\"es-AR\",\"@id\":\"https:\\\/\\\/secure.gravatar.com\\\/avatar\\\/5424b2c21466f502587708c43dbe2dc47b5e643fec67835095677cd3af6ba546?s=96&d=mm&r=g\",\"url\":\"https:\\\/\\\/secure.gravatar.com\\\/avatar\\\/5424b2c21466f502587708c43dbe2dc47b5e643fec67835095677cd3af6ba546?s=96&d=mm&r=g\",\"contentUrl\":\"https:\\\/\\\/secure.gravatar.com\\\/avatar\\\/5424b2c21466f502587708c43dbe2dc47b5e643fec67835095677cd3af6ba546?s=96&d=mm&r=g\",\"caption\":\"admin\"},\"sameAs\":[\"https:\\\/\\\/deportesanluis.com.ar\"],\"url\":\"https:\\\/\\\/deportesanluis.com.ar\\\/author\\\/admin\\\/\"}]}<\/script>\n<!-- \/ Yoast SEO plugin. -->","yoast_head_json":{"title":"Todo el clan Fern\u00e1ndez rumbo a Viedma - DSL","description":"Este fin de semana, el aut\u00f3dromo de la capital rionegrina ser\u00e1 sede de la Fecha 6 del Turismo Nacional con la participaci\u00f3n de Aaron, Sergio y Marcos Fern\u00e1ndez en la Clase 2.","robots":{"index":"index","follow":"follow","max-snippet":"max-snippet:-1","max-image-preview":"max-image-preview:large","max-video-preview":"max-video-preview:-1"},"canonical":"https:\/\/deportesanluis.com.ar\/todo-el-clan-fernandez-rumbo-a-viedma\/","og_locale":"es_ES","og_type":"article","og_title":"Todo el clan Fern\u00e1ndez rumbo a Viedma - DSL","og_description":"Este fin de semana, el aut\u00f3dromo de la capital rionegrina ser\u00e1 sede de la Fecha 6 del Turismo Nacional con la participaci\u00f3n de Aaron, Sergio y Marcos Fern\u00e1ndez en la Clase 2.","og_url":"https:\/\/deportesanluis.com.ar\/todo-el-clan-fernandez-rumbo-a-viedma\/","og_site_name":"DSL","article_publisher":"https:\/\/www.facebook.com\/DSLDeporteSanLuis","article_published_time":"2025-06-12T23:02:47+00:00","article_modified_time":"2025-06-16T15:10:41+00:00","og_image":[{"width":800,"height":500,"url":"https:\/\/deportesanluis.com.ar\/wp-content\/uploads\/2025\/06\/MarcosFernandez-Peugeot-Maqueta.jpg","type":"image\/jpeg"}],"author":"admin","twitter_card":"summary_large_image","twitter_creator":"@deportesanluis","twitter_site":"@deportesanluis","twitter_misc":{"Escrito por":"admin","Tiempo de lectura":"2 minutos"},"schema":{"@context":"https:\/\/schema.org","@graph":[{"@type":"Article","@id":"https:\/\/deportesanluis.com.ar\/todo-el-clan-fernandez-rumbo-a-viedma\/#article","isPartOf":{"@id":"https:\/\/deportesanluis.com.ar\/todo-el-clan-fernandez-rumbo-a-viedma\/"},"author":{"name":"admin","@id":"https:\/\/deportesanluis.com.ar\/#\/schema\/person\/4b3e665481e93d271fced43ee48143c8"},"headline":"Todo el clan Fern\u00e1ndez rumbo a Viedma","datePublished":"2025-06-12T23:02:47+00:00","dateModified":"2025-06-16T15:10:41+00:00","mainEntityOfPage":{"@id":"https:\/\/deportesanluis.com.ar\/todo-el-clan-fernandez-rumbo-a-viedma\/"},"wordCount":315,"publisher":{"@id":"https:\/\/deportesanluis.com.ar\/#organization"},"image":{"@id":"https:\/\/deportesanluis.com.ar\/todo-el-clan-fernandez-rumbo-a-viedma\/#primaryimage"},"thumbnailUrl":"https:\/\/deportesanluis.com.ar\/wp-content\/uploads\/2025\/06\/MarcosFernandez-Peugeot-Maqueta.jpg","keywords":["TN"],"articleSection":["Motores","TN"],"inLanguage":"es-AR"},{"@type":"WebPage","@id":"https:\/\/deportesanluis.com.ar\/todo-el-clan-fernandez-rumbo-a-viedma\/","url":"https:\/\/deportesanluis.com.ar\/todo-el-clan-fernandez-rumbo-a-viedma\/","name":"Todo el clan Fern\u00e1ndez rumbo a Viedma - DSL","isPartOf":{"@id":"https:\/\/deportesanluis.com.ar\/#website"},"primaryImageOfPage":{"@id":"https:\/\/deportesanluis.com.ar\/todo-el-clan-fernandez-rumbo-a-viedma\/#primaryimage"},"image":{"@id":"https:\/\/deportesanluis.com.ar\/todo-el-clan-fernandez-rumbo-a-viedma\/#primaryimage"},"thumbnailUrl":"https:\/\/deportesanluis.com.ar\/wp-content\/uploads\/2025\/06\/MarcosFernandez-Peugeot-Maqueta.jpg","datePublished":"2025-06-12T23:02:47+00:00","dateModified":"2025-06-16T15:10:41+00:00","description":"Este fin de semana, el aut\u00f3dromo de la capital rionegrina ser\u00e1 sede de la Fecha 6 del Turismo Nacional con la participaci\u00f3n de Aaron, Sergio y Marcos Fern\u00e1ndez en la Clase 2.","breadcrumb":{"@id":"https:\/\/deportesanluis.com.ar\/todo-el-clan-fernandez-rumbo-a-viedma\/#breadcrumb"},"inLanguage":"es-AR","potentialAction":[{"@type":"ReadAction","target":["https:\/\/deportesanluis.com.ar\/todo-el-clan-fernandez-rumbo-a-viedma\/"]}]},{"@type":"ImageObject","inLanguage":"es-AR","@id":"https:\/\/deportesanluis.com.ar\/todo-el-clan-fernandez-rumbo-a-viedma\/#primaryimage","url":"https:\/\/deportesanluis.com.ar\/wp-content\/uploads\/2025\/06\/MarcosFernandez-Peugeot-Maqueta.jpg","contentUrl":"https:\/\/deportesanluis.com.ar\/wp-content\/uploads\/2025\/06\/MarcosFernandez-Peugeot-Maqueta.jpg","width":800,"height":500},{"@type":"BreadcrumbList","@id":"https:\/\/deportesanluis.com.ar\/todo-el-clan-fernandez-rumbo-a-viedma\/#breadcrumb","itemListElement":[{"@type":"ListItem","position":1,"name":"Home","item":"https:\/\/deportesanluis.com.ar\/"},{"@type":"ListItem","position":2,"name":"Todo el clan Fern\u00e1ndez rumbo a Viedma"}]},{"@type":"WebSite","@id":"https:\/\/deportesanluis.com.ar\/#website","url":"https:\/\/deportesanluis.com.ar\/","name":"deportesanluis.com.ar","description":"Noticias de Deporte de San Luis","publisher":{"@id":"https:\/\/deportesanluis.com.ar\/#organization"},"alternateName":"Deporte SL","potentialAction":[{"@type":"SearchAction","target":{"@type":"EntryPoint","urlTemplate":"https:\/\/deportesanluis.com.ar\/?s={search_term_string}"},"query-input":{"@type":"PropertyValueSpecification","valueRequired":true,"valueName":"search_term_string"}}],"inLanguage":"es-AR"},{"@type":"Organization","@id":"https:\/\/deportesanluis.com.ar\/#organization","name":"DSL","alternateName":"Deporte SL","url":"https:\/\/deportesanluis.com.ar\/","logo":{"@type":"ImageObject","inLanguage":"es-AR","@id":"https:\/\/deportesanluis.com.ar\/#\/schema\/logo\/image\/","url":"https:\/\/deportesanluis.com.ar\/wp-content\/uploads\/2023\/06\/DSL-Logo-2023-5.jpg","contentUrl":"https:\/\/deportesanluis.com.ar\/wp-content\/uploads\/2023\/06\/DSL-Logo-2023-5.jpg","width":1718,"height":845,"caption":"DSL"},"image":{"@id":"https:\/\/deportesanluis.com.ar\/#\/schema\/logo\/image\/"},"sameAs":["https:\/\/www.facebook.com\/DSLDeporteSanLuis","https:\/\/x.com\/deportesanluis","https:\/\/www.instagram.com\/dsl_deportesanluis\/"]},{"@type":"Person","@id":"https:\/\/deportesanluis.com.ar\/#\/schema\/person\/4b3e665481e93d271fced43ee48143c8","name":"admin","image":{"@type":"ImageObject","inLanguage":"es-AR","@id":"https:\/\/secure.gravatar.com\/avatar\/5424b2c21466f502587708c43dbe2dc47b5e643fec67835095677cd3af6ba546?s=96&d=mm&r=g","url":"https:\/\/secure.gravatar.com\/avatar\/5424b2c21466f502587708c43dbe2dc47b5e643fec67835095677cd3af6ba546?s=96&d=mm&r=g","contentUrl":"https:\/\/secure.gravatar.com\/avatar\/5424b2c21466f502587708c43dbe2dc47b5e643fec67835095677cd3af6ba546?s=96&d=mm&r=g","caption":"admin"},"sameAs":["https:\/\/deportesanluis.com.ar"],"url":"https:\/\/deportesanluis.com.ar\/author\/admin\/"}]}},"_links":{"self":[{"href":"https:\/\/deportesanluis.com.ar\/wp-json\/wp\/v2\/posts\/27324","targetHints":{"allow":["GET"]}}],"collection":[{"href":"https:\/\/deportesanluis.com.ar\/wp-json\/wp\/v2\/posts"}],"about":[{"href":"https:\/\/deportesanluis.com.ar\/wp-json\/wp\/v2\/types\/post"}],"author":[{"embeddable":true,"href":"https:\/\/deportesanluis.com.ar\/wp-json\/wp\/v2\/users\/1"}],"replies":[{"embeddable":true,"href":"https:\/\/deportesanluis.com.ar\/wp-json\/wp\/v2\/comments?post=27324"}],"version-history":[{"count":0,"href":"https:\/\/deportesanluis.com.ar\/wp-json\/wp\/v2\/posts\/27324\/revisions"}],"wp:featuredmedia":[{"embeddable":true,"href":"https:\/\/deportesanluis.com.ar\/wp-json\/wp\/v2\/media\/27325"}],"wp:attachment":[{"href":"https:\/\/deportesanluis.com.ar\/wp-json\/wp\/v2\/media?parent=27324"}],"wp:term":[{"taxonomy":"category","embeddable":true,"href":"https:\/\/deportesanluis.com.ar\/wp-json\/wp\/v2\/categories?post=27324"},{"taxonomy":"post_tag","embeddable":true,"href":"https:\/\/deportesanluis.com.ar\/wp-json\/wp\/v2\/tags?post=27324"}],"curies":[{"name":"wp","href":"https:\/\/api.w.org\/{rel}","templated":true}]}}