{"id":27367,"date":"2025-06-16T13:21:19","date_gmt":"2025-06-16T16:21:19","guid":{"rendered":"https:\/\/deportesanluis.com.ar\/?p=27367"},"modified":"2025-06-25T09:38:02","modified_gmt":"2025-06-25T12:38:02","slug":"sergio-fernandez-volvio-y-sumo","status":"publish","type":"post","link":"https:\/\/deportesanluis.com.ar\/sergio-fernandez-volvio-y-sumo\/","title":{"rendered":"Sergio Fern\u00e1ndez volvi\u00f3 y sum\u00f3"},"content":{"rendered":"<p>El Turismo Nacional puso en juego la sexta fecha de la temporada en Viedma, provincia de R\u00edo Negro, con la presencia de Aaron, Sergio y Marcos Fern\u00e1ndez del JF Racing en la Clase 2.<\/p>\n<p>Para Aaron fue un fin de semana complicado porque, pr\u00e1cticamente, no pudo poner en pista su Nissan March.<\/p>\n<p>Marcos, por su parte, hizo su aparici\u00f3n con el flamante Peugeot 208 con el que logr\u00f3 el s\u00e9ptimo puesto en la Serie pero con el que abandonar\u00eda la Final, cuando promediaba el s\u00e9ptimo giro, tras un toque con Bruno Pace.<\/p>\n<p><img loading=\"lazy\" decoding=\"async\" class=\"alignnone size-full wp-image-27368\" src=\"https:\/\/deportesanluis.com.ar\/wp-content\/uploads\/2025\/06\/MarcosFernandez-Viedma-TN2025.jpg\" alt=\"\" width=\"800\" height=\"500\" srcset=\"https:\/\/deportesanluis.com.ar\/wp-content\/uploads\/2025\/06\/MarcosFernandez-Viedma-TN2025.jpg 800w, https:\/\/deportesanluis.com.ar\/wp-content\/uploads\/2025\/06\/MarcosFernandez-Viedma-TN2025-300x188.jpg 300w, https:\/\/deportesanluis.com.ar\/wp-content\/uploads\/2025\/06\/MarcosFernandez-Viedma-TN2025-768x480.jpg 768w, https:\/\/deportesanluis.com.ar\/wp-content\/uploads\/2025\/06\/MarcosFernandez-Viedma-TN2025-672x420.jpg 672w, https:\/\/deportesanluis.com.ar\/wp-content\/uploads\/2025\/06\/MarcosFernandez-Viedma-TN2025-150x94.jpg 150w, https:\/\/deportesanluis.com.ar\/wp-content\/uploads\/2025\/06\/MarcosFernandez-Viedma-TN2025-696x435.jpg 696w\" sizes=\"auto, (max-width: 800px) 100vw, 800px\" \/><\/p>\n<p>Sergio, finalmente, fue quien mejor la pas\u00f3. Tras una larga ausencia, el piloto puntano volvi\u00f3 con el Nissan March que usara en la temporada su hermano y con el que logr\u00f3 cruzar la meta en el puesto 15.<\/p>\n<p>La victoria fue para Nicolas Posco (Ford Fiesta) seguido de Francisco Coltrinari (Peugeot 208) y Renzo Blotta (Toyota Etios). Damian Kirstein (VW Gol Trend) y Santino Balerini (Peugeot 208) completaron los cinco mejores lugares.<\/p>\n<p><img loading=\"lazy\" decoding=\"async\" class=\"alignnone size-full wp-image-27370\" src=\"https:\/\/deportesanluis.com.ar\/wp-content\/uploads\/2025\/06\/Posco-Viedma-TN2025.jpg\" alt=\"\" width=\"800\" height=\"500\" srcset=\"https:\/\/deportesanluis.com.ar\/wp-content\/uploads\/2025\/06\/Posco-Viedma-TN2025.jpg 800w, https:\/\/deportesanluis.com.ar\/wp-content\/uploads\/2025\/06\/Posco-Viedma-TN2025-300x188.jpg 300w, https:\/\/deportesanluis.com.ar\/wp-content\/uploads\/2025\/06\/Posco-Viedma-TN2025-768x480.jpg 768w, https:\/\/deportesanluis.com.ar\/wp-content\/uploads\/2025\/06\/Posco-Viedma-TN2025-672x420.jpg 672w, https:\/\/deportesanluis.com.ar\/wp-content\/uploads\/2025\/06\/Posco-Viedma-TN2025-150x94.jpg 150w, https:\/\/deportesanluis.com.ar\/wp-content\/uploads\/2025\/06\/Posco-Viedma-TN2025-696x435.jpg 696w\" sizes=\"auto, (max-width: 800px) 100vw, 800px\" \/><\/p>\n<p>En la Clase 3 la victoria fue para Thiago Mart\u00ednez (Toyota Corolla) escoltado por Jorge Barrio (Chevrolet Cruze), Jer\u00f3nimo Teti (Chevrolet Cruze), Jos\u00e9 Manuel Urcera (Ford Focus) y Carlos Okulovich (VW Vento).<\/p>\n<p><img loading=\"lazy\" decoding=\"async\" class=\"alignnone size-full wp-image-27369\" src=\"https:\/\/deportesanluis.com.ar\/wp-content\/uploads\/2025\/06\/Martinez-Viedma-TN2025.jpg\" alt=\"\" width=\"800\" height=\"500\" srcset=\"https:\/\/deportesanluis.com.ar\/wp-content\/uploads\/2025\/06\/Martinez-Viedma-TN2025.jpg 800w, https:\/\/deportesanluis.com.ar\/wp-content\/uploads\/2025\/06\/Martinez-Viedma-TN2025-300x188.jpg 300w, https:\/\/deportesanluis.com.ar\/wp-content\/uploads\/2025\/06\/Martinez-Viedma-TN2025-768x480.jpg 768w, https:\/\/deportesanluis.com.ar\/wp-content\/uploads\/2025\/06\/Martinez-Viedma-TN2025-672x420.jpg 672w, https:\/\/deportesanluis.com.ar\/wp-content\/uploads\/2025\/06\/Martinez-Viedma-TN2025-150x94.jpg 150w, https:\/\/deportesanluis.com.ar\/wp-content\/uploads\/2025\/06\/Martinez-Viedma-TN2025-696x435.jpg 696w\" sizes=\"auto, (max-width: 800px) 100vw, 800px\" \/><\/p>\n<p>De esta manera, la Clase 2 es liderada por Posco con 145 unidades. Lo sigue Pablo Pastori (Chevrolet Onix) con 142 y Coltrinari con 140.<\/p>\n<p>En la Clase 3 es l\u00edder Juli\u00e1n Santero (Toyota Corolla) con 184 seguido de Barrio con 152 y Teti con 136.<\/p>\n<p>La pr\u00f3xima cita de la temporada ser\u00e1 del 4 al 6 de julio en Termas de R\u00edo Hondo, en la provincia de Santiago del Estero.<\/p>\n<hr \/>\n<p><strong>Nota:<\/strong> Redacci\u00f3n<\/p>\n","protected":false},"excerpt":{"rendered":"<p>El piloto puntano hizo su reaparici\u00f3n en Viedma y logr\u00f3 ubicarse entre los quince mejores de la Clase 2. La victoria fue para Posco. En la Clase 3, la consagraci\u00f3n fue de Mart\u00ednez. La pr\u00f3xima cita ser\u00e1 en Termas de R\u00edo Hondo.\u00a0<\/p>\n","protected":false},"author":1,"featured_media":27371,"comment_status":"closed","ping_status":"closed","sticky":false,"template":"","format":"standard","meta":{"footnotes":""},"categories":[75,51,127],"tags":[128],"class_list":{"0":"post-27367","1":"post","2":"type-post","3":"status-publish","4":"format-standard","5":"has-post-thumbnail","7":"category-75","8":"category-motores","9":"category-tn","10":"tag-tn"},"yoast_head":"<!-- This site is optimized with the Yoast SEO plugin v27.4 - https:\/\/yoast.com\/product\/yoast-seo-wordpress\/ -->\n<title>Sergio Fern\u00e1ndez volvi\u00f3 y sum\u00f3 - DSL<\/title>\n<meta name=\"description\" content=\"El piloto puntano hizo su reaparici\u00f3n en Viedma y logr\u00f3 ubicarse entre los quince mejores de la Clase 2. La victoria fue para Posco. En la Clase 3, la consagraci\u00f3n fue de Mart\u00ednez. La pr\u00f3xima cita ser\u00e1 en Termas de R\u00edo Hondo.\u00a0\" \/>\n<meta name=\"robots\" content=\"index, follow, max-snippet:-1, max-image-preview:large, max-video-preview:-1\" \/>\n<link rel=\"canonical\" href=\"https:\/\/deportesanluis.com.ar\/sergio-fernandez-volvio-y-sumo\/\" \/>\n<meta property=\"og:locale\" content=\"es_ES\" \/>\n<meta property=\"og:type\" content=\"article\" \/>\n<meta property=\"og:title\" content=\"Sergio Fern\u00e1ndez volvi\u00f3 y sum\u00f3 - DSL\" \/>\n<meta property=\"og:description\" content=\"El piloto puntano hizo su reaparici\u00f3n en Viedma y logr\u00f3 ubicarse entre los quince mejores de la Clase 2. La victoria fue para Posco. En la Clase 3, la consagraci\u00f3n fue de Mart\u00ednez. La pr\u00f3xima cita ser\u00e1 en Termas de R\u00edo Hondo.\u00a0\" \/>\n<meta property=\"og:url\" content=\"https:\/\/deportesanluis.com.ar\/sergio-fernandez-volvio-y-sumo\/\" \/>\n<meta property=\"og:site_name\" content=\"DSL\" \/>\n<meta property=\"article:publisher\" content=\"https:\/\/www.facebook.com\/DSLDeporteSanLuis\" \/>\n<meta property=\"article:published_time\" content=\"2025-06-16T16:21:19+00:00\" \/>\n<meta property=\"article:modified_time\" content=\"2025-06-25T12:38:02+00:00\" \/>\n<meta property=\"og:image\" content=\"https:\/\/deportesanluis.com.ar\/wp-content\/uploads\/2025\/06\/SergioFernandez-Viedma1-TN2025.jpg\" \/>\n\t<meta property=\"og:image:width\" content=\"800\" \/>\n\t<meta property=\"og:image:height\" content=\"500\" \/>\n\t<meta property=\"og:image:type\" content=\"image\/jpeg\" \/>\n<meta name=\"author\" content=\"admin\" \/>\n<meta name=\"twitter:card\" content=\"summary_large_image\" \/>\n<meta name=\"twitter:creator\" content=\"@deportesanluis\" \/>\n<meta name=\"twitter:site\" content=\"@deportesanluis\" \/>\n<meta name=\"twitter:label1\" content=\"Escrito por\" \/>\n\t<meta name=\"twitter:data1\" content=\"admin\" \/>\n\t<meta name=\"twitter:label2\" content=\"Tiempo de lectura\" \/>\n\t<meta name=\"twitter:data2\" content=\"3 minutos\" \/>\n<script type=\"application\/ld+json\" class=\"yoast-schema-graph\">{\"@context\":\"https:\\\/\\\/schema.org\",\"@graph\":[{\"@type\":\"Article\",\"@id\":\"https:\\\/\\\/deportesanluis.com.ar\\\/sergio-fernandez-volvio-y-sumo\\\/#article\",\"isPartOf\":{\"@id\":\"https:\\\/\\\/deportesanluis.com.ar\\\/sergio-fernandez-volvio-y-sumo\\\/\"},\"author\":{\"name\":\"admin\",\"@id\":\"https:\\\/\\\/deportesanluis.com.ar\\\/#\\\/schema\\\/person\\\/4b3e665481e93d271fced43ee48143c8\"},\"headline\":\"Sergio Fern\u00e1ndez volvi\u00f3 y sum\u00f3\",\"datePublished\":\"2025-06-16T16:21:19+00:00\",\"dateModified\":\"2025-06-25T12:38:02+00:00\",\"mainEntityOfPage\":{\"@id\":\"https:\\\/\\\/deportesanluis.com.ar\\\/sergio-fernandez-volvio-y-sumo\\\/\"},\"wordCount\":273,\"publisher\":{\"@id\":\"https:\\\/\\\/deportesanluis.com.ar\\\/#organization\"},\"image\":{\"@id\":\"https:\\\/\\\/deportesanluis.com.ar\\\/sergio-fernandez-volvio-y-sumo\\\/#primaryimage\"},\"thumbnailUrl\":\"https:\\\/\\\/deportesanluis.com.ar\\\/wp-content\\\/uploads\\\/2025\\\/06\\\/SergioFernandez-Viedma1-TN2025.jpg\",\"keywords\":[\"TN\"],\"articleSection\":[\"15\",\"Motores\",\"TN\"],\"inLanguage\":\"es-AR\"},{\"@type\":\"WebPage\",\"@id\":\"https:\\\/\\\/deportesanluis.com.ar\\\/sergio-fernandez-volvio-y-sumo\\\/\",\"url\":\"https:\\\/\\\/deportesanluis.com.ar\\\/sergio-fernandez-volvio-y-sumo\\\/\",\"name\":\"Sergio Fern\u00e1ndez volvi\u00f3 y sum\u00f3 - DSL\",\"isPartOf\":{\"@id\":\"https:\\\/\\\/deportesanluis.com.ar\\\/#website\"},\"primaryImageOfPage\":{\"@id\":\"https:\\\/\\\/deportesanluis.com.ar\\\/sergio-fernandez-volvio-y-sumo\\\/#primaryimage\"},\"image\":{\"@id\":\"https:\\\/\\\/deportesanluis.com.ar\\\/sergio-fernandez-volvio-y-sumo\\\/#primaryimage\"},\"thumbnailUrl\":\"https:\\\/\\\/deportesanluis.com.ar\\\/wp-content\\\/uploads\\\/2025\\\/06\\\/SergioFernandez-Viedma1-TN2025.jpg\",\"datePublished\":\"2025-06-16T16:21:19+00:00\",\"dateModified\":\"2025-06-25T12:38:02+00:00\",\"description\":\"El piloto puntano hizo su reaparici\u00f3n en Viedma y logr\u00f3 ubicarse entre los quince mejores de la Clase 2. La victoria fue para Posco. En la Clase 3, la consagraci\u00f3n fue de Mart\u00ednez. La pr\u00f3xima cita ser\u00e1 en Termas de R\u00edo Hondo.\u00a0\",\"breadcrumb\":{\"@id\":\"https:\\\/\\\/deportesanluis.com.ar\\\/sergio-fernandez-volvio-y-sumo\\\/#breadcrumb\"},\"inLanguage\":\"es-AR\",\"potentialAction\":[{\"@type\":\"ReadAction\",\"target\":[\"https:\\\/\\\/deportesanluis.com.ar\\\/sergio-fernandez-volvio-y-sumo\\\/\"]}]},{\"@type\":\"ImageObject\",\"inLanguage\":\"es-AR\",\"@id\":\"https:\\\/\\\/deportesanluis.com.ar\\\/sergio-fernandez-volvio-y-sumo\\\/#primaryimage\",\"url\":\"https:\\\/\\\/deportesanluis.com.ar\\\/wp-content\\\/uploads\\\/2025\\\/06\\\/SergioFernandez-Viedma1-TN2025.jpg\",\"contentUrl\":\"https:\\\/\\\/deportesanluis.com.ar\\\/wp-content\\\/uploads\\\/2025\\\/06\\\/SergioFernandez-Viedma1-TN2025.jpg\",\"width\":800,\"height\":500},{\"@type\":\"BreadcrumbList\",\"@id\":\"https:\\\/\\\/deportesanluis.com.ar\\\/sergio-fernandez-volvio-y-sumo\\\/#breadcrumb\",\"itemListElement\":[{\"@type\":\"ListItem\",\"position\":1,\"name\":\"Home\",\"item\":\"https:\\\/\\\/deportesanluis.com.ar\\\/\"},{\"@type\":\"ListItem\",\"position\":2,\"name\":\"Sergio Fern\u00e1ndez volvi\u00f3 y sum\u00f3\"}]},{\"@type\":\"WebSite\",\"@id\":\"https:\\\/\\\/deportesanluis.com.ar\\\/#website\",\"url\":\"https:\\\/\\\/deportesanluis.com.ar\\\/\",\"name\":\"deportesanluis.com.ar\",\"description\":\"Noticias de Deporte de San Luis\",\"publisher\":{\"@id\":\"https:\\\/\\\/deportesanluis.com.ar\\\/#organization\"},\"alternateName\":\"Deporte SL\",\"potentialAction\":[{\"@type\":\"SearchAction\",\"target\":{\"@type\":\"EntryPoint\",\"urlTemplate\":\"https:\\\/\\\/deportesanluis.com.ar\\\/?s={search_term_string}\"},\"query-input\":{\"@type\":\"PropertyValueSpecification\",\"valueRequired\":true,\"valueName\":\"search_term_string\"}}],\"inLanguage\":\"es-AR\"},{\"@type\":\"Organization\",\"@id\":\"https:\\\/\\\/deportesanluis.com.ar\\\/#organization\",\"name\":\"DSL\",\"alternateName\":\"Deporte SL\",\"url\":\"https:\\\/\\\/deportesanluis.com.ar\\\/\",\"logo\":{\"@type\":\"ImageObject\",\"inLanguage\":\"es-AR\",\"@id\":\"https:\\\/\\\/deportesanluis.com.ar\\\/#\\\/schema\\\/logo\\\/image\\\/\",\"url\":\"https:\\\/\\\/deportesanluis.com.ar\\\/wp-content\\\/uploads\\\/2023\\\/06\\\/DSL-Logo-2023-5.jpg\",\"contentUrl\":\"https:\\\/\\\/deportesanluis.com.ar\\\/wp-content\\\/uploads\\\/2023\\\/06\\\/DSL-Logo-2023-5.jpg\",\"width\":1718,\"height\":845,\"caption\":\"DSL\"},\"image\":{\"@id\":\"https:\\\/\\\/deportesanluis.com.ar\\\/#\\\/schema\\\/logo\\\/image\\\/\"},\"sameAs\":[\"https:\\\/\\\/www.facebook.com\\\/DSLDeporteSanLuis\",\"https:\\\/\\\/x.com\\\/deportesanluis\",\"https:\\\/\\\/www.instagram.com\\\/dsl_deportesanluis\\\/\"]},{\"@type\":\"Person\",\"@id\":\"https:\\\/\\\/deportesanluis.com.ar\\\/#\\\/schema\\\/person\\\/4b3e665481e93d271fced43ee48143c8\",\"name\":\"admin\",\"image\":{\"@type\":\"ImageObject\",\"inLanguage\":\"es-AR\",\"@id\":\"https:\\\/\\\/secure.gravatar.com\\\/avatar\\\/5424b2c21466f502587708c43dbe2dc47b5e643fec67835095677cd3af6ba546?s=96&d=mm&r=g\",\"url\":\"https:\\\/\\\/secure.gravatar.com\\\/avatar\\\/5424b2c21466f502587708c43dbe2dc47b5e643fec67835095677cd3af6ba546?s=96&d=mm&r=g\",\"contentUrl\":\"https:\\\/\\\/secure.gravatar.com\\\/avatar\\\/5424b2c21466f502587708c43dbe2dc47b5e643fec67835095677cd3af6ba546?s=96&d=mm&r=g\",\"caption\":\"admin\"},\"sameAs\":[\"https:\\\/\\\/deportesanluis.com.ar\"],\"url\":\"https:\\\/\\\/deportesanluis.com.ar\\\/author\\\/admin\\\/\"}]}<\/script>\n<!-- \/ Yoast SEO plugin. -->","yoast_head_json":{"title":"Sergio Fern\u00e1ndez volvi\u00f3 y sum\u00f3 - DSL","description":"El piloto puntano hizo su reaparici\u00f3n en Viedma y logr\u00f3 ubicarse entre los quince mejores de la Clase 2. La victoria fue para Posco. En la Clase 3, la consagraci\u00f3n fue de Mart\u00ednez. La pr\u00f3xima cita ser\u00e1 en Termas de R\u00edo Hondo.\u00a0","robots":{"index":"index","follow":"follow","max-snippet":"max-snippet:-1","max-image-preview":"max-image-preview:large","max-video-preview":"max-video-preview:-1"},"canonical":"https:\/\/deportesanluis.com.ar\/sergio-fernandez-volvio-y-sumo\/","og_locale":"es_ES","og_type":"article","og_title":"Sergio Fern\u00e1ndez volvi\u00f3 y sum\u00f3 - DSL","og_description":"El piloto puntano hizo su reaparici\u00f3n en Viedma y logr\u00f3 ubicarse entre los quince mejores de la Clase 2. La victoria fue para Posco. En la Clase 3, la consagraci\u00f3n fue de Mart\u00ednez. La pr\u00f3xima cita ser\u00e1 en Termas de R\u00edo Hondo.\u00a0","og_url":"https:\/\/deportesanluis.com.ar\/sergio-fernandez-volvio-y-sumo\/","og_site_name":"DSL","article_publisher":"https:\/\/www.facebook.com\/DSLDeporteSanLuis","article_published_time":"2025-06-16T16:21:19+00:00","article_modified_time":"2025-06-25T12:38:02+00:00","og_image":[{"width":800,"height":500,"url":"https:\/\/deportesanluis.com.ar\/wp-content\/uploads\/2025\/06\/SergioFernandez-Viedma1-TN2025.jpg","type":"image\/jpeg"}],"author":"admin","twitter_card":"summary_large_image","twitter_creator":"@deportesanluis","twitter_site":"@deportesanluis","twitter_misc":{"Escrito por":"admin","Tiempo de lectura":"3 minutos"},"schema":{"@context":"https:\/\/schema.org","@graph":[{"@type":"Article","@id":"https:\/\/deportesanluis.com.ar\/sergio-fernandez-volvio-y-sumo\/#article","isPartOf":{"@id":"https:\/\/deportesanluis.com.ar\/sergio-fernandez-volvio-y-sumo\/"},"author":{"name":"admin","@id":"https:\/\/deportesanluis.com.ar\/#\/schema\/person\/4b3e665481e93d271fced43ee48143c8"},"headline":"Sergio Fern\u00e1ndez volvi\u00f3 y sum\u00f3","datePublished":"2025-06-16T16:21:19+00:00","dateModified":"2025-06-25T12:38:02+00:00","mainEntityOfPage":{"@id":"https:\/\/deportesanluis.com.ar\/sergio-fernandez-volvio-y-sumo\/"},"wordCount":273,"publisher":{"@id":"https:\/\/deportesanluis.com.ar\/#organization"},"image":{"@id":"https:\/\/deportesanluis.com.ar\/sergio-fernandez-volvio-y-sumo\/#primaryimage"},"thumbnailUrl":"https:\/\/deportesanluis.com.ar\/wp-content\/uploads\/2025\/06\/SergioFernandez-Viedma1-TN2025.jpg","keywords":["TN"],"articleSection":["15","Motores","TN"],"inLanguage":"es-AR"},{"@type":"WebPage","@id":"https:\/\/deportesanluis.com.ar\/sergio-fernandez-volvio-y-sumo\/","url":"https:\/\/deportesanluis.com.ar\/sergio-fernandez-volvio-y-sumo\/","name":"Sergio Fern\u00e1ndez volvi\u00f3 y sum\u00f3 - DSL","isPartOf":{"@id":"https:\/\/deportesanluis.com.ar\/#website"},"primaryImageOfPage":{"@id":"https:\/\/deportesanluis.com.ar\/sergio-fernandez-volvio-y-sumo\/#primaryimage"},"image":{"@id":"https:\/\/deportesanluis.com.ar\/sergio-fernandez-volvio-y-sumo\/#primaryimage"},"thumbnailUrl":"https:\/\/deportesanluis.com.ar\/wp-content\/uploads\/2025\/06\/SergioFernandez-Viedma1-TN2025.jpg","datePublished":"2025-06-16T16:21:19+00:00","dateModified":"2025-06-25T12:38:02+00:00","description":"El piloto puntano hizo su reaparici\u00f3n en Viedma y logr\u00f3 ubicarse entre los quince mejores de la Clase 2. La victoria fue para Posco. En la Clase 3, la consagraci\u00f3n fue de Mart\u00ednez. La pr\u00f3xima cita ser\u00e1 en Termas de R\u00edo Hondo.\u00a0","breadcrumb":{"@id":"https:\/\/deportesanluis.com.ar\/sergio-fernandez-volvio-y-sumo\/#breadcrumb"},"inLanguage":"es-AR","potentialAction":[{"@type":"ReadAction","target":["https:\/\/deportesanluis.com.ar\/sergio-fernandez-volvio-y-sumo\/"]}]},{"@type":"ImageObject","inLanguage":"es-AR","@id":"https:\/\/deportesanluis.com.ar\/sergio-fernandez-volvio-y-sumo\/#primaryimage","url":"https:\/\/deportesanluis.com.ar\/wp-content\/uploads\/2025\/06\/SergioFernandez-Viedma1-TN2025.jpg","contentUrl":"https:\/\/deportesanluis.com.ar\/wp-content\/uploads\/2025\/06\/SergioFernandez-Viedma1-TN2025.jpg","width":800,"height":500},{"@type":"BreadcrumbList","@id":"https:\/\/deportesanluis.com.ar\/sergio-fernandez-volvio-y-sumo\/#breadcrumb","itemListElement":[{"@type":"ListItem","position":1,"name":"Home","item":"https:\/\/deportesanluis.com.ar\/"},{"@type":"ListItem","position":2,"name":"Sergio Fern\u00e1ndez volvi\u00f3 y sum\u00f3"}]},{"@type":"WebSite","@id":"https:\/\/deportesanluis.com.ar\/#website","url":"https:\/\/deportesanluis.com.ar\/","name":"deportesanluis.com.ar","description":"Noticias de Deporte de San Luis","publisher":{"@id":"https:\/\/deportesanluis.com.ar\/#organization"},"alternateName":"Deporte SL","potentialAction":[{"@type":"SearchAction","target":{"@type":"EntryPoint","urlTemplate":"https:\/\/deportesanluis.com.ar\/?s={search_term_string}"},"query-input":{"@type":"PropertyValueSpecification","valueRequired":true,"valueName":"search_term_string"}}],"inLanguage":"es-AR"},{"@type":"Organization","@id":"https:\/\/deportesanluis.com.ar\/#organization","name":"DSL","alternateName":"Deporte SL","url":"https:\/\/deportesanluis.com.ar\/","logo":{"@type":"ImageObject","inLanguage":"es-AR","@id":"https:\/\/deportesanluis.com.ar\/#\/schema\/logo\/image\/","url":"https:\/\/deportesanluis.com.ar\/wp-content\/uploads\/2023\/06\/DSL-Logo-2023-5.jpg","contentUrl":"https:\/\/deportesanluis.com.ar\/wp-content\/uploads\/2023\/06\/DSL-Logo-2023-5.jpg","width":1718,"height":845,"caption":"DSL"},"image":{"@id":"https:\/\/deportesanluis.com.ar\/#\/schema\/logo\/image\/"},"sameAs":["https:\/\/www.facebook.com\/DSLDeporteSanLuis","https:\/\/x.com\/deportesanluis","https:\/\/www.instagram.com\/dsl_deportesanluis\/"]},{"@type":"Person","@id":"https:\/\/deportesanluis.com.ar\/#\/schema\/person\/4b3e665481e93d271fced43ee48143c8","name":"admin","image":{"@type":"ImageObject","inLanguage":"es-AR","@id":"https:\/\/secure.gravatar.com\/avatar\/5424b2c21466f502587708c43dbe2dc47b5e643fec67835095677cd3af6ba546?s=96&d=mm&r=g","url":"https:\/\/secure.gravatar.com\/avatar\/5424b2c21466f502587708c43dbe2dc47b5e643fec67835095677cd3af6ba546?s=96&d=mm&r=g","contentUrl":"https:\/\/secure.gravatar.com\/avatar\/5424b2c21466f502587708c43dbe2dc47b5e643fec67835095677cd3af6ba546?s=96&d=mm&r=g","caption":"admin"},"sameAs":["https:\/\/deportesanluis.com.ar"],"url":"https:\/\/deportesanluis.com.ar\/author\/admin\/"}]}},"_links":{"self":[{"href":"https:\/\/deportesanluis.com.ar\/wp-json\/wp\/v2\/posts\/27367","targetHints":{"allow":["GET"]}}],"collection":[{"href":"https:\/\/deportesanluis.com.ar\/wp-json\/wp\/v2\/posts"}],"about":[{"href":"https:\/\/deportesanluis.com.ar\/wp-json\/wp\/v2\/types\/post"}],"author":[{"embeddable":true,"href":"https:\/\/deportesanluis.com.ar\/wp-json\/wp\/v2\/users\/1"}],"replies":[{"embeddable":true,"href":"https:\/\/deportesanluis.com.ar\/wp-json\/wp\/v2\/comments?post=27367"}],"version-history":[{"count":0,"href":"https:\/\/deportesanluis.com.ar\/wp-json\/wp\/v2\/posts\/27367\/revisions"}],"wp:featuredmedia":[{"embeddable":true,"href":"https:\/\/deportesanluis.com.ar\/wp-json\/wp\/v2\/media\/27371"}],"wp:attachment":[{"href":"https:\/\/deportesanluis.com.ar\/wp-json\/wp\/v2\/media?parent=27367"}],"wp:term":[{"taxonomy":"category","embeddable":true,"href":"https:\/\/deportesanluis.com.ar\/wp-json\/wp\/v2\/categories?post=27367"},{"taxonomy":"post_tag","embeddable":true,"href":"https:\/\/deportesanluis.com.ar\/wp-json\/wp\/v2\/tags?post=27367"}],"curies":[{"name":"wp","href":"https:\/\/api.w.org\/{rel}","templated":true}]}}