{"id":27569,"date":"2025-07-01T13:55:14","date_gmt":"2025-07-01T16:55:14","guid":{"rendered":"https:\/\/deportesanluis.com.ar\/?p=27569"},"modified":"2025-07-05T13:17:18","modified_gmt":"2025-07-05T16:17:18","slug":"el-presti-tuvo-su-challenger-de-combinadas","status":"publish","type":"post","link":"https:\/\/deportesanluis.com.ar\/el-presti-tuvo-su-challenger-de-combinadas\/","title":{"rendered":"El Presti tuvo su Challenger de Combinadas"},"content":{"rendered":"<p>En la categor\u00eda U18 femenina, brill\u00f3 la santafesina Malena Coronel, quien acumul\u00f3 4.087 puntos en el heptathlon. Sus rendimientos incluyeron 15.57 (-2.4) en 100 con vallas, 1.46 m en salto en alto, 10.72 m en bala, 28.32 (-4.5) en los 200 llanos, 5.00 m (-3.9) en largo, 27.31 m en jabalina y 2:39.94 en los 800 metros. Completaron el podio las cordobesas Bianca D\u00edaz Araya (3.529) y Daira Gabriela Su\u00e1rez (3.450).<\/p>\n<p>En la categor\u00eda U20, la bonaerense Malena Bustamante sum\u00f3 3.708 puntos, mientras que en la U23 se dio la reaparici\u00f3n de la fueguina Renata Godoy, campeona sudamericana U20 en 2024, quien gan\u00f3 con 4.418 puntos pese a vientos de hasta -6.7 m\/s en los 200 metros. Godoy registr\u00f3 15.96 en vallas, 1.54 m en alto, 11.13 m en bala, 27.77 en los 200, 5.10 m en largo, 36.35 m en jabalina y 2:38.01 en los 800. La cordobesa Martina D\u00edaz Araya fue segunda con 3.278 puntos.<\/p>\n<p>En el decathlon U23, el mendocino Franco P\u00e9rez se llev\u00f3 una ajustada victoria con 5.829 puntos, superando por escaso margen a Sim\u00f3n Caffaro, quien logr\u00f3 5.803. En mayores, el triunfo fue para el santafesino Zahir Alejandro Romano con 4.728 puntos, seguido por el velocista local Gonzalo Delgado con 4.627.<\/p>\n<p>&nbsp;<\/p>\n<blockquote class=\"instagram-media\" style=\"background: #FFF; border: 0; border-radius: 3px; box-shadow: 0 0 1px 0 rgba(0,0,0,0.5),0 1px 10px 0 rgba(0,0,0,0.15); margin: 1px; max-width: 540px; min-width: 326px; padding: 0; width: calc(100% - 2px);\" data-instgrm-captioned=\"\" data-instgrm-permalink=\"https:\/\/www.instagram.com\/reel\/DLgeFANR4Bj\/?utm_source=ig_embed&amp;utm_campaign=loading\" data-instgrm-version=\"14\">\n<div style=\"padding: 16px;\">\n<p>&nbsp;<\/p>\n<div style=\"display: flex; flex-direction: row; align-items: center;\">\n<div style=\"background-color: #f4f4f4; border-radius: 50%; flex-grow: 0; height: 40px; margin-right: 14px; width: 40px;\"><\/div>\n<div style=\"display: flex; flex-direction: column; flex-grow: 1; justify-content: center;\">\n<div style=\"background-color: #f4f4f4; border-radius: 4px; flex-grow: 0; height: 14px; margin-bottom: 6px; width: 100px;\"><\/div>\n<div style=\"background-color: #f4f4f4; border-radius: 4px; flex-grow: 0; height: 14px; width: 60px;\"><\/div>\n<\/div>\n<\/div>\n<div style=\"padding: 19% 0;\"><\/div>\n<div style=\"display: block; height: 50px; margin: 0 auto 12px; width: 50px;\"><\/div>\n<div style=\"padding-top: 8px;\">\n<div style=\"color: #3897f0; font-family: Arial,sans-serif; font-size: 14px; font-style: normal; font-weight: 550; line-height: 18px;\">Ver esta publicaci\u00f3n en Instagram<\/div>\n<\/div>\n<div style=\"padding: 12.5% 0;\"><\/div>\n<div style=\"display: flex; flex-direction: row; margin-bottom: 14px; align-items: center;\">\n<div>\n<div style=\"background-color: #f4f4f4; border-radius: 50%; height: 12.5px; width: 12.5px; transform: translateX(0px) translateY(7px);\"><\/div>\n<div style=\"background-color: #f4f4f4; height: 12.5px; transform: rotate(-45deg) translateX(3px) translateY(1px); width: 12.5px; flex-grow: 0; margin-right: 14px; margin-left: 2px;\"><\/div>\n<div style=\"background-color: #f4f4f4; border-radius: 50%; height: 12.5px; width: 12.5px; transform: translateX(9px) translateY(-18px);\"><\/div>\n<\/div>\n<div style=\"margin-left: 8px;\">\n<div style=\"background-color: #f4f4f4; border-radius: 50%; flex-grow: 0; height: 20px; width: 20px;\"><\/div>\n<div style=\"width: 0; height: 0; border-top: 2px solid transparent; border-left: 6px solid #f4f4f4; border-bottom: 2px solid transparent; transform: translateX(16px) translateY(-4px) rotate(30deg);\"><\/div>\n<\/div>\n<div style=\"margin-left: auto;\">\n<div style=\"width: 0px; border-top: 8px solid #F4F4F4; border-right: 8px solid transparent; transform: translateY(16px);\"><\/div>\n<div style=\"background-color: #f4f4f4; flex-grow: 0; height: 12px; width: 16px; transform: translateY(-4px);\"><\/div>\n<div style=\"width: 0; height: 0; border-top: 8px solid #F4F4F4; border-left: 8px solid transparent; transform: translateY(-4px) translateX(8px);\"><\/div>\n<\/div>\n<\/div>\n<div style=\"display: flex; flex-direction: column; flex-grow: 1; justify-content: center; margin-bottom: 24px;\">\n<div style=\"background-color: #f4f4f4; border-radius: 4px; flex-grow: 0; height: 14px; margin-bottom: 6px; width: 224px;\"><\/div>\n<div style=\"background-color: #f4f4f4; border-radius: 4px; flex-grow: 0; height: 14px; width: 144px;\"><\/div>\n<\/div>\n<p>&nbsp;<\/p>\n<p style=\"color: #c9c8cd; font-family: Arial,sans-serif; font-size: 14px; line-height: 17px; margin-bottom: 0; margin-top: 8px; overflow: hidden; padding: 8px 0 7px; text-align: center; text-overflow: ellipsis; white-space: nowrap;\"><a style=\"color: #c9c8cd; font-family: Arial,sans-serif; font-size: 14px; font-style: normal; font-weight: normal; line-height: 17px; text-decoration: none;\" href=\"https:\/\/www.instagram.com\/reel\/DLgeFANR4Bj\/?utm_source=ig_embed&amp;utm_campaign=loading\" target=\"_blank\" rel=\"noopener\">Una publicaci\u00f3n compartida por FAS Federaci\u00f3n Atl\u00e9tica Sanluise\u00f1a (@federacionatleticasanluis)<\/a><\/p>\n<\/div>\n<\/blockquote>\n<p><script async src=\"\/\/www.instagram.com\/embed.js\"><\/script><\/p>\n<p>La categor\u00eda U20 qued\u00f3 en manos del especialista en 400 con vallas Germ\u00e1n Mu\u00f1oz, quien incursion\u00f3 en las combinadas con \u00e9xito, alcanzando los 5.376 puntos. Lo escoltaron los bonaerenses Nicol\u00e1s Patr\u00f3n con 4.764 y Brian P\u00e9rez con 4.277.<\/p>\n<p>Entre los m\u00e1s j\u00f3venes, el campe\u00f3n nacional U18 Manuel Vilela ratific\u00f3 su gran momento al ganar el decathlon con 5.768 puntos, dejando atr\u00e1s a Joaqu\u00edn Rassetto (5.026) y al fueguino Ian Marco Bianchi (4.900).<\/p>\n<p>En las divisiones formativas tambi\u00e9n hubo acci\u00f3n: en U16 se impusieron Jordan Araya (4.363 puntos en el octathlon) y Emma Bustamante (2.918 en el hexathlon); mientras que en U14 los vencedores fueron Lisandro Peralta (3.333 en hexathlon) y Tiziana Gramaglia (3.057 en pentathlon).<\/p>\n<p>Este segundo Challenger reafirma el impulso que las pruebas combinadas vienen tomando a nivel nacional, con nuevos talentos emergentes y presencia de atletas de todo el pa\u00eds.<\/p>\n<hr \/>\n<p><strong>Nota:<\/strong> CADA<\/p>\n","protected":false},"excerpt":{"rendered":"<p>Fue la segunda edici\u00f3n con sede en el complejo puntano con la participaci\u00f3n de atletas de distintas provincias. Las jornadas del 28 y 29 de junio estuvieron marcadas por un fuerte viento, que dificult\u00f3 la obtenci\u00f3n de marcas de mayor nivel, especialmente en las pruebas de velocidad y salto.<\/p>\n","protected":false},"author":1,"featured_media":5947,"comment_status":"closed","ping_status":"closed","sticky":false,"template":"","format":"standard","meta":{"footnotes":""},"categories":[75,67,32],"tags":[68],"class_list":{"0":"post-27569","1":"post","2":"type-post","3":"status-publish","4":"format-standard","5":"has-post-thumbnail","7":"category-75","8":"category-atletismo","9":"category-poli","10":"tag-atletismo"},"yoast_head":"<!-- This site is optimized with the Yoast SEO plugin v27.4 - https:\/\/yoast.com\/product\/yoast-seo-wordpress\/ -->\n<title>El Presti tuvo su Challenger de Combinadas - DSL<\/title>\n<meta name=\"description\" content=\"Fue la segunda edici\u00f3n con sede en el complejo puntano con la participaci\u00f3n de atletas de distintas provincias. Las jornadas del 28 y 29 de junio estuvieron marcadas por un fuerte viento, que dificult\u00f3 la obtenci\u00f3n de marcas de mayor nivel, especialmente en las pruebas de velocidad y salto.\" \/>\n<meta name=\"robots\" content=\"index, follow, max-snippet:-1, max-image-preview:large, max-video-preview:-1\" \/>\n<link rel=\"canonical\" href=\"https:\/\/deportesanluis.com.ar\/el-presti-tuvo-su-challenger-de-combinadas\/\" \/>\n<meta property=\"og:locale\" content=\"es_ES\" \/>\n<meta property=\"og:type\" content=\"article\" \/>\n<meta property=\"og:title\" content=\"El Presti tuvo su Challenger de Combinadas - DSL\" \/>\n<meta property=\"og:description\" content=\"Fue la segunda edici\u00f3n con sede en el complejo puntano con la participaci\u00f3n de atletas de distintas provincias. Las jornadas del 28 y 29 de junio estuvieron marcadas por un fuerte viento, que dificult\u00f3 la obtenci\u00f3n de marcas de mayor nivel, especialmente en las pruebas de velocidad y salto.\" \/>\n<meta property=\"og:url\" content=\"https:\/\/deportesanluis.com.ar\/el-presti-tuvo-su-challenger-de-combinadas\/\" \/>\n<meta property=\"og:site_name\" content=\"DSL\" \/>\n<meta property=\"article:publisher\" content=\"https:\/\/www.facebook.com\/DSLDeporteSanLuis\" \/>\n<meta property=\"article:published_time\" content=\"2025-07-01T16:55:14+00:00\" \/>\n<meta property=\"article:modified_time\" content=\"2025-07-05T16:17:18+00:00\" \/>\n<meta property=\"og:image\" content=\"https:\/\/deportesanluis.com.ar\/wp-content\/uploads\/2022\/05\/Atletismo22-Predio-Presti-2.jpg\" \/>\n\t<meta property=\"og:image:width\" content=\"800\" \/>\n\t<meta property=\"og:image:height\" content=\"500\" \/>\n\t<meta property=\"og:image:type\" content=\"image\/jpeg\" \/>\n<meta name=\"author\" content=\"admin\" \/>\n<meta name=\"twitter:card\" content=\"summary_large_image\" \/>\n<meta name=\"twitter:creator\" content=\"@deportesanluis\" \/>\n<meta name=\"twitter:site\" content=\"@deportesanluis\" \/>\n<meta name=\"twitter:label1\" content=\"Escrito por\" \/>\n\t<meta name=\"twitter:data1\" content=\"admin\" \/>\n\t<meta name=\"twitter:label2\" content=\"Tiempo de lectura\" \/>\n\t<meta name=\"twitter:data2\" content=\"2 minutos\" \/>\n<script type=\"application\/ld+json\" class=\"yoast-schema-graph\">{\"@context\":\"https:\\\/\\\/schema.org\",\"@graph\":[{\"@type\":\"Article\",\"@id\":\"https:\\\/\\\/deportesanluis.com.ar\\\/el-presti-tuvo-su-challenger-de-combinadas\\\/#article\",\"isPartOf\":{\"@id\":\"https:\\\/\\\/deportesanluis.com.ar\\\/el-presti-tuvo-su-challenger-de-combinadas\\\/\"},\"author\":{\"name\":\"admin\",\"@id\":\"https:\\\/\\\/deportesanluis.com.ar\\\/#\\\/schema\\\/person\\\/4b3e665481e93d271fced43ee48143c8\"},\"headline\":\"El Presti tuvo su Challenger de Combinadas\",\"datePublished\":\"2025-07-01T16:55:14+00:00\",\"dateModified\":\"2025-07-05T16:17:18+00:00\",\"mainEntityOfPage\":{\"@id\":\"https:\\\/\\\/deportesanluis.com.ar\\\/el-presti-tuvo-su-challenger-de-combinadas\\\/\"},\"wordCount\":360,\"publisher\":{\"@id\":\"https:\\\/\\\/deportesanluis.com.ar\\\/#organization\"},\"image\":{\"@id\":\"https:\\\/\\\/deportesanluis.com.ar\\\/el-presti-tuvo-su-challenger-de-combinadas\\\/#primaryimage\"},\"thumbnailUrl\":\"https:\\\/\\\/deportesanluis.com.ar\\\/wp-content\\\/uploads\\\/2022\\\/05\\\/Atletismo22-Predio-Presti-2.jpg\",\"keywords\":[\"Atletismo\"],\"articleSection\":[\"15\",\"Atletismo\",\"Poli\"],\"inLanguage\":\"es-AR\"},{\"@type\":\"WebPage\",\"@id\":\"https:\\\/\\\/deportesanluis.com.ar\\\/el-presti-tuvo-su-challenger-de-combinadas\\\/\",\"url\":\"https:\\\/\\\/deportesanluis.com.ar\\\/el-presti-tuvo-su-challenger-de-combinadas\\\/\",\"name\":\"El Presti tuvo su Challenger de Combinadas - DSL\",\"isPartOf\":{\"@id\":\"https:\\\/\\\/deportesanluis.com.ar\\\/#website\"},\"primaryImageOfPage\":{\"@id\":\"https:\\\/\\\/deportesanluis.com.ar\\\/el-presti-tuvo-su-challenger-de-combinadas\\\/#primaryimage\"},\"image\":{\"@id\":\"https:\\\/\\\/deportesanluis.com.ar\\\/el-presti-tuvo-su-challenger-de-combinadas\\\/#primaryimage\"},\"thumbnailUrl\":\"https:\\\/\\\/deportesanluis.com.ar\\\/wp-content\\\/uploads\\\/2022\\\/05\\\/Atletismo22-Predio-Presti-2.jpg\",\"datePublished\":\"2025-07-01T16:55:14+00:00\",\"dateModified\":\"2025-07-05T16:17:18+00:00\",\"description\":\"Fue la segunda edici\u00f3n con sede en el complejo puntano con la participaci\u00f3n de atletas de distintas provincias. Las jornadas del 28 y 29 de junio estuvieron marcadas por un fuerte viento, que dificult\u00f3 la obtenci\u00f3n de marcas de mayor nivel, especialmente en las pruebas de velocidad y salto.\",\"breadcrumb\":{\"@id\":\"https:\\\/\\\/deportesanluis.com.ar\\\/el-presti-tuvo-su-challenger-de-combinadas\\\/#breadcrumb\"},\"inLanguage\":\"es-AR\",\"potentialAction\":[{\"@type\":\"ReadAction\",\"target\":[\"https:\\\/\\\/deportesanluis.com.ar\\\/el-presti-tuvo-su-challenger-de-combinadas\\\/\"]}]},{\"@type\":\"ImageObject\",\"inLanguage\":\"es-AR\",\"@id\":\"https:\\\/\\\/deportesanluis.com.ar\\\/el-presti-tuvo-su-challenger-de-combinadas\\\/#primaryimage\",\"url\":\"https:\\\/\\\/deportesanluis.com.ar\\\/wp-content\\\/uploads\\\/2022\\\/05\\\/Atletismo22-Predio-Presti-2.jpg\",\"contentUrl\":\"https:\\\/\\\/deportesanluis.com.ar\\\/wp-content\\\/uploads\\\/2022\\\/05\\\/Atletismo22-Predio-Presti-2.jpg\",\"width\":800,\"height\":500},{\"@type\":\"BreadcrumbList\",\"@id\":\"https:\\\/\\\/deportesanluis.com.ar\\\/el-presti-tuvo-su-challenger-de-combinadas\\\/#breadcrumb\",\"itemListElement\":[{\"@type\":\"ListItem\",\"position\":1,\"name\":\"Home\",\"item\":\"https:\\\/\\\/deportesanluis.com.ar\\\/\"},{\"@type\":\"ListItem\",\"position\":2,\"name\":\"El Presti tuvo su Challenger de Combinadas\"}]},{\"@type\":\"WebSite\",\"@id\":\"https:\\\/\\\/deportesanluis.com.ar\\\/#website\",\"url\":\"https:\\\/\\\/deportesanluis.com.ar\\\/\",\"name\":\"deportesanluis.com.ar\",\"description\":\"Noticias de Deporte de San Luis\",\"publisher\":{\"@id\":\"https:\\\/\\\/deportesanluis.com.ar\\\/#organization\"},\"alternateName\":\"Deporte SL\",\"potentialAction\":[{\"@type\":\"SearchAction\",\"target\":{\"@type\":\"EntryPoint\",\"urlTemplate\":\"https:\\\/\\\/deportesanluis.com.ar\\\/?s={search_term_string}\"},\"query-input\":{\"@type\":\"PropertyValueSpecification\",\"valueRequired\":true,\"valueName\":\"search_term_string\"}}],\"inLanguage\":\"es-AR\"},{\"@type\":\"Organization\",\"@id\":\"https:\\\/\\\/deportesanluis.com.ar\\\/#organization\",\"name\":\"DSL\",\"alternateName\":\"Deporte SL\",\"url\":\"https:\\\/\\\/deportesanluis.com.ar\\\/\",\"logo\":{\"@type\":\"ImageObject\",\"inLanguage\":\"es-AR\",\"@id\":\"https:\\\/\\\/deportesanluis.com.ar\\\/#\\\/schema\\\/logo\\\/image\\\/\",\"url\":\"https:\\\/\\\/deportesanluis.com.ar\\\/wp-content\\\/uploads\\\/2023\\\/06\\\/DSL-Logo-2023-5.jpg\",\"contentUrl\":\"https:\\\/\\\/deportesanluis.com.ar\\\/wp-content\\\/uploads\\\/2023\\\/06\\\/DSL-Logo-2023-5.jpg\",\"width\":1718,\"height\":845,\"caption\":\"DSL\"},\"image\":{\"@id\":\"https:\\\/\\\/deportesanluis.com.ar\\\/#\\\/schema\\\/logo\\\/image\\\/\"},\"sameAs\":[\"https:\\\/\\\/www.facebook.com\\\/DSLDeporteSanLuis\",\"https:\\\/\\\/x.com\\\/deportesanluis\",\"https:\\\/\\\/www.instagram.com\\\/dsl_deportesanluis\\\/\"]},{\"@type\":\"Person\",\"@id\":\"https:\\\/\\\/deportesanluis.com.ar\\\/#\\\/schema\\\/person\\\/4b3e665481e93d271fced43ee48143c8\",\"name\":\"admin\",\"image\":{\"@type\":\"ImageObject\",\"inLanguage\":\"es-AR\",\"@id\":\"https:\\\/\\\/secure.gravatar.com\\\/avatar\\\/5424b2c21466f502587708c43dbe2dc47b5e643fec67835095677cd3af6ba546?s=96&d=mm&r=g\",\"url\":\"https:\\\/\\\/secure.gravatar.com\\\/avatar\\\/5424b2c21466f502587708c43dbe2dc47b5e643fec67835095677cd3af6ba546?s=96&d=mm&r=g\",\"contentUrl\":\"https:\\\/\\\/secure.gravatar.com\\\/avatar\\\/5424b2c21466f502587708c43dbe2dc47b5e643fec67835095677cd3af6ba546?s=96&d=mm&r=g\",\"caption\":\"admin\"},\"sameAs\":[\"https:\\\/\\\/deportesanluis.com.ar\"],\"url\":\"https:\\\/\\\/deportesanluis.com.ar\\\/author\\\/admin\\\/\"}]}<\/script>\n<!-- \/ Yoast SEO plugin. -->","yoast_head_json":{"title":"El Presti tuvo su Challenger de Combinadas - DSL","description":"Fue la segunda edici\u00f3n con sede en el complejo puntano con la participaci\u00f3n de atletas de distintas provincias. Las jornadas del 28 y 29 de junio estuvieron marcadas por un fuerte viento, que dificult\u00f3 la obtenci\u00f3n de marcas de mayor nivel, especialmente en las pruebas de velocidad y salto.","robots":{"index":"index","follow":"follow","max-snippet":"max-snippet:-1","max-image-preview":"max-image-preview:large","max-video-preview":"max-video-preview:-1"},"canonical":"https:\/\/deportesanluis.com.ar\/el-presti-tuvo-su-challenger-de-combinadas\/","og_locale":"es_ES","og_type":"article","og_title":"El Presti tuvo su Challenger de Combinadas - DSL","og_description":"Fue la segunda edici\u00f3n con sede en el complejo puntano con la participaci\u00f3n de atletas de distintas provincias. Las jornadas del 28 y 29 de junio estuvieron marcadas por un fuerte viento, que dificult\u00f3 la obtenci\u00f3n de marcas de mayor nivel, especialmente en las pruebas de velocidad y salto.","og_url":"https:\/\/deportesanluis.com.ar\/el-presti-tuvo-su-challenger-de-combinadas\/","og_site_name":"DSL","article_publisher":"https:\/\/www.facebook.com\/DSLDeporteSanLuis","article_published_time":"2025-07-01T16:55:14+00:00","article_modified_time":"2025-07-05T16:17:18+00:00","og_image":[{"width":800,"height":500,"url":"https:\/\/deportesanluis.com.ar\/wp-content\/uploads\/2022\/05\/Atletismo22-Predio-Presti-2.jpg","type":"image\/jpeg"}],"author":"admin","twitter_card":"summary_large_image","twitter_creator":"@deportesanluis","twitter_site":"@deportesanluis","twitter_misc":{"Escrito por":"admin","Tiempo de lectura":"2 minutos"},"schema":{"@context":"https:\/\/schema.org","@graph":[{"@type":"Article","@id":"https:\/\/deportesanluis.com.ar\/el-presti-tuvo-su-challenger-de-combinadas\/#article","isPartOf":{"@id":"https:\/\/deportesanluis.com.ar\/el-presti-tuvo-su-challenger-de-combinadas\/"},"author":{"name":"admin","@id":"https:\/\/deportesanluis.com.ar\/#\/schema\/person\/4b3e665481e93d271fced43ee48143c8"},"headline":"El Presti tuvo su Challenger de Combinadas","datePublished":"2025-07-01T16:55:14+00:00","dateModified":"2025-07-05T16:17:18+00:00","mainEntityOfPage":{"@id":"https:\/\/deportesanluis.com.ar\/el-presti-tuvo-su-challenger-de-combinadas\/"},"wordCount":360,"publisher":{"@id":"https:\/\/deportesanluis.com.ar\/#organization"},"image":{"@id":"https:\/\/deportesanluis.com.ar\/el-presti-tuvo-su-challenger-de-combinadas\/#primaryimage"},"thumbnailUrl":"https:\/\/deportesanluis.com.ar\/wp-content\/uploads\/2022\/05\/Atletismo22-Predio-Presti-2.jpg","keywords":["Atletismo"],"articleSection":["15","Atletismo","Poli"],"inLanguage":"es-AR"},{"@type":"WebPage","@id":"https:\/\/deportesanluis.com.ar\/el-presti-tuvo-su-challenger-de-combinadas\/","url":"https:\/\/deportesanluis.com.ar\/el-presti-tuvo-su-challenger-de-combinadas\/","name":"El Presti tuvo su Challenger de Combinadas - DSL","isPartOf":{"@id":"https:\/\/deportesanluis.com.ar\/#website"},"primaryImageOfPage":{"@id":"https:\/\/deportesanluis.com.ar\/el-presti-tuvo-su-challenger-de-combinadas\/#primaryimage"},"image":{"@id":"https:\/\/deportesanluis.com.ar\/el-presti-tuvo-su-challenger-de-combinadas\/#primaryimage"},"thumbnailUrl":"https:\/\/deportesanluis.com.ar\/wp-content\/uploads\/2022\/05\/Atletismo22-Predio-Presti-2.jpg","datePublished":"2025-07-01T16:55:14+00:00","dateModified":"2025-07-05T16:17:18+00:00","description":"Fue la segunda edici\u00f3n con sede en el complejo puntano con la participaci\u00f3n de atletas de distintas provincias. Las jornadas del 28 y 29 de junio estuvieron marcadas por un fuerte viento, que dificult\u00f3 la obtenci\u00f3n de marcas de mayor nivel, especialmente en las pruebas de velocidad y salto.","breadcrumb":{"@id":"https:\/\/deportesanluis.com.ar\/el-presti-tuvo-su-challenger-de-combinadas\/#breadcrumb"},"inLanguage":"es-AR","potentialAction":[{"@type":"ReadAction","target":["https:\/\/deportesanluis.com.ar\/el-presti-tuvo-su-challenger-de-combinadas\/"]}]},{"@type":"ImageObject","inLanguage":"es-AR","@id":"https:\/\/deportesanluis.com.ar\/el-presti-tuvo-su-challenger-de-combinadas\/#primaryimage","url":"https:\/\/deportesanluis.com.ar\/wp-content\/uploads\/2022\/05\/Atletismo22-Predio-Presti-2.jpg","contentUrl":"https:\/\/deportesanluis.com.ar\/wp-content\/uploads\/2022\/05\/Atletismo22-Predio-Presti-2.jpg","width":800,"height":500},{"@type":"BreadcrumbList","@id":"https:\/\/deportesanluis.com.ar\/el-presti-tuvo-su-challenger-de-combinadas\/#breadcrumb","itemListElement":[{"@type":"ListItem","position":1,"name":"Home","item":"https:\/\/deportesanluis.com.ar\/"},{"@type":"ListItem","position":2,"name":"El Presti tuvo su Challenger de Combinadas"}]},{"@type":"WebSite","@id":"https:\/\/deportesanluis.com.ar\/#website","url":"https:\/\/deportesanluis.com.ar\/","name":"deportesanluis.com.ar","description":"Noticias de Deporte de San Luis","publisher":{"@id":"https:\/\/deportesanluis.com.ar\/#organization"},"alternateName":"Deporte SL","potentialAction":[{"@type":"SearchAction","target":{"@type":"EntryPoint","urlTemplate":"https:\/\/deportesanluis.com.ar\/?s={search_term_string}"},"query-input":{"@type":"PropertyValueSpecification","valueRequired":true,"valueName":"search_term_string"}}],"inLanguage":"es-AR"},{"@type":"Organization","@id":"https:\/\/deportesanluis.com.ar\/#organization","name":"DSL","alternateName":"Deporte SL","url":"https:\/\/deportesanluis.com.ar\/","logo":{"@type":"ImageObject","inLanguage":"es-AR","@id":"https:\/\/deportesanluis.com.ar\/#\/schema\/logo\/image\/","url":"https:\/\/deportesanluis.com.ar\/wp-content\/uploads\/2023\/06\/DSL-Logo-2023-5.jpg","contentUrl":"https:\/\/deportesanluis.com.ar\/wp-content\/uploads\/2023\/06\/DSL-Logo-2023-5.jpg","width":1718,"height":845,"caption":"DSL"},"image":{"@id":"https:\/\/deportesanluis.com.ar\/#\/schema\/logo\/image\/"},"sameAs":["https:\/\/www.facebook.com\/DSLDeporteSanLuis","https:\/\/x.com\/deportesanluis","https:\/\/www.instagram.com\/dsl_deportesanluis\/"]},{"@type":"Person","@id":"https:\/\/deportesanluis.com.ar\/#\/schema\/person\/4b3e665481e93d271fced43ee48143c8","name":"admin","image":{"@type":"ImageObject","inLanguage":"es-AR","@id":"https:\/\/secure.gravatar.com\/avatar\/5424b2c21466f502587708c43dbe2dc47b5e643fec67835095677cd3af6ba546?s=96&d=mm&r=g","url":"https:\/\/secure.gravatar.com\/avatar\/5424b2c21466f502587708c43dbe2dc47b5e643fec67835095677cd3af6ba546?s=96&d=mm&r=g","contentUrl":"https:\/\/secure.gravatar.com\/avatar\/5424b2c21466f502587708c43dbe2dc47b5e643fec67835095677cd3af6ba546?s=96&d=mm&r=g","caption":"admin"},"sameAs":["https:\/\/deportesanluis.com.ar"],"url":"https:\/\/deportesanluis.com.ar\/author\/admin\/"}]}},"_links":{"self":[{"href":"https:\/\/deportesanluis.com.ar\/wp-json\/wp\/v2\/posts\/27569","targetHints":{"allow":["GET"]}}],"collection":[{"href":"https:\/\/deportesanluis.com.ar\/wp-json\/wp\/v2\/posts"}],"about":[{"href":"https:\/\/deportesanluis.com.ar\/wp-json\/wp\/v2\/types\/post"}],"author":[{"embeddable":true,"href":"https:\/\/deportesanluis.com.ar\/wp-json\/wp\/v2\/users\/1"}],"replies":[{"embeddable":true,"href":"https:\/\/deportesanluis.com.ar\/wp-json\/wp\/v2\/comments?post=27569"}],"version-history":[{"count":0,"href":"https:\/\/deportesanluis.com.ar\/wp-json\/wp\/v2\/posts\/27569\/revisions"}],"wp:featuredmedia":[{"embeddable":true,"href":"https:\/\/deportesanluis.com.ar\/wp-json\/wp\/v2\/media\/5947"}],"wp:attachment":[{"href":"https:\/\/deportesanluis.com.ar\/wp-json\/wp\/v2\/media?parent=27569"}],"wp:term":[{"taxonomy":"category","embeddable":true,"href":"https:\/\/deportesanluis.com.ar\/wp-json\/wp\/v2\/categories?post=27569"},{"taxonomy":"post_tag","embeddable":true,"href":"https:\/\/deportesanluis.com.ar\/wp-json\/wp\/v2\/tags?post=27569"}],"curies":[{"name":"wp","href":"https:\/\/api.w.org\/{rel}","templated":true}]}}