{"id":27759,"date":"2025-07-12T12:02:55","date_gmt":"2025-07-12T15:02:55","guid":{"rendered":"https:\/\/deportesanluis.com.ar\/?p=27759"},"modified":"2025-07-12T12:02:55","modified_gmt":"2025-07-12T15:02:55","slug":"pogacar-impone-sus-condiciones","status":"publish","type":"post","link":"https:\/\/deportesanluis.com.ar\/pogacar-impone-sus-condiciones\/","title":{"rendered":"Pogacar impone sus condiciones"},"content":{"rendered":"<p>El\u00a0Tour de Francia celebr\u00f3 este viernes su Etapa 7, un recorrido de 197kms. entre Saint Mal\u00f3 y Mur de Bretagne en Guerl\u00e9dan con el esloveno Tadej Pogacar (UAE Team Emirates) logrando imponer sus condiciones con un total de 4hs. 05min. 39seg.<\/p>\n<p>El escolta fue el dan\u00e9s Jonas Vingegaard (Team Visma) mientras que, dos segundos atr\u00e1s, arribaron el brit\u00e1nico Oscar Onley (Team Picnic), el norteamericano Matteo Jorgenson (Team Visma), el belga Remco Evenepoel (Soudal Quick-Step) y el franc\u00e9s Kevin Vauquel\u00edn (Arkea).<\/p>\n<p>El neerland\u00e9s Mathieu Van der Poel (Alpecin-Deceuninck), quien ostentaba el liderazgo de la General, arrib\u00f3 1min. 20seg. m\u00e1s tarde.<\/p>\n<p>Los puntos de Velocidad de la jornada fueron para el espa\u00f1ol Iv\u00e1n Cortina (Movistar) y para Pogacar mientras que la Monta\u00f1a cont\u00f3 con dos victorias del local Ewen Costiou (Arkea) y otra para el esloveno.<\/p>\n<p>El Tour de Francia es liderado por Pogacar con un total de 25hs. 58min. 04seg. escoltado ahora por Evenepoel a 54seg. M\u00e1s atr\u00e1s se ubican Vauquel\u00edn a 1min. 11seg.; Vingegaard a 1min. 17seg. y Van der Poel a 1min. 29seg.<\/p>\n<p>El mejor latinoamericano en el Tour es el ecuatoriano Jonathan Narv\u00e1ez (UAE Team Emirates) que marcha en el puesto 19 a 8min. 10seg. mientras que el argentino Eduardo Sep\u00falveda (Lotto) se ubica en el puesto 136 a m\u00e1s de 1h. de diferencia.<\/p>\n<p>El mejor velocista es Pogacar con 156 unidades pero la casaca verde la usar\u00e1 su escolta, el taliano Jonathan Mil\u00e1n (Lidl-Trek) que suma 122.<\/p>\n<p>El mejor escalador es el belga Tim Wellens (UAE Team Emirates) con 8 unidades; el mejor Sub23 es Evenepoel y el mejor equipo es el Team Visma de los Pa\u00edses Bajos.<\/p>\n<p>Este domingo se disputar\u00e1 la Etapa 8 con un recorrido de 171,4kms. entre Saint Meen le Grand y Laval con una meta de velocidad y una de monta\u00f1a.<\/p>\n<hr \/>\n<p><strong>Nota:<\/strong> Redacci\u00f3n<\/p>\n","protected":false},"excerpt":{"rendered":"<p>El esloveno se qued\u00f3 con la s\u00e9ptima jornada en Guerl\u00e9dan y es nuevamente l\u00edder del Tour de Francia. El argentino Eduardo Sep\u00falveda sigue en carrera.\u00a0<\/p>\n","protected":false},"author":1,"featured_media":27760,"comment_status":"closed","ping_status":"closed","sticky":false,"template":"","format":"standard","meta":{"footnotes":""},"categories":[42,40,32],"tags":[41,231],"class_list":{"0":"post-27759","1":"post","2":"type-post","3":"status-publish","4":"format-standard","5":"has-post-thumbnail","7":"category-42","8":"category-ciclismo","9":"category-poli","10":"tag-ciclismo","11":"tag-tour-de-francia"},"yoast_head":"<!-- This site is optimized with the Yoast SEO plugin v27.4 - https:\/\/yoast.com\/product\/yoast-seo-wordpress\/ -->\n<title>Pogacar impone sus condiciones - DSL<\/title>\n<meta name=\"description\" content=\"El esloveno se qued\u00f3 con la s\u00e9ptima jornada en Guerl\u00e9dan y es nuevamente l\u00edder del Tour de Francia. El argentino Eduardo Sep\u00falveda sigue en carrera.\u00a0\" \/>\n<meta name=\"robots\" content=\"index, follow, max-snippet:-1, max-image-preview:large, max-video-preview:-1\" \/>\n<link rel=\"canonical\" href=\"https:\/\/deportesanluis.com.ar\/pogacar-impone-sus-condiciones\/\" \/>\n<meta property=\"og:locale\" content=\"es_ES\" \/>\n<meta property=\"og:type\" content=\"article\" \/>\n<meta property=\"og:title\" content=\"Pogacar impone sus condiciones - DSL\" \/>\n<meta property=\"og:description\" content=\"El esloveno se qued\u00f3 con la s\u00e9ptima jornada en Guerl\u00e9dan y es nuevamente l\u00edder del Tour de Francia. El argentino Eduardo Sep\u00falveda sigue en carrera.\u00a0\" \/>\n<meta property=\"og:url\" content=\"https:\/\/deportesanluis.com.ar\/pogacar-impone-sus-condiciones\/\" \/>\n<meta property=\"og:site_name\" content=\"DSL\" \/>\n<meta property=\"article:publisher\" content=\"https:\/\/www.facebook.com\/DSLDeporteSanLuis\" \/>\n<meta property=\"article:published_time\" content=\"2025-07-12T15:02:55+00:00\" \/>\n<meta property=\"og:image\" content=\"https:\/\/deportesanluis.com.ar\/wp-content\/uploads\/2025\/07\/Pogacar-Etapa7-TourdeFrancia2025-scaled.jpeg\" \/>\n\t<meta property=\"og:image:width\" content=\"2560\" \/>\n\t<meta property=\"og:image:height\" content=\"1707\" \/>\n\t<meta property=\"og:image:type\" content=\"image\/jpeg\" \/>\n<meta name=\"author\" content=\"admin\" \/>\n<meta name=\"twitter:card\" content=\"summary_large_image\" \/>\n<meta name=\"twitter:creator\" content=\"@deportesanluis\" \/>\n<meta name=\"twitter:site\" content=\"@deportesanluis\" \/>\n<meta name=\"twitter:label1\" content=\"Escrito por\" \/>\n\t<meta name=\"twitter:data1\" content=\"admin\" \/>\n\t<meta name=\"twitter:label2\" content=\"Tiempo de lectura\" \/>\n\t<meta name=\"twitter:data2\" content=\"2 minutos\" \/>\n<script type=\"application\/ld+json\" class=\"yoast-schema-graph\">{\"@context\":\"https:\\\/\\\/schema.org\",\"@graph\":[{\"@type\":\"Article\",\"@id\":\"https:\\\/\\\/deportesanluis.com.ar\\\/pogacar-impone-sus-condiciones\\\/#article\",\"isPartOf\":{\"@id\":\"https:\\\/\\\/deportesanluis.com.ar\\\/pogacar-impone-sus-condiciones\\\/\"},\"author\":{\"name\":\"admin\",\"@id\":\"https:\\\/\\\/deportesanluis.com.ar\\\/#\\\/schema\\\/person\\\/4b3e665481e93d271fced43ee48143c8\"},\"headline\":\"Pogacar impone sus condiciones\",\"datePublished\":\"2025-07-12T15:02:55+00:00\",\"mainEntityOfPage\":{\"@id\":\"https:\\\/\\\/deportesanluis.com.ar\\\/pogacar-impone-sus-condiciones\\\/\"},\"wordCount\":320,\"publisher\":{\"@id\":\"https:\\\/\\\/deportesanluis.com.ar\\\/#organization\"},\"image\":{\"@id\":\"https:\\\/\\\/deportesanluis.com.ar\\\/pogacar-impone-sus-condiciones\\\/#primaryimage\"},\"thumbnailUrl\":\"https:\\\/\\\/deportesanluis.com.ar\\\/wp-content\\\/uploads\\\/2025\\\/07\\\/Pogacar-Etapa7-TourdeFrancia2025-scaled.jpeg\",\"keywords\":[\"Ciclismo\",\"Tour de Francia\"],\"articleSection\":[\"6\",\"Ciclismo\",\"Poli\"],\"inLanguage\":\"es-AR\"},{\"@type\":\"WebPage\",\"@id\":\"https:\\\/\\\/deportesanluis.com.ar\\\/pogacar-impone-sus-condiciones\\\/\",\"url\":\"https:\\\/\\\/deportesanluis.com.ar\\\/pogacar-impone-sus-condiciones\\\/\",\"name\":\"Pogacar impone sus condiciones - DSL\",\"isPartOf\":{\"@id\":\"https:\\\/\\\/deportesanluis.com.ar\\\/#website\"},\"primaryImageOfPage\":{\"@id\":\"https:\\\/\\\/deportesanluis.com.ar\\\/pogacar-impone-sus-condiciones\\\/#primaryimage\"},\"image\":{\"@id\":\"https:\\\/\\\/deportesanluis.com.ar\\\/pogacar-impone-sus-condiciones\\\/#primaryimage\"},\"thumbnailUrl\":\"https:\\\/\\\/deportesanluis.com.ar\\\/wp-content\\\/uploads\\\/2025\\\/07\\\/Pogacar-Etapa7-TourdeFrancia2025-scaled.jpeg\",\"datePublished\":\"2025-07-12T15:02:55+00:00\",\"description\":\"El esloveno se qued\u00f3 con la s\u00e9ptima jornada en Guerl\u00e9dan y es nuevamente l\u00edder del Tour de Francia. El argentino Eduardo Sep\u00falveda sigue en carrera.\u00a0\",\"breadcrumb\":{\"@id\":\"https:\\\/\\\/deportesanluis.com.ar\\\/pogacar-impone-sus-condiciones\\\/#breadcrumb\"},\"inLanguage\":\"es-AR\",\"potentialAction\":[{\"@type\":\"ReadAction\",\"target\":[\"https:\\\/\\\/deportesanluis.com.ar\\\/pogacar-impone-sus-condiciones\\\/\"]}]},{\"@type\":\"ImageObject\",\"inLanguage\":\"es-AR\",\"@id\":\"https:\\\/\\\/deportesanluis.com.ar\\\/pogacar-impone-sus-condiciones\\\/#primaryimage\",\"url\":\"https:\\\/\\\/deportesanluis.com.ar\\\/wp-content\\\/uploads\\\/2025\\\/07\\\/Pogacar-Etapa7-TourdeFrancia2025-scaled.jpeg\",\"contentUrl\":\"https:\\\/\\\/deportesanluis.com.ar\\\/wp-content\\\/uploads\\\/2025\\\/07\\\/Pogacar-Etapa7-TourdeFrancia2025-scaled.jpeg\",\"width\":2560,\"height\":1707},{\"@type\":\"BreadcrumbList\",\"@id\":\"https:\\\/\\\/deportesanluis.com.ar\\\/pogacar-impone-sus-condiciones\\\/#breadcrumb\",\"itemListElement\":[{\"@type\":\"ListItem\",\"position\":1,\"name\":\"Home\",\"item\":\"https:\\\/\\\/deportesanluis.com.ar\\\/\"},{\"@type\":\"ListItem\",\"position\":2,\"name\":\"Pogacar impone sus condiciones\"}]},{\"@type\":\"WebSite\",\"@id\":\"https:\\\/\\\/deportesanluis.com.ar\\\/#website\",\"url\":\"https:\\\/\\\/deportesanluis.com.ar\\\/\",\"name\":\"deportesanluis.com.ar\",\"description\":\"Noticias de Deporte de San Luis\",\"publisher\":{\"@id\":\"https:\\\/\\\/deportesanluis.com.ar\\\/#organization\"},\"alternateName\":\"Deporte SL\",\"potentialAction\":[{\"@type\":\"SearchAction\",\"target\":{\"@type\":\"EntryPoint\",\"urlTemplate\":\"https:\\\/\\\/deportesanluis.com.ar\\\/?s={search_term_string}\"},\"query-input\":{\"@type\":\"PropertyValueSpecification\",\"valueRequired\":true,\"valueName\":\"search_term_string\"}}],\"inLanguage\":\"es-AR\"},{\"@type\":\"Organization\",\"@id\":\"https:\\\/\\\/deportesanluis.com.ar\\\/#organization\",\"name\":\"DSL\",\"alternateName\":\"Deporte SL\",\"url\":\"https:\\\/\\\/deportesanluis.com.ar\\\/\",\"logo\":{\"@type\":\"ImageObject\",\"inLanguage\":\"es-AR\",\"@id\":\"https:\\\/\\\/deportesanluis.com.ar\\\/#\\\/schema\\\/logo\\\/image\\\/\",\"url\":\"https:\\\/\\\/deportesanluis.com.ar\\\/wp-content\\\/uploads\\\/2023\\\/06\\\/DSL-Logo-2023-5.jpg\",\"contentUrl\":\"https:\\\/\\\/deportesanluis.com.ar\\\/wp-content\\\/uploads\\\/2023\\\/06\\\/DSL-Logo-2023-5.jpg\",\"width\":1718,\"height\":845,\"caption\":\"DSL\"},\"image\":{\"@id\":\"https:\\\/\\\/deportesanluis.com.ar\\\/#\\\/schema\\\/logo\\\/image\\\/\"},\"sameAs\":[\"https:\\\/\\\/www.facebook.com\\\/DSLDeporteSanLuis\",\"https:\\\/\\\/x.com\\\/deportesanluis\",\"https:\\\/\\\/www.instagram.com\\\/dsl_deportesanluis\\\/\"]},{\"@type\":\"Person\",\"@id\":\"https:\\\/\\\/deportesanluis.com.ar\\\/#\\\/schema\\\/person\\\/4b3e665481e93d271fced43ee48143c8\",\"name\":\"admin\",\"image\":{\"@type\":\"ImageObject\",\"inLanguage\":\"es-AR\",\"@id\":\"https:\\\/\\\/secure.gravatar.com\\\/avatar\\\/5424b2c21466f502587708c43dbe2dc47b5e643fec67835095677cd3af6ba546?s=96&d=mm&r=g\",\"url\":\"https:\\\/\\\/secure.gravatar.com\\\/avatar\\\/5424b2c21466f502587708c43dbe2dc47b5e643fec67835095677cd3af6ba546?s=96&d=mm&r=g\",\"contentUrl\":\"https:\\\/\\\/secure.gravatar.com\\\/avatar\\\/5424b2c21466f502587708c43dbe2dc47b5e643fec67835095677cd3af6ba546?s=96&d=mm&r=g\",\"caption\":\"admin\"},\"sameAs\":[\"https:\\\/\\\/deportesanluis.com.ar\"],\"url\":\"https:\\\/\\\/deportesanluis.com.ar\\\/author\\\/admin\\\/\"}]}<\/script>\n<!-- \/ Yoast SEO plugin. -->","yoast_head_json":{"title":"Pogacar impone sus condiciones - DSL","description":"El esloveno se qued\u00f3 con la s\u00e9ptima jornada en Guerl\u00e9dan y es nuevamente l\u00edder del Tour de Francia. El argentino Eduardo Sep\u00falveda sigue en carrera.\u00a0","robots":{"index":"index","follow":"follow","max-snippet":"max-snippet:-1","max-image-preview":"max-image-preview:large","max-video-preview":"max-video-preview:-1"},"canonical":"https:\/\/deportesanluis.com.ar\/pogacar-impone-sus-condiciones\/","og_locale":"es_ES","og_type":"article","og_title":"Pogacar impone sus condiciones - DSL","og_description":"El esloveno se qued\u00f3 con la s\u00e9ptima jornada en Guerl\u00e9dan y es nuevamente l\u00edder del Tour de Francia. El argentino Eduardo Sep\u00falveda sigue en carrera.\u00a0","og_url":"https:\/\/deportesanluis.com.ar\/pogacar-impone-sus-condiciones\/","og_site_name":"DSL","article_publisher":"https:\/\/www.facebook.com\/DSLDeporteSanLuis","article_published_time":"2025-07-12T15:02:55+00:00","og_image":[{"width":2560,"height":1707,"url":"https:\/\/deportesanluis.com.ar\/wp-content\/uploads\/2025\/07\/Pogacar-Etapa7-TourdeFrancia2025-scaled.jpeg","type":"image\/jpeg"}],"author":"admin","twitter_card":"summary_large_image","twitter_creator":"@deportesanluis","twitter_site":"@deportesanluis","twitter_misc":{"Escrito por":"admin","Tiempo de lectura":"2 minutos"},"schema":{"@context":"https:\/\/schema.org","@graph":[{"@type":"Article","@id":"https:\/\/deportesanluis.com.ar\/pogacar-impone-sus-condiciones\/#article","isPartOf":{"@id":"https:\/\/deportesanluis.com.ar\/pogacar-impone-sus-condiciones\/"},"author":{"name":"admin","@id":"https:\/\/deportesanluis.com.ar\/#\/schema\/person\/4b3e665481e93d271fced43ee48143c8"},"headline":"Pogacar impone sus condiciones","datePublished":"2025-07-12T15:02:55+00:00","mainEntityOfPage":{"@id":"https:\/\/deportesanluis.com.ar\/pogacar-impone-sus-condiciones\/"},"wordCount":320,"publisher":{"@id":"https:\/\/deportesanluis.com.ar\/#organization"},"image":{"@id":"https:\/\/deportesanluis.com.ar\/pogacar-impone-sus-condiciones\/#primaryimage"},"thumbnailUrl":"https:\/\/deportesanluis.com.ar\/wp-content\/uploads\/2025\/07\/Pogacar-Etapa7-TourdeFrancia2025-scaled.jpeg","keywords":["Ciclismo","Tour de Francia"],"articleSection":["6","Ciclismo","Poli"],"inLanguage":"es-AR"},{"@type":"WebPage","@id":"https:\/\/deportesanluis.com.ar\/pogacar-impone-sus-condiciones\/","url":"https:\/\/deportesanluis.com.ar\/pogacar-impone-sus-condiciones\/","name":"Pogacar impone sus condiciones - DSL","isPartOf":{"@id":"https:\/\/deportesanluis.com.ar\/#website"},"primaryImageOfPage":{"@id":"https:\/\/deportesanluis.com.ar\/pogacar-impone-sus-condiciones\/#primaryimage"},"image":{"@id":"https:\/\/deportesanluis.com.ar\/pogacar-impone-sus-condiciones\/#primaryimage"},"thumbnailUrl":"https:\/\/deportesanluis.com.ar\/wp-content\/uploads\/2025\/07\/Pogacar-Etapa7-TourdeFrancia2025-scaled.jpeg","datePublished":"2025-07-12T15:02:55+00:00","description":"El esloveno se qued\u00f3 con la s\u00e9ptima jornada en Guerl\u00e9dan y es nuevamente l\u00edder del Tour de Francia. El argentino Eduardo Sep\u00falveda sigue en carrera.\u00a0","breadcrumb":{"@id":"https:\/\/deportesanluis.com.ar\/pogacar-impone-sus-condiciones\/#breadcrumb"},"inLanguage":"es-AR","potentialAction":[{"@type":"ReadAction","target":["https:\/\/deportesanluis.com.ar\/pogacar-impone-sus-condiciones\/"]}]},{"@type":"ImageObject","inLanguage":"es-AR","@id":"https:\/\/deportesanluis.com.ar\/pogacar-impone-sus-condiciones\/#primaryimage","url":"https:\/\/deportesanluis.com.ar\/wp-content\/uploads\/2025\/07\/Pogacar-Etapa7-TourdeFrancia2025-scaled.jpeg","contentUrl":"https:\/\/deportesanluis.com.ar\/wp-content\/uploads\/2025\/07\/Pogacar-Etapa7-TourdeFrancia2025-scaled.jpeg","width":2560,"height":1707},{"@type":"BreadcrumbList","@id":"https:\/\/deportesanluis.com.ar\/pogacar-impone-sus-condiciones\/#breadcrumb","itemListElement":[{"@type":"ListItem","position":1,"name":"Home","item":"https:\/\/deportesanluis.com.ar\/"},{"@type":"ListItem","position":2,"name":"Pogacar impone sus condiciones"}]},{"@type":"WebSite","@id":"https:\/\/deportesanluis.com.ar\/#website","url":"https:\/\/deportesanluis.com.ar\/","name":"deportesanluis.com.ar","description":"Noticias de Deporte de San Luis","publisher":{"@id":"https:\/\/deportesanluis.com.ar\/#organization"},"alternateName":"Deporte SL","potentialAction":[{"@type":"SearchAction","target":{"@type":"EntryPoint","urlTemplate":"https:\/\/deportesanluis.com.ar\/?s={search_term_string}"},"query-input":{"@type":"PropertyValueSpecification","valueRequired":true,"valueName":"search_term_string"}}],"inLanguage":"es-AR"},{"@type":"Organization","@id":"https:\/\/deportesanluis.com.ar\/#organization","name":"DSL","alternateName":"Deporte SL","url":"https:\/\/deportesanluis.com.ar\/","logo":{"@type":"ImageObject","inLanguage":"es-AR","@id":"https:\/\/deportesanluis.com.ar\/#\/schema\/logo\/image\/","url":"https:\/\/deportesanluis.com.ar\/wp-content\/uploads\/2023\/06\/DSL-Logo-2023-5.jpg","contentUrl":"https:\/\/deportesanluis.com.ar\/wp-content\/uploads\/2023\/06\/DSL-Logo-2023-5.jpg","width":1718,"height":845,"caption":"DSL"},"image":{"@id":"https:\/\/deportesanluis.com.ar\/#\/schema\/logo\/image\/"},"sameAs":["https:\/\/www.facebook.com\/DSLDeporteSanLuis","https:\/\/x.com\/deportesanluis","https:\/\/www.instagram.com\/dsl_deportesanluis\/"]},{"@type":"Person","@id":"https:\/\/deportesanluis.com.ar\/#\/schema\/person\/4b3e665481e93d271fced43ee48143c8","name":"admin","image":{"@type":"ImageObject","inLanguage":"es-AR","@id":"https:\/\/secure.gravatar.com\/avatar\/5424b2c21466f502587708c43dbe2dc47b5e643fec67835095677cd3af6ba546?s=96&d=mm&r=g","url":"https:\/\/secure.gravatar.com\/avatar\/5424b2c21466f502587708c43dbe2dc47b5e643fec67835095677cd3af6ba546?s=96&d=mm&r=g","contentUrl":"https:\/\/secure.gravatar.com\/avatar\/5424b2c21466f502587708c43dbe2dc47b5e643fec67835095677cd3af6ba546?s=96&d=mm&r=g","caption":"admin"},"sameAs":["https:\/\/deportesanluis.com.ar"],"url":"https:\/\/deportesanluis.com.ar\/author\/admin\/"}]}},"_links":{"self":[{"href":"https:\/\/deportesanluis.com.ar\/wp-json\/wp\/v2\/posts\/27759","targetHints":{"allow":["GET"]}}],"collection":[{"href":"https:\/\/deportesanluis.com.ar\/wp-json\/wp\/v2\/posts"}],"about":[{"href":"https:\/\/deportesanluis.com.ar\/wp-json\/wp\/v2\/types\/post"}],"author":[{"embeddable":true,"href":"https:\/\/deportesanluis.com.ar\/wp-json\/wp\/v2\/users\/1"}],"replies":[{"embeddable":true,"href":"https:\/\/deportesanluis.com.ar\/wp-json\/wp\/v2\/comments?post=27759"}],"version-history":[{"count":0,"href":"https:\/\/deportesanluis.com.ar\/wp-json\/wp\/v2\/posts\/27759\/revisions"}],"wp:featuredmedia":[{"embeddable":true,"href":"https:\/\/deportesanluis.com.ar\/wp-json\/wp\/v2\/media\/27760"}],"wp:attachment":[{"href":"https:\/\/deportesanluis.com.ar\/wp-json\/wp\/v2\/media?parent=27759"}],"wp:term":[{"taxonomy":"category","embeddable":true,"href":"https:\/\/deportesanluis.com.ar\/wp-json\/wp\/v2\/categories?post=27759"},{"taxonomy":"post_tag","embeddable":true,"href":"https:\/\/deportesanluis.com.ar\/wp-json\/wp\/v2\/tags?post=27759"}],"curies":[{"name":"wp","href":"https:\/\/api.w.org\/{rel}","templated":true}]}}