{"id":27806,"date":"2025-07-14T20:06:05","date_gmt":"2025-07-14T23:06:05","guid":{"rendered":"https:\/\/deportesanluis.com.ar\/?p=27806"},"modified":"2025-07-15T12:35:00","modified_gmt":"2025-07-15T15:35:00","slug":"el-tour-tiene-nuevo-lider-2","status":"publish","type":"post","link":"https:\/\/deportesanluis.com.ar\/el-tour-tiene-nuevo-lider-2\/","title":{"rendered":"El Tour tiene nuevo l\u00edder"},"content":{"rendered":"<p>Este lunes se disput\u00f3 la Etapa 10 del Tour de Francia. Fueron 165,3kms. entre Ennezat y Le Mont Dore Puy de Sancy con un claro triunfo del\u00a0brit\u00e1nico Simon Yates (Team Visma) en 4hs. 20min. 05seg.<\/p>\n<p><img decoding=\"async\" src=\"https:\/\/pbs.twimg.com\/media\/Gv1J2jGWsAA2oc0?format=jpg&amp;name=4096x4096\" alt=\"Imagen\" \/><\/p>\n<p>Detr\u00e1s se ubicaron el neerland\u00e9s Thymen Arensman (Ineos Grenadiers) a 9seg. y el irland\u00e9s Ben Healy (EF Education) a 31seg.<\/p>\n<p>El argentino Eduardo Sep\u00falveda (Lotto) arrib\u00f3 en el puesto 54 a 16min. 38seg. del brit\u00e1nico.<\/p>\n<p>La jornada cont\u00f3 con una meta de Velocidad que fue para el noruego Anders Johannessen (Uno X-Mobility). En tanto, fueron siete las de Monta\u00f1a con cinco en poder del local Lenny Mart\u00ednez (Bahrain-Victorius) y dos para Healy. Adem\u00e1s, Yates sum\u00f3 puntos en ambas modalidades al cruzar la meta final.<\/p>\n<p>Con estos resultados, Healy es el nuevo l\u00edder del Tour de Francia con un total de 37hs. 41min. 49seg. seguido por el esloveno Tadej Pogacar (UAE Team Emirates) a 29seg. y por el belga Remco Evenepoel (Soudal Quick-Step) a 1min. 29seg.<\/p>\n<p>El ecuatoriano Jonathan Narvaez (UAE Team Emirates) es el mejor latinoamericano en el puesto 17. Sep\u00falveda, por su parte, escala 19 posiciones para ubicarse en el puesto 107.<\/p>\n<p>La casaca verde para el mejor velocista sigue en poder del italiano Jonathan Mil\u00e1n (Lidl-Trek) con 227 puntos; la casaca a lunares de la Monta\u00f1a la lucir\u00e1 ahora Mart\u00ednez con 27 unidades; el\u00a0mejor Sub23 es Healy pero la casaca blanca la usar\u00e1 su escolta, el belga Remco Evenepoel (Soudal Quick-Step) mientras que el mejor equipo es el Team Visma de los Pa\u00edses Bajos.<\/p>\n<p>Este martes el Tour de Francia cumplir\u00e1 con su primera jornada de descanso para volver a la acci\u00f3n el mi\u00e9rcoles con su Etapa 11. Ser\u00e1 un recorrido de 156,8kms. con largada y meta en Toulouse donde se pondr\u00e1 en juego un puerto de velocidad y cinco de monta\u00f1a.<\/p>\n<hr \/>\n<p><strong>Nota:<\/strong> Redacci\u00f3n<\/p>\n","protected":false},"excerpt":{"rendered":"<p>Mientras que la Etapa 10 fue para el brit\u00e1nico Simon Yates del Team Visma, la casaca amarilla ahora est\u00e1 en poder del irland\u00e9s Ben Healy del EF Education. La carrera se reanuda el mi\u00e9rcoles.\u00a0<\/p>\n","protected":false},"author":1,"featured_media":27807,"comment_status":"closed","ping_status":"closed","sticky":false,"template":"","format":"standard","meta":{"footnotes":""},"categories":[42,40,32],"tags":[41,231],"class_list":{"0":"post-27806","1":"post","2":"type-post","3":"status-publish","4":"format-standard","5":"has-post-thumbnail","7":"category-42","8":"category-ciclismo","9":"category-poli","10":"tag-ciclismo","11":"tag-tour-de-francia"},"yoast_head":"<!-- This site is optimized with the Yoast SEO plugin v27.4 - https:\/\/yoast.com\/product\/yoast-seo-wordpress\/ -->\n<title>El Tour tiene nuevo l\u00edder - DSL<\/title>\n<meta name=\"description\" content=\"Mientras que la Etapa 10 fue para el brit\u00e1nico Simon Yates del Team Visma, la casaca amarilla ahora est\u00e1 en poder del irland\u00e9s Ben Healy del EF Education. La carrera se reanuda el mi\u00e9rcoles.\u00a0\" \/>\n<meta name=\"robots\" content=\"index, follow, max-snippet:-1, max-image-preview:large, max-video-preview:-1\" \/>\n<link rel=\"canonical\" href=\"https:\/\/deportesanluis.com.ar\/el-tour-tiene-nuevo-lider-2\/\" \/>\n<meta property=\"og:locale\" content=\"es_ES\" \/>\n<meta property=\"og:type\" content=\"article\" \/>\n<meta property=\"og:title\" content=\"El Tour tiene nuevo l\u00edder - DSL\" \/>\n<meta property=\"og:description\" content=\"Mientras que la Etapa 10 fue para el brit\u00e1nico Simon Yates del Team Visma, la casaca amarilla ahora est\u00e1 en poder del irland\u00e9s Ben Healy del EF Education. La carrera se reanuda el mi\u00e9rcoles.\u00a0\" \/>\n<meta property=\"og:url\" content=\"https:\/\/deportesanluis.com.ar\/el-tour-tiene-nuevo-lider-2\/\" \/>\n<meta property=\"og:site_name\" content=\"DSL\" \/>\n<meta property=\"article:publisher\" content=\"https:\/\/www.facebook.com\/DSLDeporteSanLuis\" \/>\n<meta property=\"article:published_time\" content=\"2025-07-14T23:06:05+00:00\" \/>\n<meta property=\"article:modified_time\" content=\"2025-07-15T15:35:00+00:00\" \/>\n<meta property=\"og:image\" content=\"https:\/\/deportesanluis.com.ar\/wp-content\/uploads\/2025\/07\/Healy-Etapa10-TourdeFrancia25.jpg\" \/>\n\t<meta property=\"og:image:width\" content=\"800\" \/>\n\t<meta property=\"og:image:height\" content=\"500\" \/>\n\t<meta property=\"og:image:type\" content=\"image\/jpeg\" \/>\n<meta name=\"author\" content=\"admin\" \/>\n<meta name=\"twitter:card\" content=\"summary_large_image\" \/>\n<meta name=\"twitter:creator\" content=\"@deportesanluis\" \/>\n<meta name=\"twitter:site\" content=\"@deportesanluis\" \/>\n<meta name=\"twitter:label1\" content=\"Escrito por\" \/>\n\t<meta name=\"twitter:data1\" content=\"admin\" \/>\n\t<meta name=\"twitter:label2\" content=\"Tiempo de lectura\" \/>\n\t<meta name=\"twitter:data2\" content=\"2 minutos\" \/>\n<script type=\"application\/ld+json\" class=\"yoast-schema-graph\">{\"@context\":\"https:\\\/\\\/schema.org\",\"@graph\":[{\"@type\":\"Article\",\"@id\":\"https:\\\/\\\/deportesanluis.com.ar\\\/el-tour-tiene-nuevo-lider-2\\\/#article\",\"isPartOf\":{\"@id\":\"https:\\\/\\\/deportesanluis.com.ar\\\/el-tour-tiene-nuevo-lider-2\\\/\"},\"author\":{\"name\":\"admin\",\"@id\":\"https:\\\/\\\/deportesanluis.com.ar\\\/#\\\/schema\\\/person\\\/4b3e665481e93d271fced43ee48143c8\"},\"headline\":\"El Tour tiene nuevo l\u00edder\",\"datePublished\":\"2025-07-14T23:06:05+00:00\",\"dateModified\":\"2025-07-15T15:35:00+00:00\",\"mainEntityOfPage\":{\"@id\":\"https:\\\/\\\/deportesanluis.com.ar\\\/el-tour-tiene-nuevo-lider-2\\\/\"},\"wordCount\":320,\"publisher\":{\"@id\":\"https:\\\/\\\/deportesanluis.com.ar\\\/#organization\"},\"image\":{\"@id\":\"https:\\\/\\\/deportesanluis.com.ar\\\/el-tour-tiene-nuevo-lider-2\\\/#primaryimage\"},\"thumbnailUrl\":\"https:\\\/\\\/deportesanluis.com.ar\\\/wp-content\\\/uploads\\\/2025\\\/07\\\/Healy-Etapa10-TourdeFrancia25.jpg\",\"keywords\":[\"Ciclismo\",\"Tour de Francia\"],\"articleSection\":[\"6\",\"Ciclismo\",\"Poli\"],\"inLanguage\":\"es-AR\"},{\"@type\":\"WebPage\",\"@id\":\"https:\\\/\\\/deportesanluis.com.ar\\\/el-tour-tiene-nuevo-lider-2\\\/\",\"url\":\"https:\\\/\\\/deportesanluis.com.ar\\\/el-tour-tiene-nuevo-lider-2\\\/\",\"name\":\"El Tour tiene nuevo l\u00edder - DSL\",\"isPartOf\":{\"@id\":\"https:\\\/\\\/deportesanluis.com.ar\\\/#website\"},\"primaryImageOfPage\":{\"@id\":\"https:\\\/\\\/deportesanluis.com.ar\\\/el-tour-tiene-nuevo-lider-2\\\/#primaryimage\"},\"image\":{\"@id\":\"https:\\\/\\\/deportesanluis.com.ar\\\/el-tour-tiene-nuevo-lider-2\\\/#primaryimage\"},\"thumbnailUrl\":\"https:\\\/\\\/deportesanluis.com.ar\\\/wp-content\\\/uploads\\\/2025\\\/07\\\/Healy-Etapa10-TourdeFrancia25.jpg\",\"datePublished\":\"2025-07-14T23:06:05+00:00\",\"dateModified\":\"2025-07-15T15:35:00+00:00\",\"description\":\"Mientras que la Etapa 10 fue para el brit\u00e1nico Simon Yates del Team Visma, la casaca amarilla ahora est\u00e1 en poder del irland\u00e9s Ben Healy del EF Education. La carrera se reanuda el mi\u00e9rcoles.\u00a0\",\"breadcrumb\":{\"@id\":\"https:\\\/\\\/deportesanluis.com.ar\\\/el-tour-tiene-nuevo-lider-2\\\/#breadcrumb\"},\"inLanguage\":\"es-AR\",\"potentialAction\":[{\"@type\":\"ReadAction\",\"target\":[\"https:\\\/\\\/deportesanluis.com.ar\\\/el-tour-tiene-nuevo-lider-2\\\/\"]}]},{\"@type\":\"ImageObject\",\"inLanguage\":\"es-AR\",\"@id\":\"https:\\\/\\\/deportesanluis.com.ar\\\/el-tour-tiene-nuevo-lider-2\\\/#primaryimage\",\"url\":\"https:\\\/\\\/deportesanluis.com.ar\\\/wp-content\\\/uploads\\\/2025\\\/07\\\/Healy-Etapa10-TourdeFrancia25.jpg\",\"contentUrl\":\"https:\\\/\\\/deportesanluis.com.ar\\\/wp-content\\\/uploads\\\/2025\\\/07\\\/Healy-Etapa10-TourdeFrancia25.jpg\",\"width\":800,\"height\":500},{\"@type\":\"BreadcrumbList\",\"@id\":\"https:\\\/\\\/deportesanluis.com.ar\\\/el-tour-tiene-nuevo-lider-2\\\/#breadcrumb\",\"itemListElement\":[{\"@type\":\"ListItem\",\"position\":1,\"name\":\"Home\",\"item\":\"https:\\\/\\\/deportesanluis.com.ar\\\/\"},{\"@type\":\"ListItem\",\"position\":2,\"name\":\"El Tour tiene nuevo l\u00edder\"}]},{\"@type\":\"WebSite\",\"@id\":\"https:\\\/\\\/deportesanluis.com.ar\\\/#website\",\"url\":\"https:\\\/\\\/deportesanluis.com.ar\\\/\",\"name\":\"deportesanluis.com.ar\",\"description\":\"Noticias de Deporte de San Luis\",\"publisher\":{\"@id\":\"https:\\\/\\\/deportesanluis.com.ar\\\/#organization\"},\"alternateName\":\"Deporte SL\",\"potentialAction\":[{\"@type\":\"SearchAction\",\"target\":{\"@type\":\"EntryPoint\",\"urlTemplate\":\"https:\\\/\\\/deportesanluis.com.ar\\\/?s={search_term_string}\"},\"query-input\":{\"@type\":\"PropertyValueSpecification\",\"valueRequired\":true,\"valueName\":\"search_term_string\"}}],\"inLanguage\":\"es-AR\"},{\"@type\":\"Organization\",\"@id\":\"https:\\\/\\\/deportesanluis.com.ar\\\/#organization\",\"name\":\"DSL\",\"alternateName\":\"Deporte SL\",\"url\":\"https:\\\/\\\/deportesanluis.com.ar\\\/\",\"logo\":{\"@type\":\"ImageObject\",\"inLanguage\":\"es-AR\",\"@id\":\"https:\\\/\\\/deportesanluis.com.ar\\\/#\\\/schema\\\/logo\\\/image\\\/\",\"url\":\"https:\\\/\\\/deportesanluis.com.ar\\\/wp-content\\\/uploads\\\/2023\\\/06\\\/DSL-Logo-2023-5.jpg\",\"contentUrl\":\"https:\\\/\\\/deportesanluis.com.ar\\\/wp-content\\\/uploads\\\/2023\\\/06\\\/DSL-Logo-2023-5.jpg\",\"width\":1718,\"height\":845,\"caption\":\"DSL\"},\"image\":{\"@id\":\"https:\\\/\\\/deportesanluis.com.ar\\\/#\\\/schema\\\/logo\\\/image\\\/\"},\"sameAs\":[\"https:\\\/\\\/www.facebook.com\\\/DSLDeporteSanLuis\",\"https:\\\/\\\/x.com\\\/deportesanluis\",\"https:\\\/\\\/www.instagram.com\\\/dsl_deportesanluis\\\/\"]},{\"@type\":\"Person\",\"@id\":\"https:\\\/\\\/deportesanluis.com.ar\\\/#\\\/schema\\\/person\\\/4b3e665481e93d271fced43ee48143c8\",\"name\":\"admin\",\"image\":{\"@type\":\"ImageObject\",\"inLanguage\":\"es-AR\",\"@id\":\"https:\\\/\\\/secure.gravatar.com\\\/avatar\\\/5424b2c21466f502587708c43dbe2dc47b5e643fec67835095677cd3af6ba546?s=96&d=mm&r=g\",\"url\":\"https:\\\/\\\/secure.gravatar.com\\\/avatar\\\/5424b2c21466f502587708c43dbe2dc47b5e643fec67835095677cd3af6ba546?s=96&d=mm&r=g\",\"contentUrl\":\"https:\\\/\\\/secure.gravatar.com\\\/avatar\\\/5424b2c21466f502587708c43dbe2dc47b5e643fec67835095677cd3af6ba546?s=96&d=mm&r=g\",\"caption\":\"admin\"},\"sameAs\":[\"https:\\\/\\\/deportesanluis.com.ar\"],\"url\":\"https:\\\/\\\/deportesanluis.com.ar\\\/author\\\/admin\\\/\"}]}<\/script>\n<!-- \/ Yoast SEO plugin. -->","yoast_head_json":{"title":"El Tour tiene nuevo l\u00edder - DSL","description":"Mientras que la Etapa 10 fue para el brit\u00e1nico Simon Yates del Team Visma, la casaca amarilla ahora est\u00e1 en poder del irland\u00e9s Ben Healy del EF Education. La carrera se reanuda el mi\u00e9rcoles.\u00a0","robots":{"index":"index","follow":"follow","max-snippet":"max-snippet:-1","max-image-preview":"max-image-preview:large","max-video-preview":"max-video-preview:-1"},"canonical":"https:\/\/deportesanluis.com.ar\/el-tour-tiene-nuevo-lider-2\/","og_locale":"es_ES","og_type":"article","og_title":"El Tour tiene nuevo l\u00edder - DSL","og_description":"Mientras que la Etapa 10 fue para el brit\u00e1nico Simon Yates del Team Visma, la casaca amarilla ahora est\u00e1 en poder del irland\u00e9s Ben Healy del EF Education. La carrera se reanuda el mi\u00e9rcoles.\u00a0","og_url":"https:\/\/deportesanluis.com.ar\/el-tour-tiene-nuevo-lider-2\/","og_site_name":"DSL","article_publisher":"https:\/\/www.facebook.com\/DSLDeporteSanLuis","article_published_time":"2025-07-14T23:06:05+00:00","article_modified_time":"2025-07-15T15:35:00+00:00","og_image":[{"width":800,"height":500,"url":"https:\/\/deportesanluis.com.ar\/wp-content\/uploads\/2025\/07\/Healy-Etapa10-TourdeFrancia25.jpg","type":"image\/jpeg"}],"author":"admin","twitter_card":"summary_large_image","twitter_creator":"@deportesanluis","twitter_site":"@deportesanluis","twitter_misc":{"Escrito por":"admin","Tiempo de lectura":"2 minutos"},"schema":{"@context":"https:\/\/schema.org","@graph":[{"@type":"Article","@id":"https:\/\/deportesanluis.com.ar\/el-tour-tiene-nuevo-lider-2\/#article","isPartOf":{"@id":"https:\/\/deportesanluis.com.ar\/el-tour-tiene-nuevo-lider-2\/"},"author":{"name":"admin","@id":"https:\/\/deportesanluis.com.ar\/#\/schema\/person\/4b3e665481e93d271fced43ee48143c8"},"headline":"El Tour tiene nuevo l\u00edder","datePublished":"2025-07-14T23:06:05+00:00","dateModified":"2025-07-15T15:35:00+00:00","mainEntityOfPage":{"@id":"https:\/\/deportesanluis.com.ar\/el-tour-tiene-nuevo-lider-2\/"},"wordCount":320,"publisher":{"@id":"https:\/\/deportesanluis.com.ar\/#organization"},"image":{"@id":"https:\/\/deportesanluis.com.ar\/el-tour-tiene-nuevo-lider-2\/#primaryimage"},"thumbnailUrl":"https:\/\/deportesanluis.com.ar\/wp-content\/uploads\/2025\/07\/Healy-Etapa10-TourdeFrancia25.jpg","keywords":["Ciclismo","Tour de Francia"],"articleSection":["6","Ciclismo","Poli"],"inLanguage":"es-AR"},{"@type":"WebPage","@id":"https:\/\/deportesanluis.com.ar\/el-tour-tiene-nuevo-lider-2\/","url":"https:\/\/deportesanluis.com.ar\/el-tour-tiene-nuevo-lider-2\/","name":"El Tour tiene nuevo l\u00edder - DSL","isPartOf":{"@id":"https:\/\/deportesanluis.com.ar\/#website"},"primaryImageOfPage":{"@id":"https:\/\/deportesanluis.com.ar\/el-tour-tiene-nuevo-lider-2\/#primaryimage"},"image":{"@id":"https:\/\/deportesanluis.com.ar\/el-tour-tiene-nuevo-lider-2\/#primaryimage"},"thumbnailUrl":"https:\/\/deportesanluis.com.ar\/wp-content\/uploads\/2025\/07\/Healy-Etapa10-TourdeFrancia25.jpg","datePublished":"2025-07-14T23:06:05+00:00","dateModified":"2025-07-15T15:35:00+00:00","description":"Mientras que la Etapa 10 fue para el brit\u00e1nico Simon Yates del Team Visma, la casaca amarilla ahora est\u00e1 en poder del irland\u00e9s Ben Healy del EF Education. La carrera se reanuda el mi\u00e9rcoles.\u00a0","breadcrumb":{"@id":"https:\/\/deportesanluis.com.ar\/el-tour-tiene-nuevo-lider-2\/#breadcrumb"},"inLanguage":"es-AR","potentialAction":[{"@type":"ReadAction","target":["https:\/\/deportesanluis.com.ar\/el-tour-tiene-nuevo-lider-2\/"]}]},{"@type":"ImageObject","inLanguage":"es-AR","@id":"https:\/\/deportesanluis.com.ar\/el-tour-tiene-nuevo-lider-2\/#primaryimage","url":"https:\/\/deportesanluis.com.ar\/wp-content\/uploads\/2025\/07\/Healy-Etapa10-TourdeFrancia25.jpg","contentUrl":"https:\/\/deportesanluis.com.ar\/wp-content\/uploads\/2025\/07\/Healy-Etapa10-TourdeFrancia25.jpg","width":800,"height":500},{"@type":"BreadcrumbList","@id":"https:\/\/deportesanluis.com.ar\/el-tour-tiene-nuevo-lider-2\/#breadcrumb","itemListElement":[{"@type":"ListItem","position":1,"name":"Home","item":"https:\/\/deportesanluis.com.ar\/"},{"@type":"ListItem","position":2,"name":"El Tour tiene nuevo l\u00edder"}]},{"@type":"WebSite","@id":"https:\/\/deportesanluis.com.ar\/#website","url":"https:\/\/deportesanluis.com.ar\/","name":"deportesanluis.com.ar","description":"Noticias de Deporte de San Luis","publisher":{"@id":"https:\/\/deportesanluis.com.ar\/#organization"},"alternateName":"Deporte SL","potentialAction":[{"@type":"SearchAction","target":{"@type":"EntryPoint","urlTemplate":"https:\/\/deportesanluis.com.ar\/?s={search_term_string}"},"query-input":{"@type":"PropertyValueSpecification","valueRequired":true,"valueName":"search_term_string"}}],"inLanguage":"es-AR"},{"@type":"Organization","@id":"https:\/\/deportesanluis.com.ar\/#organization","name":"DSL","alternateName":"Deporte SL","url":"https:\/\/deportesanluis.com.ar\/","logo":{"@type":"ImageObject","inLanguage":"es-AR","@id":"https:\/\/deportesanluis.com.ar\/#\/schema\/logo\/image\/","url":"https:\/\/deportesanluis.com.ar\/wp-content\/uploads\/2023\/06\/DSL-Logo-2023-5.jpg","contentUrl":"https:\/\/deportesanluis.com.ar\/wp-content\/uploads\/2023\/06\/DSL-Logo-2023-5.jpg","width":1718,"height":845,"caption":"DSL"},"image":{"@id":"https:\/\/deportesanluis.com.ar\/#\/schema\/logo\/image\/"},"sameAs":["https:\/\/www.facebook.com\/DSLDeporteSanLuis","https:\/\/x.com\/deportesanluis","https:\/\/www.instagram.com\/dsl_deportesanluis\/"]},{"@type":"Person","@id":"https:\/\/deportesanluis.com.ar\/#\/schema\/person\/4b3e665481e93d271fced43ee48143c8","name":"admin","image":{"@type":"ImageObject","inLanguage":"es-AR","@id":"https:\/\/secure.gravatar.com\/avatar\/5424b2c21466f502587708c43dbe2dc47b5e643fec67835095677cd3af6ba546?s=96&d=mm&r=g","url":"https:\/\/secure.gravatar.com\/avatar\/5424b2c21466f502587708c43dbe2dc47b5e643fec67835095677cd3af6ba546?s=96&d=mm&r=g","contentUrl":"https:\/\/secure.gravatar.com\/avatar\/5424b2c21466f502587708c43dbe2dc47b5e643fec67835095677cd3af6ba546?s=96&d=mm&r=g","caption":"admin"},"sameAs":["https:\/\/deportesanluis.com.ar"],"url":"https:\/\/deportesanluis.com.ar\/author\/admin\/"}]}},"_links":{"self":[{"href":"https:\/\/deportesanluis.com.ar\/wp-json\/wp\/v2\/posts\/27806","targetHints":{"allow":["GET"]}}],"collection":[{"href":"https:\/\/deportesanluis.com.ar\/wp-json\/wp\/v2\/posts"}],"about":[{"href":"https:\/\/deportesanluis.com.ar\/wp-json\/wp\/v2\/types\/post"}],"author":[{"embeddable":true,"href":"https:\/\/deportesanluis.com.ar\/wp-json\/wp\/v2\/users\/1"}],"replies":[{"embeddable":true,"href":"https:\/\/deportesanluis.com.ar\/wp-json\/wp\/v2\/comments?post=27806"}],"version-history":[{"count":0,"href":"https:\/\/deportesanluis.com.ar\/wp-json\/wp\/v2\/posts\/27806\/revisions"}],"wp:featuredmedia":[{"embeddable":true,"href":"https:\/\/deportesanluis.com.ar\/wp-json\/wp\/v2\/media\/27807"}],"wp:attachment":[{"href":"https:\/\/deportesanluis.com.ar\/wp-json\/wp\/v2\/media?parent=27806"}],"wp:term":[{"taxonomy":"category","embeddable":true,"href":"https:\/\/deportesanluis.com.ar\/wp-json\/wp\/v2\/categories?post=27806"},{"taxonomy":"post_tag","embeddable":true,"href":"https:\/\/deportesanluis.com.ar\/wp-json\/wp\/v2\/tags?post=27806"}],"curies":[{"name":"wp","href":"https:\/\/api.w.org\/{rel}","templated":true}]}}