{"id":28086,"date":"2025-08-01T09:35:21","date_gmt":"2025-08-01T12:35:21","guid":{"rendered":"https:\/\/deportesanluis.com.ar\/?p=28086"},"modified":"2025-08-01T09:35:57","modified_gmt":"2025-08-01T12:35:57","slug":"los-puntanos-quieren-seguir-con-protagonismo-en-el-rally-argentino","status":"publish","type":"post","link":"https:\/\/deportesanluis.com.ar\/los-puntanos-quieren-seguir-con-protagonismo-en-el-rally-argentino\/","title":{"rendered":"A seguir con protagonismo en el Rally Argentino"},"content":{"rendered":"<p>Este fin de semana, el Rally del Jaaukanig\u00e1s en las ciudades santafesinas de Reconquista y Avellaneda marcar\u00e1 la s\u00e9ptima cita del Campeonato Argentino y tendr\u00e1 a tres representantes de San Luis como grandes candidatos en sus respectivas categor\u00edas.<\/p>\n<p>En la RC2, el puntano Miguel Baldoni, junto a su naveretiran a contreras, Morena del 5Cgante Gustavo Franchello en el Skoda Fabia, llega como l\u00edder absoluto del campeonato con 268 puntos y buscar\u00e1 ampliar la ventaja en un terreno que promete ser exigente y veloz.<\/p>\n<p>En la misma divisional, el mercedino Mat\u00edas Ramos cumplir\u00e1 el rol de navegante del sanjuanino Gast\u00f3n Pasten (Skoda Fabia) y parte como escolta en el certamen con 198,5 unidades, manteniendo intactas sus chances de pelear por la corona.<\/p>\n<p><img loading=\"lazy\" decoding=\"async\" class=\"aligncenter size-full wp-image-26077\" src=\"https:\/\/deportesanluis.com.ar\/wp-content\/uploads\/2025\/03\/MatiasRamos-GastonPasten-RallyArgentino25-Tuyu-01.jpg\" alt=\"\" width=\"800\" height=\"500\" srcset=\"https:\/\/deportesanluis.com.ar\/wp-content\/uploads\/2025\/03\/MatiasRamos-GastonPasten-RallyArgentino25-Tuyu-01.jpg 800w, https:\/\/deportesanluis.com.ar\/wp-content\/uploads\/2025\/03\/MatiasRamos-GastonPasten-RallyArgentino25-Tuyu-01-300x188.jpg 300w, https:\/\/deportesanluis.com.ar\/wp-content\/uploads\/2025\/03\/MatiasRamos-GastonPasten-RallyArgentino25-Tuyu-01-768x480.jpg 768w, https:\/\/deportesanluis.com.ar\/wp-content\/uploads\/2025\/03\/MatiasRamos-GastonPasten-RallyArgentino25-Tuyu-01-672x420.jpg 672w, https:\/\/deportesanluis.com.ar\/wp-content\/uploads\/2025\/03\/MatiasRamos-GastonPasten-RallyArgentino25-Tuyu-01-150x94.jpg 150w, https:\/\/deportesanluis.com.ar\/wp-content\/uploads\/2025\/03\/MatiasRamos-GastonPasten-RallyArgentino25-Tuyu-01-696x435.jpg 696w\" sizes=\"auto, (max-width: 800px) 100vw, 800px\" \/><\/p>\n<p>Por su parte, en la RC3, el tomense Mario Rasso junto al puntano Rodolfo Guevara en un Peugeot 208 se ubican en el segundo lugar del campeonato con 212 puntos, detr\u00e1s del l\u00edder Nicol\u00e1s Gonz\u00e1lez (VW Gol Trend), que acumula 270.<\/p>\n<figure id=\"attachment_26075\" aria-describedby=\"caption-attachment-26075\" style=\"width: 696px\" class=\"wp-caption aligncenter\"><img loading=\"lazy\" decoding=\"async\" class=\"size-large wp-image-26075\" src=\"https:\/\/deportesanluis.com.ar\/wp-content\/uploads\/2025\/03\/MarioRasso-Guevara-RallyArgentino25-Tuyu-01-1024x683.jpg\" alt=\"\" width=\"696\" height=\"464\" srcset=\"https:\/\/deportesanluis.com.ar\/wp-content\/uploads\/2025\/03\/MarioRasso-Guevara-RallyArgentino25-Tuyu-01-1024x683.jpg 1024w, https:\/\/deportesanluis.com.ar\/wp-content\/uploads\/2025\/03\/MarioRasso-Guevara-RallyArgentino25-Tuyu-01-300x200.jpg 300w, https:\/\/deportesanluis.com.ar\/wp-content\/uploads\/2025\/03\/MarioRasso-Guevara-RallyArgentino25-Tuyu-01-768x512.jpg 768w, https:\/\/deportesanluis.com.ar\/wp-content\/uploads\/2025\/03\/MarioRasso-Guevara-RallyArgentino25-Tuyu-01-630x420.jpg 630w, https:\/\/deportesanluis.com.ar\/wp-content\/uploads\/2025\/03\/MarioRasso-Guevara-RallyArgentino25-Tuyu-01-150x100.jpg 150w, https:\/\/deportesanluis.com.ar\/wp-content\/uploads\/2025\/03\/MarioRasso-Guevara-RallyArgentino25-Tuyu-01-696x464.jpg 696w, https:\/\/deportesanluis.com.ar\/wp-content\/uploads\/2025\/03\/MarioRasso-Guevara-RallyArgentino25-Tuyu-01-1068x712.jpg 1068w, https:\/\/deportesanluis.com.ar\/wp-content\/uploads\/2025\/03\/MarioRasso-Guevara-RallyArgentino25-Tuyu-01.jpg 1080w\" sizes=\"auto, (max-width: 696px) 100vw, 696px\" \/><figcaption id=\"caption-attachment-26075\" class=\"wp-caption-text\">Rasso-Guevara<\/figcaption><\/figure>\n<p>La actividad comenzar\u00e1 el viernes por la noche con la tradicional largada simb\u00f3lica en el Anfiteatro Municipal de Avellaneda.<\/p>\n<p>El s\u00e1bado 2 de agosto se disputar\u00e1n dos pasadas por los tramos Avellaneda\u2013Escuela N\u00b01168 (11,95 km), Ladrilleros\u2013Barros Pazos (15,62 km) y Campo Leonhardt\u2013La Lola (12,89 km), cerrando con un S\u00faper Prime en La Lola (7,48 km).<\/p>\n<p>El domingo 3, el rally se definir\u00e1 con dos pasos por Avellaneda\u2013Escuela N\u00b01168 (11,95 km) y dos m\u00e1s por Barros Pazos\u2013Ladrilleros (15,40 km), el \u00faltimo de ellos como Power Stage.<\/p>\n<p>Con terreno llano, tramos veloces y la presi\u00f3n de sumar puntos clave para la recta final del certamen, San Luis tendr\u00e1 a tres cartas fuertes que buscar\u00e1n dejar su sello en tierras santafesinas.<\/p>\n<hr \/>\n<p><strong>Nota:<\/strong> Redacci\u00f3n<\/p>\n","protected":false},"excerpt":{"rendered":"<p>Baldoni, Ramos y el binomio Rasso-Guevara representar\u00e1n a San Luis en el Rally de Jaaukanig\u00e1s que se disputa este fin de semana en Reconquista y Avellaneda.\u00a0<\/p>\n","protected":false},"author":1,"featured_media":27643,"comment_status":"closed","ping_status":"closed","sticky":false,"template":"","format":"standard","meta":{"footnotes":""},"categories":[50,51,154],"tags":[159],"class_list":{"0":"post-28086","1":"post","2":"type-post","3":"status-publish","4":"format-standard","5":"has-post-thumbnail","7":"category-50","8":"category-motores","9":"category-ra","10":"tag-rally-argentino"},"yoast_head":"<!-- This site is optimized with the Yoast SEO plugin v27.4 - https:\/\/yoast.com\/product\/yoast-seo-wordpress\/ -->\n<title>A seguir con protagonismo en el Rally Argentino - DSL<\/title>\n<meta name=\"description\" content=\"Baldoni, Ramos y el binomio Rasso-Guevara representar\u00e1n a San Luis en el Rally de Jaaukanig\u00e1s que se disputa este fin de semana en Reconquista y Avellaneda.\u00a0\" \/>\n<meta name=\"robots\" content=\"index, follow, max-snippet:-1, max-image-preview:large, max-video-preview:-1\" \/>\n<link rel=\"canonical\" href=\"https:\/\/deportesanluis.com.ar\/los-puntanos-quieren-seguir-con-protagonismo-en-el-rally-argentino\/\" \/>\n<meta property=\"og:locale\" content=\"es_ES\" \/>\n<meta property=\"og:type\" content=\"article\" \/>\n<meta property=\"og:title\" content=\"A seguir con protagonismo en el Rally Argentino - DSL\" \/>\n<meta property=\"og:description\" content=\"Baldoni, Ramos y el binomio Rasso-Guevara representar\u00e1n a San Luis en el Rally de Jaaukanig\u00e1s que se disputa este fin de semana en Reconquista y Avellaneda.\u00a0\" \/>\n<meta property=\"og:url\" content=\"https:\/\/deportesanluis.com.ar\/los-puntanos-quieren-seguir-con-protagonismo-en-el-rally-argentino\/\" \/>\n<meta property=\"og:site_name\" content=\"DSL\" \/>\n<meta property=\"article:publisher\" content=\"https:\/\/www.facebook.com\/DSLDeporteSanLuis\" \/>\n<meta property=\"article:published_time\" content=\"2025-08-01T12:35:21+00:00\" \/>\n<meta property=\"article:modified_time\" content=\"2025-08-01T12:35:57+00:00\" \/>\n<meta property=\"og:image\" content=\"https:\/\/deportesanluis.com.ar\/wp-content\/uploads\/2025\/07\/Baldoni-Misiones-02-RA25.jpeg\" \/>\n\t<meta property=\"og:image:width\" content=\"800\" \/>\n\t<meta property=\"og:image:height\" content=\"500\" \/>\n\t<meta property=\"og:image:type\" content=\"image\/jpeg\" \/>\n<meta name=\"author\" content=\"admin\" \/>\n<meta name=\"twitter:card\" content=\"summary_large_image\" \/>\n<meta name=\"twitter:creator\" content=\"@deportesanluis\" \/>\n<meta name=\"twitter:site\" content=\"@deportesanluis\" \/>\n<meta name=\"twitter:label1\" content=\"Escrito por\" \/>\n\t<meta name=\"twitter:data1\" content=\"admin\" \/>\n\t<meta name=\"twitter:label2\" content=\"Tiempo de lectura\" \/>\n\t<meta name=\"twitter:data2\" content=\"2 minutos\" \/>\n<script type=\"application\/ld+json\" class=\"yoast-schema-graph\">{\"@context\":\"https:\\\/\\\/schema.org\",\"@graph\":[{\"@type\":\"Article\",\"@id\":\"https:\\\/\\\/deportesanluis.com.ar\\\/los-puntanos-quieren-seguir-con-protagonismo-en-el-rally-argentino\\\/#article\",\"isPartOf\":{\"@id\":\"https:\\\/\\\/deportesanluis.com.ar\\\/los-puntanos-quieren-seguir-con-protagonismo-en-el-rally-argentino\\\/\"},\"author\":{\"name\":\"admin\",\"@id\":\"https:\\\/\\\/deportesanluis.com.ar\\\/#\\\/schema\\\/person\\\/4b3e665481e93d271fced43ee48143c8\"},\"headline\":\"A seguir con protagonismo en el Rally Argentino\",\"datePublished\":\"2025-08-01T12:35:21+00:00\",\"dateModified\":\"2025-08-01T12:35:57+00:00\",\"mainEntityOfPage\":{\"@id\":\"https:\\\/\\\/deportesanluis.com.ar\\\/los-puntanos-quieren-seguir-con-protagonismo-en-el-rally-argentino\\\/\"},\"wordCount\":308,\"publisher\":{\"@id\":\"https:\\\/\\\/deportesanluis.com.ar\\\/#organization\"},\"image\":{\"@id\":\"https:\\\/\\\/deportesanluis.com.ar\\\/los-puntanos-quieren-seguir-con-protagonismo-en-el-rally-argentino\\\/#primaryimage\"},\"thumbnailUrl\":\"https:\\\/\\\/deportesanluis.com.ar\\\/wp-content\\\/uploads\\\/2025\\\/07\\\/Baldoni-Misiones-02-RA25.jpeg\",\"keywords\":[\"Rally Argentino\"],\"articleSection\":[\"2\",\"Motores\",\"RA\"],\"inLanguage\":\"es-AR\"},{\"@type\":\"WebPage\",\"@id\":\"https:\\\/\\\/deportesanluis.com.ar\\\/los-puntanos-quieren-seguir-con-protagonismo-en-el-rally-argentino\\\/\",\"url\":\"https:\\\/\\\/deportesanluis.com.ar\\\/los-puntanos-quieren-seguir-con-protagonismo-en-el-rally-argentino\\\/\",\"name\":\"A seguir con protagonismo en el Rally Argentino - DSL\",\"isPartOf\":{\"@id\":\"https:\\\/\\\/deportesanluis.com.ar\\\/#website\"},\"primaryImageOfPage\":{\"@id\":\"https:\\\/\\\/deportesanluis.com.ar\\\/los-puntanos-quieren-seguir-con-protagonismo-en-el-rally-argentino\\\/#primaryimage\"},\"image\":{\"@id\":\"https:\\\/\\\/deportesanluis.com.ar\\\/los-puntanos-quieren-seguir-con-protagonismo-en-el-rally-argentino\\\/#primaryimage\"},\"thumbnailUrl\":\"https:\\\/\\\/deportesanluis.com.ar\\\/wp-content\\\/uploads\\\/2025\\\/07\\\/Baldoni-Misiones-02-RA25.jpeg\",\"datePublished\":\"2025-08-01T12:35:21+00:00\",\"dateModified\":\"2025-08-01T12:35:57+00:00\",\"description\":\"Baldoni, Ramos y el binomio Rasso-Guevara representar\u00e1n a San Luis en el Rally de Jaaukanig\u00e1s que se disputa este fin de semana en Reconquista y Avellaneda.\u00a0\",\"breadcrumb\":{\"@id\":\"https:\\\/\\\/deportesanluis.com.ar\\\/los-puntanos-quieren-seguir-con-protagonismo-en-el-rally-argentino\\\/#breadcrumb\"},\"inLanguage\":\"es-AR\",\"potentialAction\":[{\"@type\":\"ReadAction\",\"target\":[\"https:\\\/\\\/deportesanluis.com.ar\\\/los-puntanos-quieren-seguir-con-protagonismo-en-el-rally-argentino\\\/\"]}]},{\"@type\":\"ImageObject\",\"inLanguage\":\"es-AR\",\"@id\":\"https:\\\/\\\/deportesanluis.com.ar\\\/los-puntanos-quieren-seguir-con-protagonismo-en-el-rally-argentino\\\/#primaryimage\",\"url\":\"https:\\\/\\\/deportesanluis.com.ar\\\/wp-content\\\/uploads\\\/2025\\\/07\\\/Baldoni-Misiones-02-RA25.jpeg\",\"contentUrl\":\"https:\\\/\\\/deportesanluis.com.ar\\\/wp-content\\\/uploads\\\/2025\\\/07\\\/Baldoni-Misiones-02-RA25.jpeg\",\"width\":800,\"height\":500},{\"@type\":\"BreadcrumbList\",\"@id\":\"https:\\\/\\\/deportesanluis.com.ar\\\/los-puntanos-quieren-seguir-con-protagonismo-en-el-rally-argentino\\\/#breadcrumb\",\"itemListElement\":[{\"@type\":\"ListItem\",\"position\":1,\"name\":\"Home\",\"item\":\"https:\\\/\\\/deportesanluis.com.ar\\\/\"},{\"@type\":\"ListItem\",\"position\":2,\"name\":\"A seguir con protagonismo en el Rally Argentino\"}]},{\"@type\":\"WebSite\",\"@id\":\"https:\\\/\\\/deportesanluis.com.ar\\\/#website\",\"url\":\"https:\\\/\\\/deportesanluis.com.ar\\\/\",\"name\":\"deportesanluis.com.ar\",\"description\":\"Noticias de Deporte de San Luis\",\"publisher\":{\"@id\":\"https:\\\/\\\/deportesanluis.com.ar\\\/#organization\"},\"alternateName\":\"Deporte SL\",\"potentialAction\":[{\"@type\":\"SearchAction\",\"target\":{\"@type\":\"EntryPoint\",\"urlTemplate\":\"https:\\\/\\\/deportesanluis.com.ar\\\/?s={search_term_string}\"},\"query-input\":{\"@type\":\"PropertyValueSpecification\",\"valueRequired\":true,\"valueName\":\"search_term_string\"}}],\"inLanguage\":\"es-AR\"},{\"@type\":\"Organization\",\"@id\":\"https:\\\/\\\/deportesanluis.com.ar\\\/#organization\",\"name\":\"DSL\",\"alternateName\":\"Deporte SL\",\"url\":\"https:\\\/\\\/deportesanluis.com.ar\\\/\",\"logo\":{\"@type\":\"ImageObject\",\"inLanguage\":\"es-AR\",\"@id\":\"https:\\\/\\\/deportesanluis.com.ar\\\/#\\\/schema\\\/logo\\\/image\\\/\",\"url\":\"https:\\\/\\\/deportesanluis.com.ar\\\/wp-content\\\/uploads\\\/2023\\\/06\\\/DSL-Logo-2023-5.jpg\",\"contentUrl\":\"https:\\\/\\\/deportesanluis.com.ar\\\/wp-content\\\/uploads\\\/2023\\\/06\\\/DSL-Logo-2023-5.jpg\",\"width\":1718,\"height\":845,\"caption\":\"DSL\"},\"image\":{\"@id\":\"https:\\\/\\\/deportesanluis.com.ar\\\/#\\\/schema\\\/logo\\\/image\\\/\"},\"sameAs\":[\"https:\\\/\\\/www.facebook.com\\\/DSLDeporteSanLuis\",\"https:\\\/\\\/x.com\\\/deportesanluis\",\"https:\\\/\\\/www.instagram.com\\\/dsl_deportesanluis\\\/\"]},{\"@type\":\"Person\",\"@id\":\"https:\\\/\\\/deportesanluis.com.ar\\\/#\\\/schema\\\/person\\\/4b3e665481e93d271fced43ee48143c8\",\"name\":\"admin\",\"image\":{\"@type\":\"ImageObject\",\"inLanguage\":\"es-AR\",\"@id\":\"https:\\\/\\\/secure.gravatar.com\\\/avatar\\\/5424b2c21466f502587708c43dbe2dc47b5e643fec67835095677cd3af6ba546?s=96&d=mm&r=g\",\"url\":\"https:\\\/\\\/secure.gravatar.com\\\/avatar\\\/5424b2c21466f502587708c43dbe2dc47b5e643fec67835095677cd3af6ba546?s=96&d=mm&r=g\",\"contentUrl\":\"https:\\\/\\\/secure.gravatar.com\\\/avatar\\\/5424b2c21466f502587708c43dbe2dc47b5e643fec67835095677cd3af6ba546?s=96&d=mm&r=g\",\"caption\":\"admin\"},\"sameAs\":[\"https:\\\/\\\/deportesanluis.com.ar\"],\"url\":\"https:\\\/\\\/deportesanluis.com.ar\\\/author\\\/admin\\\/\"}]}<\/script>\n<!-- \/ Yoast SEO plugin. -->","yoast_head_json":{"title":"A seguir con protagonismo en el Rally Argentino - DSL","description":"Baldoni, Ramos y el binomio Rasso-Guevara representar\u00e1n a San Luis en el Rally de Jaaukanig\u00e1s que se disputa este fin de semana en Reconquista y Avellaneda.\u00a0","robots":{"index":"index","follow":"follow","max-snippet":"max-snippet:-1","max-image-preview":"max-image-preview:large","max-video-preview":"max-video-preview:-1"},"canonical":"https:\/\/deportesanluis.com.ar\/los-puntanos-quieren-seguir-con-protagonismo-en-el-rally-argentino\/","og_locale":"es_ES","og_type":"article","og_title":"A seguir con protagonismo en el Rally Argentino - DSL","og_description":"Baldoni, Ramos y el binomio Rasso-Guevara representar\u00e1n a San Luis en el Rally de Jaaukanig\u00e1s que se disputa este fin de semana en Reconquista y Avellaneda.\u00a0","og_url":"https:\/\/deportesanluis.com.ar\/los-puntanos-quieren-seguir-con-protagonismo-en-el-rally-argentino\/","og_site_name":"DSL","article_publisher":"https:\/\/www.facebook.com\/DSLDeporteSanLuis","article_published_time":"2025-08-01T12:35:21+00:00","article_modified_time":"2025-08-01T12:35:57+00:00","og_image":[{"width":800,"height":500,"url":"https:\/\/deportesanluis.com.ar\/wp-content\/uploads\/2025\/07\/Baldoni-Misiones-02-RA25.jpeg","type":"image\/jpeg"}],"author":"admin","twitter_card":"summary_large_image","twitter_creator":"@deportesanluis","twitter_site":"@deportesanluis","twitter_misc":{"Escrito por":"admin","Tiempo de lectura":"2 minutos"},"schema":{"@context":"https:\/\/schema.org","@graph":[{"@type":"Article","@id":"https:\/\/deportesanluis.com.ar\/los-puntanos-quieren-seguir-con-protagonismo-en-el-rally-argentino\/#article","isPartOf":{"@id":"https:\/\/deportesanluis.com.ar\/los-puntanos-quieren-seguir-con-protagonismo-en-el-rally-argentino\/"},"author":{"name":"admin","@id":"https:\/\/deportesanluis.com.ar\/#\/schema\/person\/4b3e665481e93d271fced43ee48143c8"},"headline":"A seguir con protagonismo en el Rally Argentino","datePublished":"2025-08-01T12:35:21+00:00","dateModified":"2025-08-01T12:35:57+00:00","mainEntityOfPage":{"@id":"https:\/\/deportesanluis.com.ar\/los-puntanos-quieren-seguir-con-protagonismo-en-el-rally-argentino\/"},"wordCount":308,"publisher":{"@id":"https:\/\/deportesanluis.com.ar\/#organization"},"image":{"@id":"https:\/\/deportesanluis.com.ar\/los-puntanos-quieren-seguir-con-protagonismo-en-el-rally-argentino\/#primaryimage"},"thumbnailUrl":"https:\/\/deportesanluis.com.ar\/wp-content\/uploads\/2025\/07\/Baldoni-Misiones-02-RA25.jpeg","keywords":["Rally Argentino"],"articleSection":["2","Motores","RA"],"inLanguage":"es-AR"},{"@type":"WebPage","@id":"https:\/\/deportesanluis.com.ar\/los-puntanos-quieren-seguir-con-protagonismo-en-el-rally-argentino\/","url":"https:\/\/deportesanluis.com.ar\/los-puntanos-quieren-seguir-con-protagonismo-en-el-rally-argentino\/","name":"A seguir con protagonismo en el Rally Argentino - DSL","isPartOf":{"@id":"https:\/\/deportesanluis.com.ar\/#website"},"primaryImageOfPage":{"@id":"https:\/\/deportesanluis.com.ar\/los-puntanos-quieren-seguir-con-protagonismo-en-el-rally-argentino\/#primaryimage"},"image":{"@id":"https:\/\/deportesanluis.com.ar\/los-puntanos-quieren-seguir-con-protagonismo-en-el-rally-argentino\/#primaryimage"},"thumbnailUrl":"https:\/\/deportesanluis.com.ar\/wp-content\/uploads\/2025\/07\/Baldoni-Misiones-02-RA25.jpeg","datePublished":"2025-08-01T12:35:21+00:00","dateModified":"2025-08-01T12:35:57+00:00","description":"Baldoni, Ramos y el binomio Rasso-Guevara representar\u00e1n a San Luis en el Rally de Jaaukanig\u00e1s que se disputa este fin de semana en Reconquista y Avellaneda.\u00a0","breadcrumb":{"@id":"https:\/\/deportesanluis.com.ar\/los-puntanos-quieren-seguir-con-protagonismo-en-el-rally-argentino\/#breadcrumb"},"inLanguage":"es-AR","potentialAction":[{"@type":"ReadAction","target":["https:\/\/deportesanluis.com.ar\/los-puntanos-quieren-seguir-con-protagonismo-en-el-rally-argentino\/"]}]},{"@type":"ImageObject","inLanguage":"es-AR","@id":"https:\/\/deportesanluis.com.ar\/los-puntanos-quieren-seguir-con-protagonismo-en-el-rally-argentino\/#primaryimage","url":"https:\/\/deportesanluis.com.ar\/wp-content\/uploads\/2025\/07\/Baldoni-Misiones-02-RA25.jpeg","contentUrl":"https:\/\/deportesanluis.com.ar\/wp-content\/uploads\/2025\/07\/Baldoni-Misiones-02-RA25.jpeg","width":800,"height":500},{"@type":"BreadcrumbList","@id":"https:\/\/deportesanluis.com.ar\/los-puntanos-quieren-seguir-con-protagonismo-en-el-rally-argentino\/#breadcrumb","itemListElement":[{"@type":"ListItem","position":1,"name":"Home","item":"https:\/\/deportesanluis.com.ar\/"},{"@type":"ListItem","position":2,"name":"A seguir con protagonismo en el Rally Argentino"}]},{"@type":"WebSite","@id":"https:\/\/deportesanluis.com.ar\/#website","url":"https:\/\/deportesanluis.com.ar\/","name":"deportesanluis.com.ar","description":"Noticias de Deporte de San Luis","publisher":{"@id":"https:\/\/deportesanluis.com.ar\/#organization"},"alternateName":"Deporte SL","potentialAction":[{"@type":"SearchAction","target":{"@type":"EntryPoint","urlTemplate":"https:\/\/deportesanluis.com.ar\/?s={search_term_string}"},"query-input":{"@type":"PropertyValueSpecification","valueRequired":true,"valueName":"search_term_string"}}],"inLanguage":"es-AR"},{"@type":"Organization","@id":"https:\/\/deportesanluis.com.ar\/#organization","name":"DSL","alternateName":"Deporte SL","url":"https:\/\/deportesanluis.com.ar\/","logo":{"@type":"ImageObject","inLanguage":"es-AR","@id":"https:\/\/deportesanluis.com.ar\/#\/schema\/logo\/image\/","url":"https:\/\/deportesanluis.com.ar\/wp-content\/uploads\/2023\/06\/DSL-Logo-2023-5.jpg","contentUrl":"https:\/\/deportesanluis.com.ar\/wp-content\/uploads\/2023\/06\/DSL-Logo-2023-5.jpg","width":1718,"height":845,"caption":"DSL"},"image":{"@id":"https:\/\/deportesanluis.com.ar\/#\/schema\/logo\/image\/"},"sameAs":["https:\/\/www.facebook.com\/DSLDeporteSanLuis","https:\/\/x.com\/deportesanluis","https:\/\/www.instagram.com\/dsl_deportesanluis\/"]},{"@type":"Person","@id":"https:\/\/deportesanluis.com.ar\/#\/schema\/person\/4b3e665481e93d271fced43ee48143c8","name":"admin","image":{"@type":"ImageObject","inLanguage":"es-AR","@id":"https:\/\/secure.gravatar.com\/avatar\/5424b2c21466f502587708c43dbe2dc47b5e643fec67835095677cd3af6ba546?s=96&d=mm&r=g","url":"https:\/\/secure.gravatar.com\/avatar\/5424b2c21466f502587708c43dbe2dc47b5e643fec67835095677cd3af6ba546?s=96&d=mm&r=g","contentUrl":"https:\/\/secure.gravatar.com\/avatar\/5424b2c21466f502587708c43dbe2dc47b5e643fec67835095677cd3af6ba546?s=96&d=mm&r=g","caption":"admin"},"sameAs":["https:\/\/deportesanluis.com.ar"],"url":"https:\/\/deportesanluis.com.ar\/author\/admin\/"}]}},"_links":{"self":[{"href":"https:\/\/deportesanluis.com.ar\/wp-json\/wp\/v2\/posts\/28086","targetHints":{"allow":["GET"]}}],"collection":[{"href":"https:\/\/deportesanluis.com.ar\/wp-json\/wp\/v2\/posts"}],"about":[{"href":"https:\/\/deportesanluis.com.ar\/wp-json\/wp\/v2\/types\/post"}],"author":[{"embeddable":true,"href":"https:\/\/deportesanluis.com.ar\/wp-json\/wp\/v2\/users\/1"}],"replies":[{"embeddable":true,"href":"https:\/\/deportesanluis.com.ar\/wp-json\/wp\/v2\/comments?post=28086"}],"version-history":[{"count":0,"href":"https:\/\/deportesanluis.com.ar\/wp-json\/wp\/v2\/posts\/28086\/revisions"}],"wp:featuredmedia":[{"embeddable":true,"href":"https:\/\/deportesanluis.com.ar\/wp-json\/wp\/v2\/media\/27643"}],"wp:attachment":[{"href":"https:\/\/deportesanluis.com.ar\/wp-json\/wp\/v2\/media?parent=28086"}],"wp:term":[{"taxonomy":"category","embeddable":true,"href":"https:\/\/deportesanluis.com.ar\/wp-json\/wp\/v2\/categories?post=28086"},{"taxonomy":"post_tag","embeddable":true,"href":"https:\/\/deportesanluis.com.ar\/wp-json\/wp\/v2\/tags?post=28086"}],"curies":[{"name":"wp","href":"https:\/\/api.w.org\/{rel}","templated":true}]}}