{"id":28209,"date":"2025-08-11T11:50:18","date_gmt":"2025-08-11T14:50:18","guid":{"rendered":"https:\/\/deportesanluis.com.ar\/?p=28209"},"modified":"2025-08-16T21:42:13","modified_gmt":"2025-08-17T00:42:13","slug":"tragedia-en-el-turismo-pista-san-luis","status":"publish","type":"post","link":"https:\/\/deportesanluis.com.ar\/tragedia-en-el-turismo-pista-san-luis\/","title":{"rendered":"Tragedia en el Turismo Pista San Luis"},"content":{"rendered":"<p>Este domingo en el Aut\u00f3dromo Ciudad de R\u00edo Cuarto se disputaba la Fecha 5 de la temporada 2025 del Turismo Pista San Luis.<\/p>\n<p>Bien temprano por la ma\u00f1ana y siguiendo el cronograma, comenzaron los ensayos con total normalidad hasta que, cuando lo hac\u00eda la Monomarca F\u00edat, todo se suspendi\u00f3.<\/p>\n<p><img loading=\"lazy\" decoding=\"async\" class=\"aligncenter size-full wp-image-28211\" src=\"https:\/\/deportesanluis.com.ar\/wp-content\/uploads\/2025\/08\/Segarra.jpg\" alt=\"\" width=\"800\" height=\"500\" srcset=\"https:\/\/deportesanluis.com.ar\/wp-content\/uploads\/2025\/08\/Segarra.jpg 800w, https:\/\/deportesanluis.com.ar\/wp-content\/uploads\/2025\/08\/Segarra-300x188.jpg 300w, https:\/\/deportesanluis.com.ar\/wp-content\/uploads\/2025\/08\/Segarra-768x480.jpg 768w, https:\/\/deportesanluis.com.ar\/wp-content\/uploads\/2025\/08\/Segarra-672x420.jpg 672w, https:\/\/deportesanluis.com.ar\/wp-content\/uploads\/2025\/08\/Segarra-150x94.jpg 150w, https:\/\/deportesanluis.com.ar\/wp-content\/uploads\/2025\/08\/Segarra-696x435.jpg 696w\" sizes=\"auto, (max-width: 800px) 100vw, 800px\" \/><\/p>\n<p>A la salida del curvon de acceso a la recta principal, el piloto cordob\u00e9s Claudio Sagarra perdi\u00f3 el control de su Fiat Palio e impact\u00f3 contra el borde de ingreso al parque cerrado.<\/p>\n<p>R\u00e1pidamente fue asistido y fue trasladado a un centro m\u00e9dico donde horas m\u00e1s tarde perder\u00eda la vida.<\/p>\n<p>Ni bien se produjo el accidente, todos los pilotos de com\u00fan acuerdo con las autoridades de ARPADP, decidieron suspender las actividades.<\/p>\n<hr \/>\n<p><strong>Nota:<\/strong> Redacci\u00f3n<\/p>\n","protected":false},"excerpt":{"rendered":"<p>Ocurri\u00f3 este domingo cuando comenzaba a disputarse la Fecha 5 en el Aut\u00f3dromo de R\u00edo Cuarto. El piloto Claudio Segarra de la Monomarca Fiat sufri\u00f3 un duro accidente que le cost\u00f3 la vida horas mas tarde. Todo actividad ya hab\u00eda sido suspendida.\u00a0<\/p>\n","protected":false},"author":1,"featured_media":28210,"comment_status":"closed","ping_status":"closed","sticky":false,"template":"","format":"standard","meta":{"footnotes":""},"categories":[75,51,125],"tags":[205],"class_list":{"0":"post-28209","1":"post","2":"type-post","3":"status-publish","4":"format-standard","5":"has-post-thumbnail","7":"category-75","8":"category-motores","9":"category-tpsl","10":"tag-tpsl"},"yoast_head":"<!-- This site is optimized with the Yoast SEO plugin v27.4 - https:\/\/yoast.com\/product\/yoast-seo-wordpress\/ -->\n<title>Tragedia en el Turismo Pista San Luis - DSL<\/title>\n<meta name=\"description\" content=\"Ocurri\u00f3 este domingo cuando comenzaba a disputarse la Fecha 5 en el Aut\u00f3dromo de R\u00edo Cuarto. El piloto Claudio Segarra de la Monomarca Fiat sufri\u00f3 un duro accidente que le cost\u00f3 la vida horas mas tarde. Todo actividad ya hab\u00eda sido suspendida.\u00a0\" \/>\n<meta name=\"robots\" content=\"index, follow, max-snippet:-1, max-image-preview:large, max-video-preview:-1\" \/>\n<link rel=\"canonical\" href=\"https:\/\/deportesanluis.com.ar\/tragedia-en-el-turismo-pista-san-luis\/\" \/>\n<meta property=\"og:locale\" content=\"es_ES\" \/>\n<meta property=\"og:type\" content=\"article\" \/>\n<meta property=\"og:title\" content=\"Tragedia en el Turismo Pista San Luis - DSL\" \/>\n<meta property=\"og:description\" content=\"Ocurri\u00f3 este domingo cuando comenzaba a disputarse la Fecha 5 en el Aut\u00f3dromo de R\u00edo Cuarto. El piloto Claudio Segarra de la Monomarca Fiat sufri\u00f3 un duro accidente que le cost\u00f3 la vida horas mas tarde. Todo actividad ya hab\u00eda sido suspendida.\u00a0\" \/>\n<meta property=\"og:url\" content=\"https:\/\/deportesanluis.com.ar\/tragedia-en-el-turismo-pista-san-luis\/\" \/>\n<meta property=\"og:site_name\" content=\"DSL\" \/>\n<meta property=\"article:publisher\" content=\"https:\/\/www.facebook.com\/DSLDeporteSanLuis\" \/>\n<meta property=\"article:published_time\" content=\"2025-08-11T14:50:18+00:00\" \/>\n<meta property=\"article:modified_time\" content=\"2025-08-17T00:42:13+00:00\" \/>\n<meta property=\"og:image\" content=\"https:\/\/deportesanluis.com.ar\/wp-content\/uploads\/2025\/08\/Segarra-QEPD.jpg\" \/>\n\t<meta property=\"og:image:width\" content=\"800\" \/>\n\t<meta property=\"og:image:height\" content=\"500\" \/>\n\t<meta property=\"og:image:type\" content=\"image\/jpeg\" \/>\n<meta name=\"author\" content=\"admin\" \/>\n<meta name=\"twitter:card\" content=\"summary_large_image\" \/>\n<meta name=\"twitter:creator\" content=\"@deportesanluis\" \/>\n<meta name=\"twitter:site\" content=\"@deportesanluis\" \/>\n<meta name=\"twitter:label1\" content=\"Escrito por\" \/>\n\t<meta name=\"twitter:data1\" content=\"admin\" \/>\n\t<meta name=\"twitter:label2\" content=\"Tiempo de lectura\" \/>\n\t<meta name=\"twitter:data2\" content=\"1 minuto\" \/>\n<script type=\"application\/ld+json\" class=\"yoast-schema-graph\">{\"@context\":\"https:\\\/\\\/schema.org\",\"@graph\":[{\"@type\":\"Article\",\"@id\":\"https:\\\/\\\/deportesanluis.com.ar\\\/tragedia-en-el-turismo-pista-san-luis\\\/#article\",\"isPartOf\":{\"@id\":\"https:\\\/\\\/deportesanluis.com.ar\\\/tragedia-en-el-turismo-pista-san-luis\\\/\"},\"author\":{\"name\":\"admin\",\"@id\":\"https:\\\/\\\/deportesanluis.com.ar\\\/#\\\/schema\\\/person\\\/4b3e665481e93d271fced43ee48143c8\"},\"headline\":\"Tragedia en el Turismo Pista San Luis\",\"datePublished\":\"2025-08-11T14:50:18+00:00\",\"dateModified\":\"2025-08-17T00:42:13+00:00\",\"mainEntityOfPage\":{\"@id\":\"https:\\\/\\\/deportesanluis.com.ar\\\/tragedia-en-el-turismo-pista-san-luis\\\/\"},\"wordCount\":139,\"publisher\":{\"@id\":\"https:\\\/\\\/deportesanluis.com.ar\\\/#organization\"},\"image\":{\"@id\":\"https:\\\/\\\/deportesanluis.com.ar\\\/tragedia-en-el-turismo-pista-san-luis\\\/#primaryimage\"},\"thumbnailUrl\":\"https:\\\/\\\/deportesanluis.com.ar\\\/wp-content\\\/uploads\\\/2025\\\/08\\\/Segarra-QEPD.jpg\",\"keywords\":[\"TPSL\"],\"articleSection\":[\"15\",\"Motores\",\"TPSL\"],\"inLanguage\":\"es-AR\"},{\"@type\":\"WebPage\",\"@id\":\"https:\\\/\\\/deportesanluis.com.ar\\\/tragedia-en-el-turismo-pista-san-luis\\\/\",\"url\":\"https:\\\/\\\/deportesanluis.com.ar\\\/tragedia-en-el-turismo-pista-san-luis\\\/\",\"name\":\"Tragedia en el Turismo Pista San Luis - DSL\",\"isPartOf\":{\"@id\":\"https:\\\/\\\/deportesanluis.com.ar\\\/#website\"},\"primaryImageOfPage\":{\"@id\":\"https:\\\/\\\/deportesanluis.com.ar\\\/tragedia-en-el-turismo-pista-san-luis\\\/#primaryimage\"},\"image\":{\"@id\":\"https:\\\/\\\/deportesanluis.com.ar\\\/tragedia-en-el-turismo-pista-san-luis\\\/#primaryimage\"},\"thumbnailUrl\":\"https:\\\/\\\/deportesanluis.com.ar\\\/wp-content\\\/uploads\\\/2025\\\/08\\\/Segarra-QEPD.jpg\",\"datePublished\":\"2025-08-11T14:50:18+00:00\",\"dateModified\":\"2025-08-17T00:42:13+00:00\",\"description\":\"Ocurri\u00f3 este domingo cuando comenzaba a disputarse la Fecha 5 en el Aut\u00f3dromo de R\u00edo Cuarto. El piloto Claudio Segarra de la Monomarca Fiat sufri\u00f3 un duro accidente que le cost\u00f3 la vida horas mas tarde. Todo actividad ya hab\u00eda sido suspendida.\u00a0\",\"breadcrumb\":{\"@id\":\"https:\\\/\\\/deportesanluis.com.ar\\\/tragedia-en-el-turismo-pista-san-luis\\\/#breadcrumb\"},\"inLanguage\":\"es-AR\",\"potentialAction\":[{\"@type\":\"ReadAction\",\"target\":[\"https:\\\/\\\/deportesanluis.com.ar\\\/tragedia-en-el-turismo-pista-san-luis\\\/\"]}]},{\"@type\":\"ImageObject\",\"inLanguage\":\"es-AR\",\"@id\":\"https:\\\/\\\/deportesanluis.com.ar\\\/tragedia-en-el-turismo-pista-san-luis\\\/#primaryimage\",\"url\":\"https:\\\/\\\/deportesanluis.com.ar\\\/wp-content\\\/uploads\\\/2025\\\/08\\\/Segarra-QEPD.jpg\",\"contentUrl\":\"https:\\\/\\\/deportesanluis.com.ar\\\/wp-content\\\/uploads\\\/2025\\\/08\\\/Segarra-QEPD.jpg\",\"width\":800,\"height\":500},{\"@type\":\"BreadcrumbList\",\"@id\":\"https:\\\/\\\/deportesanluis.com.ar\\\/tragedia-en-el-turismo-pista-san-luis\\\/#breadcrumb\",\"itemListElement\":[{\"@type\":\"ListItem\",\"position\":1,\"name\":\"Home\",\"item\":\"https:\\\/\\\/deportesanluis.com.ar\\\/\"},{\"@type\":\"ListItem\",\"position\":2,\"name\":\"Tragedia en el Turismo Pista San Luis\"}]},{\"@type\":\"WebSite\",\"@id\":\"https:\\\/\\\/deportesanluis.com.ar\\\/#website\",\"url\":\"https:\\\/\\\/deportesanluis.com.ar\\\/\",\"name\":\"deportesanluis.com.ar\",\"description\":\"Noticias de Deporte de San Luis\",\"publisher\":{\"@id\":\"https:\\\/\\\/deportesanluis.com.ar\\\/#organization\"},\"alternateName\":\"Deporte SL\",\"potentialAction\":[{\"@type\":\"SearchAction\",\"target\":{\"@type\":\"EntryPoint\",\"urlTemplate\":\"https:\\\/\\\/deportesanluis.com.ar\\\/?s={search_term_string}\"},\"query-input\":{\"@type\":\"PropertyValueSpecification\",\"valueRequired\":true,\"valueName\":\"search_term_string\"}}],\"inLanguage\":\"es-AR\"},{\"@type\":\"Organization\",\"@id\":\"https:\\\/\\\/deportesanluis.com.ar\\\/#organization\",\"name\":\"DSL\",\"alternateName\":\"Deporte SL\",\"url\":\"https:\\\/\\\/deportesanluis.com.ar\\\/\",\"logo\":{\"@type\":\"ImageObject\",\"inLanguage\":\"es-AR\",\"@id\":\"https:\\\/\\\/deportesanluis.com.ar\\\/#\\\/schema\\\/logo\\\/image\\\/\",\"url\":\"https:\\\/\\\/deportesanluis.com.ar\\\/wp-content\\\/uploads\\\/2023\\\/06\\\/DSL-Logo-2023-5.jpg\",\"contentUrl\":\"https:\\\/\\\/deportesanluis.com.ar\\\/wp-content\\\/uploads\\\/2023\\\/06\\\/DSL-Logo-2023-5.jpg\",\"width\":1718,\"height\":845,\"caption\":\"DSL\"},\"image\":{\"@id\":\"https:\\\/\\\/deportesanluis.com.ar\\\/#\\\/schema\\\/logo\\\/image\\\/\"},\"sameAs\":[\"https:\\\/\\\/www.facebook.com\\\/DSLDeporteSanLuis\",\"https:\\\/\\\/x.com\\\/deportesanluis\",\"https:\\\/\\\/www.instagram.com\\\/dsl_deportesanluis\\\/\"]},{\"@type\":\"Person\",\"@id\":\"https:\\\/\\\/deportesanluis.com.ar\\\/#\\\/schema\\\/person\\\/4b3e665481e93d271fced43ee48143c8\",\"name\":\"admin\",\"image\":{\"@type\":\"ImageObject\",\"inLanguage\":\"es-AR\",\"@id\":\"https:\\\/\\\/secure.gravatar.com\\\/avatar\\\/5424b2c21466f502587708c43dbe2dc47b5e643fec67835095677cd3af6ba546?s=96&d=mm&r=g\",\"url\":\"https:\\\/\\\/secure.gravatar.com\\\/avatar\\\/5424b2c21466f502587708c43dbe2dc47b5e643fec67835095677cd3af6ba546?s=96&d=mm&r=g\",\"contentUrl\":\"https:\\\/\\\/secure.gravatar.com\\\/avatar\\\/5424b2c21466f502587708c43dbe2dc47b5e643fec67835095677cd3af6ba546?s=96&d=mm&r=g\",\"caption\":\"admin\"},\"sameAs\":[\"https:\\\/\\\/deportesanluis.com.ar\"],\"url\":\"https:\\\/\\\/deportesanluis.com.ar\\\/author\\\/admin\\\/\"}]}<\/script>\n<!-- \/ Yoast SEO plugin. -->","yoast_head_json":{"title":"Tragedia en el Turismo Pista San Luis - DSL","description":"Ocurri\u00f3 este domingo cuando comenzaba a disputarse la Fecha 5 en el Aut\u00f3dromo de R\u00edo Cuarto. El piloto Claudio Segarra de la Monomarca Fiat sufri\u00f3 un duro accidente que le cost\u00f3 la vida horas mas tarde. Todo actividad ya hab\u00eda sido suspendida.\u00a0","robots":{"index":"index","follow":"follow","max-snippet":"max-snippet:-1","max-image-preview":"max-image-preview:large","max-video-preview":"max-video-preview:-1"},"canonical":"https:\/\/deportesanluis.com.ar\/tragedia-en-el-turismo-pista-san-luis\/","og_locale":"es_ES","og_type":"article","og_title":"Tragedia en el Turismo Pista San Luis - DSL","og_description":"Ocurri\u00f3 este domingo cuando comenzaba a disputarse la Fecha 5 en el Aut\u00f3dromo de R\u00edo Cuarto. El piloto Claudio Segarra de la Monomarca Fiat sufri\u00f3 un duro accidente que le cost\u00f3 la vida horas mas tarde. Todo actividad ya hab\u00eda sido suspendida.\u00a0","og_url":"https:\/\/deportesanluis.com.ar\/tragedia-en-el-turismo-pista-san-luis\/","og_site_name":"DSL","article_publisher":"https:\/\/www.facebook.com\/DSLDeporteSanLuis","article_published_time":"2025-08-11T14:50:18+00:00","article_modified_time":"2025-08-17T00:42:13+00:00","og_image":[{"width":800,"height":500,"url":"https:\/\/deportesanluis.com.ar\/wp-content\/uploads\/2025\/08\/Segarra-QEPD.jpg","type":"image\/jpeg"}],"author":"admin","twitter_card":"summary_large_image","twitter_creator":"@deportesanluis","twitter_site":"@deportesanluis","twitter_misc":{"Escrito por":"admin","Tiempo de lectura":"1 minuto"},"schema":{"@context":"https:\/\/schema.org","@graph":[{"@type":"Article","@id":"https:\/\/deportesanluis.com.ar\/tragedia-en-el-turismo-pista-san-luis\/#article","isPartOf":{"@id":"https:\/\/deportesanluis.com.ar\/tragedia-en-el-turismo-pista-san-luis\/"},"author":{"name":"admin","@id":"https:\/\/deportesanluis.com.ar\/#\/schema\/person\/4b3e665481e93d271fced43ee48143c8"},"headline":"Tragedia en el Turismo Pista San Luis","datePublished":"2025-08-11T14:50:18+00:00","dateModified":"2025-08-17T00:42:13+00:00","mainEntityOfPage":{"@id":"https:\/\/deportesanluis.com.ar\/tragedia-en-el-turismo-pista-san-luis\/"},"wordCount":139,"publisher":{"@id":"https:\/\/deportesanluis.com.ar\/#organization"},"image":{"@id":"https:\/\/deportesanluis.com.ar\/tragedia-en-el-turismo-pista-san-luis\/#primaryimage"},"thumbnailUrl":"https:\/\/deportesanluis.com.ar\/wp-content\/uploads\/2025\/08\/Segarra-QEPD.jpg","keywords":["TPSL"],"articleSection":["15","Motores","TPSL"],"inLanguage":"es-AR"},{"@type":"WebPage","@id":"https:\/\/deportesanluis.com.ar\/tragedia-en-el-turismo-pista-san-luis\/","url":"https:\/\/deportesanluis.com.ar\/tragedia-en-el-turismo-pista-san-luis\/","name":"Tragedia en el Turismo Pista San Luis - DSL","isPartOf":{"@id":"https:\/\/deportesanluis.com.ar\/#website"},"primaryImageOfPage":{"@id":"https:\/\/deportesanluis.com.ar\/tragedia-en-el-turismo-pista-san-luis\/#primaryimage"},"image":{"@id":"https:\/\/deportesanluis.com.ar\/tragedia-en-el-turismo-pista-san-luis\/#primaryimage"},"thumbnailUrl":"https:\/\/deportesanluis.com.ar\/wp-content\/uploads\/2025\/08\/Segarra-QEPD.jpg","datePublished":"2025-08-11T14:50:18+00:00","dateModified":"2025-08-17T00:42:13+00:00","description":"Ocurri\u00f3 este domingo cuando comenzaba a disputarse la Fecha 5 en el Aut\u00f3dromo de R\u00edo Cuarto. El piloto Claudio Segarra de la Monomarca Fiat sufri\u00f3 un duro accidente que le cost\u00f3 la vida horas mas tarde. Todo actividad ya hab\u00eda sido suspendida.\u00a0","breadcrumb":{"@id":"https:\/\/deportesanluis.com.ar\/tragedia-en-el-turismo-pista-san-luis\/#breadcrumb"},"inLanguage":"es-AR","potentialAction":[{"@type":"ReadAction","target":["https:\/\/deportesanluis.com.ar\/tragedia-en-el-turismo-pista-san-luis\/"]}]},{"@type":"ImageObject","inLanguage":"es-AR","@id":"https:\/\/deportesanluis.com.ar\/tragedia-en-el-turismo-pista-san-luis\/#primaryimage","url":"https:\/\/deportesanluis.com.ar\/wp-content\/uploads\/2025\/08\/Segarra-QEPD.jpg","contentUrl":"https:\/\/deportesanluis.com.ar\/wp-content\/uploads\/2025\/08\/Segarra-QEPD.jpg","width":800,"height":500},{"@type":"BreadcrumbList","@id":"https:\/\/deportesanluis.com.ar\/tragedia-en-el-turismo-pista-san-luis\/#breadcrumb","itemListElement":[{"@type":"ListItem","position":1,"name":"Home","item":"https:\/\/deportesanluis.com.ar\/"},{"@type":"ListItem","position":2,"name":"Tragedia en el Turismo Pista San Luis"}]},{"@type":"WebSite","@id":"https:\/\/deportesanluis.com.ar\/#website","url":"https:\/\/deportesanluis.com.ar\/","name":"deportesanluis.com.ar","description":"Noticias de Deporte de San Luis","publisher":{"@id":"https:\/\/deportesanluis.com.ar\/#organization"},"alternateName":"Deporte SL","potentialAction":[{"@type":"SearchAction","target":{"@type":"EntryPoint","urlTemplate":"https:\/\/deportesanluis.com.ar\/?s={search_term_string}"},"query-input":{"@type":"PropertyValueSpecification","valueRequired":true,"valueName":"search_term_string"}}],"inLanguage":"es-AR"},{"@type":"Organization","@id":"https:\/\/deportesanluis.com.ar\/#organization","name":"DSL","alternateName":"Deporte SL","url":"https:\/\/deportesanluis.com.ar\/","logo":{"@type":"ImageObject","inLanguage":"es-AR","@id":"https:\/\/deportesanluis.com.ar\/#\/schema\/logo\/image\/","url":"https:\/\/deportesanluis.com.ar\/wp-content\/uploads\/2023\/06\/DSL-Logo-2023-5.jpg","contentUrl":"https:\/\/deportesanluis.com.ar\/wp-content\/uploads\/2023\/06\/DSL-Logo-2023-5.jpg","width":1718,"height":845,"caption":"DSL"},"image":{"@id":"https:\/\/deportesanluis.com.ar\/#\/schema\/logo\/image\/"},"sameAs":["https:\/\/www.facebook.com\/DSLDeporteSanLuis","https:\/\/x.com\/deportesanluis","https:\/\/www.instagram.com\/dsl_deportesanluis\/"]},{"@type":"Person","@id":"https:\/\/deportesanluis.com.ar\/#\/schema\/person\/4b3e665481e93d271fced43ee48143c8","name":"admin","image":{"@type":"ImageObject","inLanguage":"es-AR","@id":"https:\/\/secure.gravatar.com\/avatar\/5424b2c21466f502587708c43dbe2dc47b5e643fec67835095677cd3af6ba546?s=96&d=mm&r=g","url":"https:\/\/secure.gravatar.com\/avatar\/5424b2c21466f502587708c43dbe2dc47b5e643fec67835095677cd3af6ba546?s=96&d=mm&r=g","contentUrl":"https:\/\/secure.gravatar.com\/avatar\/5424b2c21466f502587708c43dbe2dc47b5e643fec67835095677cd3af6ba546?s=96&d=mm&r=g","caption":"admin"},"sameAs":["https:\/\/deportesanluis.com.ar"],"url":"https:\/\/deportesanluis.com.ar\/author\/admin\/"}]}},"_links":{"self":[{"href":"https:\/\/deportesanluis.com.ar\/wp-json\/wp\/v2\/posts\/28209","targetHints":{"allow":["GET"]}}],"collection":[{"href":"https:\/\/deportesanluis.com.ar\/wp-json\/wp\/v2\/posts"}],"about":[{"href":"https:\/\/deportesanluis.com.ar\/wp-json\/wp\/v2\/types\/post"}],"author":[{"embeddable":true,"href":"https:\/\/deportesanluis.com.ar\/wp-json\/wp\/v2\/users\/1"}],"replies":[{"embeddable":true,"href":"https:\/\/deportesanluis.com.ar\/wp-json\/wp\/v2\/comments?post=28209"}],"version-history":[{"count":0,"href":"https:\/\/deportesanluis.com.ar\/wp-json\/wp\/v2\/posts\/28209\/revisions"}],"wp:featuredmedia":[{"embeddable":true,"href":"https:\/\/deportesanluis.com.ar\/wp-json\/wp\/v2\/media\/28210"}],"wp:attachment":[{"href":"https:\/\/deportesanluis.com.ar\/wp-json\/wp\/v2\/media?parent=28209"}],"wp:term":[{"taxonomy":"category","embeddable":true,"href":"https:\/\/deportesanluis.com.ar\/wp-json\/wp\/v2\/categories?post=28209"},{"taxonomy":"post_tag","embeddable":true,"href":"https:\/\/deportesanluis.com.ar\/wp-json\/wp\/v2\/tags?post=28209"}],"curies":[{"name":"wp","href":"https:\/\/api.w.org\/{rel}","templated":true}]}}