{"id":28358,"date":"2025-08-20T10:07:52","date_gmt":"2025-08-20T13:07:52","guid":{"rendered":"https:\/\/deportesanluis.com.ar\/?p=28358"},"modified":"2025-08-24T19:30:30","modified_gmt":"2025-08-24T22:30:30","slug":"fin-de-semana-cargada-para-el-rugby-puntano","status":"publish","type":"post","link":"https:\/\/deportesanluis.com.ar\/fin-de-semana-cargada-para-el-rugby-puntano\/","title":{"rendered":"Fin de semana cargado para el rugby puntano"},"content":{"rendered":"<p>El rugby de San Luis tendr\u00e1 un fin de semana cargado de actividad con propuestas que abarcan desde la formaci\u00f3n infantil hasta la competencia de planteles superiores.<\/p>\n<p>El cronograma comenzar\u00e1 el viernes 22 de agosto a las 17:00 en la cancha de Los Teros Rugby Club con el Curso de Rugby Infantil Gratuito, dictado por el Lic. Alejandro Gustavo Costanzo y avalado por la Uni\u00f3n Argentina de Rugby y World Rugby. La capacitaci\u00f3n est\u00e1 abierta al p\u00fablico en general y no tiene costo de inscripci\u00f3n.<\/p>\n<p>La actividad continuar\u00e1 el s\u00e1bado 23 de agosto desde las 11:00, tambi\u00e9n en la cancha de Los Teros, con el Campus de Juveniles destinado a chicos de 13 a 18 a\u00f1os. El mismo ser\u00e1 coordinado por Costanzo, Manolo Latorre y Leandro Milanovich, y tendr\u00e1 como objetivo principal el entrenamiento y la preselecci\u00f3n de jugadores que conformar\u00e1n los combinados provinciales que representar\u00e1n a San Luis en los Juegos Evita y el Torneo Nacional M17.<\/p>\n<p>Finalmente, el rugby provincial vivir\u00e1 su fiesta mayor el domingo 24 de agosto desde las 14:00 en la cancha de Chancay Rugby Club, con la disputa del Quinto Encuentro Provincial de Planteles Superiores. Participar\u00e1n los equipos masculinos de Chancay, Los Teros, Herradura y La Rivera de Villa Mercedes; mientras que en la rama femenina estar\u00e1n presentes Chancay, Cautivas de Merlo y Las Sirenas de Villa Mercedes.<\/p>\n","protected":false},"excerpt":{"rendered":"<p>Entre el 22 y el 24 de agosto se desarrollar\u00e1n actividades formativas, campus de juveniles y el quinto encuentro provincial con la participaci\u00f3n de equipos masculinos y femeninos. La sede principal ser\u00e1 la cancha de Los Teros Rugby Club.<\/p>\n","protected":false},"author":1,"featured_media":20271,"comment_status":"closed","ping_status":"closed","sticky":false,"template":"","format":"standard","meta":{"footnotes":""},"categories":[75,32,100],"tags":[101,149],"class_list":{"0":"post-28358","1":"post","2":"type-post","3":"status-publish","4":"format-standard","5":"has-post-thumbnail","7":"category-75","8":"category-poli","9":"category-rugby-poli","10":"tag-rugby","11":"tag-ursl"},"yoast_head":"<!-- This site is optimized with the Yoast SEO plugin v27.4 - https:\/\/yoast.com\/product\/yoast-seo-wordpress\/ -->\n<title>Fin de semana cargado para el rugby puntano - DSL<\/title>\n<meta name=\"description\" content=\"Entre el 22 y el 24 de agosto se desarrollar\u00e1n actividades formativas, campus de juveniles y el quinto encuentro provincial con la participaci\u00f3n de equipos masculinos y femeninos. La sede principal ser\u00e1 la cancha de Los Teros Rugby Club.\" \/>\n<meta name=\"robots\" content=\"index, follow, max-snippet:-1, max-image-preview:large, max-video-preview:-1\" \/>\n<link rel=\"canonical\" href=\"https:\/\/deportesanluis.com.ar\/fin-de-semana-cargada-para-el-rugby-puntano\/\" \/>\n<meta property=\"og:locale\" content=\"es_ES\" \/>\n<meta property=\"og:type\" content=\"article\" \/>\n<meta property=\"og:title\" content=\"Fin de semana cargado para el rugby puntano - DSL\" \/>\n<meta property=\"og:description\" content=\"Entre el 22 y el 24 de agosto se desarrollar\u00e1n actividades formativas, campus de juveniles y el quinto encuentro provincial con la participaci\u00f3n de equipos masculinos y femeninos. La sede principal ser\u00e1 la cancha de Los Teros Rugby Club.\" \/>\n<meta property=\"og:url\" content=\"https:\/\/deportesanluis.com.ar\/fin-de-semana-cargada-para-el-rugby-puntano\/\" \/>\n<meta property=\"og:site_name\" content=\"DSL\" \/>\n<meta property=\"article:publisher\" content=\"https:\/\/www.facebook.com\/DSLDeporteSanLuis\" \/>\n<meta property=\"article:published_time\" content=\"2025-08-20T13:07:52+00:00\" \/>\n<meta property=\"article:modified_time\" content=\"2025-08-24T22:30:30+00:00\" \/>\n<meta property=\"og:image\" content=\"https:\/\/deportesanluis.com.ar\/wp-content\/uploads\/2024\/03\/URSL-Portada.jpg\" \/>\n\t<meta property=\"og:image:width\" content=\"800\" \/>\n\t<meta property=\"og:image:height\" content=\"436\" \/>\n\t<meta property=\"og:image:type\" content=\"image\/jpeg\" \/>\n<meta name=\"author\" content=\"admin\" \/>\n<meta name=\"twitter:card\" content=\"summary_large_image\" \/>\n<meta name=\"twitter:creator\" content=\"@deportesanluis\" \/>\n<meta name=\"twitter:site\" content=\"@deportesanluis\" \/>\n<meta name=\"twitter:label1\" content=\"Escrito por\" \/>\n\t<meta name=\"twitter:data1\" content=\"admin\" \/>\n\t<meta name=\"twitter:label2\" content=\"Tiempo de lectura\" \/>\n\t<meta name=\"twitter:data2\" content=\"2 minutos\" \/>\n<script type=\"application\/ld+json\" class=\"yoast-schema-graph\">{\"@context\":\"https:\\\/\\\/schema.org\",\"@graph\":[{\"@type\":\"Article\",\"@id\":\"https:\\\/\\\/deportesanluis.com.ar\\\/fin-de-semana-cargada-para-el-rugby-puntano\\\/#article\",\"isPartOf\":{\"@id\":\"https:\\\/\\\/deportesanluis.com.ar\\\/fin-de-semana-cargada-para-el-rugby-puntano\\\/\"},\"author\":{\"name\":\"admin\",\"@id\":\"https:\\\/\\\/deportesanluis.com.ar\\\/#\\\/schema\\\/person\\\/4b3e665481e93d271fced43ee48143c8\"},\"headline\":\"Fin de semana cargado para el rugby puntano\",\"datePublished\":\"2025-08-20T13:07:52+00:00\",\"dateModified\":\"2025-08-24T22:30:30+00:00\",\"mainEntityOfPage\":{\"@id\":\"https:\\\/\\\/deportesanluis.com.ar\\\/fin-de-semana-cargada-para-el-rugby-puntano\\\/\"},\"wordCount\":237,\"publisher\":{\"@id\":\"https:\\\/\\\/deportesanluis.com.ar\\\/#organization\"},\"image\":{\"@id\":\"https:\\\/\\\/deportesanluis.com.ar\\\/fin-de-semana-cargada-para-el-rugby-puntano\\\/#primaryimage\"},\"thumbnailUrl\":\"https:\\\/\\\/deportesanluis.com.ar\\\/wp-content\\\/uploads\\\/2024\\\/03\\\/URSL-Portada.jpg\",\"keywords\":[\"Rugby\",\"URSL\"],\"articleSection\":[\"15\",\"Poli\",\"Rugby\"],\"inLanguage\":\"es-AR\"},{\"@type\":\"WebPage\",\"@id\":\"https:\\\/\\\/deportesanluis.com.ar\\\/fin-de-semana-cargada-para-el-rugby-puntano\\\/\",\"url\":\"https:\\\/\\\/deportesanluis.com.ar\\\/fin-de-semana-cargada-para-el-rugby-puntano\\\/\",\"name\":\"Fin de semana cargado para el rugby puntano - DSL\",\"isPartOf\":{\"@id\":\"https:\\\/\\\/deportesanluis.com.ar\\\/#website\"},\"primaryImageOfPage\":{\"@id\":\"https:\\\/\\\/deportesanluis.com.ar\\\/fin-de-semana-cargada-para-el-rugby-puntano\\\/#primaryimage\"},\"image\":{\"@id\":\"https:\\\/\\\/deportesanluis.com.ar\\\/fin-de-semana-cargada-para-el-rugby-puntano\\\/#primaryimage\"},\"thumbnailUrl\":\"https:\\\/\\\/deportesanluis.com.ar\\\/wp-content\\\/uploads\\\/2024\\\/03\\\/URSL-Portada.jpg\",\"datePublished\":\"2025-08-20T13:07:52+00:00\",\"dateModified\":\"2025-08-24T22:30:30+00:00\",\"description\":\"Entre el 22 y el 24 de agosto se desarrollar\u00e1n actividades formativas, campus de juveniles y el quinto encuentro provincial con la participaci\u00f3n de equipos masculinos y femeninos. La sede principal ser\u00e1 la cancha de Los Teros Rugby Club.\",\"breadcrumb\":{\"@id\":\"https:\\\/\\\/deportesanluis.com.ar\\\/fin-de-semana-cargada-para-el-rugby-puntano\\\/#breadcrumb\"},\"inLanguage\":\"es-AR\",\"potentialAction\":[{\"@type\":\"ReadAction\",\"target\":[\"https:\\\/\\\/deportesanluis.com.ar\\\/fin-de-semana-cargada-para-el-rugby-puntano\\\/\"]}]},{\"@type\":\"ImageObject\",\"inLanguage\":\"es-AR\",\"@id\":\"https:\\\/\\\/deportesanluis.com.ar\\\/fin-de-semana-cargada-para-el-rugby-puntano\\\/#primaryimage\",\"url\":\"https:\\\/\\\/deportesanluis.com.ar\\\/wp-content\\\/uploads\\\/2024\\\/03\\\/URSL-Portada.jpg\",\"contentUrl\":\"https:\\\/\\\/deportesanluis.com.ar\\\/wp-content\\\/uploads\\\/2024\\\/03\\\/URSL-Portada.jpg\",\"width\":800,\"height\":436},{\"@type\":\"BreadcrumbList\",\"@id\":\"https:\\\/\\\/deportesanluis.com.ar\\\/fin-de-semana-cargada-para-el-rugby-puntano\\\/#breadcrumb\",\"itemListElement\":[{\"@type\":\"ListItem\",\"position\":1,\"name\":\"Home\",\"item\":\"https:\\\/\\\/deportesanluis.com.ar\\\/\"},{\"@type\":\"ListItem\",\"position\":2,\"name\":\"Fin de semana cargado para el rugby puntano\"}]},{\"@type\":\"WebSite\",\"@id\":\"https:\\\/\\\/deportesanluis.com.ar\\\/#website\",\"url\":\"https:\\\/\\\/deportesanluis.com.ar\\\/\",\"name\":\"deportesanluis.com.ar\",\"description\":\"Noticias de Deporte de San Luis\",\"publisher\":{\"@id\":\"https:\\\/\\\/deportesanluis.com.ar\\\/#organization\"},\"alternateName\":\"Deporte SL\",\"potentialAction\":[{\"@type\":\"SearchAction\",\"target\":{\"@type\":\"EntryPoint\",\"urlTemplate\":\"https:\\\/\\\/deportesanluis.com.ar\\\/?s={search_term_string}\"},\"query-input\":{\"@type\":\"PropertyValueSpecification\",\"valueRequired\":true,\"valueName\":\"search_term_string\"}}],\"inLanguage\":\"es-AR\"},{\"@type\":\"Organization\",\"@id\":\"https:\\\/\\\/deportesanluis.com.ar\\\/#organization\",\"name\":\"DSL\",\"alternateName\":\"Deporte SL\",\"url\":\"https:\\\/\\\/deportesanluis.com.ar\\\/\",\"logo\":{\"@type\":\"ImageObject\",\"inLanguage\":\"es-AR\",\"@id\":\"https:\\\/\\\/deportesanluis.com.ar\\\/#\\\/schema\\\/logo\\\/image\\\/\",\"url\":\"https:\\\/\\\/deportesanluis.com.ar\\\/wp-content\\\/uploads\\\/2023\\\/06\\\/DSL-Logo-2023-5.jpg\",\"contentUrl\":\"https:\\\/\\\/deportesanluis.com.ar\\\/wp-content\\\/uploads\\\/2023\\\/06\\\/DSL-Logo-2023-5.jpg\",\"width\":1718,\"height\":845,\"caption\":\"DSL\"},\"image\":{\"@id\":\"https:\\\/\\\/deportesanluis.com.ar\\\/#\\\/schema\\\/logo\\\/image\\\/\"},\"sameAs\":[\"https:\\\/\\\/www.facebook.com\\\/DSLDeporteSanLuis\",\"https:\\\/\\\/x.com\\\/deportesanluis\",\"https:\\\/\\\/www.instagram.com\\\/dsl_deportesanluis\\\/\"]},{\"@type\":\"Person\",\"@id\":\"https:\\\/\\\/deportesanluis.com.ar\\\/#\\\/schema\\\/person\\\/4b3e665481e93d271fced43ee48143c8\",\"name\":\"admin\",\"image\":{\"@type\":\"ImageObject\",\"inLanguage\":\"es-AR\",\"@id\":\"https:\\\/\\\/secure.gravatar.com\\\/avatar\\\/5424b2c21466f502587708c43dbe2dc47b5e643fec67835095677cd3af6ba546?s=96&d=mm&r=g\",\"url\":\"https:\\\/\\\/secure.gravatar.com\\\/avatar\\\/5424b2c21466f502587708c43dbe2dc47b5e643fec67835095677cd3af6ba546?s=96&d=mm&r=g\",\"contentUrl\":\"https:\\\/\\\/secure.gravatar.com\\\/avatar\\\/5424b2c21466f502587708c43dbe2dc47b5e643fec67835095677cd3af6ba546?s=96&d=mm&r=g\",\"caption\":\"admin\"},\"sameAs\":[\"https:\\\/\\\/deportesanluis.com.ar\"],\"url\":\"https:\\\/\\\/deportesanluis.com.ar\\\/author\\\/admin\\\/\"}]}<\/script>\n<!-- \/ Yoast SEO plugin. -->","yoast_head_json":{"title":"Fin de semana cargado para el rugby puntano - DSL","description":"Entre el 22 y el 24 de agosto se desarrollar\u00e1n actividades formativas, campus de juveniles y el quinto encuentro provincial con la participaci\u00f3n de equipos masculinos y femeninos. La sede principal ser\u00e1 la cancha de Los Teros Rugby Club.","robots":{"index":"index","follow":"follow","max-snippet":"max-snippet:-1","max-image-preview":"max-image-preview:large","max-video-preview":"max-video-preview:-1"},"canonical":"https:\/\/deportesanluis.com.ar\/fin-de-semana-cargada-para-el-rugby-puntano\/","og_locale":"es_ES","og_type":"article","og_title":"Fin de semana cargado para el rugby puntano - DSL","og_description":"Entre el 22 y el 24 de agosto se desarrollar\u00e1n actividades formativas, campus de juveniles y el quinto encuentro provincial con la participaci\u00f3n de equipos masculinos y femeninos. La sede principal ser\u00e1 la cancha de Los Teros Rugby Club.","og_url":"https:\/\/deportesanluis.com.ar\/fin-de-semana-cargada-para-el-rugby-puntano\/","og_site_name":"DSL","article_publisher":"https:\/\/www.facebook.com\/DSLDeporteSanLuis","article_published_time":"2025-08-20T13:07:52+00:00","article_modified_time":"2025-08-24T22:30:30+00:00","og_image":[{"width":800,"height":436,"url":"https:\/\/deportesanluis.com.ar\/wp-content\/uploads\/2024\/03\/URSL-Portada.jpg","type":"image\/jpeg"}],"author":"admin","twitter_card":"summary_large_image","twitter_creator":"@deportesanluis","twitter_site":"@deportesanluis","twitter_misc":{"Escrito por":"admin","Tiempo de lectura":"2 minutos"},"schema":{"@context":"https:\/\/schema.org","@graph":[{"@type":"Article","@id":"https:\/\/deportesanluis.com.ar\/fin-de-semana-cargada-para-el-rugby-puntano\/#article","isPartOf":{"@id":"https:\/\/deportesanluis.com.ar\/fin-de-semana-cargada-para-el-rugby-puntano\/"},"author":{"name":"admin","@id":"https:\/\/deportesanluis.com.ar\/#\/schema\/person\/4b3e665481e93d271fced43ee48143c8"},"headline":"Fin de semana cargado para el rugby puntano","datePublished":"2025-08-20T13:07:52+00:00","dateModified":"2025-08-24T22:30:30+00:00","mainEntityOfPage":{"@id":"https:\/\/deportesanluis.com.ar\/fin-de-semana-cargada-para-el-rugby-puntano\/"},"wordCount":237,"publisher":{"@id":"https:\/\/deportesanluis.com.ar\/#organization"},"image":{"@id":"https:\/\/deportesanluis.com.ar\/fin-de-semana-cargada-para-el-rugby-puntano\/#primaryimage"},"thumbnailUrl":"https:\/\/deportesanluis.com.ar\/wp-content\/uploads\/2024\/03\/URSL-Portada.jpg","keywords":["Rugby","URSL"],"articleSection":["15","Poli","Rugby"],"inLanguage":"es-AR"},{"@type":"WebPage","@id":"https:\/\/deportesanluis.com.ar\/fin-de-semana-cargada-para-el-rugby-puntano\/","url":"https:\/\/deportesanluis.com.ar\/fin-de-semana-cargada-para-el-rugby-puntano\/","name":"Fin de semana cargado para el rugby puntano - DSL","isPartOf":{"@id":"https:\/\/deportesanluis.com.ar\/#website"},"primaryImageOfPage":{"@id":"https:\/\/deportesanluis.com.ar\/fin-de-semana-cargada-para-el-rugby-puntano\/#primaryimage"},"image":{"@id":"https:\/\/deportesanluis.com.ar\/fin-de-semana-cargada-para-el-rugby-puntano\/#primaryimage"},"thumbnailUrl":"https:\/\/deportesanluis.com.ar\/wp-content\/uploads\/2024\/03\/URSL-Portada.jpg","datePublished":"2025-08-20T13:07:52+00:00","dateModified":"2025-08-24T22:30:30+00:00","description":"Entre el 22 y el 24 de agosto se desarrollar\u00e1n actividades formativas, campus de juveniles y el quinto encuentro provincial con la participaci\u00f3n de equipos masculinos y femeninos. La sede principal ser\u00e1 la cancha de Los Teros Rugby Club.","breadcrumb":{"@id":"https:\/\/deportesanluis.com.ar\/fin-de-semana-cargada-para-el-rugby-puntano\/#breadcrumb"},"inLanguage":"es-AR","potentialAction":[{"@type":"ReadAction","target":["https:\/\/deportesanluis.com.ar\/fin-de-semana-cargada-para-el-rugby-puntano\/"]}]},{"@type":"ImageObject","inLanguage":"es-AR","@id":"https:\/\/deportesanluis.com.ar\/fin-de-semana-cargada-para-el-rugby-puntano\/#primaryimage","url":"https:\/\/deportesanluis.com.ar\/wp-content\/uploads\/2024\/03\/URSL-Portada.jpg","contentUrl":"https:\/\/deportesanluis.com.ar\/wp-content\/uploads\/2024\/03\/URSL-Portada.jpg","width":800,"height":436},{"@type":"BreadcrumbList","@id":"https:\/\/deportesanluis.com.ar\/fin-de-semana-cargada-para-el-rugby-puntano\/#breadcrumb","itemListElement":[{"@type":"ListItem","position":1,"name":"Home","item":"https:\/\/deportesanluis.com.ar\/"},{"@type":"ListItem","position":2,"name":"Fin de semana cargado para el rugby puntano"}]},{"@type":"WebSite","@id":"https:\/\/deportesanluis.com.ar\/#website","url":"https:\/\/deportesanluis.com.ar\/","name":"deportesanluis.com.ar","description":"Noticias de Deporte de San Luis","publisher":{"@id":"https:\/\/deportesanluis.com.ar\/#organization"},"alternateName":"Deporte SL","potentialAction":[{"@type":"SearchAction","target":{"@type":"EntryPoint","urlTemplate":"https:\/\/deportesanluis.com.ar\/?s={search_term_string}"},"query-input":{"@type":"PropertyValueSpecification","valueRequired":true,"valueName":"search_term_string"}}],"inLanguage":"es-AR"},{"@type":"Organization","@id":"https:\/\/deportesanluis.com.ar\/#organization","name":"DSL","alternateName":"Deporte SL","url":"https:\/\/deportesanluis.com.ar\/","logo":{"@type":"ImageObject","inLanguage":"es-AR","@id":"https:\/\/deportesanluis.com.ar\/#\/schema\/logo\/image\/","url":"https:\/\/deportesanluis.com.ar\/wp-content\/uploads\/2023\/06\/DSL-Logo-2023-5.jpg","contentUrl":"https:\/\/deportesanluis.com.ar\/wp-content\/uploads\/2023\/06\/DSL-Logo-2023-5.jpg","width":1718,"height":845,"caption":"DSL"},"image":{"@id":"https:\/\/deportesanluis.com.ar\/#\/schema\/logo\/image\/"},"sameAs":["https:\/\/www.facebook.com\/DSLDeporteSanLuis","https:\/\/x.com\/deportesanluis","https:\/\/www.instagram.com\/dsl_deportesanluis\/"]},{"@type":"Person","@id":"https:\/\/deportesanluis.com.ar\/#\/schema\/person\/4b3e665481e93d271fced43ee48143c8","name":"admin","image":{"@type":"ImageObject","inLanguage":"es-AR","@id":"https:\/\/secure.gravatar.com\/avatar\/5424b2c21466f502587708c43dbe2dc47b5e643fec67835095677cd3af6ba546?s=96&d=mm&r=g","url":"https:\/\/secure.gravatar.com\/avatar\/5424b2c21466f502587708c43dbe2dc47b5e643fec67835095677cd3af6ba546?s=96&d=mm&r=g","contentUrl":"https:\/\/secure.gravatar.com\/avatar\/5424b2c21466f502587708c43dbe2dc47b5e643fec67835095677cd3af6ba546?s=96&d=mm&r=g","caption":"admin"},"sameAs":["https:\/\/deportesanluis.com.ar"],"url":"https:\/\/deportesanluis.com.ar\/author\/admin\/"}]}},"_links":{"self":[{"href":"https:\/\/deportesanluis.com.ar\/wp-json\/wp\/v2\/posts\/28358","targetHints":{"allow":["GET"]}}],"collection":[{"href":"https:\/\/deportesanluis.com.ar\/wp-json\/wp\/v2\/posts"}],"about":[{"href":"https:\/\/deportesanluis.com.ar\/wp-json\/wp\/v2\/types\/post"}],"author":[{"embeddable":true,"href":"https:\/\/deportesanluis.com.ar\/wp-json\/wp\/v2\/users\/1"}],"replies":[{"embeddable":true,"href":"https:\/\/deportesanluis.com.ar\/wp-json\/wp\/v2\/comments?post=28358"}],"version-history":[{"count":0,"href":"https:\/\/deportesanluis.com.ar\/wp-json\/wp\/v2\/posts\/28358\/revisions"}],"wp:featuredmedia":[{"embeddable":true,"href":"https:\/\/deportesanluis.com.ar\/wp-json\/wp\/v2\/media\/20271"}],"wp:attachment":[{"href":"https:\/\/deportesanluis.com.ar\/wp-json\/wp\/v2\/media?parent=28358"}],"wp:term":[{"taxonomy":"category","embeddable":true,"href":"https:\/\/deportesanluis.com.ar\/wp-json\/wp\/v2\/categories?post=28358"},{"taxonomy":"post_tag","embeddable":true,"href":"https:\/\/deportesanluis.com.ar\/wp-json\/wp\/v2\/tags?post=28358"}],"curies":[{"name":"wp","href":"https:\/\/api.w.org\/{rel}","templated":true}]}}