{"id":28636,"date":"2025-09-06T23:21:17","date_gmt":"2025-09-07T02:21:17","guid":{"rendered":"https:\/\/deportesanluis.com.ar\/?p=28636"},"modified":"2025-09-06T23:21:17","modified_gmt":"2025-09-07T02:21:17","slug":"baldoni-es-lider-del-rally-de-san-luis","status":"publish","type":"post","link":"https:\/\/deportesanluis.com.ar\/baldoni-es-lider-del-rally-de-san-luis\/","title":{"rendered":"Baldoni es l\u00edder del Rally de San Luis"},"content":{"rendered":"<p>Este s\u00e1bado se complet\u00f3 la primera etapa del Rally de San Luis, s\u00e9ptima fecha del Campeonato Argentino con un claro dominador, el puntano Miguel Baldoni (Skoda Fabia).,<\/p>\n<p>El actual l\u00edder de la Clase RC2 brill\u00f3 por la ma\u00f1ana pero, por la tarde, cedi\u00f3 algo de terreno en Paso del Rey-Inti Huasi y en el Super Especial del Ej\u00e9rcito Argentino en manos del chileno Mart\u00edn Scuncio (Skoda) y del cordob\u00e9s Federico Villagra (Hyundai).<\/p>\n<p>Baldoni y Franchello mandan en la General y en la categor\u00eda con una marca de 44min. 18,4seg. Lo sigue Scuncio a 10,3seg. y el sanjuanino Gast\u00f3n Past\u00e9n (Skoda Fabia) navegado por el mercedino Mat\u00edas Ramos a 27,2seg.<\/p>\n<p>Villagra y Augusto D\u00b4Agostini (Skoda Fabia) completan los mejores cinco lugares. El mercedino Gonzalo D\u00edaz, navegante de Diego Mart\u00ednez (Skoda Fabia), en tanto, se ubican en el noveno lugar de la Clase RC2.<\/p>\n<div id='gallery-1' class='gallery galleryid-28636 gallery-columns-3 gallery-size-full'><figure class='gallery-item'>\n\t\t\t<div class='gallery-icon landscape'>\n\t\t\t\t<a href='https:\/\/deportesanluis.com.ar\/wp-content\/uploads\/2025\/09\/Miguel-Baldoni-Rally-SanLuis-1-RA25.jpeg'><img loading=\"lazy\" decoding=\"async\" width=\"1600\" height=\"1066\" src=\"https:\/\/deportesanluis.com.ar\/wp-content\/uploads\/2025\/09\/Miguel-Baldoni-Rally-SanLuis-1-RA25.jpeg\" class=\"attachment-full size-full\" alt=\"\" aria-describedby=\"gallery-1-28639\" \/><\/a>\n\t\t\t<\/div>\n\t\t\t\t<figcaption class='wp-caption-text gallery-caption' id='gallery-1-28639'>\n\t\t\t\tBaldoni\n\t\t\t\t<\/figcaption><\/figure><figure class='gallery-item'>\n\t\t\t<div class='gallery-icon landscape'>\n\t\t\t\t<a href='https:\/\/deportesanluis.com.ar\/wp-content\/uploads\/2025\/09\/Pasten-Ramos-SanLuis-1-RA25.jpeg'><img loading=\"lazy\" decoding=\"async\" width=\"3108\" height=\"2072\" src=\"https:\/\/deportesanluis.com.ar\/wp-content\/uploads\/2025\/09\/Pasten-Ramos-SanLuis-1-RA25.jpeg\" class=\"attachment-full size-full\" alt=\"\" aria-describedby=\"gallery-1-28641\" \/><\/a>\n\t\t\t<\/div>\n\t\t\t\t<figcaption class='wp-caption-text gallery-caption' id='gallery-1-28641'>\n\t\t\t\tRamos\n\t\t\t\t<\/figcaption><\/figure><figure class='gallery-item'>\n\t\t\t<div class='gallery-icon landscape'>\n\t\t\t\t<a href='https:\/\/deportesanluis.com.ar\/wp-content\/uploads\/2025\/09\/Miguel-Baldoni-Rally-SanLuis-2-RA25.jpeg'><img loading=\"lazy\" decoding=\"async\" width=\"4160\" height=\"2774\" src=\"https:\/\/deportesanluis.com.ar\/wp-content\/uploads\/2025\/09\/Miguel-Baldoni-Rally-SanLuis-2-RA25.jpeg\" class=\"attachment-full size-full\" alt=\"\" aria-describedby=\"gallery-1-28640\" \/><\/a>\n\t\t\t<\/div>\n\t\t\t\t<figcaption class='wp-caption-text gallery-caption' id='gallery-1-28640'>\n\t\t\t\tBaldoni\n\t\t\t\t<\/figcaption><\/figure><figure class='gallery-item'>\n\t\t\t<div class='gallery-icon landscape'>\n\t\t\t\t<a href='https:\/\/deportesanluis.com.ar\/wp-content\/uploads\/2025\/09\/Federico-Villagra-SanLuis-1-RA25.jpeg'><img loading=\"lazy\" decoding=\"async\" width=\"1600\" height=\"1066\" src=\"https:\/\/deportesanluis.com.ar\/wp-content\/uploads\/2025\/09\/Federico-Villagra-SanLuis-1-RA25.jpeg\" class=\"attachment-full size-full\" alt=\"\" aria-describedby=\"gallery-1-28637\" \/><\/a>\n\t\t\t<\/div>\n\t\t\t\t<figcaption class='wp-caption-text gallery-caption' id='gallery-1-28637'>\n\t\t\t\tVillagra\n\t\t\t\t<\/figcaption><\/figure><figure class='gallery-item'>\n\t\t\t<div class='gallery-icon landscape'>\n\t\t\t\t<a href='https:\/\/deportesanluis.com.ar\/wp-content\/uploads\/2025\/09\/Ramiro-Kauffmann-SanLuis-1-RA25.jpeg'><img loading=\"lazy\" decoding=\"async\" width=\"1600\" height=\"1066\" src=\"https:\/\/deportesanluis.com.ar\/wp-content\/uploads\/2025\/09\/Ramiro-Kauffmann-SanLuis-1-RA25.jpeg\" class=\"attachment-full size-full\" alt=\"\" aria-describedby=\"gallery-1-28642\" \/><\/a>\n\t\t\t<\/div>\n\t\t\t\t<figcaption class='wp-caption-text gallery-caption' id='gallery-1-28642'>\n\t\t\t\tKaufmann\n\t\t\t\t<\/figcaption><\/figure><figure class='gallery-item'>\n\t\t\t<div class='gallery-icon landscape'>\n\t\t\t\t<a href='https:\/\/deportesanluis.com.ar\/wp-content\/uploads\/2025\/05\/Mario-Rasso-2-VueltaManzana-RA25.jpeg'><img loading=\"lazy\" decoding=\"async\" width=\"1600\" height=\"1066\" src=\"https:\/\/deportesanluis.com.ar\/wp-content\/uploads\/2025\/05\/Mario-Rasso-2-VueltaManzana-RA25.jpeg\" class=\"attachment-full size-full\" alt=\"\" aria-describedby=\"gallery-1-26813\" srcset=\"https:\/\/deportesanluis.com.ar\/wp-content\/uploads\/2025\/05\/Mario-Rasso-2-VueltaManzana-RA25.jpeg 1600w, https:\/\/deportesanluis.com.ar\/wp-content\/uploads\/2025\/05\/Mario-Rasso-2-VueltaManzana-RA25-300x200.jpeg 300w, https:\/\/deportesanluis.com.ar\/wp-content\/uploads\/2025\/05\/Mario-Rasso-2-VueltaManzana-RA25-1024x682.jpeg 1024w, https:\/\/deportesanluis.com.ar\/wp-content\/uploads\/2025\/05\/Mario-Rasso-2-VueltaManzana-RA25-768x512.jpeg 768w, https:\/\/deportesanluis.com.ar\/wp-content\/uploads\/2025\/05\/Mario-Rasso-2-VueltaManzana-RA25-1536x1023.jpeg 1536w, https:\/\/deportesanluis.com.ar\/wp-content\/uploads\/2025\/05\/Mario-Rasso-2-VueltaManzana-RA25-630x420.jpeg 630w, https:\/\/deportesanluis.com.ar\/wp-content\/uploads\/2025\/05\/Mario-Rasso-2-VueltaManzana-RA25-150x100.jpeg 150w, https:\/\/deportesanluis.com.ar\/wp-content\/uploads\/2025\/05\/Mario-Rasso-2-VueltaManzana-RA25-696x464.jpeg 696w, https:\/\/deportesanluis.com.ar\/wp-content\/uploads\/2025\/05\/Mario-Rasso-2-VueltaManzana-RA25-1068x712.jpeg 1068w\" sizes=\"auto, (max-width: 1600px) 100vw, 1600px\" \/><\/a>\n\t\t\t<\/div>\n\t\t\t\t<figcaption class='wp-caption-text gallery-caption' id='gallery-1-26813'>\n\t\t\t\tRasso (Archivo)\n\t\t\t\t<\/figcaption><\/figure><figure class='gallery-item'>\n\t\t\t<div class='gallery-icon landscape'>\n\t\t\t\t<a href='https:\/\/deportesanluis.com.ar\/wp-content\/uploads\/2025\/09\/Fernando-Pela-RallySanLuis-1-RA25.jpeg'><img loading=\"lazy\" decoding=\"async\" width=\"1600\" height=\"1066\" src=\"https:\/\/deportesanluis.com.ar\/wp-content\/uploads\/2025\/09\/Fernando-Pela-RallySanLuis-1-RA25.jpeg\" class=\"attachment-full size-full\" alt=\"\" aria-describedby=\"gallery-1-28638\" \/><\/a>\n\t\t\t<\/div>\n\t\t\t\t<figcaption class='wp-caption-text gallery-caption' id='gallery-1-28638'>\n\t\t\t\tPela\n\t\t\t\t<\/figcaption><\/figure>\n\t\t<\/div>\n\n<p>En la RCMR es l\u00edder Santino Rossi (VW Polo) seguido por Rub\u00e9n Montoro (VW Gol Trend) y Nadia Cutro (Toyota Yaris). El puntano Ramiro Kaufmann (Citr\u00f6en DS3) se ubica en el quinto lugar.<\/p>\n<p>La Clase RC3 es liderada por el tomense Mario Rasso (Peugeot 208) y lo sigue Nicol\u00e1s Gonz\u00e1lez (VW Gol Trend) y el puntano Fernando Pela (VW Gol Trend).<\/p>\n<p>La RC4 tiene como puntero a Juli\u00e1n Larrosa (Peugeot 208) mientras que, en la Clase RC5 el l\u00edder es Santiago Sabbatini (Ford Fiesta). El puntano Jorge Bertola (Nissan March) se ubica en el noveno lugar mientras que Feliciano De La Mota (Ford Fiesta) abandon\u00f3.<\/p>\n<p>Este domingo se definir\u00e1 el Rally de San Luis con dos pasadas por los tramos R\u00edo Grande-El Trapiche y Punta Sol-Ruta 31 m\u00e1s un paso por el ahora denominado tramo &#8220;Feco&#8221; Schmid entre Estancia Grande y un Potrero de los Funes que se vestir\u00e1 de gala con el Super Especial y el podio Final.<\/p>\n<hr \/>\n<p><strong>Nota:<\/strong> Redacci\u00f3n\u00a0 \u00a0<strong>Fotos:<\/strong> Prensa RA<\/p>\n","protected":false},"excerpt":{"rendered":"<p>El puntano se qued\u00f3 con cinco de las siete pruebas especiales del d\u00eda y es quien manda en la General y en la Clase RC2. El tomense Mario Rasso es l\u00edder de la Clase RC3 donde, adem\u00e1s, es tercero Fernando Pela.\u00a0<\/p>\n","protected":false},"author":1,"featured_media":28639,"comment_status":"closed","ping_status":"closed","sticky":false,"template":"","format":"standard","meta":{"footnotes":""},"categories":[45,51,154],"tags":[159],"class_list":{"0":"post-28636","1":"post","2":"type-post","3":"status-publish","4":"format-standard","5":"has-post-thumbnail","7":"category-45","8":"category-motores","9":"category-ra","10":"tag-rally-argentino"},"yoast_head":"<!-- This site is optimized with the Yoast SEO plugin v27.4 - https:\/\/yoast.com\/product\/yoast-seo-wordpress\/ -->\n<title>Baldoni es l\u00edder del Rally de San Luis - DSL<\/title>\n<meta name=\"description\" content=\"El puntano se qued\u00f3 con cinco de las siete pruebas especiales del d\u00eda y es quien manda en la General y en la Clase RC2. El tomense Mario Rasso es l\u00edder de la Clase RC3 donde, adem\u00e1s, es tercero Fernando Pela.\u00a0\" \/>\n<meta name=\"robots\" content=\"index, follow, max-snippet:-1, max-image-preview:large, max-video-preview:-1\" \/>\n<link rel=\"canonical\" href=\"https:\/\/deportesanluis.com.ar\/baldoni-es-lider-del-rally-de-san-luis\/\" \/>\n<meta property=\"og:locale\" content=\"es_ES\" \/>\n<meta property=\"og:type\" content=\"article\" \/>\n<meta property=\"og:title\" content=\"Baldoni es l\u00edder del Rally de San Luis - DSL\" \/>\n<meta property=\"og:description\" content=\"El puntano se qued\u00f3 con cinco de las siete pruebas especiales del d\u00eda y es quien manda en la General y en la Clase RC2. El tomense Mario Rasso es l\u00edder de la Clase RC3 donde, adem\u00e1s, es tercero Fernando Pela.\u00a0\" \/>\n<meta property=\"og:url\" content=\"https:\/\/deportesanluis.com.ar\/baldoni-es-lider-del-rally-de-san-luis\/\" \/>\n<meta property=\"og:site_name\" content=\"DSL\" \/>\n<meta property=\"article:publisher\" content=\"https:\/\/www.facebook.com\/DSLDeporteSanLuis\" \/>\n<meta property=\"article:published_time\" content=\"2025-09-07T02:21:17+00:00\" \/>\n<meta property=\"og:image\" content=\"https:\/\/deportesanluis.com.ar\/wp-content\/uploads\/2025\/09\/Miguel-Baldoni-Rally-SanLuis-1-RA25.jpeg\" \/>\n\t<meta property=\"og:image:width\" content=\"1600\" \/>\n\t<meta property=\"og:image:height\" content=\"1066\" \/>\n\t<meta property=\"og:image:type\" content=\"image\/jpeg\" \/>\n<meta name=\"author\" content=\"admin\" \/>\n<meta name=\"twitter:card\" content=\"summary_large_image\" \/>\n<meta name=\"twitter:creator\" content=\"@deportesanluis\" \/>\n<meta name=\"twitter:site\" content=\"@deportesanluis\" \/>\n<meta name=\"twitter:label1\" content=\"Escrito por\" \/>\n\t<meta name=\"twitter:data1\" content=\"admin\" \/>\n\t<meta name=\"twitter:label2\" content=\"Tiempo de lectura\" \/>\n\t<meta name=\"twitter:data2\" content=\"2 minutos\" \/>\n<script type=\"application\/ld+json\" class=\"yoast-schema-graph\">{\"@context\":\"https:\\\/\\\/schema.org\",\"@graph\":[{\"@type\":\"Article\",\"@id\":\"https:\\\/\\\/deportesanluis.com.ar\\\/baldoni-es-lider-del-rally-de-san-luis\\\/#article\",\"isPartOf\":{\"@id\":\"https:\\\/\\\/deportesanluis.com.ar\\\/baldoni-es-lider-del-rally-de-san-luis\\\/\"},\"author\":{\"name\":\"admin\",\"@id\":\"https:\\\/\\\/deportesanluis.com.ar\\\/#\\\/schema\\\/person\\\/4b3e665481e93d271fced43ee48143c8\"},\"headline\":\"Baldoni es l\u00edder del Rally de San Luis\",\"datePublished\":\"2025-09-07T02:21:17+00:00\",\"mainEntityOfPage\":{\"@id\":\"https:\\\/\\\/deportesanluis.com.ar\\\/baldoni-es-lider-del-rally-de-san-luis\\\/\"},\"wordCount\":342,\"publisher\":{\"@id\":\"https:\\\/\\\/deportesanluis.com.ar\\\/#organization\"},\"image\":{\"@id\":\"https:\\\/\\\/deportesanluis.com.ar\\\/baldoni-es-lider-del-rally-de-san-luis\\\/#primaryimage\"},\"thumbnailUrl\":\"https:\\\/\\\/deportesanluis.com.ar\\\/wp-content\\\/uploads\\\/2025\\\/09\\\/Miguel-Baldoni-Rally-SanLuis-1-RA25.jpeg\",\"keywords\":[\"Rally Argentino\"],\"articleSection\":[\"1\",\"Motores\",\"RA\"],\"inLanguage\":\"es-AR\"},{\"@type\":\"WebPage\",\"@id\":\"https:\\\/\\\/deportesanluis.com.ar\\\/baldoni-es-lider-del-rally-de-san-luis\\\/\",\"url\":\"https:\\\/\\\/deportesanluis.com.ar\\\/baldoni-es-lider-del-rally-de-san-luis\\\/\",\"name\":\"Baldoni es l\u00edder del Rally de San Luis - DSL\",\"isPartOf\":{\"@id\":\"https:\\\/\\\/deportesanluis.com.ar\\\/#website\"},\"primaryImageOfPage\":{\"@id\":\"https:\\\/\\\/deportesanluis.com.ar\\\/baldoni-es-lider-del-rally-de-san-luis\\\/#primaryimage\"},\"image\":{\"@id\":\"https:\\\/\\\/deportesanluis.com.ar\\\/baldoni-es-lider-del-rally-de-san-luis\\\/#primaryimage\"},\"thumbnailUrl\":\"https:\\\/\\\/deportesanluis.com.ar\\\/wp-content\\\/uploads\\\/2025\\\/09\\\/Miguel-Baldoni-Rally-SanLuis-1-RA25.jpeg\",\"datePublished\":\"2025-09-07T02:21:17+00:00\",\"description\":\"El puntano se qued\u00f3 con cinco de las siete pruebas especiales del d\u00eda y es quien manda en la General y en la Clase RC2. El tomense Mario Rasso es l\u00edder de la Clase RC3 donde, adem\u00e1s, es tercero Fernando Pela.\u00a0\",\"breadcrumb\":{\"@id\":\"https:\\\/\\\/deportesanluis.com.ar\\\/baldoni-es-lider-del-rally-de-san-luis\\\/#breadcrumb\"},\"inLanguage\":\"es-AR\",\"potentialAction\":[{\"@type\":\"ReadAction\",\"target\":[\"https:\\\/\\\/deportesanluis.com.ar\\\/baldoni-es-lider-del-rally-de-san-luis\\\/\"]}]},{\"@type\":\"ImageObject\",\"inLanguage\":\"es-AR\",\"@id\":\"https:\\\/\\\/deportesanluis.com.ar\\\/baldoni-es-lider-del-rally-de-san-luis\\\/#primaryimage\",\"url\":\"https:\\\/\\\/deportesanluis.com.ar\\\/wp-content\\\/uploads\\\/2025\\\/09\\\/Miguel-Baldoni-Rally-SanLuis-1-RA25.jpeg\",\"contentUrl\":\"https:\\\/\\\/deportesanluis.com.ar\\\/wp-content\\\/uploads\\\/2025\\\/09\\\/Miguel-Baldoni-Rally-SanLuis-1-RA25.jpeg\",\"width\":1600,\"height\":1066,\"caption\":\"Baldoni\"},{\"@type\":\"BreadcrumbList\",\"@id\":\"https:\\\/\\\/deportesanluis.com.ar\\\/baldoni-es-lider-del-rally-de-san-luis\\\/#breadcrumb\",\"itemListElement\":[{\"@type\":\"ListItem\",\"position\":1,\"name\":\"Home\",\"item\":\"https:\\\/\\\/deportesanluis.com.ar\\\/\"},{\"@type\":\"ListItem\",\"position\":2,\"name\":\"Baldoni es l\u00edder del Rally de San Luis\"}]},{\"@type\":\"WebSite\",\"@id\":\"https:\\\/\\\/deportesanluis.com.ar\\\/#website\",\"url\":\"https:\\\/\\\/deportesanluis.com.ar\\\/\",\"name\":\"deportesanluis.com.ar\",\"description\":\"Noticias de Deporte de San Luis\",\"publisher\":{\"@id\":\"https:\\\/\\\/deportesanluis.com.ar\\\/#organization\"},\"alternateName\":\"Deporte SL\",\"potentialAction\":[{\"@type\":\"SearchAction\",\"target\":{\"@type\":\"EntryPoint\",\"urlTemplate\":\"https:\\\/\\\/deportesanluis.com.ar\\\/?s={search_term_string}\"},\"query-input\":{\"@type\":\"PropertyValueSpecification\",\"valueRequired\":true,\"valueName\":\"search_term_string\"}}],\"inLanguage\":\"es-AR\"},{\"@type\":\"Organization\",\"@id\":\"https:\\\/\\\/deportesanluis.com.ar\\\/#organization\",\"name\":\"DSL\",\"alternateName\":\"Deporte SL\",\"url\":\"https:\\\/\\\/deportesanluis.com.ar\\\/\",\"logo\":{\"@type\":\"ImageObject\",\"inLanguage\":\"es-AR\",\"@id\":\"https:\\\/\\\/deportesanluis.com.ar\\\/#\\\/schema\\\/logo\\\/image\\\/\",\"url\":\"https:\\\/\\\/deportesanluis.com.ar\\\/wp-content\\\/uploads\\\/2023\\\/06\\\/DSL-Logo-2023-5.jpg\",\"contentUrl\":\"https:\\\/\\\/deportesanluis.com.ar\\\/wp-content\\\/uploads\\\/2023\\\/06\\\/DSL-Logo-2023-5.jpg\",\"width\":1718,\"height\":845,\"caption\":\"DSL\"},\"image\":{\"@id\":\"https:\\\/\\\/deportesanluis.com.ar\\\/#\\\/schema\\\/logo\\\/image\\\/\"},\"sameAs\":[\"https:\\\/\\\/www.facebook.com\\\/DSLDeporteSanLuis\",\"https:\\\/\\\/x.com\\\/deportesanluis\",\"https:\\\/\\\/www.instagram.com\\\/dsl_deportesanluis\\\/\"]},{\"@type\":\"Person\",\"@id\":\"https:\\\/\\\/deportesanluis.com.ar\\\/#\\\/schema\\\/person\\\/4b3e665481e93d271fced43ee48143c8\",\"name\":\"admin\",\"image\":{\"@type\":\"ImageObject\",\"inLanguage\":\"es-AR\",\"@id\":\"https:\\\/\\\/secure.gravatar.com\\\/avatar\\\/5424b2c21466f502587708c43dbe2dc47b5e643fec67835095677cd3af6ba546?s=96&d=mm&r=g\",\"url\":\"https:\\\/\\\/secure.gravatar.com\\\/avatar\\\/5424b2c21466f502587708c43dbe2dc47b5e643fec67835095677cd3af6ba546?s=96&d=mm&r=g\",\"contentUrl\":\"https:\\\/\\\/secure.gravatar.com\\\/avatar\\\/5424b2c21466f502587708c43dbe2dc47b5e643fec67835095677cd3af6ba546?s=96&d=mm&r=g\",\"caption\":\"admin\"},\"sameAs\":[\"https:\\\/\\\/deportesanluis.com.ar\"],\"url\":\"https:\\\/\\\/deportesanluis.com.ar\\\/author\\\/admin\\\/\"}]}<\/script>\n<!-- \/ Yoast SEO plugin. -->","yoast_head_json":{"title":"Baldoni es l\u00edder del Rally de San Luis - DSL","description":"El puntano se qued\u00f3 con cinco de las siete pruebas especiales del d\u00eda y es quien manda en la General y en la Clase RC2. El tomense Mario Rasso es l\u00edder de la Clase RC3 donde, adem\u00e1s, es tercero Fernando Pela.\u00a0","robots":{"index":"index","follow":"follow","max-snippet":"max-snippet:-1","max-image-preview":"max-image-preview:large","max-video-preview":"max-video-preview:-1"},"canonical":"https:\/\/deportesanluis.com.ar\/baldoni-es-lider-del-rally-de-san-luis\/","og_locale":"es_ES","og_type":"article","og_title":"Baldoni es l\u00edder del Rally de San Luis - DSL","og_description":"El puntano se qued\u00f3 con cinco de las siete pruebas especiales del d\u00eda y es quien manda en la General y en la Clase RC2. El tomense Mario Rasso es l\u00edder de la Clase RC3 donde, adem\u00e1s, es tercero Fernando Pela.\u00a0","og_url":"https:\/\/deportesanluis.com.ar\/baldoni-es-lider-del-rally-de-san-luis\/","og_site_name":"DSL","article_publisher":"https:\/\/www.facebook.com\/DSLDeporteSanLuis","article_published_time":"2025-09-07T02:21:17+00:00","og_image":[{"width":1600,"height":1066,"url":"https:\/\/deportesanluis.com.ar\/wp-content\/uploads\/2025\/09\/Miguel-Baldoni-Rally-SanLuis-1-RA25.jpeg","type":"image\/jpeg"}],"author":"admin","twitter_card":"summary_large_image","twitter_creator":"@deportesanluis","twitter_site":"@deportesanluis","twitter_misc":{"Escrito por":"admin","Tiempo de lectura":"2 minutos"},"schema":{"@context":"https:\/\/schema.org","@graph":[{"@type":"Article","@id":"https:\/\/deportesanluis.com.ar\/baldoni-es-lider-del-rally-de-san-luis\/#article","isPartOf":{"@id":"https:\/\/deportesanluis.com.ar\/baldoni-es-lider-del-rally-de-san-luis\/"},"author":{"name":"admin","@id":"https:\/\/deportesanluis.com.ar\/#\/schema\/person\/4b3e665481e93d271fced43ee48143c8"},"headline":"Baldoni es l\u00edder del Rally de San Luis","datePublished":"2025-09-07T02:21:17+00:00","mainEntityOfPage":{"@id":"https:\/\/deportesanluis.com.ar\/baldoni-es-lider-del-rally-de-san-luis\/"},"wordCount":342,"publisher":{"@id":"https:\/\/deportesanluis.com.ar\/#organization"},"image":{"@id":"https:\/\/deportesanluis.com.ar\/baldoni-es-lider-del-rally-de-san-luis\/#primaryimage"},"thumbnailUrl":"https:\/\/deportesanluis.com.ar\/wp-content\/uploads\/2025\/09\/Miguel-Baldoni-Rally-SanLuis-1-RA25.jpeg","keywords":["Rally Argentino"],"articleSection":["1","Motores","RA"],"inLanguage":"es-AR"},{"@type":"WebPage","@id":"https:\/\/deportesanluis.com.ar\/baldoni-es-lider-del-rally-de-san-luis\/","url":"https:\/\/deportesanluis.com.ar\/baldoni-es-lider-del-rally-de-san-luis\/","name":"Baldoni es l\u00edder del Rally de San Luis - DSL","isPartOf":{"@id":"https:\/\/deportesanluis.com.ar\/#website"},"primaryImageOfPage":{"@id":"https:\/\/deportesanluis.com.ar\/baldoni-es-lider-del-rally-de-san-luis\/#primaryimage"},"image":{"@id":"https:\/\/deportesanluis.com.ar\/baldoni-es-lider-del-rally-de-san-luis\/#primaryimage"},"thumbnailUrl":"https:\/\/deportesanluis.com.ar\/wp-content\/uploads\/2025\/09\/Miguel-Baldoni-Rally-SanLuis-1-RA25.jpeg","datePublished":"2025-09-07T02:21:17+00:00","description":"El puntano se qued\u00f3 con cinco de las siete pruebas especiales del d\u00eda y es quien manda en la General y en la Clase RC2. El tomense Mario Rasso es l\u00edder de la Clase RC3 donde, adem\u00e1s, es tercero Fernando Pela.\u00a0","breadcrumb":{"@id":"https:\/\/deportesanluis.com.ar\/baldoni-es-lider-del-rally-de-san-luis\/#breadcrumb"},"inLanguage":"es-AR","potentialAction":[{"@type":"ReadAction","target":["https:\/\/deportesanluis.com.ar\/baldoni-es-lider-del-rally-de-san-luis\/"]}]},{"@type":"ImageObject","inLanguage":"es-AR","@id":"https:\/\/deportesanluis.com.ar\/baldoni-es-lider-del-rally-de-san-luis\/#primaryimage","url":"https:\/\/deportesanluis.com.ar\/wp-content\/uploads\/2025\/09\/Miguel-Baldoni-Rally-SanLuis-1-RA25.jpeg","contentUrl":"https:\/\/deportesanluis.com.ar\/wp-content\/uploads\/2025\/09\/Miguel-Baldoni-Rally-SanLuis-1-RA25.jpeg","width":1600,"height":1066,"caption":"Baldoni"},{"@type":"BreadcrumbList","@id":"https:\/\/deportesanluis.com.ar\/baldoni-es-lider-del-rally-de-san-luis\/#breadcrumb","itemListElement":[{"@type":"ListItem","position":1,"name":"Home","item":"https:\/\/deportesanluis.com.ar\/"},{"@type":"ListItem","position":2,"name":"Baldoni es l\u00edder del Rally de San Luis"}]},{"@type":"WebSite","@id":"https:\/\/deportesanluis.com.ar\/#website","url":"https:\/\/deportesanluis.com.ar\/","name":"deportesanluis.com.ar","description":"Noticias de Deporte de San Luis","publisher":{"@id":"https:\/\/deportesanluis.com.ar\/#organization"},"alternateName":"Deporte SL","potentialAction":[{"@type":"SearchAction","target":{"@type":"EntryPoint","urlTemplate":"https:\/\/deportesanluis.com.ar\/?s={search_term_string}"},"query-input":{"@type":"PropertyValueSpecification","valueRequired":true,"valueName":"search_term_string"}}],"inLanguage":"es-AR"},{"@type":"Organization","@id":"https:\/\/deportesanluis.com.ar\/#organization","name":"DSL","alternateName":"Deporte SL","url":"https:\/\/deportesanluis.com.ar\/","logo":{"@type":"ImageObject","inLanguage":"es-AR","@id":"https:\/\/deportesanluis.com.ar\/#\/schema\/logo\/image\/","url":"https:\/\/deportesanluis.com.ar\/wp-content\/uploads\/2023\/06\/DSL-Logo-2023-5.jpg","contentUrl":"https:\/\/deportesanluis.com.ar\/wp-content\/uploads\/2023\/06\/DSL-Logo-2023-5.jpg","width":1718,"height":845,"caption":"DSL"},"image":{"@id":"https:\/\/deportesanluis.com.ar\/#\/schema\/logo\/image\/"},"sameAs":["https:\/\/www.facebook.com\/DSLDeporteSanLuis","https:\/\/x.com\/deportesanluis","https:\/\/www.instagram.com\/dsl_deportesanluis\/"]},{"@type":"Person","@id":"https:\/\/deportesanluis.com.ar\/#\/schema\/person\/4b3e665481e93d271fced43ee48143c8","name":"admin","image":{"@type":"ImageObject","inLanguage":"es-AR","@id":"https:\/\/secure.gravatar.com\/avatar\/5424b2c21466f502587708c43dbe2dc47b5e643fec67835095677cd3af6ba546?s=96&d=mm&r=g","url":"https:\/\/secure.gravatar.com\/avatar\/5424b2c21466f502587708c43dbe2dc47b5e643fec67835095677cd3af6ba546?s=96&d=mm&r=g","contentUrl":"https:\/\/secure.gravatar.com\/avatar\/5424b2c21466f502587708c43dbe2dc47b5e643fec67835095677cd3af6ba546?s=96&d=mm&r=g","caption":"admin"},"sameAs":["https:\/\/deportesanluis.com.ar"],"url":"https:\/\/deportesanluis.com.ar\/author\/admin\/"}]}},"_links":{"self":[{"href":"https:\/\/deportesanluis.com.ar\/wp-json\/wp\/v2\/posts\/28636","targetHints":{"allow":["GET"]}}],"collection":[{"href":"https:\/\/deportesanluis.com.ar\/wp-json\/wp\/v2\/posts"}],"about":[{"href":"https:\/\/deportesanluis.com.ar\/wp-json\/wp\/v2\/types\/post"}],"author":[{"embeddable":true,"href":"https:\/\/deportesanluis.com.ar\/wp-json\/wp\/v2\/users\/1"}],"replies":[{"embeddable":true,"href":"https:\/\/deportesanluis.com.ar\/wp-json\/wp\/v2\/comments?post=28636"}],"version-history":[{"count":0,"href":"https:\/\/deportesanluis.com.ar\/wp-json\/wp\/v2\/posts\/28636\/revisions"}],"wp:featuredmedia":[{"embeddable":true,"href":"https:\/\/deportesanluis.com.ar\/wp-json\/wp\/v2\/media\/28639"}],"wp:attachment":[{"href":"https:\/\/deportesanluis.com.ar\/wp-json\/wp\/v2\/media?parent=28636"}],"wp:term":[{"taxonomy":"category","embeddable":true,"href":"https:\/\/deportesanluis.com.ar\/wp-json\/wp\/v2\/categories?post=28636"},{"taxonomy":"post_tag","embeddable":true,"href":"https:\/\/deportesanluis.com.ar\/wp-json\/wp\/v2\/tags?post=28636"}],"curies":[{"name":"wp","href":"https:\/\/api.w.org\/{rel}","templated":true}]}}