{"id":28692,"date":"2025-09-10T10:55:43","date_gmt":"2025-09-10T13:55:43","guid":{"rendered":"https:\/\/deportesanluis.com.ar\/?p=28692"},"modified":"2025-09-10T11:50:17","modified_gmt":"2025-09-10T14:50:17","slug":"san-luis-ya-se-destaca-en-los-jadar","status":"publish","type":"post","link":"https:\/\/deportesanluis.com.ar\/san-luis-ya-se-destaca-en-los-jadar\/","title":{"rendered":"San Luis ya se destaca en los JADAR"},"content":{"rendered":"<p>La primera edici\u00f3n de los Juegos Argentinos de Alto Rendimiento (JADAR) promete ser una gran fiesta deportiva que unir\u00e1 a toda la Argentina en la provincia de Santa Fe entre el 9 y el pr\u00f3ximo 14 de septiembre.<\/p>\n<p>Rosario es su sede principal y las ciudades de Santa Fe y Rafaela albergar\u00e1n ciertas disciplinas.<\/p>\n<p>San Luis es una de las provincias que, obviamente, es de la competencia con una delegaci\u00f3n conformada por 39 deportistas repartidos en doce disciplinas.<\/p>\n<p>La primera de ellas que cont\u00f3 con actividad fue el Para Ecuestre y all\u00ed San Luis ya sum\u00f3 su primer medalla de Plata que fue obtenida por Jos\u00e9 Neitzke.<\/p>\n<p><img loading=\"lazy\" decoding=\"async\" class=\"aligncenter size-full wp-image-28693\" src=\"https:\/\/deportesanluis.com.ar\/wp-content\/uploads\/2025\/09\/Jose-Neitzke-01-JADAR25.jpg\" alt=\"\" width=\"800\" height=\"500\" srcset=\"https:\/\/deportesanluis.com.ar\/wp-content\/uploads\/2025\/09\/Jose-Neitzke-01-JADAR25.jpg 800w, https:\/\/deportesanluis.com.ar\/wp-content\/uploads\/2025\/09\/Jose-Neitzke-01-JADAR25-300x188.jpg 300w, https:\/\/deportesanluis.com.ar\/wp-content\/uploads\/2025\/09\/Jose-Neitzke-01-JADAR25-768x480.jpg 768w, https:\/\/deportesanluis.com.ar\/wp-content\/uploads\/2025\/09\/Jose-Neitzke-01-JADAR25-672x420.jpg 672w, https:\/\/deportesanluis.com.ar\/wp-content\/uploads\/2025\/09\/Jose-Neitzke-01-JADAR25-150x94.jpg 150w, https:\/\/deportesanluis.com.ar\/wp-content\/uploads\/2025\/09\/Jose-Neitzke-01-JADAR25-696x435.jpg 696w\" sizes=\"auto, (max-width: 800px) 100vw, 800px\" \/><\/p>\n<p>Tambi\u00e9n ya participan en Ajedrez el Maestro FIDE (FM) Octavio Baz\u00e1n y la Maestra Internacional (WIM) Guadalupe Besso quienes se colgaron sendas medallas de Bronce en la modalidad Partida R\u00e1pida. Adem\u00e1s, ocuparon el cuarto puesto en Blitz.<\/p>\n<p>El Atletismo es un deporte que promete medallas con Luc\u00eda Juarez, Leslie Lucero, Mar\u00eda Jos\u00e9 Rosales, Karen Yacanto, Bruno De Genaro, Santiago Rivera, Lucas Villegas y Tom\u00e1s Villegas. Nara Roy buscar\u00e1 brillar en el Para Atletismo.<\/p>\n<p>El Boxeo estar\u00e1 representado por Josefina Gatica mientras qu\u00e9, en Ciclismo, las cartas estar\u00e1n puestas para Bel\u00e9n Buena, Mar\u00eda P\u00eda Claveles, Juan Andr\u00e9s Castillo, Lorenzo D\u00edaz, Lucas Gaday, Tom\u00e1s Moyano, Agust\u00edn Quiles e Ismael V\u00e1zquez.<\/p>\n<p>Promesa de podio es el Judo con Agustina Lahiton, Keisy Peraf\u00e1n y Agust\u00edn L\u00f3pez; en Karate todas las miradas estar\u00e1n puestas en Juli\u00e1n Midlell y Emir Albarado.<\/p>\n<p>En Levantamiento de Pesas ser\u00e1n figuras Mithji Mera, Tiago Dieguez y Agust\u00edn Escudero como as\u00ed tambi\u00e9n Isabela Otazo, William Oyola y Elias Vilche en Lucha Ol\u00edmpica.<\/p>\n<p>La Pelota Vasca contar\u00e1 con Roc\u00edo Molina, Emilia Heit, Andr\u00e9s y Alfredo Villegas quien fuera el abanderado de San Luis en la ceremonia inaugural.<\/p>\n<p>En Taekwondo se lucir\u00e1 Mar\u00eda Jos\u00e9 Artero y en Tenis de Mesa ya lo hacen Tob\u00edas Mart\u00ednez y Giuliano La V\u00eda.<\/p>\n<p>Las sedes de los JADAR 2025 son el Predio Ferial (ex Rural), Estadio Municipal, Hip\u00f3dromo, Plaza de las Ciencias, Gimnasia y Esgrima, Newell\u00b4s, Rosario Central, Estadio Provincial, Universitario, Jockey Club, Hurac\u00e1n, N\u00e1utico Avellaneda, Pueyrred\u00f3n Squash y el Museo de la Ciudad en Rosario.<\/p>\n<p>En Santa Fe el epicentro ser\u00e1 la Laguna Setubal y la Costanera mientras que, en Rafaela, la atenci\u00f3n ser\u00e1 en el Aut\u00f3dromo, en el Vel\u00f3dromo H\u00e9ctor Cassina y en las inmediaciones de las Ruta 34.<\/p>\n<hr \/>\n<p><strong>Nota:<\/strong> Redacci\u00f3n\u00a0 \u00a0<strong>Foto:<\/strong> Prensa JADAR<\/p>\n","protected":false},"excerpt":{"rendered":"<p>Los primeros Juegos Argentinos de Alta Rendimiento est\u00e1n marcha. Se realizan en Rosario con casi cuarenta deportistas puntanos en doce disciplinas. Jos\u00e9 Neitzke en Para Ecuestre, Besso y Baz\u00e1n en Ajedr\u00e9z sumaron las primeras medallas.\u00a0<\/p>\n","protected":false},"author":1,"featured_media":28694,"comment_status":"closed","ping_status":"closed","sticky":false,"template":"","format":"standard","meta":{"footnotes":""},"categories":[50,32],"tags":[413],"class_list":{"0":"post-28692","1":"post","2":"type-post","3":"status-publish","4":"format-standard","5":"has-post-thumbnail","7":"category-50","8":"category-poli","9":"tag-jadar"},"yoast_head":"<!-- This site is optimized with the Yoast SEO plugin v27.4 - https:\/\/yoast.com\/product\/yoast-seo-wordpress\/ -->\n<title>San Luis ya se destaca en los JADAR - DSL<\/title>\n<meta name=\"description\" content=\"Los primeros Juegos Argentinos de Alta Rendimiento est\u00e1n marcha. Se realizan en Rosario con casi cuarenta deportistas puntanos en doce disciplinas. Jos\u00e9 Neitzke en Para Ecuestre, Besso y Baz\u00e1n en Ajedr\u00e9z sumaron las primeras medallas.\u00a0\" \/>\n<meta name=\"robots\" content=\"index, follow, max-snippet:-1, max-image-preview:large, max-video-preview:-1\" \/>\n<link rel=\"canonical\" href=\"https:\/\/deportesanluis.com.ar\/san-luis-ya-se-destaca-en-los-jadar\/\" \/>\n<meta property=\"og:locale\" content=\"es_ES\" \/>\n<meta property=\"og:type\" content=\"article\" \/>\n<meta property=\"og:title\" content=\"San Luis ya se destaca en los JADAR - DSL\" \/>\n<meta property=\"og:description\" content=\"Los primeros Juegos Argentinos de Alta Rendimiento est\u00e1n marcha. Se realizan en Rosario con casi cuarenta deportistas puntanos en doce disciplinas. Jos\u00e9 Neitzke en Para Ecuestre, Besso y Baz\u00e1n en Ajedr\u00e9z sumaron las primeras medallas.\u00a0\" \/>\n<meta property=\"og:url\" content=\"https:\/\/deportesanluis.com.ar\/san-luis-ya-se-destaca-en-los-jadar\/\" \/>\n<meta property=\"og:site_name\" content=\"DSL\" \/>\n<meta property=\"article:publisher\" content=\"https:\/\/www.facebook.com\/DSLDeporteSanLuis\" \/>\n<meta property=\"article:published_time\" content=\"2025-09-10T13:55:43+00:00\" \/>\n<meta property=\"article:modified_time\" content=\"2025-09-10T14:50:17+00:00\" \/>\n<meta property=\"og:image\" content=\"https:\/\/deportesanluis.com.ar\/wp-content\/uploads\/2025\/09\/Jose-Neitzke-02-JADAR25.jpg\" \/>\n\t<meta property=\"og:image:width\" content=\"800\" \/>\n\t<meta property=\"og:image:height\" content=\"500\" \/>\n\t<meta property=\"og:image:type\" content=\"image\/jpeg\" \/>\n<meta name=\"author\" content=\"admin\" \/>\n<meta name=\"twitter:card\" content=\"summary_large_image\" \/>\n<meta name=\"twitter:creator\" content=\"@deportesanluis\" \/>\n<meta name=\"twitter:site\" content=\"@deportesanluis\" \/>\n<meta name=\"twitter:label1\" content=\"Escrito por\" \/>\n\t<meta name=\"twitter:data1\" content=\"admin\" \/>\n\t<meta name=\"twitter:label2\" content=\"Tiempo de lectura\" \/>\n\t<meta name=\"twitter:data2\" content=\"3 minutos\" \/>\n<script type=\"application\/ld+json\" class=\"yoast-schema-graph\">{\"@context\":\"https:\\\/\\\/schema.org\",\"@graph\":[{\"@type\":\"Article\",\"@id\":\"https:\\\/\\\/deportesanluis.com.ar\\\/san-luis-ya-se-destaca-en-los-jadar\\\/#article\",\"isPartOf\":{\"@id\":\"https:\\\/\\\/deportesanluis.com.ar\\\/san-luis-ya-se-destaca-en-los-jadar\\\/\"},\"author\":{\"name\":\"admin\",\"@id\":\"https:\\\/\\\/deportesanluis.com.ar\\\/#\\\/schema\\\/person\\\/4b3e665481e93d271fced43ee48143c8\"},\"headline\":\"San Luis ya se destaca en los JADAR\",\"datePublished\":\"2025-09-10T13:55:43+00:00\",\"dateModified\":\"2025-09-10T14:50:17+00:00\",\"mainEntityOfPage\":{\"@id\":\"https:\\\/\\\/deportesanluis.com.ar\\\/san-luis-ya-se-destaca-en-los-jadar\\\/\"},\"wordCount\":444,\"publisher\":{\"@id\":\"https:\\\/\\\/deportesanluis.com.ar\\\/#organization\"},\"image\":{\"@id\":\"https:\\\/\\\/deportesanluis.com.ar\\\/san-luis-ya-se-destaca-en-los-jadar\\\/#primaryimage\"},\"thumbnailUrl\":\"https:\\\/\\\/deportesanluis.com.ar\\\/wp-content\\\/uploads\\\/2025\\\/09\\\/Jose-Neitzke-02-JADAR25.jpg\",\"keywords\":[\"JADAR\"],\"articleSection\":[\"2\",\"Poli\"],\"inLanguage\":\"es-AR\"},{\"@type\":\"WebPage\",\"@id\":\"https:\\\/\\\/deportesanluis.com.ar\\\/san-luis-ya-se-destaca-en-los-jadar\\\/\",\"url\":\"https:\\\/\\\/deportesanluis.com.ar\\\/san-luis-ya-se-destaca-en-los-jadar\\\/\",\"name\":\"San Luis ya se destaca en los JADAR - DSL\",\"isPartOf\":{\"@id\":\"https:\\\/\\\/deportesanluis.com.ar\\\/#website\"},\"primaryImageOfPage\":{\"@id\":\"https:\\\/\\\/deportesanluis.com.ar\\\/san-luis-ya-se-destaca-en-los-jadar\\\/#primaryimage\"},\"image\":{\"@id\":\"https:\\\/\\\/deportesanluis.com.ar\\\/san-luis-ya-se-destaca-en-los-jadar\\\/#primaryimage\"},\"thumbnailUrl\":\"https:\\\/\\\/deportesanluis.com.ar\\\/wp-content\\\/uploads\\\/2025\\\/09\\\/Jose-Neitzke-02-JADAR25.jpg\",\"datePublished\":\"2025-09-10T13:55:43+00:00\",\"dateModified\":\"2025-09-10T14:50:17+00:00\",\"description\":\"Los primeros Juegos Argentinos de Alta Rendimiento est\u00e1n marcha. Se realizan en Rosario con casi cuarenta deportistas puntanos en doce disciplinas. Jos\u00e9 Neitzke en Para Ecuestre, Besso y Baz\u00e1n en Ajedr\u00e9z sumaron las primeras medallas.\u00a0\",\"breadcrumb\":{\"@id\":\"https:\\\/\\\/deportesanluis.com.ar\\\/san-luis-ya-se-destaca-en-los-jadar\\\/#breadcrumb\"},\"inLanguage\":\"es-AR\",\"potentialAction\":[{\"@type\":\"ReadAction\",\"target\":[\"https:\\\/\\\/deportesanluis.com.ar\\\/san-luis-ya-se-destaca-en-los-jadar\\\/\"]}]},{\"@type\":\"ImageObject\",\"inLanguage\":\"es-AR\",\"@id\":\"https:\\\/\\\/deportesanluis.com.ar\\\/san-luis-ya-se-destaca-en-los-jadar\\\/#primaryimage\",\"url\":\"https:\\\/\\\/deportesanluis.com.ar\\\/wp-content\\\/uploads\\\/2025\\\/09\\\/Jose-Neitzke-02-JADAR25.jpg\",\"contentUrl\":\"https:\\\/\\\/deportesanluis.com.ar\\\/wp-content\\\/uploads\\\/2025\\\/09\\\/Jose-Neitzke-02-JADAR25.jpg\",\"width\":800,\"height\":500,\"caption\":\"Jos\u00e9 Nietzche\"},{\"@type\":\"BreadcrumbList\",\"@id\":\"https:\\\/\\\/deportesanluis.com.ar\\\/san-luis-ya-se-destaca-en-los-jadar\\\/#breadcrumb\",\"itemListElement\":[{\"@type\":\"ListItem\",\"position\":1,\"name\":\"Home\",\"item\":\"https:\\\/\\\/deportesanluis.com.ar\\\/\"},{\"@type\":\"ListItem\",\"position\":2,\"name\":\"San Luis ya se destaca en los JADAR\"}]},{\"@type\":\"WebSite\",\"@id\":\"https:\\\/\\\/deportesanluis.com.ar\\\/#website\",\"url\":\"https:\\\/\\\/deportesanluis.com.ar\\\/\",\"name\":\"deportesanluis.com.ar\",\"description\":\"Noticias de Deporte de San Luis\",\"publisher\":{\"@id\":\"https:\\\/\\\/deportesanluis.com.ar\\\/#organization\"},\"alternateName\":\"Deporte SL\",\"potentialAction\":[{\"@type\":\"SearchAction\",\"target\":{\"@type\":\"EntryPoint\",\"urlTemplate\":\"https:\\\/\\\/deportesanluis.com.ar\\\/?s={search_term_string}\"},\"query-input\":{\"@type\":\"PropertyValueSpecification\",\"valueRequired\":true,\"valueName\":\"search_term_string\"}}],\"inLanguage\":\"es-AR\"},{\"@type\":\"Organization\",\"@id\":\"https:\\\/\\\/deportesanluis.com.ar\\\/#organization\",\"name\":\"DSL\",\"alternateName\":\"Deporte SL\",\"url\":\"https:\\\/\\\/deportesanluis.com.ar\\\/\",\"logo\":{\"@type\":\"ImageObject\",\"inLanguage\":\"es-AR\",\"@id\":\"https:\\\/\\\/deportesanluis.com.ar\\\/#\\\/schema\\\/logo\\\/image\\\/\",\"url\":\"https:\\\/\\\/deportesanluis.com.ar\\\/wp-content\\\/uploads\\\/2023\\\/06\\\/DSL-Logo-2023-5.jpg\",\"contentUrl\":\"https:\\\/\\\/deportesanluis.com.ar\\\/wp-content\\\/uploads\\\/2023\\\/06\\\/DSL-Logo-2023-5.jpg\",\"width\":1718,\"height\":845,\"caption\":\"DSL\"},\"image\":{\"@id\":\"https:\\\/\\\/deportesanluis.com.ar\\\/#\\\/schema\\\/logo\\\/image\\\/\"},\"sameAs\":[\"https:\\\/\\\/www.facebook.com\\\/DSLDeporteSanLuis\",\"https:\\\/\\\/x.com\\\/deportesanluis\",\"https:\\\/\\\/www.instagram.com\\\/dsl_deportesanluis\\\/\"]},{\"@type\":\"Person\",\"@id\":\"https:\\\/\\\/deportesanluis.com.ar\\\/#\\\/schema\\\/person\\\/4b3e665481e93d271fced43ee48143c8\",\"name\":\"admin\",\"image\":{\"@type\":\"ImageObject\",\"inLanguage\":\"es-AR\",\"@id\":\"https:\\\/\\\/secure.gravatar.com\\\/avatar\\\/5424b2c21466f502587708c43dbe2dc47b5e643fec67835095677cd3af6ba546?s=96&d=mm&r=g\",\"url\":\"https:\\\/\\\/secure.gravatar.com\\\/avatar\\\/5424b2c21466f502587708c43dbe2dc47b5e643fec67835095677cd3af6ba546?s=96&d=mm&r=g\",\"contentUrl\":\"https:\\\/\\\/secure.gravatar.com\\\/avatar\\\/5424b2c21466f502587708c43dbe2dc47b5e643fec67835095677cd3af6ba546?s=96&d=mm&r=g\",\"caption\":\"admin\"},\"sameAs\":[\"https:\\\/\\\/deportesanluis.com.ar\"],\"url\":\"https:\\\/\\\/deportesanluis.com.ar\\\/author\\\/admin\\\/\"}]}<\/script>\n<!-- \/ Yoast SEO plugin. -->","yoast_head_json":{"title":"San Luis ya se destaca en los JADAR - DSL","description":"Los primeros Juegos Argentinos de Alta Rendimiento est\u00e1n marcha. Se realizan en Rosario con casi cuarenta deportistas puntanos en doce disciplinas. Jos\u00e9 Neitzke en Para Ecuestre, Besso y Baz\u00e1n en Ajedr\u00e9z sumaron las primeras medallas.\u00a0","robots":{"index":"index","follow":"follow","max-snippet":"max-snippet:-1","max-image-preview":"max-image-preview:large","max-video-preview":"max-video-preview:-1"},"canonical":"https:\/\/deportesanluis.com.ar\/san-luis-ya-se-destaca-en-los-jadar\/","og_locale":"es_ES","og_type":"article","og_title":"San Luis ya se destaca en los JADAR - DSL","og_description":"Los primeros Juegos Argentinos de Alta Rendimiento est\u00e1n marcha. Se realizan en Rosario con casi cuarenta deportistas puntanos en doce disciplinas. Jos\u00e9 Neitzke en Para Ecuestre, Besso y Baz\u00e1n en Ajedr\u00e9z sumaron las primeras medallas.\u00a0","og_url":"https:\/\/deportesanluis.com.ar\/san-luis-ya-se-destaca-en-los-jadar\/","og_site_name":"DSL","article_publisher":"https:\/\/www.facebook.com\/DSLDeporteSanLuis","article_published_time":"2025-09-10T13:55:43+00:00","article_modified_time":"2025-09-10T14:50:17+00:00","og_image":[{"width":800,"height":500,"url":"https:\/\/deportesanluis.com.ar\/wp-content\/uploads\/2025\/09\/Jose-Neitzke-02-JADAR25.jpg","type":"image\/jpeg"}],"author":"admin","twitter_card":"summary_large_image","twitter_creator":"@deportesanluis","twitter_site":"@deportesanluis","twitter_misc":{"Escrito por":"admin","Tiempo de lectura":"3 minutos"},"schema":{"@context":"https:\/\/schema.org","@graph":[{"@type":"Article","@id":"https:\/\/deportesanluis.com.ar\/san-luis-ya-se-destaca-en-los-jadar\/#article","isPartOf":{"@id":"https:\/\/deportesanluis.com.ar\/san-luis-ya-se-destaca-en-los-jadar\/"},"author":{"name":"admin","@id":"https:\/\/deportesanluis.com.ar\/#\/schema\/person\/4b3e665481e93d271fced43ee48143c8"},"headline":"San Luis ya se destaca en los JADAR","datePublished":"2025-09-10T13:55:43+00:00","dateModified":"2025-09-10T14:50:17+00:00","mainEntityOfPage":{"@id":"https:\/\/deportesanluis.com.ar\/san-luis-ya-se-destaca-en-los-jadar\/"},"wordCount":444,"publisher":{"@id":"https:\/\/deportesanluis.com.ar\/#organization"},"image":{"@id":"https:\/\/deportesanluis.com.ar\/san-luis-ya-se-destaca-en-los-jadar\/#primaryimage"},"thumbnailUrl":"https:\/\/deportesanluis.com.ar\/wp-content\/uploads\/2025\/09\/Jose-Neitzke-02-JADAR25.jpg","keywords":["JADAR"],"articleSection":["2","Poli"],"inLanguage":"es-AR"},{"@type":"WebPage","@id":"https:\/\/deportesanluis.com.ar\/san-luis-ya-se-destaca-en-los-jadar\/","url":"https:\/\/deportesanluis.com.ar\/san-luis-ya-se-destaca-en-los-jadar\/","name":"San Luis ya se destaca en los JADAR - DSL","isPartOf":{"@id":"https:\/\/deportesanluis.com.ar\/#website"},"primaryImageOfPage":{"@id":"https:\/\/deportesanluis.com.ar\/san-luis-ya-se-destaca-en-los-jadar\/#primaryimage"},"image":{"@id":"https:\/\/deportesanluis.com.ar\/san-luis-ya-se-destaca-en-los-jadar\/#primaryimage"},"thumbnailUrl":"https:\/\/deportesanluis.com.ar\/wp-content\/uploads\/2025\/09\/Jose-Neitzke-02-JADAR25.jpg","datePublished":"2025-09-10T13:55:43+00:00","dateModified":"2025-09-10T14:50:17+00:00","description":"Los primeros Juegos Argentinos de Alta Rendimiento est\u00e1n marcha. Se realizan en Rosario con casi cuarenta deportistas puntanos en doce disciplinas. Jos\u00e9 Neitzke en Para Ecuestre, Besso y Baz\u00e1n en Ajedr\u00e9z sumaron las primeras medallas.\u00a0","breadcrumb":{"@id":"https:\/\/deportesanluis.com.ar\/san-luis-ya-se-destaca-en-los-jadar\/#breadcrumb"},"inLanguage":"es-AR","potentialAction":[{"@type":"ReadAction","target":["https:\/\/deportesanluis.com.ar\/san-luis-ya-se-destaca-en-los-jadar\/"]}]},{"@type":"ImageObject","inLanguage":"es-AR","@id":"https:\/\/deportesanluis.com.ar\/san-luis-ya-se-destaca-en-los-jadar\/#primaryimage","url":"https:\/\/deportesanluis.com.ar\/wp-content\/uploads\/2025\/09\/Jose-Neitzke-02-JADAR25.jpg","contentUrl":"https:\/\/deportesanluis.com.ar\/wp-content\/uploads\/2025\/09\/Jose-Neitzke-02-JADAR25.jpg","width":800,"height":500,"caption":"Jos\u00e9 Nietzche"},{"@type":"BreadcrumbList","@id":"https:\/\/deportesanluis.com.ar\/san-luis-ya-se-destaca-en-los-jadar\/#breadcrumb","itemListElement":[{"@type":"ListItem","position":1,"name":"Home","item":"https:\/\/deportesanluis.com.ar\/"},{"@type":"ListItem","position":2,"name":"San Luis ya se destaca en los JADAR"}]},{"@type":"WebSite","@id":"https:\/\/deportesanluis.com.ar\/#website","url":"https:\/\/deportesanluis.com.ar\/","name":"deportesanluis.com.ar","description":"Noticias de Deporte de San Luis","publisher":{"@id":"https:\/\/deportesanluis.com.ar\/#organization"},"alternateName":"Deporte SL","potentialAction":[{"@type":"SearchAction","target":{"@type":"EntryPoint","urlTemplate":"https:\/\/deportesanluis.com.ar\/?s={search_term_string}"},"query-input":{"@type":"PropertyValueSpecification","valueRequired":true,"valueName":"search_term_string"}}],"inLanguage":"es-AR"},{"@type":"Organization","@id":"https:\/\/deportesanluis.com.ar\/#organization","name":"DSL","alternateName":"Deporte SL","url":"https:\/\/deportesanluis.com.ar\/","logo":{"@type":"ImageObject","inLanguage":"es-AR","@id":"https:\/\/deportesanluis.com.ar\/#\/schema\/logo\/image\/","url":"https:\/\/deportesanluis.com.ar\/wp-content\/uploads\/2023\/06\/DSL-Logo-2023-5.jpg","contentUrl":"https:\/\/deportesanluis.com.ar\/wp-content\/uploads\/2023\/06\/DSL-Logo-2023-5.jpg","width":1718,"height":845,"caption":"DSL"},"image":{"@id":"https:\/\/deportesanluis.com.ar\/#\/schema\/logo\/image\/"},"sameAs":["https:\/\/www.facebook.com\/DSLDeporteSanLuis","https:\/\/x.com\/deportesanluis","https:\/\/www.instagram.com\/dsl_deportesanluis\/"]},{"@type":"Person","@id":"https:\/\/deportesanluis.com.ar\/#\/schema\/person\/4b3e665481e93d271fced43ee48143c8","name":"admin","image":{"@type":"ImageObject","inLanguage":"es-AR","@id":"https:\/\/secure.gravatar.com\/avatar\/5424b2c21466f502587708c43dbe2dc47b5e643fec67835095677cd3af6ba546?s=96&d=mm&r=g","url":"https:\/\/secure.gravatar.com\/avatar\/5424b2c21466f502587708c43dbe2dc47b5e643fec67835095677cd3af6ba546?s=96&d=mm&r=g","contentUrl":"https:\/\/secure.gravatar.com\/avatar\/5424b2c21466f502587708c43dbe2dc47b5e643fec67835095677cd3af6ba546?s=96&d=mm&r=g","caption":"admin"},"sameAs":["https:\/\/deportesanluis.com.ar"],"url":"https:\/\/deportesanluis.com.ar\/author\/admin\/"}]}},"_links":{"self":[{"href":"https:\/\/deportesanluis.com.ar\/wp-json\/wp\/v2\/posts\/28692","targetHints":{"allow":["GET"]}}],"collection":[{"href":"https:\/\/deportesanluis.com.ar\/wp-json\/wp\/v2\/posts"}],"about":[{"href":"https:\/\/deportesanluis.com.ar\/wp-json\/wp\/v2\/types\/post"}],"author":[{"embeddable":true,"href":"https:\/\/deportesanluis.com.ar\/wp-json\/wp\/v2\/users\/1"}],"replies":[{"embeddable":true,"href":"https:\/\/deportesanluis.com.ar\/wp-json\/wp\/v2\/comments?post=28692"}],"version-history":[{"count":0,"href":"https:\/\/deportesanluis.com.ar\/wp-json\/wp\/v2\/posts\/28692\/revisions"}],"wp:featuredmedia":[{"embeddable":true,"href":"https:\/\/deportesanluis.com.ar\/wp-json\/wp\/v2\/media\/28694"}],"wp:attachment":[{"href":"https:\/\/deportesanluis.com.ar\/wp-json\/wp\/v2\/media?parent=28692"}],"wp:term":[{"taxonomy":"category","embeddable":true,"href":"https:\/\/deportesanluis.com.ar\/wp-json\/wp\/v2\/categories?post=28692"},{"taxonomy":"post_tag","embeddable":true,"href":"https:\/\/deportesanluis.com.ar\/wp-json\/wp\/v2\/tags?post=28692"}],"curies":[{"name":"wp","href":"https:\/\/api.w.org\/{rel}","templated":true}]}}