{"id":28811,"date":"2025-09-18T12:25:46","date_gmt":"2025-09-18T15:25:46","guid":{"rendered":"https:\/\/deportesanluis.com.ar\/?p=28811"},"modified":"2025-09-25T11:58:38","modified_gmt":"2025-09-25T14:58:38","slug":"la-penultima-del-rally-argentino-esta-confirmada","status":"publish","type":"post","link":"https:\/\/deportesanluis.com.ar\/la-penultima-del-rally-argentino-esta-confirmada\/","title":{"rendered":"La pen\u00faltima del Rally Argentino est\u00e1 confirmada"},"content":{"rendered":"<p>Entre el viernes 3 y el domingo 5 de octubre se disputara el Rally de Entre R\u00edos, pen\u00faltima fecha de la temporada 2025 del Campeonato Argentino.<\/p>\n<p>La prueba tendr\u00e1 una principal atenci\u00f3n entre los puntanos porque su protagonismo ha sido excepcional.<\/p>\n<p>Es el caso de Miguel Baldoni quien lidera la\u00a0Clase RC2 con un total de 374,5 puntos seguido por el sanjuanino Gast\u00f3n Past\u00e9n que ostenta 279,5. M\u00e1s atr\u00e1s aparecen Federico Villagra y Augusto D\u00b4Agostini con 259,5.<\/p>\n<p>En la Clase RC3 es l\u00edder Nicol\u00e1s Gonz\u00e1lez con 374,5 puntos pero al acecho est\u00e1 el tomense Mario Rasso con 273.<\/p>\n<p>En la RCMR es puntero Rub\u00e9n Montoro con 382 seguido por Santino Rossi (292) y Miguel Patat (257,5). El piloto de Tilisarao, Ramiro Kaufmann, suma un total de 198 unidades y marcha en el sexto lugar.<\/p>\n<p>Entre los navegantes tambi\u00e9n hay pelea puntana porque Mat\u00edas Ramos\u00a0 es 2\u00b0 en la Clase RC2; Gonzalo D\u00edaz es 5\u00b0 en la RC2 Copa y Rodolfo Guevara es 2\u00b0 en la RC3.<\/p>\n<p>En tanto, la RC4 tiene como puntero a Juli\u00e1n Larrosa con 358 puntos. Lo siguen Alejandro Baratella (275) y Tom\u00e1s Aibar (209); y la RC5 es liderada por Santiago Sabbatini (273), Mat\u00edas Nazareno (266) y Valentino Cardoso (213).<\/p>\n<p>El Rally de Entre R\u00edos tendr\u00e1 su largada simb\u00f3lica el viernes 3 de octubre en el Predio Mart\u00edn Fierro en la localidad de Diamante.<\/p>\n<p>El s\u00e1bado 4 de octubre se recorrer\u00e1n dos pasadas por los especiales PreDelta-Comisar\u00eda Ejido (13,40kms.), Escuela N\u00b036-Escuela N\u00b04 (15,25kms.) y Valle Mar\u00eda-Balneario (8,87kms.) m\u00e1s un S\u00faper Especial en La Chacra (5,95kms.).<\/p>\n<p>Finalmente, el domingo 5 de octubre, todo se definir\u00e1 con pasos por Complejo La Chacra-Comisar\u00eda Ejido (18,65kms.), Balneario-Valle Mar\u00eda (8,60kms.) y un S\u00faper Especial en el Camping Villa de la Ensenada (3,55kms.).<\/p>\n<hr \/>\n<p><strong>Nota:<\/strong> Redacci\u00f3n<\/p>\n","protected":false},"excerpt":{"rendered":"<p>Se trata del Rally de Entre R\u00edos que se disputar\u00e1 entre el 3 y el 5 de octubre en las localidades de Diamante y Ensenada.\u00a0<\/p>\n","protected":false},"author":1,"featured_media":28639,"comment_status":"closed","ping_status":"closed","sticky":false,"template":"","format":"standard","meta":{"footnotes":""},"categories":[75,51,154],"tags":[159],"class_list":{"0":"post-28811","1":"post","2":"type-post","3":"status-publish","4":"format-standard","5":"has-post-thumbnail","7":"category-75","8":"category-motores","9":"category-ra","10":"tag-rally-argentino"},"yoast_head":"<!-- This site is optimized with the Yoast SEO plugin v27.4 - https:\/\/yoast.com\/product\/yoast-seo-wordpress\/ -->\n<title>La pen\u00faltima del Rally Argentino est\u00e1 confirmada - DSL<\/title>\n<meta name=\"description\" content=\"Se trata del Rally de Entre R\u00edos que se disputar\u00e1 entre el 3 y el 5 de octubre en las localidades de Diamante y Ensenada.\u00a0\" \/>\n<meta name=\"robots\" content=\"index, follow, max-snippet:-1, max-image-preview:large, max-video-preview:-1\" \/>\n<link rel=\"canonical\" href=\"https:\/\/deportesanluis.com.ar\/la-penultima-del-rally-argentino-esta-confirmada\/\" \/>\n<meta property=\"og:locale\" content=\"es_ES\" \/>\n<meta property=\"og:type\" content=\"article\" \/>\n<meta property=\"og:title\" content=\"La pen\u00faltima del Rally Argentino est\u00e1 confirmada - DSL\" \/>\n<meta property=\"og:description\" content=\"Se trata del Rally de Entre R\u00edos que se disputar\u00e1 entre el 3 y el 5 de octubre en las localidades de Diamante y Ensenada.\u00a0\" \/>\n<meta property=\"og:url\" content=\"https:\/\/deportesanluis.com.ar\/la-penultima-del-rally-argentino-esta-confirmada\/\" \/>\n<meta property=\"og:site_name\" content=\"DSL\" \/>\n<meta property=\"article:publisher\" content=\"https:\/\/www.facebook.com\/DSLDeporteSanLuis\" \/>\n<meta property=\"article:published_time\" content=\"2025-09-18T15:25:46+00:00\" \/>\n<meta property=\"article:modified_time\" content=\"2025-09-25T14:58:38+00:00\" \/>\n<meta property=\"og:image\" content=\"https:\/\/deportesanluis.com.ar\/wp-content\/uploads\/2025\/09\/Miguel-Baldoni-Rally-SanLuis-1-RA25.jpeg\" \/>\n\t<meta property=\"og:image:width\" content=\"1600\" \/>\n\t<meta property=\"og:image:height\" content=\"1066\" \/>\n\t<meta property=\"og:image:type\" content=\"image\/jpeg\" \/>\n<meta name=\"author\" content=\"admin\" \/>\n<meta name=\"twitter:card\" content=\"summary_large_image\" \/>\n<meta name=\"twitter:creator\" content=\"@deportesanluis\" \/>\n<meta name=\"twitter:site\" content=\"@deportesanluis\" \/>\n<meta name=\"twitter:label1\" content=\"Escrito por\" \/>\n\t<meta name=\"twitter:data1\" content=\"admin\" \/>\n\t<meta name=\"twitter:label2\" content=\"Tiempo de lectura\" \/>\n\t<meta name=\"twitter:data2\" content=\"2 minutos\" \/>\n<script type=\"application\/ld+json\" class=\"yoast-schema-graph\">{\"@context\":\"https:\\\/\\\/schema.org\",\"@graph\":[{\"@type\":\"Article\",\"@id\":\"https:\\\/\\\/deportesanluis.com.ar\\\/la-penultima-del-rally-argentino-esta-confirmada\\\/#article\",\"isPartOf\":{\"@id\":\"https:\\\/\\\/deportesanluis.com.ar\\\/la-penultima-del-rally-argentino-esta-confirmada\\\/\"},\"author\":{\"name\":\"admin\",\"@id\":\"https:\\\/\\\/deportesanluis.com.ar\\\/#\\\/schema\\\/person\\\/4b3e665481e93d271fced43ee48143c8\"},\"headline\":\"La pen\u00faltima del Rally Argentino est\u00e1 confirmada\",\"datePublished\":\"2025-09-18T15:25:46+00:00\",\"dateModified\":\"2025-09-25T14:58:38+00:00\",\"mainEntityOfPage\":{\"@id\":\"https:\\\/\\\/deportesanluis.com.ar\\\/la-penultima-del-rally-argentino-esta-confirmada\\\/\"},\"wordCount\":309,\"publisher\":{\"@id\":\"https:\\\/\\\/deportesanluis.com.ar\\\/#organization\"},\"image\":{\"@id\":\"https:\\\/\\\/deportesanluis.com.ar\\\/la-penultima-del-rally-argentino-esta-confirmada\\\/#primaryimage\"},\"thumbnailUrl\":\"https:\\\/\\\/deportesanluis.com.ar\\\/wp-content\\\/uploads\\\/2025\\\/09\\\/Miguel-Baldoni-Rally-SanLuis-1-RA25.jpeg\",\"keywords\":[\"Rally Argentino\"],\"articleSection\":[\"15\",\"Motores\",\"RA\"],\"inLanguage\":\"es-AR\"},{\"@type\":\"WebPage\",\"@id\":\"https:\\\/\\\/deportesanluis.com.ar\\\/la-penultima-del-rally-argentino-esta-confirmada\\\/\",\"url\":\"https:\\\/\\\/deportesanluis.com.ar\\\/la-penultima-del-rally-argentino-esta-confirmada\\\/\",\"name\":\"La pen\u00faltima del Rally Argentino est\u00e1 confirmada - DSL\",\"isPartOf\":{\"@id\":\"https:\\\/\\\/deportesanluis.com.ar\\\/#website\"},\"primaryImageOfPage\":{\"@id\":\"https:\\\/\\\/deportesanluis.com.ar\\\/la-penultima-del-rally-argentino-esta-confirmada\\\/#primaryimage\"},\"image\":{\"@id\":\"https:\\\/\\\/deportesanluis.com.ar\\\/la-penultima-del-rally-argentino-esta-confirmada\\\/#primaryimage\"},\"thumbnailUrl\":\"https:\\\/\\\/deportesanluis.com.ar\\\/wp-content\\\/uploads\\\/2025\\\/09\\\/Miguel-Baldoni-Rally-SanLuis-1-RA25.jpeg\",\"datePublished\":\"2025-09-18T15:25:46+00:00\",\"dateModified\":\"2025-09-25T14:58:38+00:00\",\"description\":\"Se trata del Rally de Entre R\u00edos que se disputar\u00e1 entre el 3 y el 5 de octubre en las localidades de Diamante y Ensenada.\u00a0\",\"breadcrumb\":{\"@id\":\"https:\\\/\\\/deportesanluis.com.ar\\\/la-penultima-del-rally-argentino-esta-confirmada\\\/#breadcrumb\"},\"inLanguage\":\"es-AR\",\"potentialAction\":[{\"@type\":\"ReadAction\",\"target\":[\"https:\\\/\\\/deportesanluis.com.ar\\\/la-penultima-del-rally-argentino-esta-confirmada\\\/\"]}]},{\"@type\":\"ImageObject\",\"inLanguage\":\"es-AR\",\"@id\":\"https:\\\/\\\/deportesanluis.com.ar\\\/la-penultima-del-rally-argentino-esta-confirmada\\\/#primaryimage\",\"url\":\"https:\\\/\\\/deportesanluis.com.ar\\\/wp-content\\\/uploads\\\/2025\\\/09\\\/Miguel-Baldoni-Rally-SanLuis-1-RA25.jpeg\",\"contentUrl\":\"https:\\\/\\\/deportesanluis.com.ar\\\/wp-content\\\/uploads\\\/2025\\\/09\\\/Miguel-Baldoni-Rally-SanLuis-1-RA25.jpeg\",\"width\":1600,\"height\":1066,\"caption\":\"Baldoni\"},{\"@type\":\"BreadcrumbList\",\"@id\":\"https:\\\/\\\/deportesanluis.com.ar\\\/la-penultima-del-rally-argentino-esta-confirmada\\\/#breadcrumb\",\"itemListElement\":[{\"@type\":\"ListItem\",\"position\":1,\"name\":\"Home\",\"item\":\"https:\\\/\\\/deportesanluis.com.ar\\\/\"},{\"@type\":\"ListItem\",\"position\":2,\"name\":\"La pen\u00faltima del Rally Argentino est\u00e1 confirmada\"}]},{\"@type\":\"WebSite\",\"@id\":\"https:\\\/\\\/deportesanluis.com.ar\\\/#website\",\"url\":\"https:\\\/\\\/deportesanluis.com.ar\\\/\",\"name\":\"deportesanluis.com.ar\",\"description\":\"Noticias de Deporte de San Luis\",\"publisher\":{\"@id\":\"https:\\\/\\\/deportesanluis.com.ar\\\/#organization\"},\"alternateName\":\"Deporte SL\",\"potentialAction\":[{\"@type\":\"SearchAction\",\"target\":{\"@type\":\"EntryPoint\",\"urlTemplate\":\"https:\\\/\\\/deportesanluis.com.ar\\\/?s={search_term_string}\"},\"query-input\":{\"@type\":\"PropertyValueSpecification\",\"valueRequired\":true,\"valueName\":\"search_term_string\"}}],\"inLanguage\":\"es-AR\"},{\"@type\":\"Organization\",\"@id\":\"https:\\\/\\\/deportesanluis.com.ar\\\/#organization\",\"name\":\"DSL\",\"alternateName\":\"Deporte SL\",\"url\":\"https:\\\/\\\/deportesanluis.com.ar\\\/\",\"logo\":{\"@type\":\"ImageObject\",\"inLanguage\":\"es-AR\",\"@id\":\"https:\\\/\\\/deportesanluis.com.ar\\\/#\\\/schema\\\/logo\\\/image\\\/\",\"url\":\"https:\\\/\\\/deportesanluis.com.ar\\\/wp-content\\\/uploads\\\/2023\\\/06\\\/DSL-Logo-2023-5.jpg\",\"contentUrl\":\"https:\\\/\\\/deportesanluis.com.ar\\\/wp-content\\\/uploads\\\/2023\\\/06\\\/DSL-Logo-2023-5.jpg\",\"width\":1718,\"height\":845,\"caption\":\"DSL\"},\"image\":{\"@id\":\"https:\\\/\\\/deportesanluis.com.ar\\\/#\\\/schema\\\/logo\\\/image\\\/\"},\"sameAs\":[\"https:\\\/\\\/www.facebook.com\\\/DSLDeporteSanLuis\",\"https:\\\/\\\/x.com\\\/deportesanluis\",\"https:\\\/\\\/www.instagram.com\\\/dsl_deportesanluis\\\/\"]},{\"@type\":\"Person\",\"@id\":\"https:\\\/\\\/deportesanluis.com.ar\\\/#\\\/schema\\\/person\\\/4b3e665481e93d271fced43ee48143c8\",\"name\":\"admin\",\"image\":{\"@type\":\"ImageObject\",\"inLanguage\":\"es-AR\",\"@id\":\"https:\\\/\\\/secure.gravatar.com\\\/avatar\\\/5424b2c21466f502587708c43dbe2dc47b5e643fec67835095677cd3af6ba546?s=96&d=mm&r=g\",\"url\":\"https:\\\/\\\/secure.gravatar.com\\\/avatar\\\/5424b2c21466f502587708c43dbe2dc47b5e643fec67835095677cd3af6ba546?s=96&d=mm&r=g\",\"contentUrl\":\"https:\\\/\\\/secure.gravatar.com\\\/avatar\\\/5424b2c21466f502587708c43dbe2dc47b5e643fec67835095677cd3af6ba546?s=96&d=mm&r=g\",\"caption\":\"admin\"},\"sameAs\":[\"https:\\\/\\\/deportesanluis.com.ar\"],\"url\":\"https:\\\/\\\/deportesanluis.com.ar\\\/author\\\/admin\\\/\"}]}<\/script>\n<!-- \/ Yoast SEO plugin. -->","yoast_head_json":{"title":"La pen\u00faltima del Rally Argentino est\u00e1 confirmada - DSL","description":"Se trata del Rally de Entre R\u00edos que se disputar\u00e1 entre el 3 y el 5 de octubre en las localidades de Diamante y Ensenada.\u00a0","robots":{"index":"index","follow":"follow","max-snippet":"max-snippet:-1","max-image-preview":"max-image-preview:large","max-video-preview":"max-video-preview:-1"},"canonical":"https:\/\/deportesanluis.com.ar\/la-penultima-del-rally-argentino-esta-confirmada\/","og_locale":"es_ES","og_type":"article","og_title":"La pen\u00faltima del Rally Argentino est\u00e1 confirmada - DSL","og_description":"Se trata del Rally de Entre R\u00edos que se disputar\u00e1 entre el 3 y el 5 de octubre en las localidades de Diamante y Ensenada.\u00a0","og_url":"https:\/\/deportesanluis.com.ar\/la-penultima-del-rally-argentino-esta-confirmada\/","og_site_name":"DSL","article_publisher":"https:\/\/www.facebook.com\/DSLDeporteSanLuis","article_published_time":"2025-09-18T15:25:46+00:00","article_modified_time":"2025-09-25T14:58:38+00:00","og_image":[{"width":1600,"height":1066,"url":"https:\/\/deportesanluis.com.ar\/wp-content\/uploads\/2025\/09\/Miguel-Baldoni-Rally-SanLuis-1-RA25.jpeg","type":"image\/jpeg"}],"author":"admin","twitter_card":"summary_large_image","twitter_creator":"@deportesanluis","twitter_site":"@deportesanluis","twitter_misc":{"Escrito por":"admin","Tiempo de lectura":"2 minutos"},"schema":{"@context":"https:\/\/schema.org","@graph":[{"@type":"Article","@id":"https:\/\/deportesanluis.com.ar\/la-penultima-del-rally-argentino-esta-confirmada\/#article","isPartOf":{"@id":"https:\/\/deportesanluis.com.ar\/la-penultima-del-rally-argentino-esta-confirmada\/"},"author":{"name":"admin","@id":"https:\/\/deportesanluis.com.ar\/#\/schema\/person\/4b3e665481e93d271fced43ee48143c8"},"headline":"La pen\u00faltima del Rally Argentino est\u00e1 confirmada","datePublished":"2025-09-18T15:25:46+00:00","dateModified":"2025-09-25T14:58:38+00:00","mainEntityOfPage":{"@id":"https:\/\/deportesanluis.com.ar\/la-penultima-del-rally-argentino-esta-confirmada\/"},"wordCount":309,"publisher":{"@id":"https:\/\/deportesanluis.com.ar\/#organization"},"image":{"@id":"https:\/\/deportesanluis.com.ar\/la-penultima-del-rally-argentino-esta-confirmada\/#primaryimage"},"thumbnailUrl":"https:\/\/deportesanluis.com.ar\/wp-content\/uploads\/2025\/09\/Miguel-Baldoni-Rally-SanLuis-1-RA25.jpeg","keywords":["Rally Argentino"],"articleSection":["15","Motores","RA"],"inLanguage":"es-AR"},{"@type":"WebPage","@id":"https:\/\/deportesanluis.com.ar\/la-penultima-del-rally-argentino-esta-confirmada\/","url":"https:\/\/deportesanluis.com.ar\/la-penultima-del-rally-argentino-esta-confirmada\/","name":"La pen\u00faltima del Rally Argentino est\u00e1 confirmada - DSL","isPartOf":{"@id":"https:\/\/deportesanluis.com.ar\/#website"},"primaryImageOfPage":{"@id":"https:\/\/deportesanluis.com.ar\/la-penultima-del-rally-argentino-esta-confirmada\/#primaryimage"},"image":{"@id":"https:\/\/deportesanluis.com.ar\/la-penultima-del-rally-argentino-esta-confirmada\/#primaryimage"},"thumbnailUrl":"https:\/\/deportesanluis.com.ar\/wp-content\/uploads\/2025\/09\/Miguel-Baldoni-Rally-SanLuis-1-RA25.jpeg","datePublished":"2025-09-18T15:25:46+00:00","dateModified":"2025-09-25T14:58:38+00:00","description":"Se trata del Rally de Entre R\u00edos que se disputar\u00e1 entre el 3 y el 5 de octubre en las localidades de Diamante y Ensenada.\u00a0","breadcrumb":{"@id":"https:\/\/deportesanluis.com.ar\/la-penultima-del-rally-argentino-esta-confirmada\/#breadcrumb"},"inLanguage":"es-AR","potentialAction":[{"@type":"ReadAction","target":["https:\/\/deportesanluis.com.ar\/la-penultima-del-rally-argentino-esta-confirmada\/"]}]},{"@type":"ImageObject","inLanguage":"es-AR","@id":"https:\/\/deportesanluis.com.ar\/la-penultima-del-rally-argentino-esta-confirmada\/#primaryimage","url":"https:\/\/deportesanluis.com.ar\/wp-content\/uploads\/2025\/09\/Miguel-Baldoni-Rally-SanLuis-1-RA25.jpeg","contentUrl":"https:\/\/deportesanluis.com.ar\/wp-content\/uploads\/2025\/09\/Miguel-Baldoni-Rally-SanLuis-1-RA25.jpeg","width":1600,"height":1066,"caption":"Baldoni"},{"@type":"BreadcrumbList","@id":"https:\/\/deportesanluis.com.ar\/la-penultima-del-rally-argentino-esta-confirmada\/#breadcrumb","itemListElement":[{"@type":"ListItem","position":1,"name":"Home","item":"https:\/\/deportesanluis.com.ar\/"},{"@type":"ListItem","position":2,"name":"La pen\u00faltima del Rally Argentino est\u00e1 confirmada"}]},{"@type":"WebSite","@id":"https:\/\/deportesanluis.com.ar\/#website","url":"https:\/\/deportesanluis.com.ar\/","name":"deportesanluis.com.ar","description":"Noticias de Deporte de San Luis","publisher":{"@id":"https:\/\/deportesanluis.com.ar\/#organization"},"alternateName":"Deporte SL","potentialAction":[{"@type":"SearchAction","target":{"@type":"EntryPoint","urlTemplate":"https:\/\/deportesanluis.com.ar\/?s={search_term_string}"},"query-input":{"@type":"PropertyValueSpecification","valueRequired":true,"valueName":"search_term_string"}}],"inLanguage":"es-AR"},{"@type":"Organization","@id":"https:\/\/deportesanluis.com.ar\/#organization","name":"DSL","alternateName":"Deporte SL","url":"https:\/\/deportesanluis.com.ar\/","logo":{"@type":"ImageObject","inLanguage":"es-AR","@id":"https:\/\/deportesanluis.com.ar\/#\/schema\/logo\/image\/","url":"https:\/\/deportesanluis.com.ar\/wp-content\/uploads\/2023\/06\/DSL-Logo-2023-5.jpg","contentUrl":"https:\/\/deportesanluis.com.ar\/wp-content\/uploads\/2023\/06\/DSL-Logo-2023-5.jpg","width":1718,"height":845,"caption":"DSL"},"image":{"@id":"https:\/\/deportesanluis.com.ar\/#\/schema\/logo\/image\/"},"sameAs":["https:\/\/www.facebook.com\/DSLDeporteSanLuis","https:\/\/x.com\/deportesanluis","https:\/\/www.instagram.com\/dsl_deportesanluis\/"]},{"@type":"Person","@id":"https:\/\/deportesanluis.com.ar\/#\/schema\/person\/4b3e665481e93d271fced43ee48143c8","name":"admin","image":{"@type":"ImageObject","inLanguage":"es-AR","@id":"https:\/\/secure.gravatar.com\/avatar\/5424b2c21466f502587708c43dbe2dc47b5e643fec67835095677cd3af6ba546?s=96&d=mm&r=g","url":"https:\/\/secure.gravatar.com\/avatar\/5424b2c21466f502587708c43dbe2dc47b5e643fec67835095677cd3af6ba546?s=96&d=mm&r=g","contentUrl":"https:\/\/secure.gravatar.com\/avatar\/5424b2c21466f502587708c43dbe2dc47b5e643fec67835095677cd3af6ba546?s=96&d=mm&r=g","caption":"admin"},"sameAs":["https:\/\/deportesanluis.com.ar"],"url":"https:\/\/deportesanluis.com.ar\/author\/admin\/"}]}},"_links":{"self":[{"href":"https:\/\/deportesanluis.com.ar\/wp-json\/wp\/v2\/posts\/28811","targetHints":{"allow":["GET"]}}],"collection":[{"href":"https:\/\/deportesanluis.com.ar\/wp-json\/wp\/v2\/posts"}],"about":[{"href":"https:\/\/deportesanluis.com.ar\/wp-json\/wp\/v2\/types\/post"}],"author":[{"embeddable":true,"href":"https:\/\/deportesanluis.com.ar\/wp-json\/wp\/v2\/users\/1"}],"replies":[{"embeddable":true,"href":"https:\/\/deportesanluis.com.ar\/wp-json\/wp\/v2\/comments?post=28811"}],"version-history":[{"count":0,"href":"https:\/\/deportesanluis.com.ar\/wp-json\/wp\/v2\/posts\/28811\/revisions"}],"wp:featuredmedia":[{"embeddable":true,"href":"https:\/\/deportesanluis.com.ar\/wp-json\/wp\/v2\/media\/28639"}],"wp:attachment":[{"href":"https:\/\/deportesanluis.com.ar\/wp-json\/wp\/v2\/media?parent=28811"}],"wp:term":[{"taxonomy":"category","embeddable":true,"href":"https:\/\/deportesanluis.com.ar\/wp-json\/wp\/v2\/categories?post=28811"},{"taxonomy":"post_tag","embeddable":true,"href":"https:\/\/deportesanluis.com.ar\/wp-json\/wp\/v2\/tags?post=28811"}],"curies":[{"name":"wp","href":"https:\/\/api.w.org\/{rel}","templated":true}]}}