{"id":28901,"date":"2025-09-24T12:05:55","date_gmt":"2025-09-24T15:05:55","guid":{"rendered":"https:\/\/deportesanluis.com.ar\/?p=28901"},"modified":"2025-09-28T13:05:03","modified_gmt":"2025-09-28T16:05:03","slug":"vuelven-a-rugir-los-motores-en-la-pedrera","status":"publish","type":"post","link":"https:\/\/deportesanluis.com.ar\/vuelven-a-rugir-los-motores-en-la-pedrera\/","title":{"rendered":"Vuelven a rugir los motores en La Pedrera?"},"content":{"rendered":"<p>La pr\u00f3xima presentaci\u00f3n del Turismo Pista San Luis pactada para el 18 y 19 de octubre cambiar\u00eda de escenario.<\/p>\n<p>La misma jornada especial se iba a desarrollar en el Aut\u00f3dromo Rosendo Hern\u00e1ndez de nuestra Ciudad pero, al confirmarse una nueva intervenci\u00f3n en su asfalto, toda la emoci\u00f3n se trasladar\u00eda al Aut\u00f3dromo Parque La Pedrera de Villa Mercedes.<\/p>\n<p>Si bien la informaci\u00f3n es extraoficial, esto se estar\u00eda confirmado en las pr\u00f3ximas horas.<\/p>\n<hr \/>\n<p><strong>Nota:<\/strong> Redacci\u00f3n<\/p>\n","protected":false},"excerpt":{"rendered":"<p>Ser\u00eda a mediados de octubre con la fecha doble del Turismo Pista San Luis que organiza ARPADP. La noticia ser\u00eda confirmada en los pr\u00f3ximos d\u00edas.\u00a0<\/p>\n","protected":false},"author":1,"featured_media":7396,"comment_status":"closed","ping_status":"closed","sticky":false,"template":"","format":"standard","meta":{"footnotes":""},"categories":[75,51,125],"tags":[205,306],"class_list":{"0":"post-28901","1":"post","2":"type-post","3":"status-publish","4":"format-standard","5":"has-post-thumbnail","7":"category-75","8":"category-motores","9":"category-tpsl","10":"tag-tpsl","11":"tag-turismo-pista"},"yoast_head":"<!-- This site is optimized with the Yoast SEO plugin v27.4 - https:\/\/yoast.com\/product\/yoast-seo-wordpress\/ -->\n<title>Vuelven a rugir los motores en La Pedrera? - DSL<\/title>\n<meta name=\"description\" content=\"Ser\u00eda a mediados de octubre con la fecha doble del Turismo Pista San Luis que organiza ARPADP. La noticia ser\u00eda confirmada en los pr\u00f3ximos d\u00edas.\u00a0\" \/>\n<meta name=\"robots\" content=\"index, follow, max-snippet:-1, max-image-preview:large, max-video-preview:-1\" \/>\n<link rel=\"canonical\" href=\"https:\/\/deportesanluis.com.ar\/vuelven-a-rugir-los-motores-en-la-pedrera\/\" \/>\n<meta property=\"og:locale\" content=\"es_ES\" \/>\n<meta property=\"og:type\" content=\"article\" \/>\n<meta property=\"og:title\" content=\"Vuelven a rugir los motores en La Pedrera? - DSL\" \/>\n<meta property=\"og:description\" content=\"Ser\u00eda a mediados de octubre con la fecha doble del Turismo Pista San Luis que organiza ARPADP. La noticia ser\u00eda confirmada en los pr\u00f3ximos d\u00edas.\u00a0\" \/>\n<meta property=\"og:url\" content=\"https:\/\/deportesanluis.com.ar\/vuelven-a-rugir-los-motores-en-la-pedrera\/\" \/>\n<meta property=\"og:site_name\" content=\"DSL\" \/>\n<meta property=\"article:publisher\" content=\"https:\/\/www.facebook.com\/DSLDeporteSanLuis\" \/>\n<meta property=\"article:published_time\" content=\"2025-09-24T15:05:55+00:00\" \/>\n<meta property=\"article:modified_time\" content=\"2025-09-28T16:05:03+00:00\" \/>\n<meta property=\"og:image\" content=\"https:\/\/deportesanluis.com.ar\/wp-content\/uploads\/2022\/07\/TPSL22-LaPedrera-1.jpg\" \/>\n\t<meta property=\"og:image:width\" content=\"800\" \/>\n\t<meta property=\"og:image:height\" content=\"500\" \/>\n\t<meta property=\"og:image:type\" content=\"image\/jpeg\" \/>\n<meta name=\"author\" content=\"admin\" \/>\n<meta name=\"twitter:card\" content=\"summary_large_image\" \/>\n<meta name=\"twitter:creator\" content=\"@deportesanluis\" \/>\n<meta name=\"twitter:site\" content=\"@deportesanluis\" \/>\n<meta name=\"twitter:label1\" content=\"Escrito por\" \/>\n\t<meta name=\"twitter:data1\" content=\"admin\" \/>\n\t<meta name=\"twitter:label2\" content=\"Tiempo de lectura\" \/>\n\t<meta name=\"twitter:data2\" content=\"1 minuto\" \/>\n<script type=\"application\/ld+json\" class=\"yoast-schema-graph\">{\"@context\":\"https:\\\/\\\/schema.org\",\"@graph\":[{\"@type\":\"Article\",\"@id\":\"https:\\\/\\\/deportesanluis.com.ar\\\/vuelven-a-rugir-los-motores-en-la-pedrera\\\/#article\",\"isPartOf\":{\"@id\":\"https:\\\/\\\/deportesanluis.com.ar\\\/vuelven-a-rugir-los-motores-en-la-pedrera\\\/\"},\"author\":{\"name\":\"admin\",\"@id\":\"https:\\\/\\\/deportesanluis.com.ar\\\/#\\\/schema\\\/person\\\/4b3e665481e93d271fced43ee48143c8\"},\"headline\":\"Vuelven a rugir los motores en La Pedrera?\",\"datePublished\":\"2025-09-24T15:05:55+00:00\",\"dateModified\":\"2025-09-28T16:05:03+00:00\",\"mainEntityOfPage\":{\"@id\":\"https:\\\/\\\/deportesanluis.com.ar\\\/vuelven-a-rugir-los-motores-en-la-pedrera\\\/\"},\"wordCount\":92,\"publisher\":{\"@id\":\"https:\\\/\\\/deportesanluis.com.ar\\\/#organization\"},\"image\":{\"@id\":\"https:\\\/\\\/deportesanluis.com.ar\\\/vuelven-a-rugir-los-motores-en-la-pedrera\\\/#primaryimage\"},\"thumbnailUrl\":\"https:\\\/\\\/deportesanluis.com.ar\\\/wp-content\\\/uploads\\\/2022\\\/07\\\/TPSL22-LaPedrera-1.jpg\",\"keywords\":[\"TPSL\",\"Turismo Pista\"],\"articleSection\":[\"15\",\"Motores\",\"TPSL\"],\"inLanguage\":\"es-AR\"},{\"@type\":\"WebPage\",\"@id\":\"https:\\\/\\\/deportesanluis.com.ar\\\/vuelven-a-rugir-los-motores-en-la-pedrera\\\/\",\"url\":\"https:\\\/\\\/deportesanluis.com.ar\\\/vuelven-a-rugir-los-motores-en-la-pedrera\\\/\",\"name\":\"Vuelven a rugir los motores en La Pedrera? - DSL\",\"isPartOf\":{\"@id\":\"https:\\\/\\\/deportesanluis.com.ar\\\/#website\"},\"primaryImageOfPage\":{\"@id\":\"https:\\\/\\\/deportesanluis.com.ar\\\/vuelven-a-rugir-los-motores-en-la-pedrera\\\/#primaryimage\"},\"image\":{\"@id\":\"https:\\\/\\\/deportesanluis.com.ar\\\/vuelven-a-rugir-los-motores-en-la-pedrera\\\/#primaryimage\"},\"thumbnailUrl\":\"https:\\\/\\\/deportesanluis.com.ar\\\/wp-content\\\/uploads\\\/2022\\\/07\\\/TPSL22-LaPedrera-1.jpg\",\"datePublished\":\"2025-09-24T15:05:55+00:00\",\"dateModified\":\"2025-09-28T16:05:03+00:00\",\"description\":\"Ser\u00eda a mediados de octubre con la fecha doble del Turismo Pista San Luis que organiza ARPADP. La noticia ser\u00eda confirmada en los pr\u00f3ximos d\u00edas.\u00a0\",\"breadcrumb\":{\"@id\":\"https:\\\/\\\/deportesanluis.com.ar\\\/vuelven-a-rugir-los-motores-en-la-pedrera\\\/#breadcrumb\"},\"inLanguage\":\"es-AR\",\"potentialAction\":[{\"@type\":\"ReadAction\",\"target\":[\"https:\\\/\\\/deportesanluis.com.ar\\\/vuelven-a-rugir-los-motores-en-la-pedrera\\\/\"]}]},{\"@type\":\"ImageObject\",\"inLanguage\":\"es-AR\",\"@id\":\"https:\\\/\\\/deportesanluis.com.ar\\\/vuelven-a-rugir-los-motores-en-la-pedrera\\\/#primaryimage\",\"url\":\"https:\\\/\\\/deportesanluis.com.ar\\\/wp-content\\\/uploads\\\/2022\\\/07\\\/TPSL22-LaPedrera-1.jpg\",\"contentUrl\":\"https:\\\/\\\/deportesanluis.com.ar\\\/wp-content\\\/uploads\\\/2022\\\/07\\\/TPSL22-LaPedrera-1.jpg\",\"width\":800,\"height\":500},{\"@type\":\"BreadcrumbList\",\"@id\":\"https:\\\/\\\/deportesanluis.com.ar\\\/vuelven-a-rugir-los-motores-en-la-pedrera\\\/#breadcrumb\",\"itemListElement\":[{\"@type\":\"ListItem\",\"position\":1,\"name\":\"Home\",\"item\":\"https:\\\/\\\/deportesanluis.com.ar\\\/\"},{\"@type\":\"ListItem\",\"position\":2,\"name\":\"Vuelven a rugir los motores en La Pedrera?\"}]},{\"@type\":\"WebSite\",\"@id\":\"https:\\\/\\\/deportesanluis.com.ar\\\/#website\",\"url\":\"https:\\\/\\\/deportesanluis.com.ar\\\/\",\"name\":\"deportesanluis.com.ar\",\"description\":\"Noticias de Deporte de San Luis\",\"publisher\":{\"@id\":\"https:\\\/\\\/deportesanluis.com.ar\\\/#organization\"},\"alternateName\":\"Deporte SL\",\"potentialAction\":[{\"@type\":\"SearchAction\",\"target\":{\"@type\":\"EntryPoint\",\"urlTemplate\":\"https:\\\/\\\/deportesanluis.com.ar\\\/?s={search_term_string}\"},\"query-input\":{\"@type\":\"PropertyValueSpecification\",\"valueRequired\":true,\"valueName\":\"search_term_string\"}}],\"inLanguage\":\"es-AR\"},{\"@type\":\"Organization\",\"@id\":\"https:\\\/\\\/deportesanluis.com.ar\\\/#organization\",\"name\":\"DSL\",\"alternateName\":\"Deporte SL\",\"url\":\"https:\\\/\\\/deportesanluis.com.ar\\\/\",\"logo\":{\"@type\":\"ImageObject\",\"inLanguage\":\"es-AR\",\"@id\":\"https:\\\/\\\/deportesanluis.com.ar\\\/#\\\/schema\\\/logo\\\/image\\\/\",\"url\":\"https:\\\/\\\/deportesanluis.com.ar\\\/wp-content\\\/uploads\\\/2023\\\/06\\\/DSL-Logo-2023-5.jpg\",\"contentUrl\":\"https:\\\/\\\/deportesanluis.com.ar\\\/wp-content\\\/uploads\\\/2023\\\/06\\\/DSL-Logo-2023-5.jpg\",\"width\":1718,\"height\":845,\"caption\":\"DSL\"},\"image\":{\"@id\":\"https:\\\/\\\/deportesanluis.com.ar\\\/#\\\/schema\\\/logo\\\/image\\\/\"},\"sameAs\":[\"https:\\\/\\\/www.facebook.com\\\/DSLDeporteSanLuis\",\"https:\\\/\\\/x.com\\\/deportesanluis\",\"https:\\\/\\\/www.instagram.com\\\/dsl_deportesanluis\\\/\"]},{\"@type\":\"Person\",\"@id\":\"https:\\\/\\\/deportesanluis.com.ar\\\/#\\\/schema\\\/person\\\/4b3e665481e93d271fced43ee48143c8\",\"name\":\"admin\",\"image\":{\"@type\":\"ImageObject\",\"inLanguage\":\"es-AR\",\"@id\":\"https:\\\/\\\/secure.gravatar.com\\\/avatar\\\/5424b2c21466f502587708c43dbe2dc47b5e643fec67835095677cd3af6ba546?s=96&d=mm&r=g\",\"url\":\"https:\\\/\\\/secure.gravatar.com\\\/avatar\\\/5424b2c21466f502587708c43dbe2dc47b5e643fec67835095677cd3af6ba546?s=96&d=mm&r=g\",\"contentUrl\":\"https:\\\/\\\/secure.gravatar.com\\\/avatar\\\/5424b2c21466f502587708c43dbe2dc47b5e643fec67835095677cd3af6ba546?s=96&d=mm&r=g\",\"caption\":\"admin\"},\"sameAs\":[\"https:\\\/\\\/deportesanluis.com.ar\"],\"url\":\"https:\\\/\\\/deportesanluis.com.ar\\\/author\\\/admin\\\/\"}]}<\/script>\n<!-- \/ Yoast SEO plugin. -->","yoast_head_json":{"title":"Vuelven a rugir los motores en La Pedrera? - DSL","description":"Ser\u00eda a mediados de octubre con la fecha doble del Turismo Pista San Luis que organiza ARPADP. La noticia ser\u00eda confirmada en los pr\u00f3ximos d\u00edas.\u00a0","robots":{"index":"index","follow":"follow","max-snippet":"max-snippet:-1","max-image-preview":"max-image-preview:large","max-video-preview":"max-video-preview:-1"},"canonical":"https:\/\/deportesanluis.com.ar\/vuelven-a-rugir-los-motores-en-la-pedrera\/","og_locale":"es_ES","og_type":"article","og_title":"Vuelven a rugir los motores en La Pedrera? - DSL","og_description":"Ser\u00eda a mediados de octubre con la fecha doble del Turismo Pista San Luis que organiza ARPADP. La noticia ser\u00eda confirmada en los pr\u00f3ximos d\u00edas.\u00a0","og_url":"https:\/\/deportesanluis.com.ar\/vuelven-a-rugir-los-motores-en-la-pedrera\/","og_site_name":"DSL","article_publisher":"https:\/\/www.facebook.com\/DSLDeporteSanLuis","article_published_time":"2025-09-24T15:05:55+00:00","article_modified_time":"2025-09-28T16:05:03+00:00","og_image":[{"width":800,"height":500,"url":"https:\/\/deportesanluis.com.ar\/wp-content\/uploads\/2022\/07\/TPSL22-LaPedrera-1.jpg","type":"image\/jpeg"}],"author":"admin","twitter_card":"summary_large_image","twitter_creator":"@deportesanluis","twitter_site":"@deportesanluis","twitter_misc":{"Escrito por":"admin","Tiempo de lectura":"1 minuto"},"schema":{"@context":"https:\/\/schema.org","@graph":[{"@type":"Article","@id":"https:\/\/deportesanluis.com.ar\/vuelven-a-rugir-los-motores-en-la-pedrera\/#article","isPartOf":{"@id":"https:\/\/deportesanluis.com.ar\/vuelven-a-rugir-los-motores-en-la-pedrera\/"},"author":{"name":"admin","@id":"https:\/\/deportesanluis.com.ar\/#\/schema\/person\/4b3e665481e93d271fced43ee48143c8"},"headline":"Vuelven a rugir los motores en La Pedrera?","datePublished":"2025-09-24T15:05:55+00:00","dateModified":"2025-09-28T16:05:03+00:00","mainEntityOfPage":{"@id":"https:\/\/deportesanluis.com.ar\/vuelven-a-rugir-los-motores-en-la-pedrera\/"},"wordCount":92,"publisher":{"@id":"https:\/\/deportesanluis.com.ar\/#organization"},"image":{"@id":"https:\/\/deportesanluis.com.ar\/vuelven-a-rugir-los-motores-en-la-pedrera\/#primaryimage"},"thumbnailUrl":"https:\/\/deportesanluis.com.ar\/wp-content\/uploads\/2022\/07\/TPSL22-LaPedrera-1.jpg","keywords":["TPSL","Turismo Pista"],"articleSection":["15","Motores","TPSL"],"inLanguage":"es-AR"},{"@type":"WebPage","@id":"https:\/\/deportesanluis.com.ar\/vuelven-a-rugir-los-motores-en-la-pedrera\/","url":"https:\/\/deportesanluis.com.ar\/vuelven-a-rugir-los-motores-en-la-pedrera\/","name":"Vuelven a rugir los motores en La Pedrera? - DSL","isPartOf":{"@id":"https:\/\/deportesanluis.com.ar\/#website"},"primaryImageOfPage":{"@id":"https:\/\/deportesanluis.com.ar\/vuelven-a-rugir-los-motores-en-la-pedrera\/#primaryimage"},"image":{"@id":"https:\/\/deportesanluis.com.ar\/vuelven-a-rugir-los-motores-en-la-pedrera\/#primaryimage"},"thumbnailUrl":"https:\/\/deportesanluis.com.ar\/wp-content\/uploads\/2022\/07\/TPSL22-LaPedrera-1.jpg","datePublished":"2025-09-24T15:05:55+00:00","dateModified":"2025-09-28T16:05:03+00:00","description":"Ser\u00eda a mediados de octubre con la fecha doble del Turismo Pista San Luis que organiza ARPADP. La noticia ser\u00eda confirmada en los pr\u00f3ximos d\u00edas.\u00a0","breadcrumb":{"@id":"https:\/\/deportesanluis.com.ar\/vuelven-a-rugir-los-motores-en-la-pedrera\/#breadcrumb"},"inLanguage":"es-AR","potentialAction":[{"@type":"ReadAction","target":["https:\/\/deportesanluis.com.ar\/vuelven-a-rugir-los-motores-en-la-pedrera\/"]}]},{"@type":"ImageObject","inLanguage":"es-AR","@id":"https:\/\/deportesanluis.com.ar\/vuelven-a-rugir-los-motores-en-la-pedrera\/#primaryimage","url":"https:\/\/deportesanluis.com.ar\/wp-content\/uploads\/2022\/07\/TPSL22-LaPedrera-1.jpg","contentUrl":"https:\/\/deportesanluis.com.ar\/wp-content\/uploads\/2022\/07\/TPSL22-LaPedrera-1.jpg","width":800,"height":500},{"@type":"BreadcrumbList","@id":"https:\/\/deportesanluis.com.ar\/vuelven-a-rugir-los-motores-en-la-pedrera\/#breadcrumb","itemListElement":[{"@type":"ListItem","position":1,"name":"Home","item":"https:\/\/deportesanluis.com.ar\/"},{"@type":"ListItem","position":2,"name":"Vuelven a rugir los motores en La Pedrera?"}]},{"@type":"WebSite","@id":"https:\/\/deportesanluis.com.ar\/#website","url":"https:\/\/deportesanluis.com.ar\/","name":"deportesanluis.com.ar","description":"Noticias de Deporte de San Luis","publisher":{"@id":"https:\/\/deportesanluis.com.ar\/#organization"},"alternateName":"Deporte SL","potentialAction":[{"@type":"SearchAction","target":{"@type":"EntryPoint","urlTemplate":"https:\/\/deportesanluis.com.ar\/?s={search_term_string}"},"query-input":{"@type":"PropertyValueSpecification","valueRequired":true,"valueName":"search_term_string"}}],"inLanguage":"es-AR"},{"@type":"Organization","@id":"https:\/\/deportesanluis.com.ar\/#organization","name":"DSL","alternateName":"Deporte SL","url":"https:\/\/deportesanluis.com.ar\/","logo":{"@type":"ImageObject","inLanguage":"es-AR","@id":"https:\/\/deportesanluis.com.ar\/#\/schema\/logo\/image\/","url":"https:\/\/deportesanluis.com.ar\/wp-content\/uploads\/2023\/06\/DSL-Logo-2023-5.jpg","contentUrl":"https:\/\/deportesanluis.com.ar\/wp-content\/uploads\/2023\/06\/DSL-Logo-2023-5.jpg","width":1718,"height":845,"caption":"DSL"},"image":{"@id":"https:\/\/deportesanluis.com.ar\/#\/schema\/logo\/image\/"},"sameAs":["https:\/\/www.facebook.com\/DSLDeporteSanLuis","https:\/\/x.com\/deportesanluis","https:\/\/www.instagram.com\/dsl_deportesanluis\/"]},{"@type":"Person","@id":"https:\/\/deportesanluis.com.ar\/#\/schema\/person\/4b3e665481e93d271fced43ee48143c8","name":"admin","image":{"@type":"ImageObject","inLanguage":"es-AR","@id":"https:\/\/secure.gravatar.com\/avatar\/5424b2c21466f502587708c43dbe2dc47b5e643fec67835095677cd3af6ba546?s=96&d=mm&r=g","url":"https:\/\/secure.gravatar.com\/avatar\/5424b2c21466f502587708c43dbe2dc47b5e643fec67835095677cd3af6ba546?s=96&d=mm&r=g","contentUrl":"https:\/\/secure.gravatar.com\/avatar\/5424b2c21466f502587708c43dbe2dc47b5e643fec67835095677cd3af6ba546?s=96&d=mm&r=g","caption":"admin"},"sameAs":["https:\/\/deportesanluis.com.ar"],"url":"https:\/\/deportesanluis.com.ar\/author\/admin\/"}]}},"_links":{"self":[{"href":"https:\/\/deportesanluis.com.ar\/wp-json\/wp\/v2\/posts\/28901","targetHints":{"allow":["GET"]}}],"collection":[{"href":"https:\/\/deportesanluis.com.ar\/wp-json\/wp\/v2\/posts"}],"about":[{"href":"https:\/\/deportesanluis.com.ar\/wp-json\/wp\/v2\/types\/post"}],"author":[{"embeddable":true,"href":"https:\/\/deportesanluis.com.ar\/wp-json\/wp\/v2\/users\/1"}],"replies":[{"embeddable":true,"href":"https:\/\/deportesanluis.com.ar\/wp-json\/wp\/v2\/comments?post=28901"}],"version-history":[{"count":0,"href":"https:\/\/deportesanluis.com.ar\/wp-json\/wp\/v2\/posts\/28901\/revisions"}],"wp:featuredmedia":[{"embeddable":true,"href":"https:\/\/deportesanluis.com.ar\/wp-json\/wp\/v2\/media\/7396"}],"wp:attachment":[{"href":"https:\/\/deportesanluis.com.ar\/wp-json\/wp\/v2\/media?parent=28901"}],"wp:term":[{"taxonomy":"category","embeddable":true,"href":"https:\/\/deportesanluis.com.ar\/wp-json\/wp\/v2\/categories?post=28901"},{"taxonomy":"post_tag","embeddable":true,"href":"https:\/\/deportesanluis.com.ar\/wp-json\/wp\/v2\/tags?post=28901"}],"curies":[{"name":"wp","href":"https:\/\/api.w.org\/{rel}","templated":true}]}}