{"id":29019,"date":"2025-10-01T12:15:47","date_gmt":"2025-10-01T15:15:47","guid":{"rendered":"https:\/\/deportesanluis.com.ar\/?p=29019"},"modified":"2025-10-06T19:40:26","modified_gmt":"2025-10-06T22:40:26","slug":"todo-listo-en-entre-rios-para-un-rally-especial","status":"publish","type":"post","link":"https:\/\/deportesanluis.com.ar\/todo-listo-en-entre-rios-para-un-rally-especial\/","title":{"rendered":"Todo listo en Entre R\u00edos para un rally especial"},"content":{"rendered":"<p>Desde este viernes se pone en marcha el\u00a0Rally de Entre R\u00edos, pen\u00faltima fecha del Campeonato Argentino que tendr\u00e1 condimentos especiales porque se podr\u00edan definir varias categor\u00edas y en dos de ellas hay participaci\u00f3n puntana.<\/p>\n<p>Es el caso de la Clase RC2 que tiene al puntano Miguel Baldoni (Skoda Fabia) arribando a Entre R\u00edos como l\u00edder 374,5 puntos seguido por el sanjuanino Gast\u00f3n Pasten con 279,5 y por el cordob\u00e9s Federico Villagra con 259,5.<\/p>\n<p><img loading=\"lazy\" decoding=\"async\" class=\"aligncenter size-large wp-image-27216\" src=\"https:\/\/deportesanluis.com.ar\/wp-content\/uploads\/2025\/06\/Baldoni-Poncho2-RA25-2-1024x683.jpg\" alt=\"\" width=\"696\" height=\"464\" srcset=\"https:\/\/deportesanluis.com.ar\/wp-content\/uploads\/2025\/06\/Baldoni-Poncho2-RA25-2-1024x683.jpg 1024w, https:\/\/deportesanluis.com.ar\/wp-content\/uploads\/2025\/06\/Baldoni-Poncho2-RA25-2-300x200.jpg 300w, https:\/\/deportesanluis.com.ar\/wp-content\/uploads\/2025\/06\/Baldoni-Poncho2-RA25-2-768x512.jpg 768w, https:\/\/deportesanluis.com.ar\/wp-content\/uploads\/2025\/06\/Baldoni-Poncho2-RA25-2-1536x1024.jpg 1536w, https:\/\/deportesanluis.com.ar\/wp-content\/uploads\/2025\/06\/Baldoni-Poncho2-RA25-2-2048x1365.jpg 2048w, https:\/\/deportesanluis.com.ar\/wp-content\/uploads\/2025\/06\/Baldoni-Poncho2-RA25-2-630x420.jpg 630w, https:\/\/deportesanluis.com.ar\/wp-content\/uploads\/2025\/06\/Baldoni-Poncho2-RA25-2-150x100.jpg 150w, https:\/\/deportesanluis.com.ar\/wp-content\/uploads\/2025\/06\/Baldoni-Poncho2-RA25-2-696x464.jpg 696w, https:\/\/deportesanluis.com.ar\/wp-content\/uploads\/2025\/06\/Baldoni-Poncho2-RA25-2-1068x712.jpg 1068w, https:\/\/deportesanluis.com.ar\/wp-content\/uploads\/2025\/06\/Baldoni-Poncho2-RA25-2-1920x1280.jpg 1920w\" sizes=\"auto, (max-width: 696px) 100vw, 696px\" \/><\/p>\n<p>Baldoni ser\u00e1 navegado por Gustavo Franchello quien, a su vez, le pelea el t\u00edtulo al mercedino Mat\u00edas Ramos, el coequiper de Past\u00e9n.<\/p>\n<p>La Clase RCMR tambi\u00e9n podr\u00eda definirse. Manda Rub\u00e9n Montoro con 382 y los escoltas son Santino Rossi con 292 y Miguel Patat con 257,5.<\/p>\n<p>En la cita entrerriana estar\u00e1 Ramiro Kaufmann, oriundo de Tilisaroa, quien se ubica en el sexto lugar con 198. Adem\u00e1s, se sumar\u00e1 Gast\u00f3n Gonz\u00e1lez, riocuartense radicado hace a\u00f1os en Buena Esperanza, con la navegaci\u00f3n de Claudio Moreno en un VW Polo.<\/p>\n<figure id=\"attachment_28642\" aria-describedby=\"caption-attachment-28642\" style=\"width: 1600px\" class=\"wp-caption aligncenter\"><img loading=\"lazy\" decoding=\"async\" class=\"size-full wp-image-28642\" src=\"https:\/\/deportesanluis.com.ar\/wp-content\/uploads\/2025\/09\/Ramiro-Kauffmann-SanLuis-1-RA25.jpeg\" alt=\"\" width=\"1600\" height=\"1066\" \/><figcaption id=\"caption-attachment-28642\" class=\"wp-caption-text\">Kaufmann<\/figcaption><\/figure>\n<p>La Clase RC3 es otra de las divisiones que podr\u00eda definirse en suelo entrerriano pero esperamos que eso no suceda. El l\u00edder es Nicol\u00e1s Gonz\u00e1lez con 374,5 puntos y su escolta es el tomense\u00a0Mario Rasso con la navegaci\u00f3n del puntano Rodolfo Guevara en un Peugeot 208.<\/p>\n<p><img loading=\"lazy\" decoding=\"async\" class=\"aligncenter size-large wp-image-28114\" src=\"https:\/\/deportesanluis.com.ar\/wp-content\/uploads\/2025\/08\/Rasso-Jaaukanigas-2-RA25-1024x683.jpg\" alt=\"\" width=\"696\" height=\"464\" srcset=\"https:\/\/deportesanluis.com.ar\/wp-content\/uploads\/2025\/08\/Rasso-Jaaukanigas-2-RA25-1024x683.jpg 1024w, https:\/\/deportesanluis.com.ar\/wp-content\/uploads\/2025\/08\/Rasso-Jaaukanigas-2-RA25-300x200.jpg 300w, https:\/\/deportesanluis.com.ar\/wp-content\/uploads\/2025\/08\/Rasso-Jaaukanigas-2-RA25-768x512.jpg 768w, https:\/\/deportesanluis.com.ar\/wp-content\/uploads\/2025\/08\/Rasso-Jaaukanigas-2-RA25-1536x1024.jpg 1536w, https:\/\/deportesanluis.com.ar\/wp-content\/uploads\/2025\/08\/Rasso-Jaaukanigas-2-RA25-2048x1365.jpg 2048w, https:\/\/deportesanluis.com.ar\/wp-content\/uploads\/2025\/08\/Rasso-Jaaukanigas-2-RA25-630x420.jpg 630w, https:\/\/deportesanluis.com.ar\/wp-content\/uploads\/2025\/08\/Rasso-Jaaukanigas-2-RA25-150x100.jpg 150w, https:\/\/deportesanluis.com.ar\/wp-content\/uploads\/2025\/08\/Rasso-Jaaukanigas-2-RA25-696x464.jpg 696w, https:\/\/deportesanluis.com.ar\/wp-content\/uploads\/2025\/08\/Rasso-Jaaukanigas-2-RA25-1068x712.jpg 1068w, https:\/\/deportesanluis.com.ar\/wp-content\/uploads\/2025\/08\/Rasso-Jaaukanigas-2-RA25-1920x1280.jpg 1920w\" sizes=\"auto, (max-width: 696px) 100vw, 696px\" \/><\/p>\n<p>El objetivo de Rasso ser\u00e1 descontar diferencias con Gonz\u00e1lez, aumentar las mismas sobre Ignacio Villa, su inmediato perseguidor con 261,6 unidades, para as\u00ed estirar la definici\u00f3n al Gran Premio Coronaci\u00f3n.<\/p>\n<p>La RC4 es otra de las que podr\u00eda cerrar su temporada. Manda Juli\u00e1n Larrosa con 358 y lo siguen Alejandro Baratella con 275 y Tom\u00e1s Aibar 209.<\/p>\n<p>Finalmente, la Clase RC5 es la \u00fanica divisional que si o s\u00ed, se definir\u00e1 en el \u00faltimo cap\u00edtulo. El l\u00edder es Santiago Sabbatini con 273 seguido por Mat\u00edas Nazareno con 266 y Valentino Cardoso con 213 puntos.<\/p>\n<p>El Rally de Entre R\u00edos tendr\u00e1 su largada simb\u00f3lica el viernes 3 de octubre en el Predio Mart\u00edn Fierro en la localidad de Diamante.<\/p>\n<p>El s\u00e1bado 4 de octubre se recorrer\u00e1n dos pasadas por los especiales PreDelta-Comisar\u00eda Ejido (13,40kms.), Escuela N\u00b036-Escuela N\u00b04 (15,25kms.) y Valle Mar\u00eda-Balneario (8,87kms.) m\u00e1s un S\u00faper Especial en La Chacra (5,95kms.).<\/p>\n<p>Finalmente, el domingo 5 de octubre, todo se definir\u00e1 con pasos por Complejo La Chacra-Comisar\u00eda Ejido (18,65kms.), Balneario-Valle Mar\u00eda (8,60kms.) y un S\u00faper Especial en el Camping Villa de la Ensenada (3,55kms.).<\/p>\n<hr \/>\n<p><strong>Nota:<\/strong> Redacci\u00f3n<\/p>\n","protected":false},"excerpt":{"rendered":"<p>Se trata de la pen\u00faltima fecha del Campeonato Argentino que tendr\u00e1 a Miguel Baldoni con serias chances de un nuevo t\u00edtulo en la RC2. Mario Rasso, por su parte, intentar\u00e1 estirar la definici\u00f3n de la RC3.<\/p>\n","protected":false},"author":1,"featured_media":29020,"comment_status":"closed","ping_status":"closed","sticky":false,"template":"","format":"standard","meta":{"footnotes":""},"categories":[51,154],"tags":[159],"class_list":{"0":"post-29019","1":"post","2":"type-post","3":"status-publish","4":"format-standard","5":"has-post-thumbnail","7":"category-motores","8":"category-ra","9":"tag-rally-argentino"},"yoast_head":"<!-- This site is optimized with the Yoast SEO plugin v27.4 - https:\/\/yoast.com\/product\/yoast-seo-wordpress\/ -->\n<title>Todo listo en Entre R\u00edos para un rally especial - DSL<\/title>\n<meta name=\"description\" content=\"Se trata de la pen\u00faltima fecha del Campeonato Argentino que tendr\u00e1 a Miguel Baldoni con serias chances de un nuevo t\u00edtulo en la RC2. Mario Rasso, por su parte, intentar\u00e1 estirar la definici\u00f3n de la RC3.\" \/>\n<meta name=\"robots\" content=\"index, follow, max-snippet:-1, max-image-preview:large, max-video-preview:-1\" \/>\n<link rel=\"canonical\" href=\"https:\/\/deportesanluis.com.ar\/todo-listo-en-entre-rios-para-un-rally-especial\/\" \/>\n<meta property=\"og:locale\" content=\"es_ES\" \/>\n<meta property=\"og:type\" content=\"article\" \/>\n<meta property=\"og:title\" content=\"Todo listo en Entre R\u00edos para un rally especial - DSL\" \/>\n<meta property=\"og:description\" content=\"Se trata de la pen\u00faltima fecha del Campeonato Argentino que tendr\u00e1 a Miguel Baldoni con serias chances de un nuevo t\u00edtulo en la RC2. Mario Rasso, por su parte, intentar\u00e1 estirar la definici\u00f3n de la RC3.\" \/>\n<meta property=\"og:url\" content=\"https:\/\/deportesanluis.com.ar\/todo-listo-en-entre-rios-para-un-rally-especial\/\" \/>\n<meta property=\"og:site_name\" content=\"DSL\" \/>\n<meta property=\"article:publisher\" content=\"https:\/\/www.facebook.com\/DSLDeporteSanLuis\" \/>\n<meta property=\"article:published_time\" content=\"2025-10-01T15:15:47+00:00\" \/>\n<meta property=\"article:modified_time\" content=\"2025-10-06T22:40:26+00:00\" \/>\n<meta property=\"og:image\" content=\"https:\/\/deportesanluis.com.ar\/wp-content\/uploads\/2025\/10\/Puntanos-Definicion-RA25.jpg\" \/>\n\t<meta property=\"og:image:width\" content=\"800\" \/>\n\t<meta property=\"og:image:height\" content=\"500\" \/>\n\t<meta property=\"og:image:type\" content=\"image\/jpeg\" \/>\n<meta name=\"author\" content=\"admin\" \/>\n<meta name=\"twitter:card\" content=\"summary_large_image\" \/>\n<meta name=\"twitter:creator\" content=\"@deportesanluis\" \/>\n<meta name=\"twitter:site\" content=\"@deportesanluis\" \/>\n<meta name=\"twitter:label1\" content=\"Escrito por\" \/>\n\t<meta name=\"twitter:data1\" content=\"admin\" \/>\n\t<meta name=\"twitter:label2\" content=\"Tiempo de lectura\" \/>\n\t<meta name=\"twitter:data2\" content=\"3 minutos\" \/>\n<script type=\"application\/ld+json\" class=\"yoast-schema-graph\">{\"@context\":\"https:\\\/\\\/schema.org\",\"@graph\":[{\"@type\":\"Article\",\"@id\":\"https:\\\/\\\/deportesanluis.com.ar\\\/todo-listo-en-entre-rios-para-un-rally-especial\\\/#article\",\"isPartOf\":{\"@id\":\"https:\\\/\\\/deportesanluis.com.ar\\\/todo-listo-en-entre-rios-para-un-rally-especial\\\/\"},\"author\":{\"name\":\"admin\",\"@id\":\"https:\\\/\\\/deportesanluis.com.ar\\\/#\\\/schema\\\/person\\\/4b3e665481e93d271fced43ee48143c8\"},\"headline\":\"Todo listo en Entre R\u00edos para un rally especial\",\"datePublished\":\"2025-10-01T15:15:47+00:00\",\"dateModified\":\"2025-10-06T22:40:26+00:00\",\"mainEntityOfPage\":{\"@id\":\"https:\\\/\\\/deportesanluis.com.ar\\\/todo-listo-en-entre-rios-para-un-rally-especial\\\/\"},\"wordCount\":438,\"publisher\":{\"@id\":\"https:\\\/\\\/deportesanluis.com.ar\\\/#organization\"},\"image\":{\"@id\":\"https:\\\/\\\/deportesanluis.com.ar\\\/todo-listo-en-entre-rios-para-un-rally-especial\\\/#primaryimage\"},\"thumbnailUrl\":\"https:\\\/\\\/deportesanluis.com.ar\\\/wp-content\\\/uploads\\\/2025\\\/10\\\/Puntanos-Definicion-RA25.jpg\",\"keywords\":[\"Rally Argentino\"],\"articleSection\":[\"Motores\",\"RA\"],\"inLanguage\":\"es-AR\"},{\"@type\":\"WebPage\",\"@id\":\"https:\\\/\\\/deportesanluis.com.ar\\\/todo-listo-en-entre-rios-para-un-rally-especial\\\/\",\"url\":\"https:\\\/\\\/deportesanluis.com.ar\\\/todo-listo-en-entre-rios-para-un-rally-especial\\\/\",\"name\":\"Todo listo en Entre R\u00edos para un rally especial - DSL\",\"isPartOf\":{\"@id\":\"https:\\\/\\\/deportesanluis.com.ar\\\/#website\"},\"primaryImageOfPage\":{\"@id\":\"https:\\\/\\\/deportesanluis.com.ar\\\/todo-listo-en-entre-rios-para-un-rally-especial\\\/#primaryimage\"},\"image\":{\"@id\":\"https:\\\/\\\/deportesanluis.com.ar\\\/todo-listo-en-entre-rios-para-un-rally-especial\\\/#primaryimage\"},\"thumbnailUrl\":\"https:\\\/\\\/deportesanluis.com.ar\\\/wp-content\\\/uploads\\\/2025\\\/10\\\/Puntanos-Definicion-RA25.jpg\",\"datePublished\":\"2025-10-01T15:15:47+00:00\",\"dateModified\":\"2025-10-06T22:40:26+00:00\",\"description\":\"Se trata de la pen\u00faltima fecha del Campeonato Argentino que tendr\u00e1 a Miguel Baldoni con serias chances de un nuevo t\u00edtulo en la RC2. Mario Rasso, por su parte, intentar\u00e1 estirar la definici\u00f3n de la RC3.\",\"breadcrumb\":{\"@id\":\"https:\\\/\\\/deportesanluis.com.ar\\\/todo-listo-en-entre-rios-para-un-rally-especial\\\/#breadcrumb\"},\"inLanguage\":\"es-AR\",\"potentialAction\":[{\"@type\":\"ReadAction\",\"target\":[\"https:\\\/\\\/deportesanluis.com.ar\\\/todo-listo-en-entre-rios-para-un-rally-especial\\\/\"]}]},{\"@type\":\"ImageObject\",\"inLanguage\":\"es-AR\",\"@id\":\"https:\\\/\\\/deportesanluis.com.ar\\\/todo-listo-en-entre-rios-para-un-rally-especial\\\/#primaryimage\",\"url\":\"https:\\\/\\\/deportesanluis.com.ar\\\/wp-content\\\/uploads\\\/2025\\\/10\\\/Puntanos-Definicion-RA25.jpg\",\"contentUrl\":\"https:\\\/\\\/deportesanluis.com.ar\\\/wp-content\\\/uploads\\\/2025\\\/10\\\/Puntanos-Definicion-RA25.jpg\",\"width\":800,\"height\":500},{\"@type\":\"BreadcrumbList\",\"@id\":\"https:\\\/\\\/deportesanluis.com.ar\\\/todo-listo-en-entre-rios-para-un-rally-especial\\\/#breadcrumb\",\"itemListElement\":[{\"@type\":\"ListItem\",\"position\":1,\"name\":\"Home\",\"item\":\"https:\\\/\\\/deportesanluis.com.ar\\\/\"},{\"@type\":\"ListItem\",\"position\":2,\"name\":\"Todo listo en Entre R\u00edos para un rally especial\"}]},{\"@type\":\"WebSite\",\"@id\":\"https:\\\/\\\/deportesanluis.com.ar\\\/#website\",\"url\":\"https:\\\/\\\/deportesanluis.com.ar\\\/\",\"name\":\"deportesanluis.com.ar\",\"description\":\"Noticias de Deporte de San Luis\",\"publisher\":{\"@id\":\"https:\\\/\\\/deportesanluis.com.ar\\\/#organization\"},\"alternateName\":\"Deporte SL\",\"potentialAction\":[{\"@type\":\"SearchAction\",\"target\":{\"@type\":\"EntryPoint\",\"urlTemplate\":\"https:\\\/\\\/deportesanluis.com.ar\\\/?s={search_term_string}\"},\"query-input\":{\"@type\":\"PropertyValueSpecification\",\"valueRequired\":true,\"valueName\":\"search_term_string\"}}],\"inLanguage\":\"es-AR\"},{\"@type\":\"Organization\",\"@id\":\"https:\\\/\\\/deportesanluis.com.ar\\\/#organization\",\"name\":\"DSL\",\"alternateName\":\"Deporte SL\",\"url\":\"https:\\\/\\\/deportesanluis.com.ar\\\/\",\"logo\":{\"@type\":\"ImageObject\",\"inLanguage\":\"es-AR\",\"@id\":\"https:\\\/\\\/deportesanluis.com.ar\\\/#\\\/schema\\\/logo\\\/image\\\/\",\"url\":\"https:\\\/\\\/deportesanluis.com.ar\\\/wp-content\\\/uploads\\\/2023\\\/06\\\/DSL-Logo-2023-5.jpg\",\"contentUrl\":\"https:\\\/\\\/deportesanluis.com.ar\\\/wp-content\\\/uploads\\\/2023\\\/06\\\/DSL-Logo-2023-5.jpg\",\"width\":1718,\"height\":845,\"caption\":\"DSL\"},\"image\":{\"@id\":\"https:\\\/\\\/deportesanluis.com.ar\\\/#\\\/schema\\\/logo\\\/image\\\/\"},\"sameAs\":[\"https:\\\/\\\/www.facebook.com\\\/DSLDeporteSanLuis\",\"https:\\\/\\\/x.com\\\/deportesanluis\",\"https:\\\/\\\/www.instagram.com\\\/dsl_deportesanluis\\\/\"]},{\"@type\":\"Person\",\"@id\":\"https:\\\/\\\/deportesanluis.com.ar\\\/#\\\/schema\\\/person\\\/4b3e665481e93d271fced43ee48143c8\",\"name\":\"admin\",\"image\":{\"@type\":\"ImageObject\",\"inLanguage\":\"es-AR\",\"@id\":\"https:\\\/\\\/secure.gravatar.com\\\/avatar\\\/5424b2c21466f502587708c43dbe2dc47b5e643fec67835095677cd3af6ba546?s=96&d=mm&r=g\",\"url\":\"https:\\\/\\\/secure.gravatar.com\\\/avatar\\\/5424b2c21466f502587708c43dbe2dc47b5e643fec67835095677cd3af6ba546?s=96&d=mm&r=g\",\"contentUrl\":\"https:\\\/\\\/secure.gravatar.com\\\/avatar\\\/5424b2c21466f502587708c43dbe2dc47b5e643fec67835095677cd3af6ba546?s=96&d=mm&r=g\",\"caption\":\"admin\"},\"sameAs\":[\"https:\\\/\\\/deportesanluis.com.ar\"],\"url\":\"https:\\\/\\\/deportesanluis.com.ar\\\/author\\\/admin\\\/\"}]}<\/script>\n<!-- \/ Yoast SEO plugin. -->","yoast_head_json":{"title":"Todo listo en Entre R\u00edos para un rally especial - DSL","description":"Se trata de la pen\u00faltima fecha del Campeonato Argentino que tendr\u00e1 a Miguel Baldoni con serias chances de un nuevo t\u00edtulo en la RC2. Mario Rasso, por su parte, intentar\u00e1 estirar la definici\u00f3n de la RC3.","robots":{"index":"index","follow":"follow","max-snippet":"max-snippet:-1","max-image-preview":"max-image-preview:large","max-video-preview":"max-video-preview:-1"},"canonical":"https:\/\/deportesanluis.com.ar\/todo-listo-en-entre-rios-para-un-rally-especial\/","og_locale":"es_ES","og_type":"article","og_title":"Todo listo en Entre R\u00edos para un rally especial - DSL","og_description":"Se trata de la pen\u00faltima fecha del Campeonato Argentino que tendr\u00e1 a Miguel Baldoni con serias chances de un nuevo t\u00edtulo en la RC2. Mario Rasso, por su parte, intentar\u00e1 estirar la definici\u00f3n de la RC3.","og_url":"https:\/\/deportesanluis.com.ar\/todo-listo-en-entre-rios-para-un-rally-especial\/","og_site_name":"DSL","article_publisher":"https:\/\/www.facebook.com\/DSLDeporteSanLuis","article_published_time":"2025-10-01T15:15:47+00:00","article_modified_time":"2025-10-06T22:40:26+00:00","og_image":[{"width":800,"height":500,"url":"https:\/\/deportesanluis.com.ar\/wp-content\/uploads\/2025\/10\/Puntanos-Definicion-RA25.jpg","type":"image\/jpeg"}],"author":"admin","twitter_card":"summary_large_image","twitter_creator":"@deportesanluis","twitter_site":"@deportesanluis","twitter_misc":{"Escrito por":"admin","Tiempo de lectura":"3 minutos"},"schema":{"@context":"https:\/\/schema.org","@graph":[{"@type":"Article","@id":"https:\/\/deportesanluis.com.ar\/todo-listo-en-entre-rios-para-un-rally-especial\/#article","isPartOf":{"@id":"https:\/\/deportesanluis.com.ar\/todo-listo-en-entre-rios-para-un-rally-especial\/"},"author":{"name":"admin","@id":"https:\/\/deportesanluis.com.ar\/#\/schema\/person\/4b3e665481e93d271fced43ee48143c8"},"headline":"Todo listo en Entre R\u00edos para un rally especial","datePublished":"2025-10-01T15:15:47+00:00","dateModified":"2025-10-06T22:40:26+00:00","mainEntityOfPage":{"@id":"https:\/\/deportesanluis.com.ar\/todo-listo-en-entre-rios-para-un-rally-especial\/"},"wordCount":438,"publisher":{"@id":"https:\/\/deportesanluis.com.ar\/#organization"},"image":{"@id":"https:\/\/deportesanluis.com.ar\/todo-listo-en-entre-rios-para-un-rally-especial\/#primaryimage"},"thumbnailUrl":"https:\/\/deportesanluis.com.ar\/wp-content\/uploads\/2025\/10\/Puntanos-Definicion-RA25.jpg","keywords":["Rally Argentino"],"articleSection":["Motores","RA"],"inLanguage":"es-AR"},{"@type":"WebPage","@id":"https:\/\/deportesanluis.com.ar\/todo-listo-en-entre-rios-para-un-rally-especial\/","url":"https:\/\/deportesanluis.com.ar\/todo-listo-en-entre-rios-para-un-rally-especial\/","name":"Todo listo en Entre R\u00edos para un rally especial - DSL","isPartOf":{"@id":"https:\/\/deportesanluis.com.ar\/#website"},"primaryImageOfPage":{"@id":"https:\/\/deportesanluis.com.ar\/todo-listo-en-entre-rios-para-un-rally-especial\/#primaryimage"},"image":{"@id":"https:\/\/deportesanluis.com.ar\/todo-listo-en-entre-rios-para-un-rally-especial\/#primaryimage"},"thumbnailUrl":"https:\/\/deportesanluis.com.ar\/wp-content\/uploads\/2025\/10\/Puntanos-Definicion-RA25.jpg","datePublished":"2025-10-01T15:15:47+00:00","dateModified":"2025-10-06T22:40:26+00:00","description":"Se trata de la pen\u00faltima fecha del Campeonato Argentino que tendr\u00e1 a Miguel Baldoni con serias chances de un nuevo t\u00edtulo en la RC2. Mario Rasso, por su parte, intentar\u00e1 estirar la definici\u00f3n de la RC3.","breadcrumb":{"@id":"https:\/\/deportesanluis.com.ar\/todo-listo-en-entre-rios-para-un-rally-especial\/#breadcrumb"},"inLanguage":"es-AR","potentialAction":[{"@type":"ReadAction","target":["https:\/\/deportesanluis.com.ar\/todo-listo-en-entre-rios-para-un-rally-especial\/"]}]},{"@type":"ImageObject","inLanguage":"es-AR","@id":"https:\/\/deportesanluis.com.ar\/todo-listo-en-entre-rios-para-un-rally-especial\/#primaryimage","url":"https:\/\/deportesanluis.com.ar\/wp-content\/uploads\/2025\/10\/Puntanos-Definicion-RA25.jpg","contentUrl":"https:\/\/deportesanluis.com.ar\/wp-content\/uploads\/2025\/10\/Puntanos-Definicion-RA25.jpg","width":800,"height":500},{"@type":"BreadcrumbList","@id":"https:\/\/deportesanluis.com.ar\/todo-listo-en-entre-rios-para-un-rally-especial\/#breadcrumb","itemListElement":[{"@type":"ListItem","position":1,"name":"Home","item":"https:\/\/deportesanluis.com.ar\/"},{"@type":"ListItem","position":2,"name":"Todo listo en Entre R\u00edos para un rally especial"}]},{"@type":"WebSite","@id":"https:\/\/deportesanluis.com.ar\/#website","url":"https:\/\/deportesanluis.com.ar\/","name":"deportesanluis.com.ar","description":"Noticias de Deporte de San Luis","publisher":{"@id":"https:\/\/deportesanluis.com.ar\/#organization"},"alternateName":"Deporte SL","potentialAction":[{"@type":"SearchAction","target":{"@type":"EntryPoint","urlTemplate":"https:\/\/deportesanluis.com.ar\/?s={search_term_string}"},"query-input":{"@type":"PropertyValueSpecification","valueRequired":true,"valueName":"search_term_string"}}],"inLanguage":"es-AR"},{"@type":"Organization","@id":"https:\/\/deportesanluis.com.ar\/#organization","name":"DSL","alternateName":"Deporte SL","url":"https:\/\/deportesanluis.com.ar\/","logo":{"@type":"ImageObject","inLanguage":"es-AR","@id":"https:\/\/deportesanluis.com.ar\/#\/schema\/logo\/image\/","url":"https:\/\/deportesanluis.com.ar\/wp-content\/uploads\/2023\/06\/DSL-Logo-2023-5.jpg","contentUrl":"https:\/\/deportesanluis.com.ar\/wp-content\/uploads\/2023\/06\/DSL-Logo-2023-5.jpg","width":1718,"height":845,"caption":"DSL"},"image":{"@id":"https:\/\/deportesanluis.com.ar\/#\/schema\/logo\/image\/"},"sameAs":["https:\/\/www.facebook.com\/DSLDeporteSanLuis","https:\/\/x.com\/deportesanluis","https:\/\/www.instagram.com\/dsl_deportesanluis\/"]},{"@type":"Person","@id":"https:\/\/deportesanluis.com.ar\/#\/schema\/person\/4b3e665481e93d271fced43ee48143c8","name":"admin","image":{"@type":"ImageObject","inLanguage":"es-AR","@id":"https:\/\/secure.gravatar.com\/avatar\/5424b2c21466f502587708c43dbe2dc47b5e643fec67835095677cd3af6ba546?s=96&d=mm&r=g","url":"https:\/\/secure.gravatar.com\/avatar\/5424b2c21466f502587708c43dbe2dc47b5e643fec67835095677cd3af6ba546?s=96&d=mm&r=g","contentUrl":"https:\/\/secure.gravatar.com\/avatar\/5424b2c21466f502587708c43dbe2dc47b5e643fec67835095677cd3af6ba546?s=96&d=mm&r=g","caption":"admin"},"sameAs":["https:\/\/deportesanluis.com.ar"],"url":"https:\/\/deportesanluis.com.ar\/author\/admin\/"}]}},"_links":{"self":[{"href":"https:\/\/deportesanluis.com.ar\/wp-json\/wp\/v2\/posts\/29019","targetHints":{"allow":["GET"]}}],"collection":[{"href":"https:\/\/deportesanluis.com.ar\/wp-json\/wp\/v2\/posts"}],"about":[{"href":"https:\/\/deportesanluis.com.ar\/wp-json\/wp\/v2\/types\/post"}],"author":[{"embeddable":true,"href":"https:\/\/deportesanluis.com.ar\/wp-json\/wp\/v2\/users\/1"}],"replies":[{"embeddable":true,"href":"https:\/\/deportesanluis.com.ar\/wp-json\/wp\/v2\/comments?post=29019"}],"version-history":[{"count":0,"href":"https:\/\/deportesanluis.com.ar\/wp-json\/wp\/v2\/posts\/29019\/revisions"}],"wp:featuredmedia":[{"embeddable":true,"href":"https:\/\/deportesanluis.com.ar\/wp-json\/wp\/v2\/media\/29020"}],"wp:attachment":[{"href":"https:\/\/deportesanluis.com.ar\/wp-json\/wp\/v2\/media?parent=29019"}],"wp:term":[{"taxonomy":"category","embeddable":true,"href":"https:\/\/deportesanluis.com.ar\/wp-json\/wp\/v2\/categories?post=29019"},{"taxonomy":"post_tag","embeddable":true,"href":"https:\/\/deportesanluis.com.ar\/wp-json\/wp\/v2\/tags?post=29019"}],"curies":[{"name":"wp","href":"https:\/\/api.w.org\/{rel}","templated":true}]}}