{"id":29106,"date":"2025-10-06T19:33:36","date_gmt":"2025-10-06T22:33:36","guid":{"rendered":"https:\/\/deportesanluis.com.ar\/?p=29106"},"modified":"2025-10-13T12:31:48","modified_gmt":"2025-10-13T15:31:48","slug":"miguel-baldoni-es-campeon-del-rally-argentino","status":"publish","type":"post","link":"https:\/\/deportesanluis.com.ar\/miguel-baldoni-es-campeon-del-rally-argentino\/","title":{"rendered":"Miguel Baldoni es campe\u00f3n del Rally Argentino"},"content":{"rendered":"<p>Este fin de semana se disput\u00f3, parcialmente, la pen\u00faltima fecha del Campeonato Argentino de Rally.<\/p>\n<p>Se trat\u00f3 de la primera edici\u00f3n del\u00a0Rally de Entre R\u00edos en Diamante y Valle Mar\u00eda, el cual, solo pudo contar con velocidad pura en la jornada del s\u00e1bado ya que, un fuerte temporal, aneg\u00f3 los caminos de la jornada de domingo.<\/p>\n<p>Los tramos que contaron con acci\u00f3n fueron Pre Delta-Comisar\u00eda Ejido (13,4kms.), Escuela 36-Escuela 4 (15,25kms.); Valle Mar\u00eda-Balneario (8,87kms.) y el Super Especial en el Complejo La Chacra (5,95kms.).<\/p>\n<p>A bordo de su Skoda Fabia, el puntano Miguel Baldoni junto al cordob\u00e9s Gustavo Franchello, volvi\u00f3 a demostrar por qu\u00e9 es uno de los grandes referentes. Con ritmo s\u00f3lido, se qued\u00f3 con el triunfo, superando por 7,1 segundos al sanjuanino Gast\u00f3n Pasten con el mercedino Mat\u00edas Ramos (Skoda Fabia).<\/p>\n<p><img loading=\"lazy\" decoding=\"async\" class=\"aligncenter size-large wp-image-29110\" src=\"https:\/\/deportesanluis.com.ar\/wp-content\/uploads\/2025\/10\/Baldoni-EntreRios-02-RA25-1024x682.jpeg\" alt=\"\" width=\"696\" height=\"464\" srcset=\"https:\/\/deportesanluis.com.ar\/wp-content\/uploads\/2025\/10\/Baldoni-EntreRios-02-RA25-1024x682.jpeg 1024w, https:\/\/deportesanluis.com.ar\/wp-content\/uploads\/2025\/10\/Baldoni-EntreRios-02-RA25-300x200.jpeg 300w, https:\/\/deportesanluis.com.ar\/wp-content\/uploads\/2025\/10\/Baldoni-EntreRios-02-RA25-768x512.jpeg 768w, https:\/\/deportesanluis.com.ar\/wp-content\/uploads\/2025\/10\/Baldoni-EntreRios-02-RA25-630x420.jpeg 630w, https:\/\/deportesanluis.com.ar\/wp-content\/uploads\/2025\/10\/Baldoni-EntreRios-02-RA25-150x100.jpeg 150w, https:\/\/deportesanluis.com.ar\/wp-content\/uploads\/2025\/10\/Baldoni-EntreRios-02-RA25-696x464.jpeg 696w, https:\/\/deportesanluis.com.ar\/wp-content\/uploads\/2025\/10\/Baldoni-EntreRios-02-RA25-1068x712.jpeg 1068w, https:\/\/deportesanluis.com.ar\/wp-content\/uploads\/2025\/10\/Baldoni-EntreRios-02-RA25.jpeg 1280w\" sizes=\"auto, (max-width: 696px) 100vw, 696px\" \/><\/p>\n<p>El podio lo completaron los locales Leandro Bonnin \/ Emanuel Fern\u00e1ndez (Citro\u00ebn C3) mientras que Federico Villagra \/ Diego Curletto (Hyundai i20) y Augusto D&#8217;Agostini \/ Juan Pablo Carrera (Skoda Fabia) cerraron el Top 5.<\/p>\n<p>Con esta victoria, el puntano Miguel Baldoni se consagr\u00f3 campe\u00f3n de la Clase RC2, ratificando su jerarqu\u00eda en una temporada donde la regularidad fue su mejor aliada ya que sum\u00f3 victorias en el Rally CODASUR en Jes\u00fas Mar\u00eda; en la Vuelta de la Manzana; en el Rally del Poncho de Catamarca; en el Rally del Jaaukanig\u00e1s en Santa Fe y ahora en Entre R\u00edos. Adem\u00e1s fue segundo en Misiones y en San Luis, por sanci\u00f3n deportiva.<\/p>\n<p><img loading=\"lazy\" decoding=\"async\" class=\"aligncenter size-full wp-image-29108\" src=\"https:\/\/deportesanluis.com.ar\/wp-content\/uploads\/2025\/10\/Baldoni-Campeon-2-RA25.jpg\" alt=\"\" width=\"800\" height=\"500\" srcset=\"https:\/\/deportesanluis.com.ar\/wp-content\/uploads\/2025\/10\/Baldoni-Campeon-2-RA25.jpg 800w, https:\/\/deportesanluis.com.ar\/wp-content\/uploads\/2025\/10\/Baldoni-Campeon-2-RA25-300x188.jpg 300w, https:\/\/deportesanluis.com.ar\/wp-content\/uploads\/2025\/10\/Baldoni-Campeon-2-RA25-768x480.jpg 768w, https:\/\/deportesanluis.com.ar\/wp-content\/uploads\/2025\/10\/Baldoni-Campeon-2-RA25-672x420.jpg 672w, https:\/\/deportesanluis.com.ar\/wp-content\/uploads\/2025\/10\/Baldoni-Campeon-2-RA25-150x94.jpg 150w, https:\/\/deportesanluis.com.ar\/wp-content\/uploads\/2025\/10\/Baldoni-Campeon-2-RA25-696x435.jpg 696w\" sizes=\"auto, (max-width: 800px) 100vw, 800px\" \/><\/p>\n<p>Para Miguel Baldoni este es su tercer t\u00edtulo. El primero fue en 2009 cuando conquist\u00f3 la extinta Clase N4 Light con un Mitsubishi Lancer mientras que, el segundo, fue en el 2019 ya dentro de la Clase RC2 con un Chevrolet Agile.<\/p>\n<p>En la RC3, el ganador fue Nicol\u00e1s Gonz\u00e1lez, acompa\u00f1ado por Ger\u00f3nimo Bordignon. Con su VW Gol Trend, se llev\u00f3 la victoria y le permiti\u00f3 a la dupla coronarse campeones. Los escoltas fueron Federico Devoto \/ Adriano Sanguinetti (VW Gol) y los puntanos Mario Rasso \/ Rodolfo Guevara (Peugeot 208) que ahora pelear\u00e1n por el subcampeonato.<\/p>\n<p><img loading=\"lazy\" decoding=\"async\" class=\"aligncenter size-full wp-image-29112\" src=\"https:\/\/deportesanluis.com.ar\/wp-content\/uploads\/2025\/10\/Rasso-EntreRios-1-RA25.jpg\" alt=\"\" width=\"800\" height=\"500\" srcset=\"https:\/\/deportesanluis.com.ar\/wp-content\/uploads\/2025\/10\/Rasso-EntreRios-1-RA25.jpg 800w, https:\/\/deportesanluis.com.ar\/wp-content\/uploads\/2025\/10\/Rasso-EntreRios-1-RA25-300x188.jpg 300w, https:\/\/deportesanluis.com.ar\/wp-content\/uploads\/2025\/10\/Rasso-EntreRios-1-RA25-768x480.jpg 768w, https:\/\/deportesanluis.com.ar\/wp-content\/uploads\/2025\/10\/Rasso-EntreRios-1-RA25-672x420.jpg 672w, https:\/\/deportesanluis.com.ar\/wp-content\/uploads\/2025\/10\/Rasso-EntreRios-1-RA25-150x94.jpg 150w, https:\/\/deportesanluis.com.ar\/wp-content\/uploads\/2025\/10\/Rasso-EntreRios-1-RA25-696x435.jpg 696w\" sizes=\"auto, (max-width: 800px) 100vw, 800px\" \/><\/p>\n<p>En la RCMR , Santino Rossi \/ Mart\u00edn Baucero (VW Polo) se quedaron con la victoria tras un fin de semana impecable. A 37,4 segundos finalizaron Rub\u00e9n Montoro \/ Ignacio Uez (VW Gol), mientras que Nadia Cutro \/ Miguel Recalt (Toyota Yaris) cerraron el podio, despu\u00e9s de mantener un ritmo competitivo.<\/p>\n<p>Ramiro Kauffman, oriundo de Tilisarao, ocup\u00f3 el quinto lugar con su Citr\u00f6en DS3 con l navegaci\u00f3n de Juan Del Riego.<\/p>\n<p><img loading=\"lazy\" decoding=\"async\" class=\"aligncenter size-large wp-image-29111\" src=\"https:\/\/deportesanluis.com.ar\/wp-content\/uploads\/2025\/10\/Ramiro-Kauffmann-EntreRios-2-RA25-1024x683.jpeg\" alt=\"\" width=\"696\" height=\"464\" srcset=\"https:\/\/deportesanluis.com.ar\/wp-content\/uploads\/2025\/10\/Ramiro-Kauffmann-EntreRios-2-RA25-1024x683.jpeg 1024w, https:\/\/deportesanluis.com.ar\/wp-content\/uploads\/2025\/10\/Ramiro-Kauffmann-EntreRios-2-RA25-300x200.jpeg 300w, https:\/\/deportesanluis.com.ar\/wp-content\/uploads\/2025\/10\/Ramiro-Kauffmann-EntreRios-2-RA25-768x512.jpeg 768w, https:\/\/deportesanluis.com.ar\/wp-content\/uploads\/2025\/10\/Ramiro-Kauffmann-EntreRios-2-RA25-1536x1024.jpeg 1536w, https:\/\/deportesanluis.com.ar\/wp-content\/uploads\/2025\/10\/Ramiro-Kauffmann-EntreRios-2-RA25-2048x1365.jpeg 2048w, https:\/\/deportesanluis.com.ar\/wp-content\/uploads\/2025\/10\/Ramiro-Kauffmann-EntreRios-2-RA25-630x420.jpeg 630w, https:\/\/deportesanluis.com.ar\/wp-content\/uploads\/2025\/10\/Ramiro-Kauffmann-EntreRios-2-RA25-150x100.jpeg 150w, https:\/\/deportesanluis.com.ar\/wp-content\/uploads\/2025\/10\/Ramiro-Kauffmann-EntreRios-2-RA25-696x464.jpeg 696w, https:\/\/deportesanluis.com.ar\/wp-content\/uploads\/2025\/10\/Ramiro-Kauffmann-EntreRios-2-RA25-1068x712.jpeg 1068w, https:\/\/deportesanluis.com.ar\/wp-content\/uploads\/2025\/10\/Ramiro-Kauffmann-EntreRios-2-RA25-1920x1280.jpeg 1920w\" sizes=\"auto, (max-width: 696px) 100vw, 696px\" \/><\/p>\n<p>La Clase RC4 vio triunfar a Alejandro e Italo Baratella (Peugeot 208), imponi\u00e9ndose sobre Juan Saraleguy \/ Luis Gatica (Peugeot 208), mientras que Juli\u00e1n Larrosa \/ Gustavo Beccar\u00eda (Peugeot 208), completaba el podio.<\/p>\n<p>En el RC5, Santiago Sabbatini \/ Ignacio G\u00f3mez (Ford Fiesta) repitieron el protagonismo y se llevaron la victoria. Valentino Cardoso \/ Sebasti\u00e1n Mugni (Ford Fiesta) los escoltaron, completando el tercer lugar del podio, Mart\u00edn Sabbatini \/ Pablo Falistocco en su Ford Fiesta.<\/p>\n<p>La pr\u00f3xima cita ser\u00e1 la \u00faltima de la temporada. Se trata del Gran Premio Rally de Mina Clavero entre el 5 y el 7 de diciembre.<\/p>\n<hr \/>\n<p><strong>Nota:<\/strong> Redacci\u00f3n<\/p>\n","protected":false},"excerpt":{"rendered":"<p>El triunfo en Entre R\u00edos y una magn\u00edfica temporada marcaron el camino para que el piloto puntano alcance su tercer t\u00edtulo nacional. Past\u00e9n y Villagra fueron los escoltas. El tomense Mario Rasso pelear\u00e1 por el subcampeonato de la Clase RC3.\u00a0<\/p>\n","protected":false},"author":1,"featured_media":29107,"comment_status":"closed","ping_status":"closed","sticky":false,"template":"","format":"standard","meta":{"footnotes":""},"categories":[75,51,154],"tags":[159],"class_list":{"0":"post-29106","1":"post","2":"type-post","3":"status-publish","4":"format-standard","5":"has-post-thumbnail","7":"category-75","8":"category-motores","9":"category-ra","10":"tag-rally-argentino"},"yoast_head":"<!-- This site is optimized with the Yoast SEO plugin v27.4 - https:\/\/yoast.com\/product\/yoast-seo-wordpress\/ -->\n<title>Miguel Baldoni es campe\u00f3n del Rally Argentino - DSL<\/title>\n<meta name=\"description\" content=\"El triunfo en Entre R\u00edos y una magn\u00edfica temporada marcaron el camino para que el piloto puntano alcance su tercer t\u00edtulo nacional. Past\u00e9n y Villagra fueron los escoltas. El tomense Mario Rasso pelear\u00e1 por el subcampeonato de la Clase RC3.\u00a0\" \/>\n<meta name=\"robots\" content=\"index, follow, max-snippet:-1, max-image-preview:large, max-video-preview:-1\" \/>\n<link rel=\"canonical\" href=\"https:\/\/deportesanluis.com.ar\/miguel-baldoni-es-campeon-del-rally-argentino\/\" \/>\n<meta property=\"og:locale\" content=\"es_ES\" \/>\n<meta property=\"og:type\" content=\"article\" \/>\n<meta property=\"og:title\" content=\"Miguel Baldoni es campe\u00f3n del Rally Argentino - DSL\" \/>\n<meta property=\"og:description\" content=\"El triunfo en Entre R\u00edos y una magn\u00edfica temporada marcaron el camino para que el piloto puntano alcance su tercer t\u00edtulo nacional. Past\u00e9n y Villagra fueron los escoltas. El tomense Mario Rasso pelear\u00e1 por el subcampeonato de la Clase RC3.\u00a0\" \/>\n<meta property=\"og:url\" content=\"https:\/\/deportesanluis.com.ar\/miguel-baldoni-es-campeon-del-rally-argentino\/\" \/>\n<meta property=\"og:site_name\" content=\"DSL\" \/>\n<meta property=\"article:publisher\" content=\"https:\/\/www.facebook.com\/DSLDeporteSanLuis\" \/>\n<meta property=\"article:published_time\" content=\"2025-10-06T22:33:36+00:00\" \/>\n<meta property=\"article:modified_time\" content=\"2025-10-13T15:31:48+00:00\" \/>\n<meta property=\"og:image\" content=\"https:\/\/deportesanluis.com.ar\/wp-content\/uploads\/2025\/10\/Baldoni-Campeon-1-RA25.jpg\" \/>\n\t<meta property=\"og:image:width\" content=\"800\" \/>\n\t<meta property=\"og:image:height\" content=\"500\" \/>\n\t<meta property=\"og:image:type\" content=\"image\/jpeg\" \/>\n<meta name=\"author\" content=\"admin\" \/>\n<meta name=\"twitter:card\" content=\"summary_large_image\" \/>\n<meta name=\"twitter:creator\" content=\"@deportesanluis\" \/>\n<meta name=\"twitter:site\" content=\"@deportesanluis\" \/>\n<meta name=\"twitter:label1\" content=\"Escrito por\" \/>\n\t<meta name=\"twitter:data1\" content=\"admin\" \/>\n\t<meta name=\"twitter:label2\" content=\"Tiempo de lectura\" \/>\n\t<meta name=\"twitter:data2\" content=\"4 minutos\" \/>\n<script type=\"application\/ld+json\" class=\"yoast-schema-graph\">{\"@context\":\"https:\\\/\\\/schema.org\",\"@graph\":[{\"@type\":\"Article\",\"@id\":\"https:\\\/\\\/deportesanluis.com.ar\\\/miguel-baldoni-es-campeon-del-rally-argentino\\\/#article\",\"isPartOf\":{\"@id\":\"https:\\\/\\\/deportesanluis.com.ar\\\/miguel-baldoni-es-campeon-del-rally-argentino\\\/\"},\"author\":{\"name\":\"admin\",\"@id\":\"https:\\\/\\\/deportesanluis.com.ar\\\/#\\\/schema\\\/person\\\/4b3e665481e93d271fced43ee48143c8\"},\"headline\":\"Miguel Baldoni es campe\u00f3n del Rally Argentino\",\"datePublished\":\"2025-10-06T22:33:36+00:00\",\"dateModified\":\"2025-10-13T15:31:48+00:00\",\"mainEntityOfPage\":{\"@id\":\"https:\\\/\\\/deportesanluis.com.ar\\\/miguel-baldoni-es-campeon-del-rally-argentino\\\/\"},\"wordCount\":540,\"publisher\":{\"@id\":\"https:\\\/\\\/deportesanluis.com.ar\\\/#organization\"},\"image\":{\"@id\":\"https:\\\/\\\/deportesanluis.com.ar\\\/miguel-baldoni-es-campeon-del-rally-argentino\\\/#primaryimage\"},\"thumbnailUrl\":\"https:\\\/\\\/deportesanluis.com.ar\\\/wp-content\\\/uploads\\\/2025\\\/10\\\/Baldoni-Campeon-1-RA25.jpg\",\"keywords\":[\"Rally Argentino\"],\"articleSection\":[\"15\",\"Motores\",\"RA\"],\"inLanguage\":\"es-AR\"},{\"@type\":\"WebPage\",\"@id\":\"https:\\\/\\\/deportesanluis.com.ar\\\/miguel-baldoni-es-campeon-del-rally-argentino\\\/\",\"url\":\"https:\\\/\\\/deportesanluis.com.ar\\\/miguel-baldoni-es-campeon-del-rally-argentino\\\/\",\"name\":\"Miguel Baldoni es campe\u00f3n del Rally Argentino - DSL\",\"isPartOf\":{\"@id\":\"https:\\\/\\\/deportesanluis.com.ar\\\/#website\"},\"primaryImageOfPage\":{\"@id\":\"https:\\\/\\\/deportesanluis.com.ar\\\/miguel-baldoni-es-campeon-del-rally-argentino\\\/#primaryimage\"},\"image\":{\"@id\":\"https:\\\/\\\/deportesanluis.com.ar\\\/miguel-baldoni-es-campeon-del-rally-argentino\\\/#primaryimage\"},\"thumbnailUrl\":\"https:\\\/\\\/deportesanluis.com.ar\\\/wp-content\\\/uploads\\\/2025\\\/10\\\/Baldoni-Campeon-1-RA25.jpg\",\"datePublished\":\"2025-10-06T22:33:36+00:00\",\"dateModified\":\"2025-10-13T15:31:48+00:00\",\"description\":\"El triunfo en Entre R\u00edos y una magn\u00edfica temporada marcaron el camino para que el piloto puntano alcance su tercer t\u00edtulo nacional. Past\u00e9n y Villagra fueron los escoltas. El tomense Mario Rasso pelear\u00e1 por el subcampeonato de la Clase RC3.\u00a0\",\"breadcrumb\":{\"@id\":\"https:\\\/\\\/deportesanluis.com.ar\\\/miguel-baldoni-es-campeon-del-rally-argentino\\\/#breadcrumb\"},\"inLanguage\":\"es-AR\",\"potentialAction\":[{\"@type\":\"ReadAction\",\"target\":[\"https:\\\/\\\/deportesanluis.com.ar\\\/miguel-baldoni-es-campeon-del-rally-argentino\\\/\"]}]},{\"@type\":\"ImageObject\",\"inLanguage\":\"es-AR\",\"@id\":\"https:\\\/\\\/deportesanluis.com.ar\\\/miguel-baldoni-es-campeon-del-rally-argentino\\\/#primaryimage\",\"url\":\"https:\\\/\\\/deportesanluis.com.ar\\\/wp-content\\\/uploads\\\/2025\\\/10\\\/Baldoni-Campeon-1-RA25.jpg\",\"contentUrl\":\"https:\\\/\\\/deportesanluis.com.ar\\\/wp-content\\\/uploads\\\/2025\\\/10\\\/Baldoni-Campeon-1-RA25.jpg\",\"width\":800,\"height\":500},{\"@type\":\"BreadcrumbList\",\"@id\":\"https:\\\/\\\/deportesanluis.com.ar\\\/miguel-baldoni-es-campeon-del-rally-argentino\\\/#breadcrumb\",\"itemListElement\":[{\"@type\":\"ListItem\",\"position\":1,\"name\":\"Home\",\"item\":\"https:\\\/\\\/deportesanluis.com.ar\\\/\"},{\"@type\":\"ListItem\",\"position\":2,\"name\":\"Miguel Baldoni es campe\u00f3n del Rally Argentino\"}]},{\"@type\":\"WebSite\",\"@id\":\"https:\\\/\\\/deportesanluis.com.ar\\\/#website\",\"url\":\"https:\\\/\\\/deportesanluis.com.ar\\\/\",\"name\":\"deportesanluis.com.ar\",\"description\":\"Noticias de Deporte de San Luis\",\"publisher\":{\"@id\":\"https:\\\/\\\/deportesanluis.com.ar\\\/#organization\"},\"alternateName\":\"Deporte SL\",\"potentialAction\":[{\"@type\":\"SearchAction\",\"target\":{\"@type\":\"EntryPoint\",\"urlTemplate\":\"https:\\\/\\\/deportesanluis.com.ar\\\/?s={search_term_string}\"},\"query-input\":{\"@type\":\"PropertyValueSpecification\",\"valueRequired\":true,\"valueName\":\"search_term_string\"}}],\"inLanguage\":\"es-AR\"},{\"@type\":\"Organization\",\"@id\":\"https:\\\/\\\/deportesanluis.com.ar\\\/#organization\",\"name\":\"DSL\",\"alternateName\":\"Deporte SL\",\"url\":\"https:\\\/\\\/deportesanluis.com.ar\\\/\",\"logo\":{\"@type\":\"ImageObject\",\"inLanguage\":\"es-AR\",\"@id\":\"https:\\\/\\\/deportesanluis.com.ar\\\/#\\\/schema\\\/logo\\\/image\\\/\",\"url\":\"https:\\\/\\\/deportesanluis.com.ar\\\/wp-content\\\/uploads\\\/2023\\\/06\\\/DSL-Logo-2023-5.jpg\",\"contentUrl\":\"https:\\\/\\\/deportesanluis.com.ar\\\/wp-content\\\/uploads\\\/2023\\\/06\\\/DSL-Logo-2023-5.jpg\",\"width\":1718,\"height\":845,\"caption\":\"DSL\"},\"image\":{\"@id\":\"https:\\\/\\\/deportesanluis.com.ar\\\/#\\\/schema\\\/logo\\\/image\\\/\"},\"sameAs\":[\"https:\\\/\\\/www.facebook.com\\\/DSLDeporteSanLuis\",\"https:\\\/\\\/x.com\\\/deportesanluis\",\"https:\\\/\\\/www.instagram.com\\\/dsl_deportesanluis\\\/\"]},{\"@type\":\"Person\",\"@id\":\"https:\\\/\\\/deportesanluis.com.ar\\\/#\\\/schema\\\/person\\\/4b3e665481e93d271fced43ee48143c8\",\"name\":\"admin\",\"image\":{\"@type\":\"ImageObject\",\"inLanguage\":\"es-AR\",\"@id\":\"https:\\\/\\\/secure.gravatar.com\\\/avatar\\\/5424b2c21466f502587708c43dbe2dc47b5e643fec67835095677cd3af6ba546?s=96&d=mm&r=g\",\"url\":\"https:\\\/\\\/secure.gravatar.com\\\/avatar\\\/5424b2c21466f502587708c43dbe2dc47b5e643fec67835095677cd3af6ba546?s=96&d=mm&r=g\",\"contentUrl\":\"https:\\\/\\\/secure.gravatar.com\\\/avatar\\\/5424b2c21466f502587708c43dbe2dc47b5e643fec67835095677cd3af6ba546?s=96&d=mm&r=g\",\"caption\":\"admin\"},\"sameAs\":[\"https:\\\/\\\/deportesanluis.com.ar\"],\"url\":\"https:\\\/\\\/deportesanluis.com.ar\\\/author\\\/admin\\\/\"}]}<\/script>\n<!-- \/ Yoast SEO plugin. -->","yoast_head_json":{"title":"Miguel Baldoni es campe\u00f3n del Rally Argentino - DSL","description":"El triunfo en Entre R\u00edos y una magn\u00edfica temporada marcaron el camino para que el piloto puntano alcance su tercer t\u00edtulo nacional. Past\u00e9n y Villagra fueron los escoltas. El tomense Mario Rasso pelear\u00e1 por el subcampeonato de la Clase RC3.\u00a0","robots":{"index":"index","follow":"follow","max-snippet":"max-snippet:-1","max-image-preview":"max-image-preview:large","max-video-preview":"max-video-preview:-1"},"canonical":"https:\/\/deportesanluis.com.ar\/miguel-baldoni-es-campeon-del-rally-argentino\/","og_locale":"es_ES","og_type":"article","og_title":"Miguel Baldoni es campe\u00f3n del Rally Argentino - DSL","og_description":"El triunfo en Entre R\u00edos y una magn\u00edfica temporada marcaron el camino para que el piloto puntano alcance su tercer t\u00edtulo nacional. Past\u00e9n y Villagra fueron los escoltas. El tomense Mario Rasso pelear\u00e1 por el subcampeonato de la Clase RC3.\u00a0","og_url":"https:\/\/deportesanluis.com.ar\/miguel-baldoni-es-campeon-del-rally-argentino\/","og_site_name":"DSL","article_publisher":"https:\/\/www.facebook.com\/DSLDeporteSanLuis","article_published_time":"2025-10-06T22:33:36+00:00","article_modified_time":"2025-10-13T15:31:48+00:00","og_image":[{"width":800,"height":500,"url":"https:\/\/deportesanluis.com.ar\/wp-content\/uploads\/2025\/10\/Baldoni-Campeon-1-RA25.jpg","type":"image\/jpeg"}],"author":"admin","twitter_card":"summary_large_image","twitter_creator":"@deportesanluis","twitter_site":"@deportesanluis","twitter_misc":{"Escrito por":"admin","Tiempo de lectura":"4 minutos"},"schema":{"@context":"https:\/\/schema.org","@graph":[{"@type":"Article","@id":"https:\/\/deportesanluis.com.ar\/miguel-baldoni-es-campeon-del-rally-argentino\/#article","isPartOf":{"@id":"https:\/\/deportesanluis.com.ar\/miguel-baldoni-es-campeon-del-rally-argentino\/"},"author":{"name":"admin","@id":"https:\/\/deportesanluis.com.ar\/#\/schema\/person\/4b3e665481e93d271fced43ee48143c8"},"headline":"Miguel Baldoni es campe\u00f3n del Rally Argentino","datePublished":"2025-10-06T22:33:36+00:00","dateModified":"2025-10-13T15:31:48+00:00","mainEntityOfPage":{"@id":"https:\/\/deportesanluis.com.ar\/miguel-baldoni-es-campeon-del-rally-argentino\/"},"wordCount":540,"publisher":{"@id":"https:\/\/deportesanluis.com.ar\/#organization"},"image":{"@id":"https:\/\/deportesanluis.com.ar\/miguel-baldoni-es-campeon-del-rally-argentino\/#primaryimage"},"thumbnailUrl":"https:\/\/deportesanluis.com.ar\/wp-content\/uploads\/2025\/10\/Baldoni-Campeon-1-RA25.jpg","keywords":["Rally Argentino"],"articleSection":["15","Motores","RA"],"inLanguage":"es-AR"},{"@type":"WebPage","@id":"https:\/\/deportesanluis.com.ar\/miguel-baldoni-es-campeon-del-rally-argentino\/","url":"https:\/\/deportesanluis.com.ar\/miguel-baldoni-es-campeon-del-rally-argentino\/","name":"Miguel Baldoni es campe\u00f3n del Rally Argentino - DSL","isPartOf":{"@id":"https:\/\/deportesanluis.com.ar\/#website"},"primaryImageOfPage":{"@id":"https:\/\/deportesanluis.com.ar\/miguel-baldoni-es-campeon-del-rally-argentino\/#primaryimage"},"image":{"@id":"https:\/\/deportesanluis.com.ar\/miguel-baldoni-es-campeon-del-rally-argentino\/#primaryimage"},"thumbnailUrl":"https:\/\/deportesanluis.com.ar\/wp-content\/uploads\/2025\/10\/Baldoni-Campeon-1-RA25.jpg","datePublished":"2025-10-06T22:33:36+00:00","dateModified":"2025-10-13T15:31:48+00:00","description":"El triunfo en Entre R\u00edos y una magn\u00edfica temporada marcaron el camino para que el piloto puntano alcance su tercer t\u00edtulo nacional. Past\u00e9n y Villagra fueron los escoltas. El tomense Mario Rasso pelear\u00e1 por el subcampeonato de la Clase RC3.\u00a0","breadcrumb":{"@id":"https:\/\/deportesanluis.com.ar\/miguel-baldoni-es-campeon-del-rally-argentino\/#breadcrumb"},"inLanguage":"es-AR","potentialAction":[{"@type":"ReadAction","target":["https:\/\/deportesanluis.com.ar\/miguel-baldoni-es-campeon-del-rally-argentino\/"]}]},{"@type":"ImageObject","inLanguage":"es-AR","@id":"https:\/\/deportesanluis.com.ar\/miguel-baldoni-es-campeon-del-rally-argentino\/#primaryimage","url":"https:\/\/deportesanluis.com.ar\/wp-content\/uploads\/2025\/10\/Baldoni-Campeon-1-RA25.jpg","contentUrl":"https:\/\/deportesanluis.com.ar\/wp-content\/uploads\/2025\/10\/Baldoni-Campeon-1-RA25.jpg","width":800,"height":500},{"@type":"BreadcrumbList","@id":"https:\/\/deportesanluis.com.ar\/miguel-baldoni-es-campeon-del-rally-argentino\/#breadcrumb","itemListElement":[{"@type":"ListItem","position":1,"name":"Home","item":"https:\/\/deportesanluis.com.ar\/"},{"@type":"ListItem","position":2,"name":"Miguel Baldoni es campe\u00f3n del Rally Argentino"}]},{"@type":"WebSite","@id":"https:\/\/deportesanluis.com.ar\/#website","url":"https:\/\/deportesanluis.com.ar\/","name":"deportesanluis.com.ar","description":"Noticias de Deporte de San Luis","publisher":{"@id":"https:\/\/deportesanluis.com.ar\/#organization"},"alternateName":"Deporte SL","potentialAction":[{"@type":"SearchAction","target":{"@type":"EntryPoint","urlTemplate":"https:\/\/deportesanluis.com.ar\/?s={search_term_string}"},"query-input":{"@type":"PropertyValueSpecification","valueRequired":true,"valueName":"search_term_string"}}],"inLanguage":"es-AR"},{"@type":"Organization","@id":"https:\/\/deportesanluis.com.ar\/#organization","name":"DSL","alternateName":"Deporte SL","url":"https:\/\/deportesanluis.com.ar\/","logo":{"@type":"ImageObject","inLanguage":"es-AR","@id":"https:\/\/deportesanluis.com.ar\/#\/schema\/logo\/image\/","url":"https:\/\/deportesanluis.com.ar\/wp-content\/uploads\/2023\/06\/DSL-Logo-2023-5.jpg","contentUrl":"https:\/\/deportesanluis.com.ar\/wp-content\/uploads\/2023\/06\/DSL-Logo-2023-5.jpg","width":1718,"height":845,"caption":"DSL"},"image":{"@id":"https:\/\/deportesanluis.com.ar\/#\/schema\/logo\/image\/"},"sameAs":["https:\/\/www.facebook.com\/DSLDeporteSanLuis","https:\/\/x.com\/deportesanluis","https:\/\/www.instagram.com\/dsl_deportesanluis\/"]},{"@type":"Person","@id":"https:\/\/deportesanluis.com.ar\/#\/schema\/person\/4b3e665481e93d271fced43ee48143c8","name":"admin","image":{"@type":"ImageObject","inLanguage":"es-AR","@id":"https:\/\/secure.gravatar.com\/avatar\/5424b2c21466f502587708c43dbe2dc47b5e643fec67835095677cd3af6ba546?s=96&d=mm&r=g","url":"https:\/\/secure.gravatar.com\/avatar\/5424b2c21466f502587708c43dbe2dc47b5e643fec67835095677cd3af6ba546?s=96&d=mm&r=g","contentUrl":"https:\/\/secure.gravatar.com\/avatar\/5424b2c21466f502587708c43dbe2dc47b5e643fec67835095677cd3af6ba546?s=96&d=mm&r=g","caption":"admin"},"sameAs":["https:\/\/deportesanluis.com.ar"],"url":"https:\/\/deportesanluis.com.ar\/author\/admin\/"}]}},"_links":{"self":[{"href":"https:\/\/deportesanluis.com.ar\/wp-json\/wp\/v2\/posts\/29106","targetHints":{"allow":["GET"]}}],"collection":[{"href":"https:\/\/deportesanluis.com.ar\/wp-json\/wp\/v2\/posts"}],"about":[{"href":"https:\/\/deportesanluis.com.ar\/wp-json\/wp\/v2\/types\/post"}],"author":[{"embeddable":true,"href":"https:\/\/deportesanluis.com.ar\/wp-json\/wp\/v2\/users\/1"}],"replies":[{"embeddable":true,"href":"https:\/\/deportesanluis.com.ar\/wp-json\/wp\/v2\/comments?post=29106"}],"version-history":[{"count":0,"href":"https:\/\/deportesanluis.com.ar\/wp-json\/wp\/v2\/posts\/29106\/revisions"}],"wp:featuredmedia":[{"embeddable":true,"href":"https:\/\/deportesanluis.com.ar\/wp-json\/wp\/v2\/media\/29107"}],"wp:attachment":[{"href":"https:\/\/deportesanluis.com.ar\/wp-json\/wp\/v2\/media?parent=29106"}],"wp:term":[{"taxonomy":"category","embeddable":true,"href":"https:\/\/deportesanluis.com.ar\/wp-json\/wp\/v2\/categories?post=29106"},{"taxonomy":"post_tag","embeddable":true,"href":"https:\/\/deportesanluis.com.ar\/wp-json\/wp\/v2\/tags?post=29106"}],"curies":[{"name":"wp","href":"https:\/\/api.w.org\/{rel}","templated":true}]}}