{"id":29270,"date":"2025-10-16T09:38:38","date_gmt":"2025-10-16T12:38:38","guid":{"rendered":"https:\/\/deportesanluis.com.ar\/?p=29270"},"modified":"2025-10-20T11:36:40","modified_gmt":"2025-10-20T14:36:40","slug":"san-luis-dice-presente-en-el-select-12","status":"publish","type":"post","link":"https:\/\/deportesanluis.com.ar\/san-luis-dice-presente-en-el-select-12\/","title":{"rendered":"San Luis dice presente en el Select 12"},"content":{"rendered":"<p>El viernes 17 y el domingo 19 de octubre se juega en Formosa el Campeonato Argentino Juvenil M17 Desarrollo o m\u00e1s conocido como Select 12 de la Regi\u00f3n Norte.<\/p>\n<p>El predio del Aguar\u00e1 Rugby &amp; Hockey Club ser\u00e1 la sede del certamen que tendr\u00e1 la participaci\u00f3n de seis seleccionados regionales donde sobresale el de la Uni\u00f3n de Rugby de San Luis (URSL).<\/p>\n<p>El plantel puntano est\u00e1 conformado por M\u00e1ximo Gil, Victorio Ledesma, Kevin Guti\u00e9rrez, Vicente Pedernera, Sebasti\u00e1n Fern\u00e1ndez, Santino Barrera y Mathias Salonia de Chancay RC; Joaqu\u00edn Marti, Thiago Gauto, Valent\u00edn Massa, Benjam\u00edn Rinaldi, Sim\u00f3n Vaez, Le\u00f3n Alborn\u00f3z, Valent\u00edn Rojas, Nicol\u00e1s Haurigot y David Chirino de Herradura RC; Ramiro Cardarelli, Alexis Puszkar y Rom\u00e1n Figueroa de Pueyrred\u00f3n; \u00c1ngel Ram\u00edrez, Guillermo Mu\u00f1oz, Francisco Ludue\u00f1a, Dago L\u00f3pez, Thiago Gatica y Benjam\u00edn Roco de Teros RC y Alan Bustamante de La Ribera Rugby.<\/p>\n<p>Juan Pablo Mazzi y Roy Verjebetyan son los entrenadores con Gustavo Constanzo en la preparaci\u00f3n f\u00edsica, Constantino Mouratoglou como m\u00e9dico y Alejandro Marti en la funci\u00f3n de Manager.<\/p>\n<p>Los seis seleccionados fueron divididos en dos grupos. En el A estar\u00e1n Misiones, Jujuy y el local Formosa mientras que, en el B jugar\u00e1n San Luis, Andina y el combinado de Paraguay.<\/p>\n<p>El viernes los puntanos debutar\u00e1n ante el seleccionado guaran\u00ed desde las 09:30hs. y luego chocar\u00e1n con Andina desde las 12:30hs.<\/p>\n<p>Las semifinales ser\u00e1n el domingo 19 a las 10:00hs. y 11:00hs. El duelo por el quinto puesto ser\u00e1 a las 12:00hs.; el cruce por el Bronce ser\u00e1 a las 16:00hs. y la Final por el t\u00edtulo y el ascenso al Nacional 2026 se jugar\u00e1 desde las 17:00hs.<\/p>\n<hr \/>\n<p><strong>Nota:<\/strong> Redacci\u00f3n\u00a0<strong> Foto:<\/strong> Archivo UAR<\/p>\n","protected":false},"excerpt":{"rendered":"<p>Ser\u00e1 desde este viernes en Formosa. El seleccionado de la Uni\u00f3n de Rugby de San Luis buscar\u00e1 quedarse con la Zona Norte para as\u00ed lograr el ascenso al Nacional 2026.\u00a0<\/p>\n","protected":false},"author":1,"featured_media":29271,"comment_status":"closed","ping_status":"closed","sticky":false,"template":"","format":"standard","meta":{"footnotes":""},"categories":[75,32,100],"tags":[101,149],"class_list":{"0":"post-29270","1":"post","2":"type-post","3":"status-publish","4":"format-standard","5":"has-post-thumbnail","7":"category-75","8":"category-poli","9":"category-rugby-poli","10":"tag-rugby","11":"tag-ursl"},"yoast_head":"<!-- This site is optimized with the Yoast SEO plugin v27.4 - https:\/\/yoast.com\/product\/yoast-seo-wordpress\/ -->\n<title>San Luis dice presente en el Select 12 - DSL<\/title>\n<meta name=\"description\" content=\"Ser\u00e1 desde este viernes en Formosa. El seleccionado de la Uni\u00f3n de Rugby de San Luis buscar\u00e1 quedarse con la Zona Norte para as\u00ed lograr el ascenso al Nacional 2026.\u00a0\" \/>\n<meta name=\"robots\" content=\"index, follow, max-snippet:-1, max-image-preview:large, max-video-preview:-1\" \/>\n<link rel=\"canonical\" href=\"https:\/\/deportesanluis.com.ar\/san-luis-dice-presente-en-el-select-12\/\" \/>\n<meta property=\"og:locale\" content=\"es_ES\" \/>\n<meta property=\"og:type\" content=\"article\" \/>\n<meta property=\"og:title\" content=\"San Luis dice presente en el Select 12 - DSL\" \/>\n<meta property=\"og:description\" content=\"Ser\u00e1 desde este viernes en Formosa. El seleccionado de la Uni\u00f3n de Rugby de San Luis buscar\u00e1 quedarse con la Zona Norte para as\u00ed lograr el ascenso al Nacional 2026.\u00a0\" \/>\n<meta property=\"og:url\" content=\"https:\/\/deportesanluis.com.ar\/san-luis-dice-presente-en-el-select-12\/\" \/>\n<meta property=\"og:site_name\" content=\"DSL\" \/>\n<meta property=\"article:publisher\" content=\"https:\/\/www.facebook.com\/DSLDeporteSanLuis\" \/>\n<meta property=\"article:published_time\" content=\"2025-10-16T12:38:38+00:00\" \/>\n<meta property=\"article:modified_time\" content=\"2025-10-20T14:36:40+00:00\" \/>\n<meta property=\"og:image\" content=\"https:\/\/deportesanluis.com.ar\/wp-content\/uploads\/2025\/10\/SanLuis-Select12-Archivo.jpg\" \/>\n\t<meta property=\"og:image:width\" content=\"800\" \/>\n\t<meta property=\"og:image:height\" content=\"500\" \/>\n\t<meta property=\"og:image:type\" content=\"image\/jpeg\" \/>\n<meta name=\"author\" content=\"admin\" \/>\n<meta name=\"twitter:card\" content=\"summary_large_image\" \/>\n<meta name=\"twitter:creator\" content=\"@deportesanluis\" \/>\n<meta name=\"twitter:site\" content=\"@deportesanluis\" \/>\n<meta name=\"twitter:label1\" content=\"Escrito por\" \/>\n\t<meta name=\"twitter:data1\" content=\"admin\" \/>\n\t<meta name=\"twitter:label2\" content=\"Tiempo de lectura\" \/>\n\t<meta name=\"twitter:data2\" content=\"2 minutos\" \/>\n<script type=\"application\/ld+json\" class=\"yoast-schema-graph\">{\"@context\":\"https:\\\/\\\/schema.org\",\"@graph\":[{\"@type\":\"Article\",\"@id\":\"https:\\\/\\\/deportesanluis.com.ar\\\/san-luis-dice-presente-en-el-select-12\\\/#article\",\"isPartOf\":{\"@id\":\"https:\\\/\\\/deportesanluis.com.ar\\\/san-luis-dice-presente-en-el-select-12\\\/\"},\"author\":{\"name\":\"admin\",\"@id\":\"https:\\\/\\\/deportesanluis.com.ar\\\/#\\\/schema\\\/person\\\/4b3e665481e93d271fced43ee48143c8\"},\"headline\":\"San Luis dice presente en el Select 12\",\"datePublished\":\"2025-10-16T12:38:38+00:00\",\"dateModified\":\"2025-10-20T14:36:40+00:00\",\"mainEntityOfPage\":{\"@id\":\"https:\\\/\\\/deportesanluis.com.ar\\\/san-luis-dice-presente-en-el-select-12\\\/\"},\"wordCount\":308,\"publisher\":{\"@id\":\"https:\\\/\\\/deportesanluis.com.ar\\\/#organization\"},\"image\":{\"@id\":\"https:\\\/\\\/deportesanluis.com.ar\\\/san-luis-dice-presente-en-el-select-12\\\/#primaryimage\"},\"thumbnailUrl\":\"https:\\\/\\\/deportesanluis.com.ar\\\/wp-content\\\/uploads\\\/2025\\\/10\\\/SanLuis-Select12-Archivo.jpg\",\"keywords\":[\"Rugby\",\"URSL\"],\"articleSection\":[\"15\",\"Poli\",\"Rugby\"],\"inLanguage\":\"es-AR\"},{\"@type\":\"WebPage\",\"@id\":\"https:\\\/\\\/deportesanluis.com.ar\\\/san-luis-dice-presente-en-el-select-12\\\/\",\"url\":\"https:\\\/\\\/deportesanluis.com.ar\\\/san-luis-dice-presente-en-el-select-12\\\/\",\"name\":\"San Luis dice presente en el Select 12 - DSL\",\"isPartOf\":{\"@id\":\"https:\\\/\\\/deportesanluis.com.ar\\\/#website\"},\"primaryImageOfPage\":{\"@id\":\"https:\\\/\\\/deportesanluis.com.ar\\\/san-luis-dice-presente-en-el-select-12\\\/#primaryimage\"},\"image\":{\"@id\":\"https:\\\/\\\/deportesanluis.com.ar\\\/san-luis-dice-presente-en-el-select-12\\\/#primaryimage\"},\"thumbnailUrl\":\"https:\\\/\\\/deportesanluis.com.ar\\\/wp-content\\\/uploads\\\/2025\\\/10\\\/SanLuis-Select12-Archivo.jpg\",\"datePublished\":\"2025-10-16T12:38:38+00:00\",\"dateModified\":\"2025-10-20T14:36:40+00:00\",\"description\":\"Ser\u00e1 desde este viernes en Formosa. El seleccionado de la Uni\u00f3n de Rugby de San Luis buscar\u00e1 quedarse con la Zona Norte para as\u00ed lograr el ascenso al Nacional 2026.\u00a0\",\"breadcrumb\":{\"@id\":\"https:\\\/\\\/deportesanluis.com.ar\\\/san-luis-dice-presente-en-el-select-12\\\/#breadcrumb\"},\"inLanguage\":\"es-AR\",\"potentialAction\":[{\"@type\":\"ReadAction\",\"target\":[\"https:\\\/\\\/deportesanluis.com.ar\\\/san-luis-dice-presente-en-el-select-12\\\/\"]}]},{\"@type\":\"ImageObject\",\"inLanguage\":\"es-AR\",\"@id\":\"https:\\\/\\\/deportesanluis.com.ar\\\/san-luis-dice-presente-en-el-select-12\\\/#primaryimage\",\"url\":\"https:\\\/\\\/deportesanluis.com.ar\\\/wp-content\\\/uploads\\\/2025\\\/10\\\/SanLuis-Select12-Archivo.jpg\",\"contentUrl\":\"https:\\\/\\\/deportesanluis.com.ar\\\/wp-content\\\/uploads\\\/2025\\\/10\\\/SanLuis-Select12-Archivo.jpg\",\"width\":800,\"height\":500},{\"@type\":\"BreadcrumbList\",\"@id\":\"https:\\\/\\\/deportesanluis.com.ar\\\/san-luis-dice-presente-en-el-select-12\\\/#breadcrumb\",\"itemListElement\":[{\"@type\":\"ListItem\",\"position\":1,\"name\":\"Home\",\"item\":\"https:\\\/\\\/deportesanluis.com.ar\\\/\"},{\"@type\":\"ListItem\",\"position\":2,\"name\":\"San Luis dice presente en el Select 12\"}]},{\"@type\":\"WebSite\",\"@id\":\"https:\\\/\\\/deportesanluis.com.ar\\\/#website\",\"url\":\"https:\\\/\\\/deportesanluis.com.ar\\\/\",\"name\":\"deportesanluis.com.ar\",\"description\":\"Noticias de Deporte de San Luis\",\"publisher\":{\"@id\":\"https:\\\/\\\/deportesanluis.com.ar\\\/#organization\"},\"alternateName\":\"Deporte SL\",\"potentialAction\":[{\"@type\":\"SearchAction\",\"target\":{\"@type\":\"EntryPoint\",\"urlTemplate\":\"https:\\\/\\\/deportesanluis.com.ar\\\/?s={search_term_string}\"},\"query-input\":{\"@type\":\"PropertyValueSpecification\",\"valueRequired\":true,\"valueName\":\"search_term_string\"}}],\"inLanguage\":\"es-AR\"},{\"@type\":\"Organization\",\"@id\":\"https:\\\/\\\/deportesanluis.com.ar\\\/#organization\",\"name\":\"DSL\",\"alternateName\":\"Deporte SL\",\"url\":\"https:\\\/\\\/deportesanluis.com.ar\\\/\",\"logo\":{\"@type\":\"ImageObject\",\"inLanguage\":\"es-AR\",\"@id\":\"https:\\\/\\\/deportesanluis.com.ar\\\/#\\\/schema\\\/logo\\\/image\\\/\",\"url\":\"https:\\\/\\\/deportesanluis.com.ar\\\/wp-content\\\/uploads\\\/2023\\\/06\\\/DSL-Logo-2023-5.jpg\",\"contentUrl\":\"https:\\\/\\\/deportesanluis.com.ar\\\/wp-content\\\/uploads\\\/2023\\\/06\\\/DSL-Logo-2023-5.jpg\",\"width\":1718,\"height\":845,\"caption\":\"DSL\"},\"image\":{\"@id\":\"https:\\\/\\\/deportesanluis.com.ar\\\/#\\\/schema\\\/logo\\\/image\\\/\"},\"sameAs\":[\"https:\\\/\\\/www.facebook.com\\\/DSLDeporteSanLuis\",\"https:\\\/\\\/x.com\\\/deportesanluis\",\"https:\\\/\\\/www.instagram.com\\\/dsl_deportesanluis\\\/\"]},{\"@type\":\"Person\",\"@id\":\"https:\\\/\\\/deportesanluis.com.ar\\\/#\\\/schema\\\/person\\\/4b3e665481e93d271fced43ee48143c8\",\"name\":\"admin\",\"image\":{\"@type\":\"ImageObject\",\"inLanguage\":\"es-AR\",\"@id\":\"https:\\\/\\\/secure.gravatar.com\\\/avatar\\\/5424b2c21466f502587708c43dbe2dc47b5e643fec67835095677cd3af6ba546?s=96&d=mm&r=g\",\"url\":\"https:\\\/\\\/secure.gravatar.com\\\/avatar\\\/5424b2c21466f502587708c43dbe2dc47b5e643fec67835095677cd3af6ba546?s=96&d=mm&r=g\",\"contentUrl\":\"https:\\\/\\\/secure.gravatar.com\\\/avatar\\\/5424b2c21466f502587708c43dbe2dc47b5e643fec67835095677cd3af6ba546?s=96&d=mm&r=g\",\"caption\":\"admin\"},\"sameAs\":[\"https:\\\/\\\/deportesanluis.com.ar\"],\"url\":\"https:\\\/\\\/deportesanluis.com.ar\\\/author\\\/admin\\\/\"}]}<\/script>\n<!-- \/ Yoast SEO plugin. -->","yoast_head_json":{"title":"San Luis dice presente en el Select 12 - DSL","description":"Ser\u00e1 desde este viernes en Formosa. El seleccionado de la Uni\u00f3n de Rugby de San Luis buscar\u00e1 quedarse con la Zona Norte para as\u00ed lograr el ascenso al Nacional 2026.\u00a0","robots":{"index":"index","follow":"follow","max-snippet":"max-snippet:-1","max-image-preview":"max-image-preview:large","max-video-preview":"max-video-preview:-1"},"canonical":"https:\/\/deportesanluis.com.ar\/san-luis-dice-presente-en-el-select-12\/","og_locale":"es_ES","og_type":"article","og_title":"San Luis dice presente en el Select 12 - DSL","og_description":"Ser\u00e1 desde este viernes en Formosa. El seleccionado de la Uni\u00f3n de Rugby de San Luis buscar\u00e1 quedarse con la Zona Norte para as\u00ed lograr el ascenso al Nacional 2026.\u00a0","og_url":"https:\/\/deportesanluis.com.ar\/san-luis-dice-presente-en-el-select-12\/","og_site_name":"DSL","article_publisher":"https:\/\/www.facebook.com\/DSLDeporteSanLuis","article_published_time":"2025-10-16T12:38:38+00:00","article_modified_time":"2025-10-20T14:36:40+00:00","og_image":[{"width":800,"height":500,"url":"https:\/\/deportesanluis.com.ar\/wp-content\/uploads\/2025\/10\/SanLuis-Select12-Archivo.jpg","type":"image\/jpeg"}],"author":"admin","twitter_card":"summary_large_image","twitter_creator":"@deportesanluis","twitter_site":"@deportesanluis","twitter_misc":{"Escrito por":"admin","Tiempo de lectura":"2 minutos"},"schema":{"@context":"https:\/\/schema.org","@graph":[{"@type":"Article","@id":"https:\/\/deportesanluis.com.ar\/san-luis-dice-presente-en-el-select-12\/#article","isPartOf":{"@id":"https:\/\/deportesanluis.com.ar\/san-luis-dice-presente-en-el-select-12\/"},"author":{"name":"admin","@id":"https:\/\/deportesanluis.com.ar\/#\/schema\/person\/4b3e665481e93d271fced43ee48143c8"},"headline":"San Luis dice presente en el Select 12","datePublished":"2025-10-16T12:38:38+00:00","dateModified":"2025-10-20T14:36:40+00:00","mainEntityOfPage":{"@id":"https:\/\/deportesanluis.com.ar\/san-luis-dice-presente-en-el-select-12\/"},"wordCount":308,"publisher":{"@id":"https:\/\/deportesanluis.com.ar\/#organization"},"image":{"@id":"https:\/\/deportesanluis.com.ar\/san-luis-dice-presente-en-el-select-12\/#primaryimage"},"thumbnailUrl":"https:\/\/deportesanluis.com.ar\/wp-content\/uploads\/2025\/10\/SanLuis-Select12-Archivo.jpg","keywords":["Rugby","URSL"],"articleSection":["15","Poli","Rugby"],"inLanguage":"es-AR"},{"@type":"WebPage","@id":"https:\/\/deportesanluis.com.ar\/san-luis-dice-presente-en-el-select-12\/","url":"https:\/\/deportesanluis.com.ar\/san-luis-dice-presente-en-el-select-12\/","name":"San Luis dice presente en el Select 12 - DSL","isPartOf":{"@id":"https:\/\/deportesanluis.com.ar\/#website"},"primaryImageOfPage":{"@id":"https:\/\/deportesanluis.com.ar\/san-luis-dice-presente-en-el-select-12\/#primaryimage"},"image":{"@id":"https:\/\/deportesanluis.com.ar\/san-luis-dice-presente-en-el-select-12\/#primaryimage"},"thumbnailUrl":"https:\/\/deportesanluis.com.ar\/wp-content\/uploads\/2025\/10\/SanLuis-Select12-Archivo.jpg","datePublished":"2025-10-16T12:38:38+00:00","dateModified":"2025-10-20T14:36:40+00:00","description":"Ser\u00e1 desde este viernes en Formosa. El seleccionado de la Uni\u00f3n de Rugby de San Luis buscar\u00e1 quedarse con la Zona Norte para as\u00ed lograr el ascenso al Nacional 2026.\u00a0","breadcrumb":{"@id":"https:\/\/deportesanluis.com.ar\/san-luis-dice-presente-en-el-select-12\/#breadcrumb"},"inLanguage":"es-AR","potentialAction":[{"@type":"ReadAction","target":["https:\/\/deportesanluis.com.ar\/san-luis-dice-presente-en-el-select-12\/"]}]},{"@type":"ImageObject","inLanguage":"es-AR","@id":"https:\/\/deportesanluis.com.ar\/san-luis-dice-presente-en-el-select-12\/#primaryimage","url":"https:\/\/deportesanluis.com.ar\/wp-content\/uploads\/2025\/10\/SanLuis-Select12-Archivo.jpg","contentUrl":"https:\/\/deportesanluis.com.ar\/wp-content\/uploads\/2025\/10\/SanLuis-Select12-Archivo.jpg","width":800,"height":500},{"@type":"BreadcrumbList","@id":"https:\/\/deportesanluis.com.ar\/san-luis-dice-presente-en-el-select-12\/#breadcrumb","itemListElement":[{"@type":"ListItem","position":1,"name":"Home","item":"https:\/\/deportesanluis.com.ar\/"},{"@type":"ListItem","position":2,"name":"San Luis dice presente en el Select 12"}]},{"@type":"WebSite","@id":"https:\/\/deportesanluis.com.ar\/#website","url":"https:\/\/deportesanluis.com.ar\/","name":"deportesanluis.com.ar","description":"Noticias de Deporte de San Luis","publisher":{"@id":"https:\/\/deportesanluis.com.ar\/#organization"},"alternateName":"Deporte SL","potentialAction":[{"@type":"SearchAction","target":{"@type":"EntryPoint","urlTemplate":"https:\/\/deportesanluis.com.ar\/?s={search_term_string}"},"query-input":{"@type":"PropertyValueSpecification","valueRequired":true,"valueName":"search_term_string"}}],"inLanguage":"es-AR"},{"@type":"Organization","@id":"https:\/\/deportesanluis.com.ar\/#organization","name":"DSL","alternateName":"Deporte SL","url":"https:\/\/deportesanluis.com.ar\/","logo":{"@type":"ImageObject","inLanguage":"es-AR","@id":"https:\/\/deportesanluis.com.ar\/#\/schema\/logo\/image\/","url":"https:\/\/deportesanluis.com.ar\/wp-content\/uploads\/2023\/06\/DSL-Logo-2023-5.jpg","contentUrl":"https:\/\/deportesanluis.com.ar\/wp-content\/uploads\/2023\/06\/DSL-Logo-2023-5.jpg","width":1718,"height":845,"caption":"DSL"},"image":{"@id":"https:\/\/deportesanluis.com.ar\/#\/schema\/logo\/image\/"},"sameAs":["https:\/\/www.facebook.com\/DSLDeporteSanLuis","https:\/\/x.com\/deportesanluis","https:\/\/www.instagram.com\/dsl_deportesanluis\/"]},{"@type":"Person","@id":"https:\/\/deportesanluis.com.ar\/#\/schema\/person\/4b3e665481e93d271fced43ee48143c8","name":"admin","image":{"@type":"ImageObject","inLanguage":"es-AR","@id":"https:\/\/secure.gravatar.com\/avatar\/5424b2c21466f502587708c43dbe2dc47b5e643fec67835095677cd3af6ba546?s=96&d=mm&r=g","url":"https:\/\/secure.gravatar.com\/avatar\/5424b2c21466f502587708c43dbe2dc47b5e643fec67835095677cd3af6ba546?s=96&d=mm&r=g","contentUrl":"https:\/\/secure.gravatar.com\/avatar\/5424b2c21466f502587708c43dbe2dc47b5e643fec67835095677cd3af6ba546?s=96&d=mm&r=g","caption":"admin"},"sameAs":["https:\/\/deportesanluis.com.ar"],"url":"https:\/\/deportesanluis.com.ar\/author\/admin\/"}]}},"_links":{"self":[{"href":"https:\/\/deportesanluis.com.ar\/wp-json\/wp\/v2\/posts\/29270","targetHints":{"allow":["GET"]}}],"collection":[{"href":"https:\/\/deportesanluis.com.ar\/wp-json\/wp\/v2\/posts"}],"about":[{"href":"https:\/\/deportesanluis.com.ar\/wp-json\/wp\/v2\/types\/post"}],"author":[{"embeddable":true,"href":"https:\/\/deportesanluis.com.ar\/wp-json\/wp\/v2\/users\/1"}],"replies":[{"embeddable":true,"href":"https:\/\/deportesanluis.com.ar\/wp-json\/wp\/v2\/comments?post=29270"}],"version-history":[{"count":0,"href":"https:\/\/deportesanluis.com.ar\/wp-json\/wp\/v2\/posts\/29270\/revisions"}],"wp:featuredmedia":[{"embeddable":true,"href":"https:\/\/deportesanluis.com.ar\/wp-json\/wp\/v2\/media\/29271"}],"wp:attachment":[{"href":"https:\/\/deportesanluis.com.ar\/wp-json\/wp\/v2\/media?parent=29270"}],"wp:term":[{"taxonomy":"category","embeddable":true,"href":"https:\/\/deportesanluis.com.ar\/wp-json\/wp\/v2\/categories?post=29270"},{"taxonomy":"post_tag","embeddable":true,"href":"https:\/\/deportesanluis.com.ar\/wp-json\/wp\/v2\/tags?post=29270"}],"curies":[{"name":"wp","href":"https:\/\/api.w.org\/{rel}","templated":true}]}}