{"id":29512,"date":"2025-11-08T14:18:33","date_gmt":"2025-11-08T17:18:33","guid":{"rendered":"https:\/\/deportesanluis.com.ar\/?p=29512"},"modified":"2025-11-16T11:45:36","modified_gmt":"2025-11-16T14:45:36","slug":"el-futuro-del-handball-puntano-al-nacional","status":"publish","type":"post","link":"https:\/\/deportesanluis.com.ar\/el-futuro-del-handball-puntano-al-nacional\/","title":{"rendered":"El futuro del handball puntano al Nacional"},"content":{"rendered":"<p>La Federaci\u00f3n Sanluise\u00f1a de Handball (FSLH) oficializ\u00f3 la n\u00f3mina de jugadores y jugadoras que representar\u00e1n a la provincia en el Campeonato Argentino de Selecciones Menores, que se llevar\u00e1 a cabo en San Carlos de Bariloche, R\u00edo Negro, entre el 10 y el 15 de noviembre.<\/p>\n<p>El certamen reunir\u00e1 a los mejores seleccionados menores del pa\u00eds, y San Luis dir\u00e1 presente con sus planteles femenino y masculino, que vienen de intensas semanas de preparaci\u00f3n bajo la conducci\u00f3n de Camila Camargo y Mat\u00edas V\u00e1zquez, respectivamente.<\/p>\n<p><strong>Seleccionado Femenino<\/strong><\/p>\n<ul>\n<li>Guadalupe Pedernera<\/li>\n<li>Mar\u00eda Naviskas<\/li>\n<li>Martina Ceballo<\/li>\n<li>Mar\u00eda Soria G\u00f3mez<\/li>\n<li>Maite Kettman<\/li>\n<li>Delfina Lucero<\/li>\n<li>Lara Correa<\/li>\n<li>Zoe Andrada<\/li>\n<li>Paris Fiszman<\/li>\n<li>Guadalupe Britos<\/li>\n<li>Guadalupe Zorrilla<\/li>\n<li>Dana Pav\u00f3n<\/li>\n<li>Emilia Pousett<\/li>\n<li>Ludmila Videla<\/li>\n<li>Alma Escudero<\/li>\n<\/ul>\n<p><strong>Seleccionado Masculino<\/strong><\/p>\n<ul>\n<li>Sebasti\u00e1n Ortega<\/li>\n<li>Nicol\u00e1s Flores<\/li>\n<li>Luciano Gatti<\/li>\n<li>Vicente Sosa<\/li>\n<li>Tadeo Anzorena<\/li>\n<li>Dylan Mohr<\/li>\n<li>Benjam\u00edn Barrionuevo<\/li>\n<li>Joaqu\u00edn Amieva<\/li>\n<li>Sim\u00f3n Pestchanker<\/li>\n<li>Santiago Hern\u00e1ndez<\/li>\n<li>Santino Fern\u00e1ndez<\/li>\n<li>Juan Diego Cozzolino<\/li>\n<li>Santiago L\u00f3pez<\/li>\n<li>Bautista Fern\u00e1ndez<\/li>\n<li>Facundo Cangiano<\/li>\n<li>Felipe Clementi<\/li>\n<li>Juan Mart\u00edn Moreno<\/li>\n<\/ul>\n<p>Hasta el momento, la Confederaci\u00f3n Argentina de la especialidad (CAH) no ha informado el fixture oficial del torneo, aunque se espera que se conozca en los pr\u00f3ximos d\u00edas junto con el cronograma de partidos.<\/p>\n<hr \/>\n<p><strong>Nota:<\/strong> Luca Falduti\u00a0 <strong>Foto:<\/strong> Archivo<\/p>\n","protected":false},"excerpt":{"rendered":"<p>Los equipos femeninos y masculinos de San Luis, dirigidos por Camila Camargo y Mat\u00edas V\u00e1zquez respectivamente, competir\u00e1n en el Campeonato Argentino de Selecciones Menores que se disputar\u00e1 del 10 al 15 de noviembre en San Carlos de Bariloche.<\/p>\n","protected":false},"author":2,"featured_media":26572,"comment_status":"closed","ping_status":"closed","sticky":false,"template":"","format":"standard","meta":{"footnotes":""},"categories":[75,83,32],"tags":[84],"class_list":{"0":"post-29512","1":"post","2":"type-post","3":"status-publish","4":"format-standard","5":"has-post-thumbnail","7":"category-75","8":"category-handball","9":"category-poli","10":"tag-handball"},"yoast_head":"<!-- This site is optimized with the Yoast SEO plugin v27.4 - https:\/\/yoast.com\/product\/yoast-seo-wordpress\/ -->\n<title>El futuro del handball puntano al Nacional - DSL<\/title>\n<meta name=\"description\" content=\"Los equipos femeninos y masculinos de San Luis, dirigidos por Camila Camargo y Mat\u00edas V\u00e1zquez respectivamente, competir\u00e1n en el Campeonato Argentino de Selecciones Menores que se disputar\u00e1 del 10 al 15 de noviembre en San Carlos de Bariloche.\" \/>\n<meta name=\"robots\" content=\"index, follow, max-snippet:-1, max-image-preview:large, max-video-preview:-1\" \/>\n<link rel=\"canonical\" href=\"https:\/\/deportesanluis.com.ar\/el-futuro-del-handball-puntano-al-nacional\/\" \/>\n<meta property=\"og:locale\" content=\"es_ES\" \/>\n<meta property=\"og:type\" content=\"article\" \/>\n<meta property=\"og:title\" content=\"El futuro del handball puntano al Nacional - DSL\" \/>\n<meta property=\"og:description\" content=\"Los equipos femeninos y masculinos de San Luis, dirigidos por Camila Camargo y Mat\u00edas V\u00e1zquez respectivamente, competir\u00e1n en el Campeonato Argentino de Selecciones Menores que se disputar\u00e1 del 10 al 15 de noviembre en San Carlos de Bariloche.\" \/>\n<meta property=\"og:url\" content=\"https:\/\/deportesanluis.com.ar\/el-futuro-del-handball-puntano-al-nacional\/\" \/>\n<meta property=\"og:site_name\" content=\"DSL\" \/>\n<meta property=\"article:publisher\" content=\"https:\/\/www.facebook.com\/DSLDeporteSanLuis\" \/>\n<meta property=\"article:published_time\" content=\"2025-11-08T17:18:33+00:00\" \/>\n<meta property=\"article:modified_time\" content=\"2025-11-16T14:45:36+00:00\" \/>\n<meta property=\"og:image\" content=\"https:\/\/deportesanluis.com.ar\/wp-content\/uploads\/2025\/04\/Handball25-Nacional-Menores-Campus-1.jpg\" \/>\n\t<meta property=\"og:image:width\" content=\"1065\" \/>\n\t<meta property=\"og:image:height\" content=\"731\" \/>\n\t<meta property=\"og:image:type\" content=\"image\/jpeg\" \/>\n<meta name=\"author\" content=\"Gustavo\" \/>\n<meta name=\"twitter:card\" content=\"summary_large_image\" \/>\n<meta name=\"twitter:creator\" content=\"@deportesanluis\" \/>\n<meta name=\"twitter:site\" content=\"@deportesanluis\" \/>\n<meta name=\"twitter:label1\" content=\"Escrito por\" \/>\n\t<meta name=\"twitter:data1\" content=\"Gustavo\" \/>\n\t<meta name=\"twitter:label2\" content=\"Tiempo de lectura\" \/>\n\t<meta name=\"twitter:data2\" content=\"2 minutos\" \/>\n<script type=\"application\/ld+json\" class=\"yoast-schema-graph\">{\"@context\":\"https:\\\/\\\/schema.org\",\"@graph\":[{\"@type\":\"Article\",\"@id\":\"https:\\\/\\\/deportesanluis.com.ar\\\/el-futuro-del-handball-puntano-al-nacional\\\/#article\",\"isPartOf\":{\"@id\":\"https:\\\/\\\/deportesanluis.com.ar\\\/el-futuro-del-handball-puntano-al-nacional\\\/\"},\"author\":{\"name\":\"Gustavo\",\"@id\":\"https:\\\/\\\/deportesanluis.com.ar\\\/#\\\/schema\\\/person\\\/4226c8c08ffe6f1bf1f6ec0ce9d467dc\"},\"headline\":\"El futuro del handball puntano al Nacional\",\"datePublished\":\"2025-11-08T17:18:33+00:00\",\"dateModified\":\"2025-11-16T14:45:36+00:00\",\"mainEntityOfPage\":{\"@id\":\"https:\\\/\\\/deportesanluis.com.ar\\\/el-futuro-del-handball-puntano-al-nacional\\\/\"},\"wordCount\":225,\"publisher\":{\"@id\":\"https:\\\/\\\/deportesanluis.com.ar\\\/#organization\"},\"image\":{\"@id\":\"https:\\\/\\\/deportesanluis.com.ar\\\/el-futuro-del-handball-puntano-al-nacional\\\/#primaryimage\"},\"thumbnailUrl\":\"https:\\\/\\\/deportesanluis.com.ar\\\/wp-content\\\/uploads\\\/2025\\\/04\\\/Handball25-Nacional-Menores-Campus-1.jpg\",\"keywords\":[\"Handball\"],\"articleSection\":[\"15\",\"Handball\",\"Poli\"],\"inLanguage\":\"es-AR\"},{\"@type\":\"WebPage\",\"@id\":\"https:\\\/\\\/deportesanluis.com.ar\\\/el-futuro-del-handball-puntano-al-nacional\\\/\",\"url\":\"https:\\\/\\\/deportesanluis.com.ar\\\/el-futuro-del-handball-puntano-al-nacional\\\/\",\"name\":\"El futuro del handball puntano al Nacional - DSL\",\"isPartOf\":{\"@id\":\"https:\\\/\\\/deportesanluis.com.ar\\\/#website\"},\"primaryImageOfPage\":{\"@id\":\"https:\\\/\\\/deportesanluis.com.ar\\\/el-futuro-del-handball-puntano-al-nacional\\\/#primaryimage\"},\"image\":{\"@id\":\"https:\\\/\\\/deportesanluis.com.ar\\\/el-futuro-del-handball-puntano-al-nacional\\\/#primaryimage\"},\"thumbnailUrl\":\"https:\\\/\\\/deportesanluis.com.ar\\\/wp-content\\\/uploads\\\/2025\\\/04\\\/Handball25-Nacional-Menores-Campus-1.jpg\",\"datePublished\":\"2025-11-08T17:18:33+00:00\",\"dateModified\":\"2025-11-16T14:45:36+00:00\",\"description\":\"Los equipos femeninos y masculinos de San Luis, dirigidos por Camila Camargo y Mat\u00edas V\u00e1zquez respectivamente, competir\u00e1n en el Campeonato Argentino de Selecciones Menores que se disputar\u00e1 del 10 al 15 de noviembre en San Carlos de Bariloche.\",\"breadcrumb\":{\"@id\":\"https:\\\/\\\/deportesanluis.com.ar\\\/el-futuro-del-handball-puntano-al-nacional\\\/#breadcrumb\"},\"inLanguage\":\"es-AR\",\"potentialAction\":[{\"@type\":\"ReadAction\",\"target\":[\"https:\\\/\\\/deportesanluis.com.ar\\\/el-futuro-del-handball-puntano-al-nacional\\\/\"]}]},{\"@type\":\"ImageObject\",\"inLanguage\":\"es-AR\",\"@id\":\"https:\\\/\\\/deportesanluis.com.ar\\\/el-futuro-del-handball-puntano-al-nacional\\\/#primaryimage\",\"url\":\"https:\\\/\\\/deportesanluis.com.ar\\\/wp-content\\\/uploads\\\/2025\\\/04\\\/Handball25-Nacional-Menores-Campus-1.jpg\",\"contentUrl\":\"https:\\\/\\\/deportesanluis.com.ar\\\/wp-content\\\/uploads\\\/2025\\\/04\\\/Handball25-Nacional-Menores-Campus-1.jpg\",\"width\":1065,\"height\":731},{\"@type\":\"BreadcrumbList\",\"@id\":\"https:\\\/\\\/deportesanluis.com.ar\\\/el-futuro-del-handball-puntano-al-nacional\\\/#breadcrumb\",\"itemListElement\":[{\"@type\":\"ListItem\",\"position\":1,\"name\":\"Home\",\"item\":\"https:\\\/\\\/deportesanluis.com.ar\\\/\"},{\"@type\":\"ListItem\",\"position\":2,\"name\":\"El futuro del handball puntano al Nacional\"}]},{\"@type\":\"WebSite\",\"@id\":\"https:\\\/\\\/deportesanluis.com.ar\\\/#website\",\"url\":\"https:\\\/\\\/deportesanluis.com.ar\\\/\",\"name\":\"deportesanluis.com.ar\",\"description\":\"Noticias de Deporte de San Luis\",\"publisher\":{\"@id\":\"https:\\\/\\\/deportesanluis.com.ar\\\/#organization\"},\"alternateName\":\"Deporte SL\",\"potentialAction\":[{\"@type\":\"SearchAction\",\"target\":{\"@type\":\"EntryPoint\",\"urlTemplate\":\"https:\\\/\\\/deportesanluis.com.ar\\\/?s={search_term_string}\"},\"query-input\":{\"@type\":\"PropertyValueSpecification\",\"valueRequired\":true,\"valueName\":\"search_term_string\"}}],\"inLanguage\":\"es-AR\"},{\"@type\":\"Organization\",\"@id\":\"https:\\\/\\\/deportesanluis.com.ar\\\/#organization\",\"name\":\"DSL\",\"alternateName\":\"Deporte SL\",\"url\":\"https:\\\/\\\/deportesanluis.com.ar\\\/\",\"logo\":{\"@type\":\"ImageObject\",\"inLanguage\":\"es-AR\",\"@id\":\"https:\\\/\\\/deportesanluis.com.ar\\\/#\\\/schema\\\/logo\\\/image\\\/\",\"url\":\"https:\\\/\\\/deportesanluis.com.ar\\\/wp-content\\\/uploads\\\/2023\\\/06\\\/DSL-Logo-2023-5.jpg\",\"contentUrl\":\"https:\\\/\\\/deportesanluis.com.ar\\\/wp-content\\\/uploads\\\/2023\\\/06\\\/DSL-Logo-2023-5.jpg\",\"width\":1718,\"height\":845,\"caption\":\"DSL\"},\"image\":{\"@id\":\"https:\\\/\\\/deportesanluis.com.ar\\\/#\\\/schema\\\/logo\\\/image\\\/\"},\"sameAs\":[\"https:\\\/\\\/www.facebook.com\\\/DSLDeporteSanLuis\",\"https:\\\/\\\/x.com\\\/deportesanluis\",\"https:\\\/\\\/www.instagram.com\\\/dsl_deportesanluis\\\/\"]},{\"@type\":\"Person\",\"@id\":\"https:\\\/\\\/deportesanluis.com.ar\\\/#\\\/schema\\\/person\\\/4226c8c08ffe6f1bf1f6ec0ce9d467dc\",\"name\":\"Gustavo\",\"image\":{\"@type\":\"ImageObject\",\"inLanguage\":\"es-AR\",\"@id\":\"https:\\\/\\\/secure.gravatar.com\\\/avatar\\\/e0f2b72654fb1505f1050ab3d43e35506881537539299c1e242c80f55e8702c8?s=96&d=mm&r=g\",\"url\":\"https:\\\/\\\/secure.gravatar.com\\\/avatar\\\/e0f2b72654fb1505f1050ab3d43e35506881537539299c1e242c80f55e8702c8?s=96&d=mm&r=g\",\"contentUrl\":\"https:\\\/\\\/secure.gravatar.com\\\/avatar\\\/e0f2b72654fb1505f1050ab3d43e35506881537539299c1e242c80f55e8702c8?s=96&d=mm&r=g\",\"caption\":\"Gustavo\"},\"url\":\"https:\\\/\\\/deportesanluis.com.ar\\\/author\\\/gustavo\\\/\"}]}<\/script>\n<!-- \/ Yoast SEO plugin. -->","yoast_head_json":{"title":"El futuro del handball puntano al Nacional - DSL","description":"Los equipos femeninos y masculinos de San Luis, dirigidos por Camila Camargo y Mat\u00edas V\u00e1zquez respectivamente, competir\u00e1n en el Campeonato Argentino de Selecciones Menores que se disputar\u00e1 del 10 al 15 de noviembre en San Carlos de Bariloche.","robots":{"index":"index","follow":"follow","max-snippet":"max-snippet:-1","max-image-preview":"max-image-preview:large","max-video-preview":"max-video-preview:-1"},"canonical":"https:\/\/deportesanluis.com.ar\/el-futuro-del-handball-puntano-al-nacional\/","og_locale":"es_ES","og_type":"article","og_title":"El futuro del handball puntano al Nacional - DSL","og_description":"Los equipos femeninos y masculinos de San Luis, dirigidos por Camila Camargo y Mat\u00edas V\u00e1zquez respectivamente, competir\u00e1n en el Campeonato Argentino de Selecciones Menores que se disputar\u00e1 del 10 al 15 de noviembre en San Carlos de Bariloche.","og_url":"https:\/\/deportesanluis.com.ar\/el-futuro-del-handball-puntano-al-nacional\/","og_site_name":"DSL","article_publisher":"https:\/\/www.facebook.com\/DSLDeporteSanLuis","article_published_time":"2025-11-08T17:18:33+00:00","article_modified_time":"2025-11-16T14:45:36+00:00","og_image":[{"width":1065,"height":731,"url":"https:\/\/deportesanluis.com.ar\/wp-content\/uploads\/2025\/04\/Handball25-Nacional-Menores-Campus-1.jpg","type":"image\/jpeg"}],"author":"Gustavo","twitter_card":"summary_large_image","twitter_creator":"@deportesanluis","twitter_site":"@deportesanluis","twitter_misc":{"Escrito por":"Gustavo","Tiempo de lectura":"2 minutos"},"schema":{"@context":"https:\/\/schema.org","@graph":[{"@type":"Article","@id":"https:\/\/deportesanluis.com.ar\/el-futuro-del-handball-puntano-al-nacional\/#article","isPartOf":{"@id":"https:\/\/deportesanluis.com.ar\/el-futuro-del-handball-puntano-al-nacional\/"},"author":{"name":"Gustavo","@id":"https:\/\/deportesanluis.com.ar\/#\/schema\/person\/4226c8c08ffe6f1bf1f6ec0ce9d467dc"},"headline":"El futuro del handball puntano al Nacional","datePublished":"2025-11-08T17:18:33+00:00","dateModified":"2025-11-16T14:45:36+00:00","mainEntityOfPage":{"@id":"https:\/\/deportesanluis.com.ar\/el-futuro-del-handball-puntano-al-nacional\/"},"wordCount":225,"publisher":{"@id":"https:\/\/deportesanluis.com.ar\/#organization"},"image":{"@id":"https:\/\/deportesanluis.com.ar\/el-futuro-del-handball-puntano-al-nacional\/#primaryimage"},"thumbnailUrl":"https:\/\/deportesanluis.com.ar\/wp-content\/uploads\/2025\/04\/Handball25-Nacional-Menores-Campus-1.jpg","keywords":["Handball"],"articleSection":["15","Handball","Poli"],"inLanguage":"es-AR"},{"@type":"WebPage","@id":"https:\/\/deportesanluis.com.ar\/el-futuro-del-handball-puntano-al-nacional\/","url":"https:\/\/deportesanluis.com.ar\/el-futuro-del-handball-puntano-al-nacional\/","name":"El futuro del handball puntano al Nacional - DSL","isPartOf":{"@id":"https:\/\/deportesanluis.com.ar\/#website"},"primaryImageOfPage":{"@id":"https:\/\/deportesanluis.com.ar\/el-futuro-del-handball-puntano-al-nacional\/#primaryimage"},"image":{"@id":"https:\/\/deportesanluis.com.ar\/el-futuro-del-handball-puntano-al-nacional\/#primaryimage"},"thumbnailUrl":"https:\/\/deportesanluis.com.ar\/wp-content\/uploads\/2025\/04\/Handball25-Nacional-Menores-Campus-1.jpg","datePublished":"2025-11-08T17:18:33+00:00","dateModified":"2025-11-16T14:45:36+00:00","description":"Los equipos femeninos y masculinos de San Luis, dirigidos por Camila Camargo y Mat\u00edas V\u00e1zquez respectivamente, competir\u00e1n en el Campeonato Argentino de Selecciones Menores que se disputar\u00e1 del 10 al 15 de noviembre en San Carlos de Bariloche.","breadcrumb":{"@id":"https:\/\/deportesanluis.com.ar\/el-futuro-del-handball-puntano-al-nacional\/#breadcrumb"},"inLanguage":"es-AR","potentialAction":[{"@type":"ReadAction","target":["https:\/\/deportesanluis.com.ar\/el-futuro-del-handball-puntano-al-nacional\/"]}]},{"@type":"ImageObject","inLanguage":"es-AR","@id":"https:\/\/deportesanluis.com.ar\/el-futuro-del-handball-puntano-al-nacional\/#primaryimage","url":"https:\/\/deportesanluis.com.ar\/wp-content\/uploads\/2025\/04\/Handball25-Nacional-Menores-Campus-1.jpg","contentUrl":"https:\/\/deportesanluis.com.ar\/wp-content\/uploads\/2025\/04\/Handball25-Nacional-Menores-Campus-1.jpg","width":1065,"height":731},{"@type":"BreadcrumbList","@id":"https:\/\/deportesanluis.com.ar\/el-futuro-del-handball-puntano-al-nacional\/#breadcrumb","itemListElement":[{"@type":"ListItem","position":1,"name":"Home","item":"https:\/\/deportesanluis.com.ar\/"},{"@type":"ListItem","position":2,"name":"El futuro del handball puntano al Nacional"}]},{"@type":"WebSite","@id":"https:\/\/deportesanluis.com.ar\/#website","url":"https:\/\/deportesanluis.com.ar\/","name":"deportesanluis.com.ar","description":"Noticias de Deporte de San Luis","publisher":{"@id":"https:\/\/deportesanluis.com.ar\/#organization"},"alternateName":"Deporte SL","potentialAction":[{"@type":"SearchAction","target":{"@type":"EntryPoint","urlTemplate":"https:\/\/deportesanluis.com.ar\/?s={search_term_string}"},"query-input":{"@type":"PropertyValueSpecification","valueRequired":true,"valueName":"search_term_string"}}],"inLanguage":"es-AR"},{"@type":"Organization","@id":"https:\/\/deportesanluis.com.ar\/#organization","name":"DSL","alternateName":"Deporte SL","url":"https:\/\/deportesanluis.com.ar\/","logo":{"@type":"ImageObject","inLanguage":"es-AR","@id":"https:\/\/deportesanluis.com.ar\/#\/schema\/logo\/image\/","url":"https:\/\/deportesanluis.com.ar\/wp-content\/uploads\/2023\/06\/DSL-Logo-2023-5.jpg","contentUrl":"https:\/\/deportesanluis.com.ar\/wp-content\/uploads\/2023\/06\/DSL-Logo-2023-5.jpg","width":1718,"height":845,"caption":"DSL"},"image":{"@id":"https:\/\/deportesanluis.com.ar\/#\/schema\/logo\/image\/"},"sameAs":["https:\/\/www.facebook.com\/DSLDeporteSanLuis","https:\/\/x.com\/deportesanluis","https:\/\/www.instagram.com\/dsl_deportesanluis\/"]},{"@type":"Person","@id":"https:\/\/deportesanluis.com.ar\/#\/schema\/person\/4226c8c08ffe6f1bf1f6ec0ce9d467dc","name":"Gustavo","image":{"@type":"ImageObject","inLanguage":"es-AR","@id":"https:\/\/secure.gravatar.com\/avatar\/e0f2b72654fb1505f1050ab3d43e35506881537539299c1e242c80f55e8702c8?s=96&d=mm&r=g","url":"https:\/\/secure.gravatar.com\/avatar\/e0f2b72654fb1505f1050ab3d43e35506881537539299c1e242c80f55e8702c8?s=96&d=mm&r=g","contentUrl":"https:\/\/secure.gravatar.com\/avatar\/e0f2b72654fb1505f1050ab3d43e35506881537539299c1e242c80f55e8702c8?s=96&d=mm&r=g","caption":"Gustavo"},"url":"https:\/\/deportesanluis.com.ar\/author\/gustavo\/"}]}},"_links":{"self":[{"href":"https:\/\/deportesanluis.com.ar\/wp-json\/wp\/v2\/posts\/29512","targetHints":{"allow":["GET"]}}],"collection":[{"href":"https:\/\/deportesanluis.com.ar\/wp-json\/wp\/v2\/posts"}],"about":[{"href":"https:\/\/deportesanluis.com.ar\/wp-json\/wp\/v2\/types\/post"}],"author":[{"embeddable":true,"href":"https:\/\/deportesanluis.com.ar\/wp-json\/wp\/v2\/users\/2"}],"replies":[{"embeddable":true,"href":"https:\/\/deportesanluis.com.ar\/wp-json\/wp\/v2\/comments?post=29512"}],"version-history":[{"count":0,"href":"https:\/\/deportesanluis.com.ar\/wp-json\/wp\/v2\/posts\/29512\/revisions"}],"wp:featuredmedia":[{"embeddable":true,"href":"https:\/\/deportesanluis.com.ar\/wp-json\/wp\/v2\/media\/26572"}],"wp:attachment":[{"href":"https:\/\/deportesanluis.com.ar\/wp-json\/wp\/v2\/media?parent=29512"}],"wp:term":[{"taxonomy":"category","embeddable":true,"href":"https:\/\/deportesanluis.com.ar\/wp-json\/wp\/v2\/categories?post=29512"},{"taxonomy":"post_tag","embeddable":true,"href":"https:\/\/deportesanluis.com.ar\/wp-json\/wp\/v2\/tags?post=29512"}],"curies":[{"name":"wp","href":"https:\/\/api.w.org\/{rel}","templated":true}]}}