{"id":29731,"date":"2025-11-28T11:04:00","date_gmt":"2025-11-28T14:04:00","guid":{"rendered":"https:\/\/deportesanluis.com.ar\/?p=29731"},"modified":"2025-12-04T09:32:00","modified_gmt":"2025-12-04T12:32:00","slug":"la-jerarquia-de-sanyo-gutierrez-peso-mas-en-acapulco","status":"publish","type":"post","link":"https:\/\/deportesanluis.com.ar\/la-jerarquia-de-sanyo-gutierrez-peso-mas-en-acapulco\/","title":{"rendered":"La jerarqu\u00eda de Sanyo Guti\u00e9rrez pes\u00f3 m\u00e1s en Acapulco"},"content":{"rendered":"<p>El Major de Acapulco por el circuito Premier Padel se calent\u00f3 y tuvo un choque de alto voltaje con sabor 100% puntanos en Segunda Ronda y Octavos de Final con supremaci\u00f3a de Daniel \u201cSanyo\u201d Guti\u00e9rrez, en dupla con Gonzalo Alfonso, sobre los mercedinos Maximiliano S\u00e1nchez y Valentino Libaak.<\/p>\n<p>En Segunda Ronda, \u201cSanyo\u201d Guti\u00e9rrez y su compa\u00f1ero, Gonzalo Alfonso, se impusieron en un emocionante y ajustado partido a otra dupla con presencia sanluise\u00f1a, el mercedino Maximiliano S\u00e1nchez y el espa\u00f1ol Francisco Gil. El marcador final fue 7\/5, 2\/6 y 6\/3.<\/p>\n<p>Por su parte, la joven promesa Valentino Libaak, formando pareja con el espa\u00f1ol Jairo Bautista, consiguieron una trabajada victoria por 6\/7, 6\/3 y 7\/5 sobre el brasilero Lucas Bergamini y el espa\u00f1ol Javier Leal.<\/p>\n<p>En Octavos de Final, la experiencia de &#8220;Sanyo&#8221; prevaleci\u00f3 sobre la fuerza y juventud de &#8220;Tino&#8221; por 3\/6, 6\/3 y 6\/4.<\/p>\n<p><img loading=\"lazy\" decoding=\"async\" class=\"aligncenter size-full wp-image-29732\" src=\"https:\/\/deportesanluis.com.ar\/wp-content\/uploads\/2025\/11\/alfonso-sanyo-acapulco-premier25.jpg\" alt=\"\" width=\"800\" height=\"500\" srcset=\"https:\/\/deportesanluis.com.ar\/wp-content\/uploads\/2025\/11\/alfonso-sanyo-acapulco-premier25.jpg 800w, https:\/\/deportesanluis.com.ar\/wp-content\/uploads\/2025\/11\/alfonso-sanyo-acapulco-premier25-300x188.jpg 300w, https:\/\/deportesanluis.com.ar\/wp-content\/uploads\/2025\/11\/alfonso-sanyo-acapulco-premier25-768x480.jpg 768w, https:\/\/deportesanluis.com.ar\/wp-content\/uploads\/2025\/11\/alfonso-sanyo-acapulco-premier25-672x420.jpg 672w, https:\/\/deportesanluis.com.ar\/wp-content\/uploads\/2025\/11\/alfonso-sanyo-acapulco-premier25-150x94.jpg 150w, https:\/\/deportesanluis.com.ar\/wp-content\/uploads\/2025\/11\/alfonso-sanyo-acapulco-premier25-696x435.jpg 696w\" sizes=\"auto, (max-width: 800px) 100vw, 800px\" \/><\/p>\n<p>De esta manera, &#8220;Sanyo&#8221; y Alfonso acceden a los Cuartos de Final del Major de Acapulco donde se cruzar\u00e1n con los actuales N\u00b02 del Mundo, Alejandro Gal\u00e1n y Federico Chingotto quienes eliminaron por 6\/2 y 6\/2 a Eduardo Alonso y Juan Tello.<\/p>\n<hr \/>\n<p><strong>Nota:<\/strong> Redacci\u00f3n<\/p>\n","protected":false},"excerpt":{"rendered":"<p>El puntano junto a Gonzalo Alfonso, debi\u00f3 trabajar extra para dejar en el camino a los mercedinos Maximiliano S\u00e1nchez y Valentino Libaak. Ahora se le viene un desaf\u00edo m\u00e1ximo contra Chingotto y Gal\u00e1n.<\/p>\n","protected":false},"author":1,"featured_media":29733,"comment_status":"closed","ping_status":"closed","sticky":false,"template":"","format":"standard","meta":{"footnotes":""},"categories":[75,60,59],"tags":[61,315],"class_list":{"0":"post-29731","1":"post","2":"type-post","3":"status-publish","4":"format-standard","5":"has-post-thumbnail","7":"category-75","8":"category-padel","9":"category-palas","10":"tag-padel","11":"tag-premier-padel"},"yoast_head":"<!-- This site is optimized with the Yoast SEO plugin v27.4 - https:\/\/yoast.com\/product\/yoast-seo-wordpress\/ -->\n<title>La jerarqu\u00eda de Sanyo Guti\u00e9rrez pes\u00f3 m\u00e1s en Acapulco - DSL<\/title>\n<meta name=\"description\" content=\"El puntano junto a Gonzalo Alfonso, debi\u00f3 trabajar extra para dejar en el camino a los mercedinos Maximiliano S\u00e1nchez y Valentino Libaak. Ahora se le viene un desaf\u00edo m\u00e1ximo contra Chingotto y Gal\u00e1n.\" \/>\n<meta name=\"robots\" content=\"index, follow, max-snippet:-1, max-image-preview:large, max-video-preview:-1\" \/>\n<link rel=\"canonical\" href=\"https:\/\/deportesanluis.com.ar\/la-jerarquia-de-sanyo-gutierrez-peso-mas-en-acapulco\/\" \/>\n<meta property=\"og:locale\" content=\"es_ES\" \/>\n<meta property=\"og:type\" content=\"article\" \/>\n<meta property=\"og:title\" content=\"La jerarqu\u00eda de Sanyo Guti\u00e9rrez pes\u00f3 m\u00e1s en Acapulco - DSL\" \/>\n<meta property=\"og:description\" content=\"El puntano junto a Gonzalo Alfonso, debi\u00f3 trabajar extra para dejar en el camino a los mercedinos Maximiliano S\u00e1nchez y Valentino Libaak. Ahora se le viene un desaf\u00edo m\u00e1ximo contra Chingotto y Gal\u00e1n.\" \/>\n<meta property=\"og:url\" content=\"https:\/\/deportesanluis.com.ar\/la-jerarquia-de-sanyo-gutierrez-peso-mas-en-acapulco\/\" \/>\n<meta property=\"og:site_name\" content=\"DSL\" \/>\n<meta property=\"article:publisher\" content=\"https:\/\/www.facebook.com\/DSLDeporteSanLuis\" \/>\n<meta property=\"article:published_time\" content=\"2025-11-28T14:04:00+00:00\" \/>\n<meta property=\"article:modified_time\" content=\"2025-12-04T12:32:00+00:00\" \/>\n<meta property=\"og:image\" content=\"https:\/\/deportesanluis.com.ar\/wp-content\/uploads\/2025\/11\/SanyoGutierrez-Acapulco-2-Premier25.jpg\" \/>\n\t<meta property=\"og:image:width\" content=\"800\" \/>\n\t<meta property=\"og:image:height\" content=\"500\" \/>\n\t<meta property=\"og:image:type\" content=\"image\/jpeg\" \/>\n<meta name=\"author\" content=\"admin\" \/>\n<meta name=\"twitter:card\" content=\"summary_large_image\" \/>\n<meta name=\"twitter:creator\" content=\"@deportesanluis\" \/>\n<meta name=\"twitter:site\" content=\"@deportesanluis\" \/>\n<meta name=\"twitter:label1\" content=\"Escrito por\" \/>\n\t<meta name=\"twitter:data1\" content=\"admin\" \/>\n\t<meta name=\"twitter:label2\" content=\"Tiempo de lectura\" \/>\n\t<meta name=\"twitter:data2\" content=\"2 minutos\" \/>\n<script type=\"application\/ld+json\" class=\"yoast-schema-graph\">{\"@context\":\"https:\\\/\\\/schema.org\",\"@graph\":[{\"@type\":\"Article\",\"@id\":\"https:\\\/\\\/deportesanluis.com.ar\\\/la-jerarquia-de-sanyo-gutierrez-peso-mas-en-acapulco\\\/#article\",\"isPartOf\":{\"@id\":\"https:\\\/\\\/deportesanluis.com.ar\\\/la-jerarquia-de-sanyo-gutierrez-peso-mas-en-acapulco\\\/\"},\"author\":{\"name\":\"admin\",\"@id\":\"https:\\\/\\\/deportesanluis.com.ar\\\/#\\\/schema\\\/person\\\/4b3e665481e93d271fced43ee48143c8\"},\"headline\":\"La jerarqu\u00eda de Sanyo Guti\u00e9rrez pes\u00f3 m\u00e1s en Acapulco\",\"datePublished\":\"2025-11-28T14:04:00+00:00\",\"dateModified\":\"2025-12-04T12:32:00+00:00\",\"mainEntityOfPage\":{\"@id\":\"https:\\\/\\\/deportesanluis.com.ar\\\/la-jerarquia-de-sanyo-gutierrez-peso-mas-en-acapulco\\\/\"},\"wordCount\":201,\"publisher\":{\"@id\":\"https:\\\/\\\/deportesanluis.com.ar\\\/#organization\"},\"image\":{\"@id\":\"https:\\\/\\\/deportesanluis.com.ar\\\/la-jerarquia-de-sanyo-gutierrez-peso-mas-en-acapulco\\\/#primaryimage\"},\"thumbnailUrl\":\"https:\\\/\\\/deportesanluis.com.ar\\\/wp-content\\\/uploads\\\/2025\\\/11\\\/SanyoGutierrez-Acapulco-2-Premier25.jpg\",\"keywords\":[\"Padel\",\"Premier Padel\"],\"articleSection\":[\"15\",\"Padel\",\"Palas\"],\"inLanguage\":\"es-AR\"},{\"@type\":\"WebPage\",\"@id\":\"https:\\\/\\\/deportesanluis.com.ar\\\/la-jerarquia-de-sanyo-gutierrez-peso-mas-en-acapulco\\\/\",\"url\":\"https:\\\/\\\/deportesanluis.com.ar\\\/la-jerarquia-de-sanyo-gutierrez-peso-mas-en-acapulco\\\/\",\"name\":\"La jerarqu\u00eda de Sanyo Guti\u00e9rrez pes\u00f3 m\u00e1s en Acapulco - DSL\",\"isPartOf\":{\"@id\":\"https:\\\/\\\/deportesanluis.com.ar\\\/#website\"},\"primaryImageOfPage\":{\"@id\":\"https:\\\/\\\/deportesanluis.com.ar\\\/la-jerarquia-de-sanyo-gutierrez-peso-mas-en-acapulco\\\/#primaryimage\"},\"image\":{\"@id\":\"https:\\\/\\\/deportesanluis.com.ar\\\/la-jerarquia-de-sanyo-gutierrez-peso-mas-en-acapulco\\\/#primaryimage\"},\"thumbnailUrl\":\"https:\\\/\\\/deportesanluis.com.ar\\\/wp-content\\\/uploads\\\/2025\\\/11\\\/SanyoGutierrez-Acapulco-2-Premier25.jpg\",\"datePublished\":\"2025-11-28T14:04:00+00:00\",\"dateModified\":\"2025-12-04T12:32:00+00:00\",\"description\":\"El puntano junto a Gonzalo Alfonso, debi\u00f3 trabajar extra para dejar en el camino a los mercedinos Maximiliano S\u00e1nchez y Valentino Libaak. Ahora se le viene un desaf\u00edo m\u00e1ximo contra Chingotto y Gal\u00e1n.\",\"breadcrumb\":{\"@id\":\"https:\\\/\\\/deportesanluis.com.ar\\\/la-jerarquia-de-sanyo-gutierrez-peso-mas-en-acapulco\\\/#breadcrumb\"},\"inLanguage\":\"es-AR\",\"potentialAction\":[{\"@type\":\"ReadAction\",\"target\":[\"https:\\\/\\\/deportesanluis.com.ar\\\/la-jerarquia-de-sanyo-gutierrez-peso-mas-en-acapulco\\\/\"]}]},{\"@type\":\"ImageObject\",\"inLanguage\":\"es-AR\",\"@id\":\"https:\\\/\\\/deportesanluis.com.ar\\\/la-jerarquia-de-sanyo-gutierrez-peso-mas-en-acapulco\\\/#primaryimage\",\"url\":\"https:\\\/\\\/deportesanluis.com.ar\\\/wp-content\\\/uploads\\\/2025\\\/11\\\/SanyoGutierrez-Acapulco-2-Premier25.jpg\",\"contentUrl\":\"https:\\\/\\\/deportesanluis.com.ar\\\/wp-content\\\/uploads\\\/2025\\\/11\\\/SanyoGutierrez-Acapulco-2-Premier25.jpg\",\"width\":800,\"height\":500},{\"@type\":\"BreadcrumbList\",\"@id\":\"https:\\\/\\\/deportesanluis.com.ar\\\/la-jerarquia-de-sanyo-gutierrez-peso-mas-en-acapulco\\\/#breadcrumb\",\"itemListElement\":[{\"@type\":\"ListItem\",\"position\":1,\"name\":\"Home\",\"item\":\"https:\\\/\\\/deportesanluis.com.ar\\\/\"},{\"@type\":\"ListItem\",\"position\":2,\"name\":\"La jerarqu\u00eda de Sanyo Guti\u00e9rrez pes\u00f3 m\u00e1s en Acapulco\"}]},{\"@type\":\"WebSite\",\"@id\":\"https:\\\/\\\/deportesanluis.com.ar\\\/#website\",\"url\":\"https:\\\/\\\/deportesanluis.com.ar\\\/\",\"name\":\"deportesanluis.com.ar\",\"description\":\"Noticias de Deporte de San Luis\",\"publisher\":{\"@id\":\"https:\\\/\\\/deportesanluis.com.ar\\\/#organization\"},\"alternateName\":\"Deporte SL\",\"potentialAction\":[{\"@type\":\"SearchAction\",\"target\":{\"@type\":\"EntryPoint\",\"urlTemplate\":\"https:\\\/\\\/deportesanluis.com.ar\\\/?s={search_term_string}\"},\"query-input\":{\"@type\":\"PropertyValueSpecification\",\"valueRequired\":true,\"valueName\":\"search_term_string\"}}],\"inLanguage\":\"es-AR\"},{\"@type\":\"Organization\",\"@id\":\"https:\\\/\\\/deportesanluis.com.ar\\\/#organization\",\"name\":\"DSL\",\"alternateName\":\"Deporte SL\",\"url\":\"https:\\\/\\\/deportesanluis.com.ar\\\/\",\"logo\":{\"@type\":\"ImageObject\",\"inLanguage\":\"es-AR\",\"@id\":\"https:\\\/\\\/deportesanluis.com.ar\\\/#\\\/schema\\\/logo\\\/image\\\/\",\"url\":\"https:\\\/\\\/deportesanluis.com.ar\\\/wp-content\\\/uploads\\\/2023\\\/06\\\/DSL-Logo-2023-5.jpg\",\"contentUrl\":\"https:\\\/\\\/deportesanluis.com.ar\\\/wp-content\\\/uploads\\\/2023\\\/06\\\/DSL-Logo-2023-5.jpg\",\"width\":1718,\"height\":845,\"caption\":\"DSL\"},\"image\":{\"@id\":\"https:\\\/\\\/deportesanluis.com.ar\\\/#\\\/schema\\\/logo\\\/image\\\/\"},\"sameAs\":[\"https:\\\/\\\/www.facebook.com\\\/DSLDeporteSanLuis\",\"https:\\\/\\\/x.com\\\/deportesanluis\",\"https:\\\/\\\/www.instagram.com\\\/dsl_deportesanluis\\\/\"]},{\"@type\":\"Person\",\"@id\":\"https:\\\/\\\/deportesanluis.com.ar\\\/#\\\/schema\\\/person\\\/4b3e665481e93d271fced43ee48143c8\",\"name\":\"admin\",\"image\":{\"@type\":\"ImageObject\",\"inLanguage\":\"es-AR\",\"@id\":\"https:\\\/\\\/secure.gravatar.com\\\/avatar\\\/5424b2c21466f502587708c43dbe2dc47b5e643fec67835095677cd3af6ba546?s=96&d=mm&r=g\",\"url\":\"https:\\\/\\\/secure.gravatar.com\\\/avatar\\\/5424b2c21466f502587708c43dbe2dc47b5e643fec67835095677cd3af6ba546?s=96&d=mm&r=g\",\"contentUrl\":\"https:\\\/\\\/secure.gravatar.com\\\/avatar\\\/5424b2c21466f502587708c43dbe2dc47b5e643fec67835095677cd3af6ba546?s=96&d=mm&r=g\",\"caption\":\"admin\"},\"sameAs\":[\"https:\\\/\\\/deportesanluis.com.ar\"],\"url\":\"https:\\\/\\\/deportesanluis.com.ar\\\/author\\\/admin\\\/\"}]}<\/script>\n<!-- \/ Yoast SEO plugin. -->","yoast_head_json":{"title":"La jerarqu\u00eda de Sanyo Guti\u00e9rrez pes\u00f3 m\u00e1s en Acapulco - DSL","description":"El puntano junto a Gonzalo Alfonso, debi\u00f3 trabajar extra para dejar en el camino a los mercedinos Maximiliano S\u00e1nchez y Valentino Libaak. Ahora se le viene un desaf\u00edo m\u00e1ximo contra Chingotto y Gal\u00e1n.","robots":{"index":"index","follow":"follow","max-snippet":"max-snippet:-1","max-image-preview":"max-image-preview:large","max-video-preview":"max-video-preview:-1"},"canonical":"https:\/\/deportesanluis.com.ar\/la-jerarquia-de-sanyo-gutierrez-peso-mas-en-acapulco\/","og_locale":"es_ES","og_type":"article","og_title":"La jerarqu\u00eda de Sanyo Guti\u00e9rrez pes\u00f3 m\u00e1s en Acapulco - DSL","og_description":"El puntano junto a Gonzalo Alfonso, debi\u00f3 trabajar extra para dejar en el camino a los mercedinos Maximiliano S\u00e1nchez y Valentino Libaak. Ahora se le viene un desaf\u00edo m\u00e1ximo contra Chingotto y Gal\u00e1n.","og_url":"https:\/\/deportesanluis.com.ar\/la-jerarquia-de-sanyo-gutierrez-peso-mas-en-acapulco\/","og_site_name":"DSL","article_publisher":"https:\/\/www.facebook.com\/DSLDeporteSanLuis","article_published_time":"2025-11-28T14:04:00+00:00","article_modified_time":"2025-12-04T12:32:00+00:00","og_image":[{"width":800,"height":500,"url":"https:\/\/deportesanluis.com.ar\/wp-content\/uploads\/2025\/11\/SanyoGutierrez-Acapulco-2-Premier25.jpg","type":"image\/jpeg"}],"author":"admin","twitter_card":"summary_large_image","twitter_creator":"@deportesanluis","twitter_site":"@deportesanluis","twitter_misc":{"Escrito por":"admin","Tiempo de lectura":"2 minutos"},"schema":{"@context":"https:\/\/schema.org","@graph":[{"@type":"Article","@id":"https:\/\/deportesanluis.com.ar\/la-jerarquia-de-sanyo-gutierrez-peso-mas-en-acapulco\/#article","isPartOf":{"@id":"https:\/\/deportesanluis.com.ar\/la-jerarquia-de-sanyo-gutierrez-peso-mas-en-acapulco\/"},"author":{"name":"admin","@id":"https:\/\/deportesanluis.com.ar\/#\/schema\/person\/4b3e665481e93d271fced43ee48143c8"},"headline":"La jerarqu\u00eda de Sanyo Guti\u00e9rrez pes\u00f3 m\u00e1s en Acapulco","datePublished":"2025-11-28T14:04:00+00:00","dateModified":"2025-12-04T12:32:00+00:00","mainEntityOfPage":{"@id":"https:\/\/deportesanluis.com.ar\/la-jerarquia-de-sanyo-gutierrez-peso-mas-en-acapulco\/"},"wordCount":201,"publisher":{"@id":"https:\/\/deportesanluis.com.ar\/#organization"},"image":{"@id":"https:\/\/deportesanluis.com.ar\/la-jerarquia-de-sanyo-gutierrez-peso-mas-en-acapulco\/#primaryimage"},"thumbnailUrl":"https:\/\/deportesanluis.com.ar\/wp-content\/uploads\/2025\/11\/SanyoGutierrez-Acapulco-2-Premier25.jpg","keywords":["Padel","Premier Padel"],"articleSection":["15","Padel","Palas"],"inLanguage":"es-AR"},{"@type":"WebPage","@id":"https:\/\/deportesanluis.com.ar\/la-jerarquia-de-sanyo-gutierrez-peso-mas-en-acapulco\/","url":"https:\/\/deportesanluis.com.ar\/la-jerarquia-de-sanyo-gutierrez-peso-mas-en-acapulco\/","name":"La jerarqu\u00eda de Sanyo Guti\u00e9rrez pes\u00f3 m\u00e1s en Acapulco - DSL","isPartOf":{"@id":"https:\/\/deportesanluis.com.ar\/#website"},"primaryImageOfPage":{"@id":"https:\/\/deportesanluis.com.ar\/la-jerarquia-de-sanyo-gutierrez-peso-mas-en-acapulco\/#primaryimage"},"image":{"@id":"https:\/\/deportesanluis.com.ar\/la-jerarquia-de-sanyo-gutierrez-peso-mas-en-acapulco\/#primaryimage"},"thumbnailUrl":"https:\/\/deportesanluis.com.ar\/wp-content\/uploads\/2025\/11\/SanyoGutierrez-Acapulco-2-Premier25.jpg","datePublished":"2025-11-28T14:04:00+00:00","dateModified":"2025-12-04T12:32:00+00:00","description":"El puntano junto a Gonzalo Alfonso, debi\u00f3 trabajar extra para dejar en el camino a los mercedinos Maximiliano S\u00e1nchez y Valentino Libaak. Ahora se le viene un desaf\u00edo m\u00e1ximo contra Chingotto y Gal\u00e1n.","breadcrumb":{"@id":"https:\/\/deportesanluis.com.ar\/la-jerarquia-de-sanyo-gutierrez-peso-mas-en-acapulco\/#breadcrumb"},"inLanguage":"es-AR","potentialAction":[{"@type":"ReadAction","target":["https:\/\/deportesanluis.com.ar\/la-jerarquia-de-sanyo-gutierrez-peso-mas-en-acapulco\/"]}]},{"@type":"ImageObject","inLanguage":"es-AR","@id":"https:\/\/deportesanluis.com.ar\/la-jerarquia-de-sanyo-gutierrez-peso-mas-en-acapulco\/#primaryimage","url":"https:\/\/deportesanluis.com.ar\/wp-content\/uploads\/2025\/11\/SanyoGutierrez-Acapulco-2-Premier25.jpg","contentUrl":"https:\/\/deportesanluis.com.ar\/wp-content\/uploads\/2025\/11\/SanyoGutierrez-Acapulco-2-Premier25.jpg","width":800,"height":500},{"@type":"BreadcrumbList","@id":"https:\/\/deportesanluis.com.ar\/la-jerarquia-de-sanyo-gutierrez-peso-mas-en-acapulco\/#breadcrumb","itemListElement":[{"@type":"ListItem","position":1,"name":"Home","item":"https:\/\/deportesanluis.com.ar\/"},{"@type":"ListItem","position":2,"name":"La jerarqu\u00eda de Sanyo Guti\u00e9rrez pes\u00f3 m\u00e1s en Acapulco"}]},{"@type":"WebSite","@id":"https:\/\/deportesanluis.com.ar\/#website","url":"https:\/\/deportesanluis.com.ar\/","name":"deportesanluis.com.ar","description":"Noticias de Deporte de San Luis","publisher":{"@id":"https:\/\/deportesanluis.com.ar\/#organization"},"alternateName":"Deporte SL","potentialAction":[{"@type":"SearchAction","target":{"@type":"EntryPoint","urlTemplate":"https:\/\/deportesanluis.com.ar\/?s={search_term_string}"},"query-input":{"@type":"PropertyValueSpecification","valueRequired":true,"valueName":"search_term_string"}}],"inLanguage":"es-AR"},{"@type":"Organization","@id":"https:\/\/deportesanluis.com.ar\/#organization","name":"DSL","alternateName":"Deporte SL","url":"https:\/\/deportesanluis.com.ar\/","logo":{"@type":"ImageObject","inLanguage":"es-AR","@id":"https:\/\/deportesanluis.com.ar\/#\/schema\/logo\/image\/","url":"https:\/\/deportesanluis.com.ar\/wp-content\/uploads\/2023\/06\/DSL-Logo-2023-5.jpg","contentUrl":"https:\/\/deportesanluis.com.ar\/wp-content\/uploads\/2023\/06\/DSL-Logo-2023-5.jpg","width":1718,"height":845,"caption":"DSL"},"image":{"@id":"https:\/\/deportesanluis.com.ar\/#\/schema\/logo\/image\/"},"sameAs":["https:\/\/www.facebook.com\/DSLDeporteSanLuis","https:\/\/x.com\/deportesanluis","https:\/\/www.instagram.com\/dsl_deportesanluis\/"]},{"@type":"Person","@id":"https:\/\/deportesanluis.com.ar\/#\/schema\/person\/4b3e665481e93d271fced43ee48143c8","name":"admin","image":{"@type":"ImageObject","inLanguage":"es-AR","@id":"https:\/\/secure.gravatar.com\/avatar\/5424b2c21466f502587708c43dbe2dc47b5e643fec67835095677cd3af6ba546?s=96&d=mm&r=g","url":"https:\/\/secure.gravatar.com\/avatar\/5424b2c21466f502587708c43dbe2dc47b5e643fec67835095677cd3af6ba546?s=96&d=mm&r=g","contentUrl":"https:\/\/secure.gravatar.com\/avatar\/5424b2c21466f502587708c43dbe2dc47b5e643fec67835095677cd3af6ba546?s=96&d=mm&r=g","caption":"admin"},"sameAs":["https:\/\/deportesanluis.com.ar"],"url":"https:\/\/deportesanluis.com.ar\/author\/admin\/"}]}},"_links":{"self":[{"href":"https:\/\/deportesanluis.com.ar\/wp-json\/wp\/v2\/posts\/29731","targetHints":{"allow":["GET"]}}],"collection":[{"href":"https:\/\/deportesanluis.com.ar\/wp-json\/wp\/v2\/posts"}],"about":[{"href":"https:\/\/deportesanluis.com.ar\/wp-json\/wp\/v2\/types\/post"}],"author":[{"embeddable":true,"href":"https:\/\/deportesanluis.com.ar\/wp-json\/wp\/v2\/users\/1"}],"replies":[{"embeddable":true,"href":"https:\/\/deportesanluis.com.ar\/wp-json\/wp\/v2\/comments?post=29731"}],"version-history":[{"count":0,"href":"https:\/\/deportesanluis.com.ar\/wp-json\/wp\/v2\/posts\/29731\/revisions"}],"wp:featuredmedia":[{"embeddable":true,"href":"https:\/\/deportesanluis.com.ar\/wp-json\/wp\/v2\/media\/29733"}],"wp:attachment":[{"href":"https:\/\/deportesanluis.com.ar\/wp-json\/wp\/v2\/media?parent=29731"}],"wp:term":[{"taxonomy":"category","embeddable":true,"href":"https:\/\/deportesanluis.com.ar\/wp-json\/wp\/v2\/categories?post=29731"},{"taxonomy":"post_tag","embeddable":true,"href":"https:\/\/deportesanluis.com.ar\/wp-json\/wp\/v2\/tags?post=29731"}],"curies":[{"name":"wp","href":"https:\/\/api.w.org\/{rel}","templated":true}]}}