{"id":29739,"date":"2025-11-28T18:46:23","date_gmt":"2025-11-28T21:46:23","guid":{"rendered":"https:\/\/deportesanluis.com.ar\/?p=29739"},"modified":"2025-12-01T19:17:38","modified_gmt":"2025-12-01T22:17:38","slug":"bolling-y-la-garra-debutaron-en-la-copa-del-mundo","status":"publish","type":"post","link":"https:\/\/deportesanluis.com.ar\/bolling-y-la-garra-debutaron-en-la-copa-del-mundo\/","title":{"rendered":"Bolling y La Garra debutaron en la Copa del Mundo"},"content":{"rendered":"<p>Comenz\u00f3 la 27\u00b0 edici\u00f3n del Campeonato Mundial de Handball Femenino con sede conjunta en Alemania y los Pa\u00edses Bajos y bajo la organizaci\u00f3n de la Federaci\u00f3n Internacional (IHF) y con la Argentina siendo parte del Grupo E.<\/p>\n<p>El equipo nacional, La Garra, debut\u00f3 ante el local Pa\u00edses Bajos con una ajustada derrota por 25-39 siendo Elke Karsten con 8 goles, la m\u00e1xima artillera de la albiceleste y del partido.<\/p>\n<p>Tambi\u00e9n sobresali\u00f3 Malena Calvo con 4 goles y los aportes de la puntana Joana Bolling quien estuvo m\u00e1s de 25 minutos en cancha.<\/p>\n<p><img loading=\"lazy\" decoding=\"async\" class=\"aligncenter size-full wp-image-29741\" src=\"https:\/\/deportesanluis.com.ar\/wp-content\/uploads\/2025\/11\/LaGarra-Mundial25-01.jpg\" alt=\"\" width=\"800\" height=\"500\" srcset=\"https:\/\/deportesanluis.com.ar\/wp-content\/uploads\/2025\/11\/LaGarra-Mundial25-01.jpg 800w, https:\/\/deportesanluis.com.ar\/wp-content\/uploads\/2025\/11\/LaGarra-Mundial25-01-300x188.jpg 300w, https:\/\/deportesanluis.com.ar\/wp-content\/uploads\/2025\/11\/LaGarra-Mundial25-01-768x480.jpg 768w, https:\/\/deportesanluis.com.ar\/wp-content\/uploads\/2025\/11\/LaGarra-Mundial25-01-672x420.jpg 672w, https:\/\/deportesanluis.com.ar\/wp-content\/uploads\/2025\/11\/LaGarra-Mundial25-01-150x94.jpg 150w, https:\/\/deportesanluis.com.ar\/wp-content\/uploads\/2025\/11\/LaGarra-Mundial25-01-696x435.jpg 696w\" sizes=\"auto, (max-width: 800px) 100vw, 800px\" \/><\/p>\n<p>El pr\u00f3ximo cruce de la Argentina ser\u00e1 este domingo ante Austria, elenco que debut\u00f3 con un ajustado 29-20 sobre Egipto.<\/p>\n<h4><strong>Resultados &#8211; Primera Fecha &#8211; Mundial Femenino de Handball<\/strong><\/h4>\n<p><strong>Grupo A<\/strong><br \/>\nRumania 33 Croacia 24<br \/>\nDinamarca 36 Jap\u00f3n 19<\/p>\n<p><strong>Grupo B<\/strong><br \/>\nSuiza 34 Ir\u00e1n 9<br \/>\nHungr\u00eda 26 Senegal 17<\/p>\n<p><strong>Grupo C<\/strong><br \/>\nUruguay 18 Alemania 38<br \/>\nSerbia 27 Islandia 26<\/p>\n<p><strong>Grupo D<\/strong><br \/>\nParaguay 25 Montenegro 34<br \/>\nEspa\u00f1a 25 Islas Feroes 27<\/p>\n<p><strong>Grupo E<\/strong><br \/>\nAustria 29 Egipto 20<br \/>\nPa\u00edses Bajos 39 Argentina 25<\/p>\n<p><strong>Grupo F<\/strong><br \/>\nPolonia 36 China 20<br \/>\nFrancia 37 Tunez 17<\/p>\n<p><strong>Grupo G<\/strong><br \/>\nBrasil 41 Cuba 20<br \/>\nSuecia 31 Rep. Checha 23<\/p>\n<p><strong>Grupo H<\/strong><br \/>\nAngola 38 Kazajist\u00e1n 20<br \/>\nNoruega 34 Corea del Sur 19<\/p>\n<hr \/>\n<p><strong>Nota:<\/strong> Redacci\u00f3n\u00a0 \u00a0<strong>Fotos:<\/strong> IHF<\/p>\n","protected":false},"excerpt":{"rendered":"<p>Fue con derrota ante uno de los organizadores, Pa\u00edses Bajos, por 25-32. La extremo puntano fue de la partida. La nota de la fecha inicial la dio Espa\u00f1a que cay\u00f3 ante Islas Feroes. El pr\u00f3ximo cruce de la Argentina ser\u00e1 el domingo ante Austria.\u00a0<\/p>\n","protected":false},"author":1,"featured_media":29740,"comment_status":"closed","ping_status":"closed","sticky":false,"template":"","format":"standard","meta":{"footnotes":""},"categories":[75,83,32],"tags":[84],"class_list":{"0":"post-29739","1":"post","2":"type-post","3":"status-publish","4":"format-standard","5":"has-post-thumbnail","7":"category-75","8":"category-handball","9":"category-poli","10":"tag-handball"},"yoast_head":"<!-- This site is optimized with the Yoast SEO plugin v27.4 - https:\/\/yoast.com\/product\/yoast-seo-wordpress\/ -->\n<title>Bolling y La Garra debutaron en la Copa del Mundo - DSL<\/title>\n<meta name=\"description\" content=\"Fue con derrota ante uno de los organizadores, Pa\u00edses Bajos, por 25-32. La extremo puntano fue de la partida. La nota de la fecha inicial la dio Espa\u00f1a que cay\u00f3 ante Islas Feroes. El pr\u00f3ximo cruce de la Argentina ser\u00e1 el domingo ante Austria.\u00a0\" \/>\n<meta name=\"robots\" content=\"index, follow, max-snippet:-1, max-image-preview:large, max-video-preview:-1\" \/>\n<link rel=\"canonical\" href=\"https:\/\/deportesanluis.com.ar\/bolling-y-la-garra-debutaron-en-la-copa-del-mundo\/\" \/>\n<meta property=\"og:locale\" content=\"es_ES\" \/>\n<meta property=\"og:type\" content=\"article\" \/>\n<meta property=\"og:title\" content=\"Bolling y La Garra debutaron en la Copa del Mundo - DSL\" \/>\n<meta property=\"og:description\" content=\"Fue con derrota ante uno de los organizadores, Pa\u00edses Bajos, por 25-32. La extremo puntano fue de la partida. La nota de la fecha inicial la dio Espa\u00f1a que cay\u00f3 ante Islas Feroes. El pr\u00f3ximo cruce de la Argentina ser\u00e1 el domingo ante Austria.\u00a0\" \/>\n<meta property=\"og:url\" content=\"https:\/\/deportesanluis.com.ar\/bolling-y-la-garra-debutaron-en-la-copa-del-mundo\/\" \/>\n<meta property=\"og:site_name\" content=\"DSL\" \/>\n<meta property=\"article:publisher\" content=\"https:\/\/www.facebook.com\/DSLDeporteSanLuis\" \/>\n<meta property=\"article:published_time\" content=\"2025-11-28T21:46:23+00:00\" \/>\n<meta property=\"article:modified_time\" content=\"2025-12-01T22:17:38+00:00\" \/>\n<meta property=\"og:image\" content=\"https:\/\/deportesanluis.com.ar\/wp-content\/uploads\/2025\/11\/Bolling-LaGarra-01-Mundial25.jpg\" \/>\n\t<meta property=\"og:image:width\" content=\"800\" \/>\n\t<meta property=\"og:image:height\" content=\"500\" \/>\n\t<meta property=\"og:image:type\" content=\"image\/jpeg\" \/>\n<meta name=\"author\" content=\"admin\" \/>\n<meta name=\"twitter:card\" content=\"summary_large_image\" \/>\n<meta name=\"twitter:creator\" content=\"@deportesanluis\" \/>\n<meta name=\"twitter:site\" content=\"@deportesanluis\" \/>\n<meta name=\"twitter:label1\" content=\"Escrito por\" \/>\n\t<meta name=\"twitter:data1\" content=\"admin\" \/>\n\t<meta name=\"twitter:label2\" content=\"Tiempo de lectura\" \/>\n\t<meta name=\"twitter:data2\" content=\"2 minutos\" \/>\n<script type=\"application\/ld+json\" class=\"yoast-schema-graph\">{\"@context\":\"https:\\\/\\\/schema.org\",\"@graph\":[{\"@type\":\"Article\",\"@id\":\"https:\\\/\\\/deportesanluis.com.ar\\\/bolling-y-la-garra-debutaron-en-la-copa-del-mundo\\\/#article\",\"isPartOf\":{\"@id\":\"https:\\\/\\\/deportesanluis.com.ar\\\/bolling-y-la-garra-debutaron-en-la-copa-del-mundo\\\/\"},\"author\":{\"name\":\"admin\",\"@id\":\"https:\\\/\\\/deportesanluis.com.ar\\\/#\\\/schema\\\/person\\\/4b3e665481e93d271fced43ee48143c8\"},\"headline\":\"Bolling y La Garra debutaron en la Copa del Mundo\",\"datePublished\":\"2025-11-28T21:46:23+00:00\",\"dateModified\":\"2025-12-01T22:17:38+00:00\",\"mainEntityOfPage\":{\"@id\":\"https:\\\/\\\/deportesanluis.com.ar\\\/bolling-y-la-garra-debutaron-en-la-copa-del-mundo\\\/\"},\"wordCount\":200,\"publisher\":{\"@id\":\"https:\\\/\\\/deportesanluis.com.ar\\\/#organization\"},\"image\":{\"@id\":\"https:\\\/\\\/deportesanluis.com.ar\\\/bolling-y-la-garra-debutaron-en-la-copa-del-mundo\\\/#primaryimage\"},\"thumbnailUrl\":\"https:\\\/\\\/deportesanluis.com.ar\\\/wp-content\\\/uploads\\\/2025\\\/11\\\/Bolling-LaGarra-01-Mundial25.jpg\",\"keywords\":[\"Handball\"],\"articleSection\":[\"15\",\"Handball\",\"Poli\"],\"inLanguage\":\"es-AR\"},{\"@type\":\"WebPage\",\"@id\":\"https:\\\/\\\/deportesanluis.com.ar\\\/bolling-y-la-garra-debutaron-en-la-copa-del-mundo\\\/\",\"url\":\"https:\\\/\\\/deportesanluis.com.ar\\\/bolling-y-la-garra-debutaron-en-la-copa-del-mundo\\\/\",\"name\":\"Bolling y La Garra debutaron en la Copa del Mundo - DSL\",\"isPartOf\":{\"@id\":\"https:\\\/\\\/deportesanluis.com.ar\\\/#website\"},\"primaryImageOfPage\":{\"@id\":\"https:\\\/\\\/deportesanluis.com.ar\\\/bolling-y-la-garra-debutaron-en-la-copa-del-mundo\\\/#primaryimage\"},\"image\":{\"@id\":\"https:\\\/\\\/deportesanluis.com.ar\\\/bolling-y-la-garra-debutaron-en-la-copa-del-mundo\\\/#primaryimage\"},\"thumbnailUrl\":\"https:\\\/\\\/deportesanluis.com.ar\\\/wp-content\\\/uploads\\\/2025\\\/11\\\/Bolling-LaGarra-01-Mundial25.jpg\",\"datePublished\":\"2025-11-28T21:46:23+00:00\",\"dateModified\":\"2025-12-01T22:17:38+00:00\",\"description\":\"Fue con derrota ante uno de los organizadores, Pa\u00edses Bajos, por 25-32. La extremo puntano fue de la partida. La nota de la fecha inicial la dio Espa\u00f1a que cay\u00f3 ante Islas Feroes. El pr\u00f3ximo cruce de la Argentina ser\u00e1 el domingo ante Austria.\u00a0\",\"breadcrumb\":{\"@id\":\"https:\\\/\\\/deportesanluis.com.ar\\\/bolling-y-la-garra-debutaron-en-la-copa-del-mundo\\\/#breadcrumb\"},\"inLanguage\":\"es-AR\",\"potentialAction\":[{\"@type\":\"ReadAction\",\"target\":[\"https:\\\/\\\/deportesanluis.com.ar\\\/bolling-y-la-garra-debutaron-en-la-copa-del-mundo\\\/\"]}]},{\"@type\":\"ImageObject\",\"inLanguage\":\"es-AR\",\"@id\":\"https:\\\/\\\/deportesanluis.com.ar\\\/bolling-y-la-garra-debutaron-en-la-copa-del-mundo\\\/#primaryimage\",\"url\":\"https:\\\/\\\/deportesanluis.com.ar\\\/wp-content\\\/uploads\\\/2025\\\/11\\\/Bolling-LaGarra-01-Mundial25.jpg\",\"contentUrl\":\"https:\\\/\\\/deportesanluis.com.ar\\\/wp-content\\\/uploads\\\/2025\\\/11\\\/Bolling-LaGarra-01-Mundial25.jpg\",\"width\":800,\"height\":500},{\"@type\":\"BreadcrumbList\",\"@id\":\"https:\\\/\\\/deportesanluis.com.ar\\\/bolling-y-la-garra-debutaron-en-la-copa-del-mundo\\\/#breadcrumb\",\"itemListElement\":[{\"@type\":\"ListItem\",\"position\":1,\"name\":\"Home\",\"item\":\"https:\\\/\\\/deportesanluis.com.ar\\\/\"},{\"@type\":\"ListItem\",\"position\":2,\"name\":\"Bolling y La Garra debutaron en la Copa del Mundo\"}]},{\"@type\":\"WebSite\",\"@id\":\"https:\\\/\\\/deportesanluis.com.ar\\\/#website\",\"url\":\"https:\\\/\\\/deportesanluis.com.ar\\\/\",\"name\":\"deportesanluis.com.ar\",\"description\":\"Noticias de Deporte de San Luis\",\"publisher\":{\"@id\":\"https:\\\/\\\/deportesanluis.com.ar\\\/#organization\"},\"alternateName\":\"Deporte SL\",\"potentialAction\":[{\"@type\":\"SearchAction\",\"target\":{\"@type\":\"EntryPoint\",\"urlTemplate\":\"https:\\\/\\\/deportesanluis.com.ar\\\/?s={search_term_string}\"},\"query-input\":{\"@type\":\"PropertyValueSpecification\",\"valueRequired\":true,\"valueName\":\"search_term_string\"}}],\"inLanguage\":\"es-AR\"},{\"@type\":\"Organization\",\"@id\":\"https:\\\/\\\/deportesanluis.com.ar\\\/#organization\",\"name\":\"DSL\",\"alternateName\":\"Deporte SL\",\"url\":\"https:\\\/\\\/deportesanluis.com.ar\\\/\",\"logo\":{\"@type\":\"ImageObject\",\"inLanguage\":\"es-AR\",\"@id\":\"https:\\\/\\\/deportesanluis.com.ar\\\/#\\\/schema\\\/logo\\\/image\\\/\",\"url\":\"https:\\\/\\\/deportesanluis.com.ar\\\/wp-content\\\/uploads\\\/2023\\\/06\\\/DSL-Logo-2023-5.jpg\",\"contentUrl\":\"https:\\\/\\\/deportesanluis.com.ar\\\/wp-content\\\/uploads\\\/2023\\\/06\\\/DSL-Logo-2023-5.jpg\",\"width\":1718,\"height\":845,\"caption\":\"DSL\"},\"image\":{\"@id\":\"https:\\\/\\\/deportesanluis.com.ar\\\/#\\\/schema\\\/logo\\\/image\\\/\"},\"sameAs\":[\"https:\\\/\\\/www.facebook.com\\\/DSLDeporteSanLuis\",\"https:\\\/\\\/x.com\\\/deportesanluis\",\"https:\\\/\\\/www.instagram.com\\\/dsl_deportesanluis\\\/\"]},{\"@type\":\"Person\",\"@id\":\"https:\\\/\\\/deportesanluis.com.ar\\\/#\\\/schema\\\/person\\\/4b3e665481e93d271fced43ee48143c8\",\"name\":\"admin\",\"image\":{\"@type\":\"ImageObject\",\"inLanguage\":\"es-AR\",\"@id\":\"https:\\\/\\\/secure.gravatar.com\\\/avatar\\\/5424b2c21466f502587708c43dbe2dc47b5e643fec67835095677cd3af6ba546?s=96&d=mm&r=g\",\"url\":\"https:\\\/\\\/secure.gravatar.com\\\/avatar\\\/5424b2c21466f502587708c43dbe2dc47b5e643fec67835095677cd3af6ba546?s=96&d=mm&r=g\",\"contentUrl\":\"https:\\\/\\\/secure.gravatar.com\\\/avatar\\\/5424b2c21466f502587708c43dbe2dc47b5e643fec67835095677cd3af6ba546?s=96&d=mm&r=g\",\"caption\":\"admin\"},\"sameAs\":[\"https:\\\/\\\/deportesanluis.com.ar\"],\"url\":\"https:\\\/\\\/deportesanluis.com.ar\\\/author\\\/admin\\\/\"}]}<\/script>\n<!-- \/ Yoast SEO plugin. -->","yoast_head_json":{"title":"Bolling y La Garra debutaron en la Copa del Mundo - DSL","description":"Fue con derrota ante uno de los organizadores, Pa\u00edses Bajos, por 25-32. La extremo puntano fue de la partida. La nota de la fecha inicial la dio Espa\u00f1a que cay\u00f3 ante Islas Feroes. El pr\u00f3ximo cruce de la Argentina ser\u00e1 el domingo ante Austria.\u00a0","robots":{"index":"index","follow":"follow","max-snippet":"max-snippet:-1","max-image-preview":"max-image-preview:large","max-video-preview":"max-video-preview:-1"},"canonical":"https:\/\/deportesanluis.com.ar\/bolling-y-la-garra-debutaron-en-la-copa-del-mundo\/","og_locale":"es_ES","og_type":"article","og_title":"Bolling y La Garra debutaron en la Copa del Mundo - DSL","og_description":"Fue con derrota ante uno de los organizadores, Pa\u00edses Bajos, por 25-32. La extremo puntano fue de la partida. La nota de la fecha inicial la dio Espa\u00f1a que cay\u00f3 ante Islas Feroes. El pr\u00f3ximo cruce de la Argentina ser\u00e1 el domingo ante Austria.\u00a0","og_url":"https:\/\/deportesanluis.com.ar\/bolling-y-la-garra-debutaron-en-la-copa-del-mundo\/","og_site_name":"DSL","article_publisher":"https:\/\/www.facebook.com\/DSLDeporteSanLuis","article_published_time":"2025-11-28T21:46:23+00:00","article_modified_time":"2025-12-01T22:17:38+00:00","og_image":[{"width":800,"height":500,"url":"https:\/\/deportesanluis.com.ar\/wp-content\/uploads\/2025\/11\/Bolling-LaGarra-01-Mundial25.jpg","type":"image\/jpeg"}],"author":"admin","twitter_card":"summary_large_image","twitter_creator":"@deportesanluis","twitter_site":"@deportesanluis","twitter_misc":{"Escrito por":"admin","Tiempo de lectura":"2 minutos"},"schema":{"@context":"https:\/\/schema.org","@graph":[{"@type":"Article","@id":"https:\/\/deportesanluis.com.ar\/bolling-y-la-garra-debutaron-en-la-copa-del-mundo\/#article","isPartOf":{"@id":"https:\/\/deportesanluis.com.ar\/bolling-y-la-garra-debutaron-en-la-copa-del-mundo\/"},"author":{"name":"admin","@id":"https:\/\/deportesanluis.com.ar\/#\/schema\/person\/4b3e665481e93d271fced43ee48143c8"},"headline":"Bolling y La Garra debutaron en la Copa del Mundo","datePublished":"2025-11-28T21:46:23+00:00","dateModified":"2025-12-01T22:17:38+00:00","mainEntityOfPage":{"@id":"https:\/\/deportesanluis.com.ar\/bolling-y-la-garra-debutaron-en-la-copa-del-mundo\/"},"wordCount":200,"publisher":{"@id":"https:\/\/deportesanluis.com.ar\/#organization"},"image":{"@id":"https:\/\/deportesanluis.com.ar\/bolling-y-la-garra-debutaron-en-la-copa-del-mundo\/#primaryimage"},"thumbnailUrl":"https:\/\/deportesanluis.com.ar\/wp-content\/uploads\/2025\/11\/Bolling-LaGarra-01-Mundial25.jpg","keywords":["Handball"],"articleSection":["15","Handball","Poli"],"inLanguage":"es-AR"},{"@type":"WebPage","@id":"https:\/\/deportesanluis.com.ar\/bolling-y-la-garra-debutaron-en-la-copa-del-mundo\/","url":"https:\/\/deportesanluis.com.ar\/bolling-y-la-garra-debutaron-en-la-copa-del-mundo\/","name":"Bolling y La Garra debutaron en la Copa del Mundo - DSL","isPartOf":{"@id":"https:\/\/deportesanluis.com.ar\/#website"},"primaryImageOfPage":{"@id":"https:\/\/deportesanluis.com.ar\/bolling-y-la-garra-debutaron-en-la-copa-del-mundo\/#primaryimage"},"image":{"@id":"https:\/\/deportesanluis.com.ar\/bolling-y-la-garra-debutaron-en-la-copa-del-mundo\/#primaryimage"},"thumbnailUrl":"https:\/\/deportesanluis.com.ar\/wp-content\/uploads\/2025\/11\/Bolling-LaGarra-01-Mundial25.jpg","datePublished":"2025-11-28T21:46:23+00:00","dateModified":"2025-12-01T22:17:38+00:00","description":"Fue con derrota ante uno de los organizadores, Pa\u00edses Bajos, por 25-32. La extremo puntano fue de la partida. La nota de la fecha inicial la dio Espa\u00f1a que cay\u00f3 ante Islas Feroes. El pr\u00f3ximo cruce de la Argentina ser\u00e1 el domingo ante Austria.\u00a0","breadcrumb":{"@id":"https:\/\/deportesanluis.com.ar\/bolling-y-la-garra-debutaron-en-la-copa-del-mundo\/#breadcrumb"},"inLanguage":"es-AR","potentialAction":[{"@type":"ReadAction","target":["https:\/\/deportesanluis.com.ar\/bolling-y-la-garra-debutaron-en-la-copa-del-mundo\/"]}]},{"@type":"ImageObject","inLanguage":"es-AR","@id":"https:\/\/deportesanluis.com.ar\/bolling-y-la-garra-debutaron-en-la-copa-del-mundo\/#primaryimage","url":"https:\/\/deportesanluis.com.ar\/wp-content\/uploads\/2025\/11\/Bolling-LaGarra-01-Mundial25.jpg","contentUrl":"https:\/\/deportesanluis.com.ar\/wp-content\/uploads\/2025\/11\/Bolling-LaGarra-01-Mundial25.jpg","width":800,"height":500},{"@type":"BreadcrumbList","@id":"https:\/\/deportesanluis.com.ar\/bolling-y-la-garra-debutaron-en-la-copa-del-mundo\/#breadcrumb","itemListElement":[{"@type":"ListItem","position":1,"name":"Home","item":"https:\/\/deportesanluis.com.ar\/"},{"@type":"ListItem","position":2,"name":"Bolling y La Garra debutaron en la Copa del Mundo"}]},{"@type":"WebSite","@id":"https:\/\/deportesanluis.com.ar\/#website","url":"https:\/\/deportesanluis.com.ar\/","name":"deportesanluis.com.ar","description":"Noticias de Deporte de San Luis","publisher":{"@id":"https:\/\/deportesanluis.com.ar\/#organization"},"alternateName":"Deporte SL","potentialAction":[{"@type":"SearchAction","target":{"@type":"EntryPoint","urlTemplate":"https:\/\/deportesanluis.com.ar\/?s={search_term_string}"},"query-input":{"@type":"PropertyValueSpecification","valueRequired":true,"valueName":"search_term_string"}}],"inLanguage":"es-AR"},{"@type":"Organization","@id":"https:\/\/deportesanluis.com.ar\/#organization","name":"DSL","alternateName":"Deporte SL","url":"https:\/\/deportesanluis.com.ar\/","logo":{"@type":"ImageObject","inLanguage":"es-AR","@id":"https:\/\/deportesanluis.com.ar\/#\/schema\/logo\/image\/","url":"https:\/\/deportesanluis.com.ar\/wp-content\/uploads\/2023\/06\/DSL-Logo-2023-5.jpg","contentUrl":"https:\/\/deportesanluis.com.ar\/wp-content\/uploads\/2023\/06\/DSL-Logo-2023-5.jpg","width":1718,"height":845,"caption":"DSL"},"image":{"@id":"https:\/\/deportesanluis.com.ar\/#\/schema\/logo\/image\/"},"sameAs":["https:\/\/www.facebook.com\/DSLDeporteSanLuis","https:\/\/x.com\/deportesanluis","https:\/\/www.instagram.com\/dsl_deportesanluis\/"]},{"@type":"Person","@id":"https:\/\/deportesanluis.com.ar\/#\/schema\/person\/4b3e665481e93d271fced43ee48143c8","name":"admin","image":{"@type":"ImageObject","inLanguage":"es-AR","@id":"https:\/\/secure.gravatar.com\/avatar\/5424b2c21466f502587708c43dbe2dc47b5e643fec67835095677cd3af6ba546?s=96&d=mm&r=g","url":"https:\/\/secure.gravatar.com\/avatar\/5424b2c21466f502587708c43dbe2dc47b5e643fec67835095677cd3af6ba546?s=96&d=mm&r=g","contentUrl":"https:\/\/secure.gravatar.com\/avatar\/5424b2c21466f502587708c43dbe2dc47b5e643fec67835095677cd3af6ba546?s=96&d=mm&r=g","caption":"admin"},"sameAs":["https:\/\/deportesanluis.com.ar"],"url":"https:\/\/deportesanluis.com.ar\/author\/admin\/"}]}},"_links":{"self":[{"href":"https:\/\/deportesanluis.com.ar\/wp-json\/wp\/v2\/posts\/29739","targetHints":{"allow":["GET"]}}],"collection":[{"href":"https:\/\/deportesanluis.com.ar\/wp-json\/wp\/v2\/posts"}],"about":[{"href":"https:\/\/deportesanluis.com.ar\/wp-json\/wp\/v2\/types\/post"}],"author":[{"embeddable":true,"href":"https:\/\/deportesanluis.com.ar\/wp-json\/wp\/v2\/users\/1"}],"replies":[{"embeddable":true,"href":"https:\/\/deportesanluis.com.ar\/wp-json\/wp\/v2\/comments?post=29739"}],"version-history":[{"count":0,"href":"https:\/\/deportesanluis.com.ar\/wp-json\/wp\/v2\/posts\/29739\/revisions"}],"wp:featuredmedia":[{"embeddable":true,"href":"https:\/\/deportesanluis.com.ar\/wp-json\/wp\/v2\/media\/29740"}],"wp:attachment":[{"href":"https:\/\/deportesanluis.com.ar\/wp-json\/wp\/v2\/media?parent=29739"}],"wp:term":[{"taxonomy":"category","embeddable":true,"href":"https:\/\/deportesanluis.com.ar\/wp-json\/wp\/v2\/categories?post=29739"},{"taxonomy":"post_tag","embeddable":true,"href":"https:\/\/deportesanluis.com.ar\/wp-json\/wp\/v2\/tags?post=29739"}],"curies":[{"name":"wp","href":"https:\/\/api.w.org\/{rel}","templated":true}]}}