{"id":29748,"date":"2025-11-29T13:58:51","date_gmt":"2025-11-29T16:58:51","guid":{"rendered":"https:\/\/deportesanluis.com.ar\/?p=29748"},"modified":"2025-12-11T12:06:47","modified_gmt":"2025-12-11T15:06:47","slug":"guay-curu-es-el-campeon","status":"publish","type":"post","link":"https:\/\/deportesanluis.com.ar\/guay-curu-es-el-campeon\/","title":{"rendered":"Guay Cur\u00fa es el campe\u00f3n"},"content":{"rendered":"<p>Este viernes 28 de noviembre del 2025 y despu\u00e9s de diez a\u00f1os, Guay Cur\u00fa se consagr\u00f3 campe\u00f3n de la Liga Provincial de B\u00e1squet.\u00a0Fue en el Pedro Baz\u00e1n y ante una notable cantidad de p\u00fablico.<\/p>\n<p>Luego de quedarse con el primer juego de la serie en tierras mercedinas, anoche Guay Cur\u00fa demostraba, en la primer mitad, ser superior a un &#8220;Pitojuan&#8221; que, sin embargo, mostr\u00f3 reacci\u00f3n en el complemento obligando a que se jugara un suplementario.<\/p>\n<p>All\u00ed prevaleci\u00f3 el local que gracias al calor de su gente, pudo quedarse con la victoria por 85-81.<\/p>\n<p>V\u00edctor Galarza (29pts. 7rts.), Kevin Camargo (19pts. 8rts. 1asist.) y Juli\u00e1n Carrizo (15pts. 6rts. 1asist.) fue lo mejor del elenco campe\u00f3n que codujo t\u00e9cnicamente Fernando Guzm\u00e1n.<\/p>\n<p>Facundo Coronel (14pts. 11rts.), Leonel Nieto (14pts. 3rts.) y Jes\u00fas S\u00e1nchez (9pts. 9rts. 1asist.) fue lo sobresaliente de un Jorge Newbery que tuvo una temporada brillante, siendo finalista en ambos torneos.<\/p>\n<hr \/>\n<p><strong>Nota:<\/strong> Redacci\u00f3n<\/p>\n","protected":false},"excerpt":{"rendered":"<p>Despu\u00e9s de diez largos a\u00f1os, el &#8220;Indio&#8221; se qued\u00f3 con un torneo de la Liga Provincial de B\u00e1squet. Fue este viernes luego de vencer en suplementario a Jorge Newbery de Villa Mercedes.\u00a0<\/p>\n","protected":false},"author":2,"featured_media":29750,"comment_status":"closed","ping_status":"closed","sticky":false,"template":"","format":"standard","meta":{"footnotes":""},"categories":[75,35,36],"tags":[37,218],"class_list":{"0":"post-29748","1":"post","2":"type-post","3":"status-publish","4":"format-standard","5":"has-post-thumbnail","7":"category-75","8":"category-basquet","9":"category-fbpsl","10":"tag-basquet","11":"tag-lpb"},"yoast_head":"<!-- This site is optimized with the Yoast SEO plugin v27.4 - https:\/\/yoast.com\/product\/yoast-seo-wordpress\/ -->\n<title>Guay Cur\u00fa es el campe\u00f3n - DSL<\/title>\n<meta name=\"description\" content=\"Despu\u00e9s de diez largos a\u00f1os, el &quot;Indio&quot; se qued\u00f3 con un torneo de la Liga Provincial de B\u00e1squet. Fue este viernes luego de vencer en suplementario a Jorge Newbery de Villa Mercedes.\u00a0\" \/>\n<meta name=\"robots\" content=\"index, follow, max-snippet:-1, max-image-preview:large, max-video-preview:-1\" \/>\n<link rel=\"canonical\" href=\"https:\/\/deportesanluis.com.ar\/guay-curu-es-el-campeon\/\" \/>\n<meta property=\"og:locale\" content=\"es_ES\" \/>\n<meta property=\"og:type\" content=\"article\" \/>\n<meta property=\"og:title\" content=\"Guay Cur\u00fa es el campe\u00f3n - DSL\" \/>\n<meta property=\"og:description\" content=\"Despu\u00e9s de diez largos a\u00f1os, el &quot;Indio&quot; se qued\u00f3 con un torneo de la Liga Provincial de B\u00e1squet. Fue este viernes luego de vencer en suplementario a Jorge Newbery de Villa Mercedes.\u00a0\" \/>\n<meta property=\"og:url\" content=\"https:\/\/deportesanluis.com.ar\/guay-curu-es-el-campeon\/\" \/>\n<meta property=\"og:site_name\" content=\"DSL\" \/>\n<meta property=\"article:publisher\" content=\"https:\/\/www.facebook.com\/DSLDeporteSanLuis\" \/>\n<meta property=\"article:published_time\" content=\"2025-11-29T16:58:51+00:00\" \/>\n<meta property=\"article:modified_time\" content=\"2025-12-11T15:06:47+00:00\" \/>\n<meta property=\"og:image\" content=\"https:\/\/deportesanluis.com.ar\/wp-content\/uploads\/2025\/11\/GuayCuru-Campeon-Clausura-LPB25.jpg\" \/>\n\t<meta property=\"og:image:width\" content=\"800\" \/>\n\t<meta property=\"og:image:height\" content=\"500\" \/>\n\t<meta property=\"og:image:type\" content=\"image\/jpeg\" \/>\n<meta name=\"author\" content=\"Gustavo\" \/>\n<meta name=\"twitter:card\" content=\"summary_large_image\" \/>\n<meta name=\"twitter:creator\" content=\"@deportesanluis\" \/>\n<meta name=\"twitter:site\" content=\"@deportesanluis\" \/>\n<meta name=\"twitter:label1\" content=\"Escrito por\" \/>\n\t<meta name=\"twitter:data1\" content=\"Gustavo\" \/>\n\t<meta name=\"twitter:label2\" content=\"Tiempo de lectura\" \/>\n\t<meta name=\"twitter:data2\" content=\"1 minuto\" \/>\n<script type=\"application\/ld+json\" class=\"yoast-schema-graph\">{\"@context\":\"https:\\\/\\\/schema.org\",\"@graph\":[{\"@type\":\"Article\",\"@id\":\"https:\\\/\\\/deportesanluis.com.ar\\\/guay-curu-es-el-campeon\\\/#article\",\"isPartOf\":{\"@id\":\"https:\\\/\\\/deportesanluis.com.ar\\\/guay-curu-es-el-campeon\\\/\"},\"author\":{\"name\":\"Gustavo\",\"@id\":\"https:\\\/\\\/deportesanluis.com.ar\\\/#\\\/schema\\\/person\\\/4226c8c08ffe6f1bf1f6ec0ce9d467dc\"},\"headline\":\"Guay Cur\u00fa es el campe\u00f3n\",\"datePublished\":\"2025-11-29T16:58:51+00:00\",\"dateModified\":\"2025-12-11T15:06:47+00:00\",\"mainEntityOfPage\":{\"@id\":\"https:\\\/\\\/deportesanluis.com.ar\\\/guay-curu-es-el-campeon\\\/\"},\"wordCount\":172,\"publisher\":{\"@id\":\"https:\\\/\\\/deportesanluis.com.ar\\\/#organization\"},\"image\":{\"@id\":\"https:\\\/\\\/deportesanluis.com.ar\\\/guay-curu-es-el-campeon\\\/#primaryimage\"},\"thumbnailUrl\":\"https:\\\/\\\/deportesanluis.com.ar\\\/wp-content\\\/uploads\\\/2025\\\/11\\\/GuayCuru-Campeon-Clausura-LPB25.jpg\",\"keywords\":[\"B\u00e1squet\",\"LPB\"],\"articleSection\":[\"15\",\"B\u00e1squet\",\"FBPSL\"],\"inLanguage\":\"es-AR\"},{\"@type\":\"WebPage\",\"@id\":\"https:\\\/\\\/deportesanluis.com.ar\\\/guay-curu-es-el-campeon\\\/\",\"url\":\"https:\\\/\\\/deportesanluis.com.ar\\\/guay-curu-es-el-campeon\\\/\",\"name\":\"Guay Cur\u00fa es el campe\u00f3n - DSL\",\"isPartOf\":{\"@id\":\"https:\\\/\\\/deportesanluis.com.ar\\\/#website\"},\"primaryImageOfPage\":{\"@id\":\"https:\\\/\\\/deportesanluis.com.ar\\\/guay-curu-es-el-campeon\\\/#primaryimage\"},\"image\":{\"@id\":\"https:\\\/\\\/deportesanluis.com.ar\\\/guay-curu-es-el-campeon\\\/#primaryimage\"},\"thumbnailUrl\":\"https:\\\/\\\/deportesanluis.com.ar\\\/wp-content\\\/uploads\\\/2025\\\/11\\\/GuayCuru-Campeon-Clausura-LPB25.jpg\",\"datePublished\":\"2025-11-29T16:58:51+00:00\",\"dateModified\":\"2025-12-11T15:06:47+00:00\",\"description\":\"Despu\u00e9s de diez largos a\u00f1os, el \\\"Indio\\\" se qued\u00f3 con un torneo de la Liga Provincial de B\u00e1squet. Fue este viernes luego de vencer en suplementario a Jorge Newbery de Villa Mercedes.\u00a0\",\"breadcrumb\":{\"@id\":\"https:\\\/\\\/deportesanluis.com.ar\\\/guay-curu-es-el-campeon\\\/#breadcrumb\"},\"inLanguage\":\"es-AR\",\"potentialAction\":[{\"@type\":\"ReadAction\",\"target\":[\"https:\\\/\\\/deportesanluis.com.ar\\\/guay-curu-es-el-campeon\\\/\"]}]},{\"@type\":\"ImageObject\",\"inLanguage\":\"es-AR\",\"@id\":\"https:\\\/\\\/deportesanluis.com.ar\\\/guay-curu-es-el-campeon\\\/#primaryimage\",\"url\":\"https:\\\/\\\/deportesanluis.com.ar\\\/wp-content\\\/uploads\\\/2025\\\/11\\\/GuayCuru-Campeon-Clausura-LPB25.jpg\",\"contentUrl\":\"https:\\\/\\\/deportesanluis.com.ar\\\/wp-content\\\/uploads\\\/2025\\\/11\\\/GuayCuru-Campeon-Clausura-LPB25.jpg\",\"width\":800,\"height\":500},{\"@type\":\"BreadcrumbList\",\"@id\":\"https:\\\/\\\/deportesanluis.com.ar\\\/guay-curu-es-el-campeon\\\/#breadcrumb\",\"itemListElement\":[{\"@type\":\"ListItem\",\"position\":1,\"name\":\"Home\",\"item\":\"https:\\\/\\\/deportesanluis.com.ar\\\/\"},{\"@type\":\"ListItem\",\"position\":2,\"name\":\"Guay Cur\u00fa es el campe\u00f3n\"}]},{\"@type\":\"WebSite\",\"@id\":\"https:\\\/\\\/deportesanluis.com.ar\\\/#website\",\"url\":\"https:\\\/\\\/deportesanluis.com.ar\\\/\",\"name\":\"deportesanluis.com.ar\",\"description\":\"Noticias de Deporte de San Luis\",\"publisher\":{\"@id\":\"https:\\\/\\\/deportesanluis.com.ar\\\/#organization\"},\"alternateName\":\"Deporte SL\",\"potentialAction\":[{\"@type\":\"SearchAction\",\"target\":{\"@type\":\"EntryPoint\",\"urlTemplate\":\"https:\\\/\\\/deportesanluis.com.ar\\\/?s={search_term_string}\"},\"query-input\":{\"@type\":\"PropertyValueSpecification\",\"valueRequired\":true,\"valueName\":\"search_term_string\"}}],\"inLanguage\":\"es-AR\"},{\"@type\":\"Organization\",\"@id\":\"https:\\\/\\\/deportesanluis.com.ar\\\/#organization\",\"name\":\"DSL\",\"alternateName\":\"Deporte SL\",\"url\":\"https:\\\/\\\/deportesanluis.com.ar\\\/\",\"logo\":{\"@type\":\"ImageObject\",\"inLanguage\":\"es-AR\",\"@id\":\"https:\\\/\\\/deportesanluis.com.ar\\\/#\\\/schema\\\/logo\\\/image\\\/\",\"url\":\"https:\\\/\\\/deportesanluis.com.ar\\\/wp-content\\\/uploads\\\/2023\\\/06\\\/DSL-Logo-2023-5.jpg\",\"contentUrl\":\"https:\\\/\\\/deportesanluis.com.ar\\\/wp-content\\\/uploads\\\/2023\\\/06\\\/DSL-Logo-2023-5.jpg\",\"width\":1718,\"height\":845,\"caption\":\"DSL\"},\"image\":{\"@id\":\"https:\\\/\\\/deportesanluis.com.ar\\\/#\\\/schema\\\/logo\\\/image\\\/\"},\"sameAs\":[\"https:\\\/\\\/www.facebook.com\\\/DSLDeporteSanLuis\",\"https:\\\/\\\/x.com\\\/deportesanluis\",\"https:\\\/\\\/www.instagram.com\\\/dsl_deportesanluis\\\/\"]},{\"@type\":\"Person\",\"@id\":\"https:\\\/\\\/deportesanluis.com.ar\\\/#\\\/schema\\\/person\\\/4226c8c08ffe6f1bf1f6ec0ce9d467dc\",\"name\":\"Gustavo\",\"image\":{\"@type\":\"ImageObject\",\"inLanguage\":\"es-AR\",\"@id\":\"https:\\\/\\\/secure.gravatar.com\\\/avatar\\\/e0f2b72654fb1505f1050ab3d43e35506881537539299c1e242c80f55e8702c8?s=96&d=mm&r=g\",\"url\":\"https:\\\/\\\/secure.gravatar.com\\\/avatar\\\/e0f2b72654fb1505f1050ab3d43e35506881537539299c1e242c80f55e8702c8?s=96&d=mm&r=g\",\"contentUrl\":\"https:\\\/\\\/secure.gravatar.com\\\/avatar\\\/e0f2b72654fb1505f1050ab3d43e35506881537539299c1e242c80f55e8702c8?s=96&d=mm&r=g\",\"caption\":\"Gustavo\"},\"url\":\"https:\\\/\\\/deportesanluis.com.ar\\\/author\\\/gustavo\\\/\"}]}<\/script>\n<!-- \/ Yoast SEO plugin. -->","yoast_head_json":{"title":"Guay Cur\u00fa es el campe\u00f3n - DSL","description":"Despu\u00e9s de diez largos a\u00f1os, el \"Indio\" se qued\u00f3 con un torneo de la Liga Provincial de B\u00e1squet. Fue este viernes luego de vencer en suplementario a Jorge Newbery de Villa Mercedes.\u00a0","robots":{"index":"index","follow":"follow","max-snippet":"max-snippet:-1","max-image-preview":"max-image-preview:large","max-video-preview":"max-video-preview:-1"},"canonical":"https:\/\/deportesanluis.com.ar\/guay-curu-es-el-campeon\/","og_locale":"es_ES","og_type":"article","og_title":"Guay Cur\u00fa es el campe\u00f3n - DSL","og_description":"Despu\u00e9s de diez largos a\u00f1os, el \"Indio\" se qued\u00f3 con un torneo de la Liga Provincial de B\u00e1squet. Fue este viernes luego de vencer en suplementario a Jorge Newbery de Villa Mercedes.\u00a0","og_url":"https:\/\/deportesanluis.com.ar\/guay-curu-es-el-campeon\/","og_site_name":"DSL","article_publisher":"https:\/\/www.facebook.com\/DSLDeporteSanLuis","article_published_time":"2025-11-29T16:58:51+00:00","article_modified_time":"2025-12-11T15:06:47+00:00","og_image":[{"width":800,"height":500,"url":"https:\/\/deportesanluis.com.ar\/wp-content\/uploads\/2025\/11\/GuayCuru-Campeon-Clausura-LPB25.jpg","type":"image\/jpeg"}],"author":"Gustavo","twitter_card":"summary_large_image","twitter_creator":"@deportesanluis","twitter_site":"@deportesanluis","twitter_misc":{"Escrito por":"Gustavo","Tiempo de lectura":"1 minuto"},"schema":{"@context":"https:\/\/schema.org","@graph":[{"@type":"Article","@id":"https:\/\/deportesanluis.com.ar\/guay-curu-es-el-campeon\/#article","isPartOf":{"@id":"https:\/\/deportesanluis.com.ar\/guay-curu-es-el-campeon\/"},"author":{"name":"Gustavo","@id":"https:\/\/deportesanluis.com.ar\/#\/schema\/person\/4226c8c08ffe6f1bf1f6ec0ce9d467dc"},"headline":"Guay Cur\u00fa es el campe\u00f3n","datePublished":"2025-11-29T16:58:51+00:00","dateModified":"2025-12-11T15:06:47+00:00","mainEntityOfPage":{"@id":"https:\/\/deportesanluis.com.ar\/guay-curu-es-el-campeon\/"},"wordCount":172,"publisher":{"@id":"https:\/\/deportesanluis.com.ar\/#organization"},"image":{"@id":"https:\/\/deportesanluis.com.ar\/guay-curu-es-el-campeon\/#primaryimage"},"thumbnailUrl":"https:\/\/deportesanluis.com.ar\/wp-content\/uploads\/2025\/11\/GuayCuru-Campeon-Clausura-LPB25.jpg","keywords":["B\u00e1squet","LPB"],"articleSection":["15","B\u00e1squet","FBPSL"],"inLanguage":"es-AR"},{"@type":"WebPage","@id":"https:\/\/deportesanluis.com.ar\/guay-curu-es-el-campeon\/","url":"https:\/\/deportesanluis.com.ar\/guay-curu-es-el-campeon\/","name":"Guay Cur\u00fa es el campe\u00f3n - DSL","isPartOf":{"@id":"https:\/\/deportesanluis.com.ar\/#website"},"primaryImageOfPage":{"@id":"https:\/\/deportesanluis.com.ar\/guay-curu-es-el-campeon\/#primaryimage"},"image":{"@id":"https:\/\/deportesanluis.com.ar\/guay-curu-es-el-campeon\/#primaryimage"},"thumbnailUrl":"https:\/\/deportesanluis.com.ar\/wp-content\/uploads\/2025\/11\/GuayCuru-Campeon-Clausura-LPB25.jpg","datePublished":"2025-11-29T16:58:51+00:00","dateModified":"2025-12-11T15:06:47+00:00","description":"Despu\u00e9s de diez largos a\u00f1os, el \"Indio\" se qued\u00f3 con un torneo de la Liga Provincial de B\u00e1squet. Fue este viernes luego de vencer en suplementario a Jorge Newbery de Villa Mercedes.\u00a0","breadcrumb":{"@id":"https:\/\/deportesanluis.com.ar\/guay-curu-es-el-campeon\/#breadcrumb"},"inLanguage":"es-AR","potentialAction":[{"@type":"ReadAction","target":["https:\/\/deportesanluis.com.ar\/guay-curu-es-el-campeon\/"]}]},{"@type":"ImageObject","inLanguage":"es-AR","@id":"https:\/\/deportesanluis.com.ar\/guay-curu-es-el-campeon\/#primaryimage","url":"https:\/\/deportesanluis.com.ar\/wp-content\/uploads\/2025\/11\/GuayCuru-Campeon-Clausura-LPB25.jpg","contentUrl":"https:\/\/deportesanluis.com.ar\/wp-content\/uploads\/2025\/11\/GuayCuru-Campeon-Clausura-LPB25.jpg","width":800,"height":500},{"@type":"BreadcrumbList","@id":"https:\/\/deportesanluis.com.ar\/guay-curu-es-el-campeon\/#breadcrumb","itemListElement":[{"@type":"ListItem","position":1,"name":"Home","item":"https:\/\/deportesanluis.com.ar\/"},{"@type":"ListItem","position":2,"name":"Guay Cur\u00fa es el campe\u00f3n"}]},{"@type":"WebSite","@id":"https:\/\/deportesanluis.com.ar\/#website","url":"https:\/\/deportesanluis.com.ar\/","name":"deportesanluis.com.ar","description":"Noticias de Deporte de San Luis","publisher":{"@id":"https:\/\/deportesanluis.com.ar\/#organization"},"alternateName":"Deporte SL","potentialAction":[{"@type":"SearchAction","target":{"@type":"EntryPoint","urlTemplate":"https:\/\/deportesanluis.com.ar\/?s={search_term_string}"},"query-input":{"@type":"PropertyValueSpecification","valueRequired":true,"valueName":"search_term_string"}}],"inLanguage":"es-AR"},{"@type":"Organization","@id":"https:\/\/deportesanluis.com.ar\/#organization","name":"DSL","alternateName":"Deporte SL","url":"https:\/\/deportesanluis.com.ar\/","logo":{"@type":"ImageObject","inLanguage":"es-AR","@id":"https:\/\/deportesanluis.com.ar\/#\/schema\/logo\/image\/","url":"https:\/\/deportesanluis.com.ar\/wp-content\/uploads\/2023\/06\/DSL-Logo-2023-5.jpg","contentUrl":"https:\/\/deportesanluis.com.ar\/wp-content\/uploads\/2023\/06\/DSL-Logo-2023-5.jpg","width":1718,"height":845,"caption":"DSL"},"image":{"@id":"https:\/\/deportesanluis.com.ar\/#\/schema\/logo\/image\/"},"sameAs":["https:\/\/www.facebook.com\/DSLDeporteSanLuis","https:\/\/x.com\/deportesanluis","https:\/\/www.instagram.com\/dsl_deportesanluis\/"]},{"@type":"Person","@id":"https:\/\/deportesanluis.com.ar\/#\/schema\/person\/4226c8c08ffe6f1bf1f6ec0ce9d467dc","name":"Gustavo","image":{"@type":"ImageObject","inLanguage":"es-AR","@id":"https:\/\/secure.gravatar.com\/avatar\/e0f2b72654fb1505f1050ab3d43e35506881537539299c1e242c80f55e8702c8?s=96&d=mm&r=g","url":"https:\/\/secure.gravatar.com\/avatar\/e0f2b72654fb1505f1050ab3d43e35506881537539299c1e242c80f55e8702c8?s=96&d=mm&r=g","contentUrl":"https:\/\/secure.gravatar.com\/avatar\/e0f2b72654fb1505f1050ab3d43e35506881537539299c1e242c80f55e8702c8?s=96&d=mm&r=g","caption":"Gustavo"},"url":"https:\/\/deportesanluis.com.ar\/author\/gustavo\/"}]}},"_links":{"self":[{"href":"https:\/\/deportesanluis.com.ar\/wp-json\/wp\/v2\/posts\/29748","targetHints":{"allow":["GET"]}}],"collection":[{"href":"https:\/\/deportesanluis.com.ar\/wp-json\/wp\/v2\/posts"}],"about":[{"href":"https:\/\/deportesanluis.com.ar\/wp-json\/wp\/v2\/types\/post"}],"author":[{"embeddable":true,"href":"https:\/\/deportesanluis.com.ar\/wp-json\/wp\/v2\/users\/2"}],"replies":[{"embeddable":true,"href":"https:\/\/deportesanluis.com.ar\/wp-json\/wp\/v2\/comments?post=29748"}],"version-history":[{"count":0,"href":"https:\/\/deportesanluis.com.ar\/wp-json\/wp\/v2\/posts\/29748\/revisions"}],"wp:featuredmedia":[{"embeddable":true,"href":"https:\/\/deportesanluis.com.ar\/wp-json\/wp\/v2\/media\/29750"}],"wp:attachment":[{"href":"https:\/\/deportesanluis.com.ar\/wp-json\/wp\/v2\/media?parent=29748"}],"wp:term":[{"taxonomy":"category","embeddable":true,"href":"https:\/\/deportesanluis.com.ar\/wp-json\/wp\/v2\/categories?post=29748"},{"taxonomy":"post_tag","embeddable":true,"href":"https:\/\/deportesanluis.com.ar\/wp-json\/wp\/v2\/tags?post=29748"}],"curies":[{"name":"wp","href":"https:\/\/api.w.org\/{rel}","templated":true}]}}