{"id":29813,"date":"2025-12-07T11:10:09","date_gmt":"2025-12-07T14:10:09","guid":{"rendered":"https:\/\/deportesanluis.com.ar\/?p=29813"},"modified":"2025-12-08T12:03:30","modified_gmt":"2025-12-08T15:03:30","slug":"baldoni-y-rasso-son-protagonistas-en-traslasierra","status":"publish","type":"post","link":"https:\/\/deportesanluis.com.ar\/baldoni-y-rasso-son-protagonistas-en-traslasierra\/","title":{"rendered":"Baldoni y Rasso son protagonistas en Traslasierra"},"content":{"rendered":"<p>Ya est\u00e1 en marcha el Rally de Mina Clavero, \u00faltima fecha de la temporada 2025 del Campeonato Argentino con la disputa del super especial Jos\u00e9 Carlomagno y con dos pasadas por los especiales Tala Ca\u00f1ada-R\u00edo Jaime, El Cruce-Ambul y El Mirador-Cuesta San Luis.<\/p>\n<p>El mejor es Federico Villagra quien se hizo su aparici\u00f3n a bordo de un flamante Skoda Fabia. Su escolta es el puntano Miguel Baldoni (Skoda Fabia), flamante campe\u00f3n de la temporada quien, a su ves, es seguido por el sanjuanino Gast\u00f3n Past\u00e9n (Skoda Fabia) que cuenta con el mercedino Mat\u00edas Ramos en la butaca derecha.<\/p>\n\r\n                <style type=\"text\/css\">\r\n                    \r\n                    #tdi_1  .td-doubleSlider-2 .td-item1 {\r\n                        background: url(https:\/\/deportesanluis.com.ar\/wp-content\/uploads\/2025\/12\/Villagra-MinaClavero-1-RA25-80x60.jpeg) 0 0 no-repeat;\r\n                    }\r\n                    #tdi_1  .td-doubleSlider-2 .td-item2 {\r\n                        background: url(https:\/\/deportesanluis.com.ar\/wp-content\/uploads\/2025\/12\/Baldoni-MinaClavero-02-RA25-80x60.jpeg) 0 0 no-repeat;\r\n                    }\r\n                    #tdi_1  .td-doubleSlider-2 .td-item3 {\r\n                        background: url(https:\/\/deportesanluis.com.ar\/wp-content\/uploads\/2025\/12\/Gaston-Pasten-1-MinaClavero-RA25-80x60.jpeg) 0 0 no-repeat;\r\n                    }\r\n                    #tdi_1  .td-doubleSlider-2 .td-item4 {\r\n                        background: url(https:\/\/deportesanluis.com.ar\/wp-content\/uploads\/2025\/12\/Ramiro-Kauffmann-MinaClavero-1-RA25-80x60.jpeg) 0 0 no-repeat;\r\n                    }\r\n                    #tdi_1  .td-doubleSlider-2 .td-item5 {\r\n                        background: url(https:\/\/deportesanluis.com.ar\/wp-content\/uploads\/2025\/12\/Mario-Rasso-MinaClavero-1-RA25-80x60.jpeg) 0 0 no-repeat;\r\n                    }\r\n                <\/style>\r\n\r\n                <div id=\"tdi_1\" class=\"td-gallery td-slide-on-2-columns\">\r\n                    <div class=\"post_td_gallery\">\r\n                        <div class=\"td-gallery-slide-top\">\r\n                           <div class=\"td-gallery-title\"><\/div>\r\n\r\n                            <div class=\"td-gallery-controls-wrapper\">\r\n                                <div class=\"td-gallery-slide-count\"><span class=\"td-gallery-slide-item-focus\">1<\/span> de 5<\/div>\r\n                                <div class=\"td-gallery-slide-prev-next-but\">\r\n                                    <i class = \"td-icon-left doubleSliderPrevButton\"><\/i>\r\n                                    <i class = \"td-icon-right doubleSliderNextButton\"><\/i>\r\n                                <\/div>\r\n                            <\/div>\r\n                        <\/div>\r\n\r\n                        <div class = \"td-doubleSlider-1 \">\r\n                            <div class = \"td-slider\">\r\n                                \r\n                    <div class = \"td-slide-item td-item1\">\r\n                        <figure class=\"td-slide-galery-figure td-slide-popup-gallery\">\r\n                            <a class=\"slide-gallery-image-link\" href=\"https:\/\/deportesanluis.com.ar\/wp-content\/uploads\/2025\/12\/Villagra-MinaClavero-1-RA25.jpeg\" title=\"Villagra-MinaClavero-1-RA25\"  data-caption=\"Federico Villagra\"  data-description=\"\">\r\n                                <img decoding=\"async\" src=\"https:\/\/deportesanluis.com.ar\/wp-content\/uploads\/2025\/12\/Villagra-MinaClavero-1-RA25-672x420.jpeg\" srcset=\"https:\/\/deportesanluis.com.ar\/wp-content\/uploads\/2025\/12\/Villagra-MinaClavero-1-RA25-672x420.jpeg 672w, https:\/\/deportesanluis.com.ar\/wp-content\/uploads\/2025\/12\/Villagra-MinaClavero-1-RA25-300x188.jpeg 300w, https:\/\/deportesanluis.com.ar\/wp-content\/uploads\/2025\/12\/Villagra-MinaClavero-1-RA25-768x480.jpeg 768w, https:\/\/deportesanluis.com.ar\/wp-content\/uploads\/2025\/12\/Villagra-MinaClavero-1-RA25-150x94.jpeg 150w, https:\/\/deportesanluis.com.ar\/wp-content\/uploads\/2025\/12\/Villagra-MinaClavero-1-RA25-696x435.jpeg 696w, https:\/\/deportesanluis.com.ar\/wp-content\/uploads\/2025\/12\/Villagra-MinaClavero-1-RA25.jpeg 800w\" sizes=\"(max-width: 672px) 100vw, 672px\" alt=\"\">\r\n                            <\/a>\r\n                            <figcaption class = \"td-slide-caption td-gallery-slide-content\"><div class = \"td-gallery-slide-copywrite\">Federico Villagra<\/div><\/figcaption>\r\n                        <\/figure>\r\n                    <\/div>\r\n                    <div class = \"td-slide-item td-item2\">\r\n                        <figure class=\"td-slide-galery-figure td-slide-popup-gallery\">\r\n                            <a class=\"slide-gallery-image-link\" href=\"https:\/\/deportesanluis.com.ar\/wp-content\/uploads\/2025\/12\/Baldoni-MinaClavero-02-RA25.jpeg\" title=\"Baldoni-MinaClavero-02-RA25\"  data-caption=\"Miguel Baldoni \"  data-description=\"\">\r\n                                <img decoding=\"async\" src=\"https:\/\/deportesanluis.com.ar\/wp-content\/uploads\/2025\/12\/Baldoni-MinaClavero-02-RA25-672x420.jpeg\" srcset=\"https:\/\/deportesanluis.com.ar\/wp-content\/uploads\/2025\/12\/Baldoni-MinaClavero-02-RA25-672x420.jpeg 672w, https:\/\/deportesanluis.com.ar\/wp-content\/uploads\/2025\/12\/Baldoni-MinaClavero-02-RA25-300x188.jpeg 300w, https:\/\/deportesanluis.com.ar\/wp-content\/uploads\/2025\/12\/Baldoni-MinaClavero-02-RA25-768x480.jpeg 768w, https:\/\/deportesanluis.com.ar\/wp-content\/uploads\/2025\/12\/Baldoni-MinaClavero-02-RA25-150x94.jpeg 150w, https:\/\/deportesanluis.com.ar\/wp-content\/uploads\/2025\/12\/Baldoni-MinaClavero-02-RA25-696x435.jpeg 696w, https:\/\/deportesanluis.com.ar\/wp-content\/uploads\/2025\/12\/Baldoni-MinaClavero-02-RA25.jpeg 800w\" sizes=\"(max-width: 672px) 100vw, 672px\" alt=\"\">\r\n                            <\/a>\r\n                            <figcaption class = \"td-slide-caption td-gallery-slide-content\"><div class = \"td-gallery-slide-copywrite\">Miguel Baldoni <\/div><\/figcaption>\r\n                        <\/figure>\r\n                    <\/div>\r\n                    <div class = \"td-slide-item td-item3\">\r\n                        <figure class=\"td-slide-galery-figure td-slide-popup-gallery\">\r\n                            <a class=\"slide-gallery-image-link\" href=\"https:\/\/deportesanluis.com.ar\/wp-content\/uploads\/2025\/12\/Gaston-Pasten-1-MinaClavero-RA25.jpeg\" title=\"Gast\u00f3n-Pasten-1-MinaClavero-RA25\"  data-caption=\"Gast\u00f3n Pasten\"  data-description=\"\">\r\n                                <img decoding=\"async\" src=\"https:\/\/deportesanluis.com.ar\/wp-content\/uploads\/2025\/12\/Gaston-Pasten-1-MinaClavero-RA25-672x420.jpeg\" srcset=\"https:\/\/deportesanluis.com.ar\/wp-content\/uploads\/2025\/12\/Gaston-Pasten-1-MinaClavero-RA25-672x420.jpeg 672w, https:\/\/deportesanluis.com.ar\/wp-content\/uploads\/2025\/12\/Gaston-Pasten-1-MinaClavero-RA25-300x188.jpeg 300w, https:\/\/deportesanluis.com.ar\/wp-content\/uploads\/2025\/12\/Gaston-Pasten-1-MinaClavero-RA25-768x480.jpeg 768w, https:\/\/deportesanluis.com.ar\/wp-content\/uploads\/2025\/12\/Gaston-Pasten-1-MinaClavero-RA25-150x94.jpeg 150w, https:\/\/deportesanluis.com.ar\/wp-content\/uploads\/2025\/12\/Gaston-Pasten-1-MinaClavero-RA25-696x435.jpeg 696w, https:\/\/deportesanluis.com.ar\/wp-content\/uploads\/2025\/12\/Gaston-Pasten-1-MinaClavero-RA25.jpeg 800w\" sizes=\"(max-width: 672px) 100vw, 672px\" alt=\"\">\r\n                            <\/a>\r\n                            <figcaption class = \"td-slide-caption td-gallery-slide-content\"><div class = \"td-gallery-slide-copywrite\">Gast\u00f3n Pasten<\/div><\/figcaption>\r\n                        <\/figure>\r\n                    <\/div>\r\n                    <div class = \"td-slide-item td-item4\">\r\n                        <figure class=\"td-slide-galery-figure td-slide-popup-gallery\">\r\n                            <a class=\"slide-gallery-image-link\" href=\"https:\/\/deportesanluis.com.ar\/wp-content\/uploads\/2025\/12\/Ramiro-Kauffmann-MinaClavero-1-RA25.jpeg\" title=\"Ramiro-Kauffmann-MinaClavero-1-RA25\"  data-caption=\"Ramiro Kaufmann\"  data-description=\"\">\r\n                                <img decoding=\"async\" src=\"https:\/\/deportesanluis.com.ar\/wp-content\/uploads\/2025\/12\/Ramiro-Kauffmann-MinaClavero-1-RA25-672x420.jpeg\" srcset=\"https:\/\/deportesanluis.com.ar\/wp-content\/uploads\/2025\/12\/Ramiro-Kauffmann-MinaClavero-1-RA25-672x420.jpeg 672w, https:\/\/deportesanluis.com.ar\/wp-content\/uploads\/2025\/12\/Ramiro-Kauffmann-MinaClavero-1-RA25-300x188.jpeg 300w, https:\/\/deportesanluis.com.ar\/wp-content\/uploads\/2025\/12\/Ramiro-Kauffmann-MinaClavero-1-RA25-768x480.jpeg 768w, https:\/\/deportesanluis.com.ar\/wp-content\/uploads\/2025\/12\/Ramiro-Kauffmann-MinaClavero-1-RA25-150x94.jpeg 150w, https:\/\/deportesanluis.com.ar\/wp-content\/uploads\/2025\/12\/Ramiro-Kauffmann-MinaClavero-1-RA25-696x435.jpeg 696w, https:\/\/deportesanluis.com.ar\/wp-content\/uploads\/2025\/12\/Ramiro-Kauffmann-MinaClavero-1-RA25.jpeg 800w\" sizes=\"(max-width: 672px) 100vw, 672px\" alt=\"\">\r\n                            <\/a>\r\n                            <figcaption class = \"td-slide-caption td-gallery-slide-content\"><div class = \"td-gallery-slide-copywrite\">Ramiro Kaufmann<\/div><\/figcaption>\r\n                        <\/figure>\r\n                    <\/div>\r\n                    <div class = \"td-slide-item td-item5\">\r\n                        <figure class=\"td-slide-galery-figure td-slide-popup-gallery\">\r\n                            <a class=\"slide-gallery-image-link\" href=\"https:\/\/deportesanluis.com.ar\/wp-content\/uploads\/2025\/12\/Mario-Rasso-MinaClavero-1-RA25.jpeg\" title=\"Mario-Rasso-MinaClavero-1-RA25\"  data-caption=\"Mario Rasso\"  data-description=\"\">\r\n                                <img decoding=\"async\" src=\"https:\/\/deportesanluis.com.ar\/wp-content\/uploads\/2025\/12\/Mario-Rasso-MinaClavero-1-RA25-672x420.jpeg\" srcset=\"https:\/\/deportesanluis.com.ar\/wp-content\/uploads\/2025\/12\/Mario-Rasso-MinaClavero-1-RA25-672x420.jpeg 672w, https:\/\/deportesanluis.com.ar\/wp-content\/uploads\/2025\/12\/Mario-Rasso-MinaClavero-1-RA25-300x188.jpeg 300w, https:\/\/deportesanluis.com.ar\/wp-content\/uploads\/2025\/12\/Mario-Rasso-MinaClavero-1-RA25-768x480.jpeg 768w, https:\/\/deportesanluis.com.ar\/wp-content\/uploads\/2025\/12\/Mario-Rasso-MinaClavero-1-RA25-150x94.jpeg 150w, https:\/\/deportesanluis.com.ar\/wp-content\/uploads\/2025\/12\/Mario-Rasso-MinaClavero-1-RA25-696x435.jpeg 696w, https:\/\/deportesanluis.com.ar\/wp-content\/uploads\/2025\/12\/Mario-Rasso-MinaClavero-1-RA25.jpeg 800w\" sizes=\"(max-width: 672px) 100vw, 672px\" alt=\"\">\r\n                            <\/a>\r\n                            <figcaption class = \"td-slide-caption td-gallery-slide-content\"><div class = \"td-gallery-slide-copywrite\">Mario Rasso<\/div><\/figcaption>\r\n                        <\/figure>\r\n                    <\/div>\r\n                            <\/div>\r\n                        <\/div>\r\n\r\n                        <div class = \"td-doubleSlider-2\">\r\n                            <div class = \"td-slider\">\r\n                                \r\n                    <div class = \"td-button td-item1\">\r\n                        <div class = \"td-border\"><\/div>\r\n                    <\/div>\r\n                    <div class = \"td-button td-item2\">\r\n                        <div class = \"td-border\"><\/div>\r\n                    <\/div>\r\n                    <div class = \"td-button td-item3\">\r\n                        <div class = \"td-border\"><\/div>\r\n                    <\/div>\r\n                    <div class = \"td-button td-item4\">\r\n                        <div class = \"td-border\"><\/div>\r\n                    <\/div>\r\n                    <div class = \"td-button td-item5\">\r\n                        <div class = \"td-border\"><\/div>\r\n                    <\/div>\r\n                            <\/div>\r\n                        <\/div>\r\n\r\n                    <\/div>\r\n\r\n                <\/div>\r\n                \n<p>Luis Arceluz (Skoda Fabia) y Claudio Robustelli (Skoda Fabia) completan los cinco mejores lugares de la Clase 2 y de la General.<\/p>\n<p>La Clase RCMR es comandada por Santino Rossi (VW Polo) seguido por Valent\u00edn Follado (Renault Clio) y Nadia Cutro (Toyota Yaris). El tilisaraense Ramiro Kaufmann (Citr\u00f6en DS3) aparece en el quinto lugar.<\/p>\n<p>La RC4 tiene como l\u00edderes a Alejandro Baratella (Peugeot 208), Juli\u00e1n Larrosa (Peugeot 208) y Juan Saraleguy (Peugeot 208).<\/p>\n<p>El tomense Mario Rasso (Peugeot 208) es quien marca el rumbo en la Clase RC3 seguido por el ya campe\u00f3n Nicol\u00e1s Gonz\u00e1lez (Ford Fiesta) y por Guillermo Ambrosio (VW Gol Trend).<\/p>\n<p>Finalmente, la RC5 tiene como puntero a Santiago Sabbatini (Ford Fiesta) escoltado por Mat\u00edas Nazareno (Ford Fiesta) y Valentino Cardoso (Ford Fiesta).<\/p>\n<p>Este domingo se disputar\u00e1n dos pasadas por los tramos Ci\u00e9naga de Allende-Mina Clavero y Giulio Cesare-Mina Clavero quedando suspendido, por las malas condiciones del camino, el especial El Faro-San Jos\u00e9.<\/p>\n<hr \/>\n<p><strong> Nota:<\/strong> Redacci\u00f3n\u00a0 \u00a0<strong>Fotos:<\/strong> Prensa RA<\/p>\n","protected":false},"excerpt":{"rendered":"<p>Hoy se define el Rally de Mina Clavero con el flamante campe\u00f3n de la Clase RC2 siendo escolta de Federico Villagra. El tomense, por su parte, es quien manda en la Clase RC3.\u00a0<\/p>\n","protected":false},"author":1,"featured_media":29815,"comment_status":"closed","ping_status":"closed","sticky":false,"template":"","format":"standard","meta":{"footnotes":""},"categories":[51,154],"tags":[159],"class_list":{"0":"post-29813","1":"post","2":"type-post","3":"status-publish","4":"format-standard","5":"has-post-thumbnail","7":"category-motores","8":"category-ra","9":"tag-rally-argentino"},"yoast_head":"<!-- This site is optimized with the Yoast SEO plugin v27.4 - https:\/\/yoast.com\/product\/yoast-seo-wordpress\/ -->\n<title>Baldoni y Rasso son protagonistas en Traslasierra - DSL<\/title>\n<meta name=\"description\" content=\"Hoy se define el Rally de Mina Clavero con el flamante campe\u00f3n de la Clase RC2 siendo escolta de Federico Villagra. El tomense, por su parte, es quien manda en la Clase RC3.\u00a0\" \/>\n<meta name=\"robots\" content=\"index, follow, max-snippet:-1, max-image-preview:large, max-video-preview:-1\" \/>\n<link rel=\"canonical\" href=\"https:\/\/deportesanluis.com.ar\/baldoni-y-rasso-son-protagonistas-en-traslasierra\/\" \/>\n<meta property=\"og:locale\" content=\"es_ES\" \/>\n<meta property=\"og:type\" content=\"article\" \/>\n<meta property=\"og:title\" content=\"Baldoni y Rasso son protagonistas en Traslasierra - DSL\" \/>\n<meta property=\"og:description\" content=\"Hoy se define el Rally de Mina Clavero con el flamante campe\u00f3n de la Clase RC2 siendo escolta de Federico Villagra. El tomense, por su parte, es quien manda en la Clase RC3.\u00a0\" \/>\n<meta property=\"og:url\" content=\"https:\/\/deportesanluis.com.ar\/baldoni-y-rasso-son-protagonistas-en-traslasierra\/\" \/>\n<meta property=\"og:site_name\" content=\"DSL\" \/>\n<meta property=\"article:publisher\" content=\"https:\/\/www.facebook.com\/DSLDeporteSanLuis\" \/>\n<meta property=\"article:published_time\" content=\"2025-12-07T14:10:09+00:00\" \/>\n<meta property=\"article:modified_time\" content=\"2025-12-08T15:03:30+00:00\" \/>\n<meta property=\"og:image\" content=\"https:\/\/deportesanluis.com.ar\/wp-content\/uploads\/2025\/12\/Baldoni-MinaClavero-02-RA25.jpeg\" \/>\n\t<meta property=\"og:image:width\" content=\"800\" \/>\n\t<meta property=\"og:image:height\" content=\"500\" \/>\n\t<meta property=\"og:image:type\" content=\"image\/jpeg\" \/>\n<meta name=\"author\" content=\"admin\" \/>\n<meta name=\"twitter:card\" content=\"summary_large_image\" \/>\n<meta name=\"twitter:creator\" content=\"@deportesanluis\" \/>\n<meta name=\"twitter:site\" content=\"@deportesanluis\" \/>\n<meta name=\"twitter:label1\" content=\"Escrito por\" \/>\n\t<meta name=\"twitter:data1\" content=\"admin\" \/>\n\t<meta name=\"twitter:label2\" content=\"Tiempo de lectura\" \/>\n\t<meta name=\"twitter:data2\" content=\"2 minutos\" \/>\n<script type=\"application\/ld+json\" class=\"yoast-schema-graph\">{\"@context\":\"https:\\\/\\\/schema.org\",\"@graph\":[{\"@type\":\"Article\",\"@id\":\"https:\\\/\\\/deportesanluis.com.ar\\\/baldoni-y-rasso-son-protagonistas-en-traslasierra\\\/#article\",\"isPartOf\":{\"@id\":\"https:\\\/\\\/deportesanluis.com.ar\\\/baldoni-y-rasso-son-protagonistas-en-traslasierra\\\/\"},\"author\":{\"name\":\"admin\",\"@id\":\"https:\\\/\\\/deportesanluis.com.ar\\\/#\\\/schema\\\/person\\\/4b3e665481e93d271fced43ee48143c8\"},\"headline\":\"Baldoni y Rasso son protagonistas en Traslasierra\",\"datePublished\":\"2025-12-07T14:10:09+00:00\",\"dateModified\":\"2025-12-08T15:03:30+00:00\",\"mainEntityOfPage\":{\"@id\":\"https:\\\/\\\/deportesanluis.com.ar\\\/baldoni-y-rasso-son-protagonistas-en-traslasierra\\\/\"},\"wordCount\":289,\"publisher\":{\"@id\":\"https:\\\/\\\/deportesanluis.com.ar\\\/#organization\"},\"image\":{\"@id\":\"https:\\\/\\\/deportesanluis.com.ar\\\/baldoni-y-rasso-son-protagonistas-en-traslasierra\\\/#primaryimage\"},\"thumbnailUrl\":\"https:\\\/\\\/deportesanluis.com.ar\\\/wp-content\\\/uploads\\\/2025\\\/12\\\/Baldoni-MinaClavero-02-RA25.jpeg\",\"keywords\":[\"Rally Argentino\"],\"articleSection\":[\"Motores\",\"RA\"],\"inLanguage\":\"es-AR\"},{\"@type\":\"WebPage\",\"@id\":\"https:\\\/\\\/deportesanluis.com.ar\\\/baldoni-y-rasso-son-protagonistas-en-traslasierra\\\/\",\"url\":\"https:\\\/\\\/deportesanluis.com.ar\\\/baldoni-y-rasso-son-protagonistas-en-traslasierra\\\/\",\"name\":\"Baldoni y Rasso son protagonistas en Traslasierra - DSL\",\"isPartOf\":{\"@id\":\"https:\\\/\\\/deportesanluis.com.ar\\\/#website\"},\"primaryImageOfPage\":{\"@id\":\"https:\\\/\\\/deportesanluis.com.ar\\\/baldoni-y-rasso-son-protagonistas-en-traslasierra\\\/#primaryimage\"},\"image\":{\"@id\":\"https:\\\/\\\/deportesanluis.com.ar\\\/baldoni-y-rasso-son-protagonistas-en-traslasierra\\\/#primaryimage\"},\"thumbnailUrl\":\"https:\\\/\\\/deportesanluis.com.ar\\\/wp-content\\\/uploads\\\/2025\\\/12\\\/Baldoni-MinaClavero-02-RA25.jpeg\",\"datePublished\":\"2025-12-07T14:10:09+00:00\",\"dateModified\":\"2025-12-08T15:03:30+00:00\",\"description\":\"Hoy se define el Rally de Mina Clavero con el flamante campe\u00f3n de la Clase RC2 siendo escolta de Federico Villagra. El tomense, por su parte, es quien manda en la Clase RC3.\u00a0\",\"breadcrumb\":{\"@id\":\"https:\\\/\\\/deportesanluis.com.ar\\\/baldoni-y-rasso-son-protagonistas-en-traslasierra\\\/#breadcrumb\"},\"inLanguage\":\"es-AR\",\"potentialAction\":[{\"@type\":\"ReadAction\",\"target\":[\"https:\\\/\\\/deportesanluis.com.ar\\\/baldoni-y-rasso-son-protagonistas-en-traslasierra\\\/\"]}]},{\"@type\":\"ImageObject\",\"inLanguage\":\"es-AR\",\"@id\":\"https:\\\/\\\/deportesanluis.com.ar\\\/baldoni-y-rasso-son-protagonistas-en-traslasierra\\\/#primaryimage\",\"url\":\"https:\\\/\\\/deportesanluis.com.ar\\\/wp-content\\\/uploads\\\/2025\\\/12\\\/Baldoni-MinaClavero-02-RA25.jpeg\",\"contentUrl\":\"https:\\\/\\\/deportesanluis.com.ar\\\/wp-content\\\/uploads\\\/2025\\\/12\\\/Baldoni-MinaClavero-02-RA25.jpeg\",\"width\":800,\"height\":500,\"caption\":\"Miguel Baldoni\"},{\"@type\":\"BreadcrumbList\",\"@id\":\"https:\\\/\\\/deportesanluis.com.ar\\\/baldoni-y-rasso-son-protagonistas-en-traslasierra\\\/#breadcrumb\",\"itemListElement\":[{\"@type\":\"ListItem\",\"position\":1,\"name\":\"Home\",\"item\":\"https:\\\/\\\/deportesanluis.com.ar\\\/\"},{\"@type\":\"ListItem\",\"position\":2,\"name\":\"Baldoni y Rasso son protagonistas en Traslasierra\"}]},{\"@type\":\"WebSite\",\"@id\":\"https:\\\/\\\/deportesanluis.com.ar\\\/#website\",\"url\":\"https:\\\/\\\/deportesanluis.com.ar\\\/\",\"name\":\"deportesanluis.com.ar\",\"description\":\"Noticias de Deporte de San Luis\",\"publisher\":{\"@id\":\"https:\\\/\\\/deportesanluis.com.ar\\\/#organization\"},\"alternateName\":\"Deporte SL\",\"potentialAction\":[{\"@type\":\"SearchAction\",\"target\":{\"@type\":\"EntryPoint\",\"urlTemplate\":\"https:\\\/\\\/deportesanluis.com.ar\\\/?s={search_term_string}\"},\"query-input\":{\"@type\":\"PropertyValueSpecification\",\"valueRequired\":true,\"valueName\":\"search_term_string\"}}],\"inLanguage\":\"es-AR\"},{\"@type\":\"Organization\",\"@id\":\"https:\\\/\\\/deportesanluis.com.ar\\\/#organization\",\"name\":\"DSL\",\"alternateName\":\"Deporte SL\",\"url\":\"https:\\\/\\\/deportesanluis.com.ar\\\/\",\"logo\":{\"@type\":\"ImageObject\",\"inLanguage\":\"es-AR\",\"@id\":\"https:\\\/\\\/deportesanluis.com.ar\\\/#\\\/schema\\\/logo\\\/image\\\/\",\"url\":\"https:\\\/\\\/deportesanluis.com.ar\\\/wp-content\\\/uploads\\\/2023\\\/06\\\/DSL-Logo-2023-5.jpg\",\"contentUrl\":\"https:\\\/\\\/deportesanluis.com.ar\\\/wp-content\\\/uploads\\\/2023\\\/06\\\/DSL-Logo-2023-5.jpg\",\"width\":1718,\"height\":845,\"caption\":\"DSL\"},\"image\":{\"@id\":\"https:\\\/\\\/deportesanluis.com.ar\\\/#\\\/schema\\\/logo\\\/image\\\/\"},\"sameAs\":[\"https:\\\/\\\/www.facebook.com\\\/DSLDeporteSanLuis\",\"https:\\\/\\\/x.com\\\/deportesanluis\",\"https:\\\/\\\/www.instagram.com\\\/dsl_deportesanluis\\\/\"]},{\"@type\":\"Person\",\"@id\":\"https:\\\/\\\/deportesanluis.com.ar\\\/#\\\/schema\\\/person\\\/4b3e665481e93d271fced43ee48143c8\",\"name\":\"admin\",\"image\":{\"@type\":\"ImageObject\",\"inLanguage\":\"es-AR\",\"@id\":\"https:\\\/\\\/secure.gravatar.com\\\/avatar\\\/5424b2c21466f502587708c43dbe2dc47b5e643fec67835095677cd3af6ba546?s=96&d=mm&r=g\",\"url\":\"https:\\\/\\\/secure.gravatar.com\\\/avatar\\\/5424b2c21466f502587708c43dbe2dc47b5e643fec67835095677cd3af6ba546?s=96&d=mm&r=g\",\"contentUrl\":\"https:\\\/\\\/secure.gravatar.com\\\/avatar\\\/5424b2c21466f502587708c43dbe2dc47b5e643fec67835095677cd3af6ba546?s=96&d=mm&r=g\",\"caption\":\"admin\"},\"sameAs\":[\"https:\\\/\\\/deportesanluis.com.ar\"],\"url\":\"https:\\\/\\\/deportesanluis.com.ar\\\/author\\\/admin\\\/\"}]}<\/script>\n<!-- \/ Yoast SEO plugin. -->","yoast_head_json":{"title":"Baldoni y Rasso son protagonistas en Traslasierra - DSL","description":"Hoy se define el Rally de Mina Clavero con el flamante campe\u00f3n de la Clase RC2 siendo escolta de Federico Villagra. El tomense, por su parte, es quien manda en la Clase RC3.\u00a0","robots":{"index":"index","follow":"follow","max-snippet":"max-snippet:-1","max-image-preview":"max-image-preview:large","max-video-preview":"max-video-preview:-1"},"canonical":"https:\/\/deportesanluis.com.ar\/baldoni-y-rasso-son-protagonistas-en-traslasierra\/","og_locale":"es_ES","og_type":"article","og_title":"Baldoni y Rasso son protagonistas en Traslasierra - DSL","og_description":"Hoy se define el Rally de Mina Clavero con el flamante campe\u00f3n de la Clase RC2 siendo escolta de Federico Villagra. El tomense, por su parte, es quien manda en la Clase RC3.\u00a0","og_url":"https:\/\/deportesanluis.com.ar\/baldoni-y-rasso-son-protagonistas-en-traslasierra\/","og_site_name":"DSL","article_publisher":"https:\/\/www.facebook.com\/DSLDeporteSanLuis","article_published_time":"2025-12-07T14:10:09+00:00","article_modified_time":"2025-12-08T15:03:30+00:00","og_image":[{"width":800,"height":500,"url":"https:\/\/deportesanluis.com.ar\/wp-content\/uploads\/2025\/12\/Baldoni-MinaClavero-02-RA25.jpeg","type":"image\/jpeg"}],"author":"admin","twitter_card":"summary_large_image","twitter_creator":"@deportesanluis","twitter_site":"@deportesanluis","twitter_misc":{"Escrito por":"admin","Tiempo de lectura":"2 minutos"},"schema":{"@context":"https:\/\/schema.org","@graph":[{"@type":"Article","@id":"https:\/\/deportesanluis.com.ar\/baldoni-y-rasso-son-protagonistas-en-traslasierra\/#article","isPartOf":{"@id":"https:\/\/deportesanluis.com.ar\/baldoni-y-rasso-son-protagonistas-en-traslasierra\/"},"author":{"name":"admin","@id":"https:\/\/deportesanluis.com.ar\/#\/schema\/person\/4b3e665481e93d271fced43ee48143c8"},"headline":"Baldoni y Rasso son protagonistas en Traslasierra","datePublished":"2025-12-07T14:10:09+00:00","dateModified":"2025-12-08T15:03:30+00:00","mainEntityOfPage":{"@id":"https:\/\/deportesanluis.com.ar\/baldoni-y-rasso-son-protagonistas-en-traslasierra\/"},"wordCount":289,"publisher":{"@id":"https:\/\/deportesanluis.com.ar\/#organization"},"image":{"@id":"https:\/\/deportesanluis.com.ar\/baldoni-y-rasso-son-protagonistas-en-traslasierra\/#primaryimage"},"thumbnailUrl":"https:\/\/deportesanluis.com.ar\/wp-content\/uploads\/2025\/12\/Baldoni-MinaClavero-02-RA25.jpeg","keywords":["Rally Argentino"],"articleSection":["Motores","RA"],"inLanguage":"es-AR"},{"@type":"WebPage","@id":"https:\/\/deportesanluis.com.ar\/baldoni-y-rasso-son-protagonistas-en-traslasierra\/","url":"https:\/\/deportesanluis.com.ar\/baldoni-y-rasso-son-protagonistas-en-traslasierra\/","name":"Baldoni y Rasso son protagonistas en Traslasierra - DSL","isPartOf":{"@id":"https:\/\/deportesanluis.com.ar\/#website"},"primaryImageOfPage":{"@id":"https:\/\/deportesanluis.com.ar\/baldoni-y-rasso-son-protagonistas-en-traslasierra\/#primaryimage"},"image":{"@id":"https:\/\/deportesanluis.com.ar\/baldoni-y-rasso-son-protagonistas-en-traslasierra\/#primaryimage"},"thumbnailUrl":"https:\/\/deportesanluis.com.ar\/wp-content\/uploads\/2025\/12\/Baldoni-MinaClavero-02-RA25.jpeg","datePublished":"2025-12-07T14:10:09+00:00","dateModified":"2025-12-08T15:03:30+00:00","description":"Hoy se define el Rally de Mina Clavero con el flamante campe\u00f3n de la Clase RC2 siendo escolta de Federico Villagra. El tomense, por su parte, es quien manda en la Clase RC3.\u00a0","breadcrumb":{"@id":"https:\/\/deportesanluis.com.ar\/baldoni-y-rasso-son-protagonistas-en-traslasierra\/#breadcrumb"},"inLanguage":"es-AR","potentialAction":[{"@type":"ReadAction","target":["https:\/\/deportesanluis.com.ar\/baldoni-y-rasso-son-protagonistas-en-traslasierra\/"]}]},{"@type":"ImageObject","inLanguage":"es-AR","@id":"https:\/\/deportesanluis.com.ar\/baldoni-y-rasso-son-protagonistas-en-traslasierra\/#primaryimage","url":"https:\/\/deportesanluis.com.ar\/wp-content\/uploads\/2025\/12\/Baldoni-MinaClavero-02-RA25.jpeg","contentUrl":"https:\/\/deportesanluis.com.ar\/wp-content\/uploads\/2025\/12\/Baldoni-MinaClavero-02-RA25.jpeg","width":800,"height":500,"caption":"Miguel Baldoni"},{"@type":"BreadcrumbList","@id":"https:\/\/deportesanluis.com.ar\/baldoni-y-rasso-son-protagonistas-en-traslasierra\/#breadcrumb","itemListElement":[{"@type":"ListItem","position":1,"name":"Home","item":"https:\/\/deportesanluis.com.ar\/"},{"@type":"ListItem","position":2,"name":"Baldoni y Rasso son protagonistas en Traslasierra"}]},{"@type":"WebSite","@id":"https:\/\/deportesanluis.com.ar\/#website","url":"https:\/\/deportesanluis.com.ar\/","name":"deportesanluis.com.ar","description":"Noticias de Deporte de San Luis","publisher":{"@id":"https:\/\/deportesanluis.com.ar\/#organization"},"alternateName":"Deporte SL","potentialAction":[{"@type":"SearchAction","target":{"@type":"EntryPoint","urlTemplate":"https:\/\/deportesanluis.com.ar\/?s={search_term_string}"},"query-input":{"@type":"PropertyValueSpecification","valueRequired":true,"valueName":"search_term_string"}}],"inLanguage":"es-AR"},{"@type":"Organization","@id":"https:\/\/deportesanluis.com.ar\/#organization","name":"DSL","alternateName":"Deporte SL","url":"https:\/\/deportesanluis.com.ar\/","logo":{"@type":"ImageObject","inLanguage":"es-AR","@id":"https:\/\/deportesanluis.com.ar\/#\/schema\/logo\/image\/","url":"https:\/\/deportesanluis.com.ar\/wp-content\/uploads\/2023\/06\/DSL-Logo-2023-5.jpg","contentUrl":"https:\/\/deportesanluis.com.ar\/wp-content\/uploads\/2023\/06\/DSL-Logo-2023-5.jpg","width":1718,"height":845,"caption":"DSL"},"image":{"@id":"https:\/\/deportesanluis.com.ar\/#\/schema\/logo\/image\/"},"sameAs":["https:\/\/www.facebook.com\/DSLDeporteSanLuis","https:\/\/x.com\/deportesanluis","https:\/\/www.instagram.com\/dsl_deportesanluis\/"]},{"@type":"Person","@id":"https:\/\/deportesanluis.com.ar\/#\/schema\/person\/4b3e665481e93d271fced43ee48143c8","name":"admin","image":{"@type":"ImageObject","inLanguage":"es-AR","@id":"https:\/\/secure.gravatar.com\/avatar\/5424b2c21466f502587708c43dbe2dc47b5e643fec67835095677cd3af6ba546?s=96&d=mm&r=g","url":"https:\/\/secure.gravatar.com\/avatar\/5424b2c21466f502587708c43dbe2dc47b5e643fec67835095677cd3af6ba546?s=96&d=mm&r=g","contentUrl":"https:\/\/secure.gravatar.com\/avatar\/5424b2c21466f502587708c43dbe2dc47b5e643fec67835095677cd3af6ba546?s=96&d=mm&r=g","caption":"admin"},"sameAs":["https:\/\/deportesanluis.com.ar"],"url":"https:\/\/deportesanluis.com.ar\/author\/admin\/"}]}},"_links":{"self":[{"href":"https:\/\/deportesanluis.com.ar\/wp-json\/wp\/v2\/posts\/29813","targetHints":{"allow":["GET"]}}],"collection":[{"href":"https:\/\/deportesanluis.com.ar\/wp-json\/wp\/v2\/posts"}],"about":[{"href":"https:\/\/deportesanluis.com.ar\/wp-json\/wp\/v2\/types\/post"}],"author":[{"embeddable":true,"href":"https:\/\/deportesanluis.com.ar\/wp-json\/wp\/v2\/users\/1"}],"replies":[{"embeddable":true,"href":"https:\/\/deportesanluis.com.ar\/wp-json\/wp\/v2\/comments?post=29813"}],"version-history":[{"count":0,"href":"https:\/\/deportesanluis.com.ar\/wp-json\/wp\/v2\/posts\/29813\/revisions"}],"wp:featuredmedia":[{"embeddable":true,"href":"https:\/\/deportesanluis.com.ar\/wp-json\/wp\/v2\/media\/29815"}],"wp:attachment":[{"href":"https:\/\/deportesanluis.com.ar\/wp-json\/wp\/v2\/media?parent=29813"}],"wp:term":[{"taxonomy":"category","embeddable":true,"href":"https:\/\/deportesanluis.com.ar\/wp-json\/wp\/v2\/categories?post=29813"},{"taxonomy":"post_tag","embeddable":true,"href":"https:\/\/deportesanluis.com.ar\/wp-json\/wp\/v2\/tags?post=29813"}],"curies":[{"name":"wp","href":"https:\/\/api.w.org\/{rel}","templated":true}]}}