{"id":29827,"date":"2025-12-08T12:03:01","date_gmt":"2025-12-08T15:03:01","guid":{"rendered":"https:\/\/deportesanluis.com.ar\/?p=29827"},"modified":"2025-12-16T11:47:31","modified_gmt":"2025-12-16T14:47:31","slug":"culmino-una-historica-temporada-puntana-en-el-rally-argentino","status":"publish","type":"post","link":"https:\/\/deportesanluis.com.ar\/culmino-una-historica-temporada-puntana-en-el-rally-argentino\/","title":{"rendered":"Culmin\u00f3 una hist\u00f3rica temporada puntana en el Rally Argentino"},"content":{"rendered":"<p>Este domingo lleg\u00f3 a su fin el\u00a0Rally de Mina Clavero con la disputa del Gran Premio Jorge Recalde, \u00faltima fecha de la temporada 2025 del Campeonato Argentino de Rally.<\/p>\n<p>Fue una jornada at\u00edpica en donde se disputaron solo dos pasadas por el especial Ci\u00e9naga de Allende-Mina Clavero y una de Giulio Cesare-Mina Clavero ya que fue interrumpida por un accidente.<\/p>\n<p>La victoria fue para el cordob\u00e9s\u00a0Federico Villagra (Skoda Fabia) seguido por el flamante campe\u00f3n de la Clase RC2, el puntano Miguel Baldoni (Skoda Fabia), y por el sanjuanino Gast\u00f3n Past\u00e9n (Skoda Fabia) siendo navegado por el mercedino Mat\u00edas Ramos.<\/p>\n<p>Luis Arceluz (Skoda Fabia) y Claudio Robustelli (Skoda Fabia) completaron los cinco mejores lugares.<\/p>\n<p><a href=\"https:\/\/deportesanluis.com.ar\/wp-content\/uploads\/2025\/12\/Villagra-MinaClavero-2-RA25.jpeg\"><img loading=\"lazy\" decoding=\"async\" class=\"aligncenter size-full wp-image-29829\" src=\"https:\/\/deportesanluis.com.ar\/wp-content\/uploads\/2025\/12\/Villagra-MinaClavero-2-RA25.jpeg\" alt=\"\" width=\"1280\" height=\"853\" srcset=\"https:\/\/deportesanluis.com.ar\/wp-content\/uploads\/2025\/12\/Villagra-MinaClavero-2-RA25.jpeg 1280w, https:\/\/deportesanluis.com.ar\/wp-content\/uploads\/2025\/12\/Villagra-MinaClavero-2-RA25-300x200.jpeg 300w, https:\/\/deportesanluis.com.ar\/wp-content\/uploads\/2025\/12\/Villagra-MinaClavero-2-RA25-1024x682.jpeg 1024w, https:\/\/deportesanluis.com.ar\/wp-content\/uploads\/2025\/12\/Villagra-MinaClavero-2-RA25-768x512.jpeg 768w, https:\/\/deportesanluis.com.ar\/wp-content\/uploads\/2025\/12\/Villagra-MinaClavero-2-RA25-630x420.jpeg 630w, https:\/\/deportesanluis.com.ar\/wp-content\/uploads\/2025\/12\/Villagra-MinaClavero-2-RA25-150x100.jpeg 150w, https:\/\/deportesanluis.com.ar\/wp-content\/uploads\/2025\/12\/Villagra-MinaClavero-2-RA25-696x464.jpeg 696w, https:\/\/deportesanluis.com.ar\/wp-content\/uploads\/2025\/12\/Villagra-MinaClavero-2-RA25-1068x712.jpeg 1068w\" sizes=\"auto, (max-width: 1280px) 100vw, 1280px\" \/><\/a><\/p>\n<p>La Clase RCMR cont\u00f3 con el triunfo de Rub\u00e9n Montoro (VW Gol Trend) quien se consagr\u00f3 campe\u00f3n de la divisional. Los escoltas fueron Valent\u00edn Follado (Renault Clio) y Nadia Cutro (Toyota Yaris).<\/p>\n<p>El tilisaraense\u00a0Ramiro Kaufmann (Citr\u00f6en DS3) culmin\u00f3 la primera jornada entre los doce mejores de la General y era quinto en la Clase RCMR pero debi\u00f3 abandonar en el primer especial del domingo.<\/p>\n<p>Alejandro Baratella (Peugeot 208) fue el ganador y campe\u00f3n de la Clase RC4. Lo siguieron Juli\u00e1n Larrosa (Peugeot 208) y Juan Saraleguy (Peugeot 208).<\/p>\n<p>La RC3 qued\u00f3 en manos del tomense Mario Rasso (Peugeot 208) con el puntano Rodolfo Guevara en la butaca derecha. Ambos lograron el subcampeonato en la categor\u00eda. Nicol\u00e1s Gonz\u00e1lez (Ford Fiesta), el campe\u00f3n, fue su escolta.<\/p>\n<p>&nbsp;<\/p>\n<blockquote class=\"instagram-media\" style=\"background: #FFF; border: 0; border-radius: 3px; box-shadow: 0 0 1px 0 rgba(0,0,0,0.5),0 1px 10px 0 rgba(0,0,0,0.15); margin: 1px; max-width: 540px; min-width: 326px; padding: 0; width: calc(100% - 2px);\" data-instgrm-captioned=\"\" data-instgrm-permalink=\"https:\/\/www.instagram.com\/reel\/DR-Xud4CQdu\/?utm_source=ig_embed&amp;utm_campaign=loading\" data-instgrm-version=\"14\">\n<div style=\"padding: 16px;\">\n<p>&nbsp;<\/p>\n<div style=\"display: flex; flex-direction: row; align-items: center;\">\n<div style=\"background-color: #f4f4f4; border-radius: 50%; flex-grow: 0; height: 40px; margin-right: 14px; width: 40px;\"><\/div>\n<div style=\"display: flex; flex-direction: column; flex-grow: 1; justify-content: center;\">\n<div style=\"background-color: #f4f4f4; border-radius: 4px; flex-grow: 0; height: 14px; margin-bottom: 6px; width: 100px;\"><\/div>\n<div style=\"background-color: #f4f4f4; border-radius: 4px; flex-grow: 0; height: 14px; width: 60px;\"><\/div>\n<\/div>\n<\/div>\n<div style=\"padding: 19% 0;\"><\/div>\n<div style=\"display: block; height: 50px; margin: 0 auto 12px; width: 50px;\"><\/div>\n<div style=\"padding-top: 8px;\">\n<div style=\"color: #3897f0; font-family: Arial,sans-serif; font-size: 14px; font-style: normal; font-weight: 550; line-height: 18px;\">Ver esta publicaci\u00f3n en Instagram<\/div>\n<\/div>\n<div style=\"padding: 12.5% 0;\"><\/div>\n<div style=\"display: flex; flex-direction: row; margin-bottom: 14px; align-items: center;\">\n<div>\n<div style=\"background-color: #f4f4f4; border-radius: 50%; height: 12.5px; width: 12.5px; transform: translateX(0px) translateY(7px);\"><\/div>\n<div style=\"background-color: #f4f4f4; height: 12.5px; transform: rotate(-45deg) translateX(3px) translateY(1px); width: 12.5px; flex-grow: 0; margin-right: 14px; margin-left: 2px;\"><\/div>\n<div style=\"background-color: #f4f4f4; border-radius: 50%; height: 12.5px; width: 12.5px; transform: translateX(9px) translateY(-18px);\"><\/div>\n<\/div>\n<div style=\"margin-left: 8px;\">\n<div style=\"background-color: #f4f4f4; border-radius: 50%; flex-grow: 0; height: 20px; width: 20px;\"><\/div>\n<div style=\"width: 0; height: 0; border-top: 2px solid transparent; border-left: 6px solid #f4f4f4; border-bottom: 2px solid transparent; transform: translateX(16px) translateY(-4px) rotate(30deg);\"><\/div>\n<\/div>\n<div style=\"margin-left: auto;\">\n<div style=\"width: 0px; border-top: 8px solid #F4F4F4; border-right: 8px solid transparent; transform: translateY(16px);\"><\/div>\n<div style=\"background-color: #f4f4f4; flex-grow: 0; height: 12px; width: 16px; transform: translateY(-4px);\"><\/div>\n<div style=\"width: 0; height: 0; border-top: 8px solid #F4F4F4; border-left: 8px solid transparent; transform: translateY(-4px) translateX(8px);\"><\/div>\n<\/div>\n<\/div>\n<div style=\"display: flex; flex-direction: column; flex-grow: 1; justify-content: center; margin-bottom: 24px;\">\n<div style=\"background-color: #f4f4f4; border-radius: 4px; flex-grow: 0; height: 14px; margin-bottom: 6px; width: 224px;\"><\/div>\n<div style=\"background-color: #f4f4f4; border-radius: 4px; flex-grow: 0; height: 14px; width: 144px;\"><\/div>\n<\/div>\n<p>&nbsp;<\/p>\n<p style=\"color: #c9c8cd; font-family: Arial,sans-serif; font-size: 14px; line-height: 17px; margin-bottom: 0; margin-top: 8px; overflow: hidden; padding: 8px 0 7px; text-align: center; text-overflow: ellipsis; white-space: nowrap;\"><a style=\"color: #c9c8cd; font-family: Arial,sans-serif; font-size: 14px; font-style: normal; font-weight: normal; line-height: 17px; text-decoration: none;\" href=\"https:\/\/www.instagram.com\/reel\/DR-Xud4CQdu\/?utm_source=ig_embed&amp;utm_campaign=loading\" target=\"_blank\" rel=\"noopener\">Una publicaci\u00f3n compartida por Mario Rasso (@mariorassorally)<\/a><\/p>\n<\/div>\n<\/blockquote>\n<p><script async src=\"\/\/www.instagram.com\/embed.js\"><\/script><\/p>\n<p>Finalmente, la\u00a0RC5 fue para Santiago Sabbatini (Ford Fiesta) seguido por Mat\u00edas Nazareno (Ford Fiesta) y Valent\u00edn Cardoso (Ford Fiesta).<\/p>\n<p>De esta manera lleg\u00f3 a su fin la temporada 2025 del Rally Argentino con un saldo m\u00e1s que positivo para el deporte puntano.<\/p>\n<p>Miguel Baldoni, junto al cordob\u00e9s Gustavo Franchello, se consagraron campeones de la Clase RC2 con 5 victorias y 8 podios consecutivos. Adem\u00e1s, se llevaron a casa la Copa Hamilton, al ser los mejores en el primer semestre, y la Copa Pirelli, al ser los m\u00e1s regulares y m\u00e1s r\u00e1pidos del a\u00f1o.<\/p>\n<p>&nbsp;<\/p>\n<blockquote class=\"instagram-media\" style=\"background: #FFF; border: 0; border-radius: 3px; box-shadow: 0 0 1px 0 rgba(0,0,0,0.5),0 1px 10px 0 rgba(0,0,0,0.15); margin: 1px; max-width: 540px; min-width: 326px; padding: 0; width: calc(100% - 2px);\" data-instgrm-captioned=\"\" data-instgrm-permalink=\"https:\/\/www.instagram.com\/p\/DR-0A_LEf5n\/?utm_source=ig_embed&amp;utm_campaign=loading\" data-instgrm-version=\"14\">\n<div style=\"padding: 16px;\">\n<p>&nbsp;<\/p>\n<div style=\"display: flex; flex-direction: row; align-items: center;\">\n<div style=\"background-color: #f4f4f4; border-radius: 50%; flex-grow: 0; height: 40px; margin-right: 14px; width: 40px;\"><\/div>\n<div style=\"display: flex; flex-direction: column; flex-grow: 1; justify-content: center;\">\n<div style=\"background-color: #f4f4f4; border-radius: 4px; flex-grow: 0; height: 14px; margin-bottom: 6px; width: 100px;\"><\/div>\n<div style=\"background-color: #f4f4f4; border-radius: 4px; flex-grow: 0; height: 14px; width: 60px;\"><\/div>\n<\/div>\n<\/div>\n<div style=\"padding: 19% 0;\"><\/div>\n<div style=\"display: block; height: 50px; margin: 0 auto 12px; width: 50px;\"><\/div>\n<div style=\"padding-top: 8px;\">\n<div style=\"color: #3897f0; font-family: Arial,sans-serif; font-size: 14px; font-style: normal; font-weight: 550; line-height: 18px;\">Ver esta publicaci\u00f3n en Instagram<\/div>\n<\/div>\n<div style=\"padding: 12.5% 0;\"><\/div>\n<div style=\"display: flex; flex-direction: row; margin-bottom: 14px; align-items: center;\">\n<div>\n<div style=\"background-color: #f4f4f4; border-radius: 50%; height: 12.5px; width: 12.5px; transform: translateX(0px) translateY(7px);\"><\/div>\n<div style=\"background-color: #f4f4f4; height: 12.5px; transform: rotate(-45deg) translateX(3px) translateY(1px); width: 12.5px; flex-grow: 0; margin-right: 14px; margin-left: 2px;\"><\/div>\n<div style=\"background-color: #f4f4f4; border-radius: 50%; height: 12.5px; width: 12.5px; transform: translateX(9px) translateY(-18px);\"><\/div>\n<\/div>\n<div style=\"margin-left: 8px;\">\n<div style=\"background-color: #f4f4f4; border-radius: 50%; flex-grow: 0; height: 20px; width: 20px;\"><\/div>\n<div style=\"width: 0; height: 0; border-top: 2px solid transparent; border-left: 6px solid #f4f4f4; border-bottom: 2px solid transparent; transform: translateX(16px) translateY(-4px) rotate(30deg);\"><\/div>\n<\/div>\n<div style=\"margin-left: auto;\">\n<div style=\"width: 0px; border-top: 8px solid #F4F4F4; border-right: 8px solid transparent; transform: translateY(16px);\"><\/div>\n<div style=\"background-color: #f4f4f4; flex-grow: 0; height: 12px; width: 16px; transform: translateY(-4px);\"><\/div>\n<div style=\"width: 0; height: 0; border-top: 8px solid #F4F4F4; border-left: 8px solid transparent; transform: translateY(-4px) translateX(8px);\"><\/div>\n<\/div>\n<\/div>\n<div style=\"display: flex; flex-direction: column; flex-grow: 1; justify-content: center; margin-bottom: 24px;\">\n<div style=\"background-color: #f4f4f4; border-radius: 4px; flex-grow: 0; height: 14px; margin-bottom: 6px; width: 224px;\"><\/div>\n<div style=\"background-color: #f4f4f4; border-radius: 4px; flex-grow: 0; height: 14px; width: 144px;\"><\/div>\n<\/div>\n<p>&nbsp;<\/p>\n<p style=\"color: #c9c8cd; font-family: Arial,sans-serif; font-size: 14px; line-height: 17px; margin-bottom: 0; margin-top: 8px; overflow: hidden; padding: 8px 0 7px; text-align: center; text-overflow: ellipsis; white-space: nowrap;\"><a style=\"color: #c9c8cd; font-family: Arial,sans-serif; font-size: 14px; font-style: normal; font-weight: normal; line-height: 17px; text-decoration: none;\" href=\"https:\/\/www.instagram.com\/p\/DR-0A_LEf5n\/?utm_source=ig_embed&amp;utm_campaign=loading\" target=\"_blank\" rel=\"noopener\">Una publicaci\u00f3n compartida por BALDONI RALLY (@baldonirally)<\/a><\/p>\n<\/div>\n<\/blockquote>\n<p><script async src=\"\/\/www.instagram.com\/embed.js\"><\/script><\/p>\n<p>Mat\u00edas Ramos volvi\u00f3 a sumar protagonismo siendo el subcampe\u00f3n entre los navegantes de la Clase RC2.<\/p>\n<p>Mario Rasso y Rodolfo Guevara fueron el segundo mejor binomio de la Clase RC3 durante la temporada 2025 gracias a una constante regularidad que los tuvo en lo m\u00e1s alto del podio en dos oportunidades.<\/p>\n<hr \/>\n<p><strong>Nota:<\/strong> Redacci\u00f3n<\/p>\n","protected":false},"excerpt":{"rendered":"<p>Fue en Mina Clavero con podio para Miguel Baldoni y Mat\u00edas Ramos en la Clase RC2 y con triunfo para binomio Mario Rasso y Rodolfo Guevara en la Clase RC3. La victoria fue para Federico Villagra.\u00a0<\/p>\n","protected":false},"author":1,"featured_media":29828,"comment_status":"closed","ping_status":"closed","sticky":false,"template":"","format":"standard","meta":{"footnotes":""},"categories":[75,51,154],"tags":[159],"class_list":{"0":"post-29827","1":"post","2":"type-post","3":"status-publish","4":"format-standard","5":"has-post-thumbnail","7":"category-75","8":"category-motores","9":"category-ra","10":"tag-rally-argentino"},"yoast_head":"<!-- This site is optimized with the Yoast SEO plugin v27.4 - https:\/\/yoast.com\/product\/yoast-seo-wordpress\/ -->\n<title>Culmin\u00f3 una hist\u00f3rica temporada puntana en el Rally Argentino - DSL<\/title>\n<meta name=\"description\" content=\"Fue en Mina Clavero con podio para Miguel Baldoni y Mat\u00edas Ramos en la Clase RC2 y con triunfo para binomio Mario Rasso y Rodolfo Guevara en la Clase RC3. La victoria fue para Federico Villagra.\u00a0\" \/>\n<meta name=\"robots\" content=\"index, follow, max-snippet:-1, max-image-preview:large, max-video-preview:-1\" \/>\n<link rel=\"canonical\" href=\"https:\/\/deportesanluis.com.ar\/culmino-una-historica-temporada-puntana-en-el-rally-argentino\/\" \/>\n<meta property=\"og:locale\" content=\"es_ES\" \/>\n<meta property=\"og:type\" content=\"article\" \/>\n<meta property=\"og:title\" content=\"Culmin\u00f3 una hist\u00f3rica temporada puntana en el Rally Argentino - DSL\" \/>\n<meta property=\"og:description\" content=\"Fue en Mina Clavero con podio para Miguel Baldoni y Mat\u00edas Ramos en la Clase RC2 y con triunfo para binomio Mario Rasso y Rodolfo Guevara en la Clase RC3. La victoria fue para Federico Villagra.\u00a0\" \/>\n<meta property=\"og:url\" content=\"https:\/\/deportesanluis.com.ar\/culmino-una-historica-temporada-puntana-en-el-rally-argentino\/\" \/>\n<meta property=\"og:site_name\" content=\"DSL\" \/>\n<meta property=\"article:publisher\" content=\"https:\/\/www.facebook.com\/DSLDeporteSanLuis\" \/>\n<meta property=\"article:published_time\" content=\"2025-12-08T15:03:01+00:00\" \/>\n<meta property=\"article:modified_time\" content=\"2025-12-16T14:47:31+00:00\" \/>\n<meta property=\"og:image\" content=\"https:\/\/deportesanluis.com.ar\/wp-content\/uploads\/2025\/12\/Baldoni-Campeon-3-RA25.jpg\" \/>\n\t<meta property=\"og:image:width\" content=\"800\" \/>\n\t<meta property=\"og:image:height\" content=\"500\" \/>\n\t<meta property=\"og:image:type\" content=\"image\/jpeg\" \/>\n<meta name=\"author\" content=\"admin\" \/>\n<meta name=\"twitter:card\" content=\"summary_large_image\" \/>\n<meta name=\"twitter:creator\" content=\"@deportesanluis\" \/>\n<meta name=\"twitter:site\" content=\"@deportesanluis\" \/>\n<meta name=\"twitter:label1\" content=\"Escrito por\" \/>\n\t<meta name=\"twitter:data1\" content=\"admin\" \/>\n\t<meta name=\"twitter:label2\" content=\"Tiempo de lectura\" \/>\n\t<meta name=\"twitter:data2\" content=\"3 minutos\" \/>\n<script type=\"application\/ld+json\" class=\"yoast-schema-graph\">{\"@context\":\"https:\\\/\\\/schema.org\",\"@graph\":[{\"@type\":\"Article\",\"@id\":\"https:\\\/\\\/deportesanluis.com.ar\\\/culmino-una-historica-temporada-puntana-en-el-rally-argentino\\\/#article\",\"isPartOf\":{\"@id\":\"https:\\\/\\\/deportesanluis.com.ar\\\/culmino-una-historica-temporada-puntana-en-el-rally-argentino\\\/\"},\"author\":{\"name\":\"admin\",\"@id\":\"https:\\\/\\\/deportesanluis.com.ar\\\/#\\\/schema\\\/person\\\/4b3e665481e93d271fced43ee48143c8\"},\"headline\":\"Culmin\u00f3 una hist\u00f3rica temporada puntana en el Rally Argentino\",\"datePublished\":\"2025-12-08T15:03:01+00:00\",\"dateModified\":\"2025-12-16T14:47:31+00:00\",\"mainEntityOfPage\":{\"@id\":\"https:\\\/\\\/deportesanluis.com.ar\\\/culmino-una-historica-temporada-puntana-en-el-rally-argentino\\\/\"},\"wordCount\":452,\"publisher\":{\"@id\":\"https:\\\/\\\/deportesanluis.com.ar\\\/#organization\"},\"image\":{\"@id\":\"https:\\\/\\\/deportesanluis.com.ar\\\/culmino-una-historica-temporada-puntana-en-el-rally-argentino\\\/#primaryimage\"},\"thumbnailUrl\":\"https:\\\/\\\/deportesanluis.com.ar\\\/wp-content\\\/uploads\\\/2025\\\/12\\\/Baldoni-Campeon-3-RA25.jpg\",\"keywords\":[\"Rally Argentino\"],\"articleSection\":[\"15\",\"Motores\",\"RA\"],\"inLanguage\":\"es-AR\"},{\"@type\":\"WebPage\",\"@id\":\"https:\\\/\\\/deportesanluis.com.ar\\\/culmino-una-historica-temporada-puntana-en-el-rally-argentino\\\/\",\"url\":\"https:\\\/\\\/deportesanluis.com.ar\\\/culmino-una-historica-temporada-puntana-en-el-rally-argentino\\\/\",\"name\":\"Culmin\u00f3 una hist\u00f3rica temporada puntana en el Rally Argentino - DSL\",\"isPartOf\":{\"@id\":\"https:\\\/\\\/deportesanluis.com.ar\\\/#website\"},\"primaryImageOfPage\":{\"@id\":\"https:\\\/\\\/deportesanluis.com.ar\\\/culmino-una-historica-temporada-puntana-en-el-rally-argentino\\\/#primaryimage\"},\"image\":{\"@id\":\"https:\\\/\\\/deportesanluis.com.ar\\\/culmino-una-historica-temporada-puntana-en-el-rally-argentino\\\/#primaryimage\"},\"thumbnailUrl\":\"https:\\\/\\\/deportesanluis.com.ar\\\/wp-content\\\/uploads\\\/2025\\\/12\\\/Baldoni-Campeon-3-RA25.jpg\",\"datePublished\":\"2025-12-08T15:03:01+00:00\",\"dateModified\":\"2025-12-16T14:47:31+00:00\",\"description\":\"Fue en Mina Clavero con podio para Miguel Baldoni y Mat\u00edas Ramos en la Clase RC2 y con triunfo para binomio Mario Rasso y Rodolfo Guevara en la Clase RC3. La victoria fue para Federico Villagra.\u00a0\",\"breadcrumb\":{\"@id\":\"https:\\\/\\\/deportesanluis.com.ar\\\/culmino-una-historica-temporada-puntana-en-el-rally-argentino\\\/#breadcrumb\"},\"inLanguage\":\"es-AR\",\"potentialAction\":[{\"@type\":\"ReadAction\",\"target\":[\"https:\\\/\\\/deportesanluis.com.ar\\\/culmino-una-historica-temporada-puntana-en-el-rally-argentino\\\/\"]}]},{\"@type\":\"ImageObject\",\"inLanguage\":\"es-AR\",\"@id\":\"https:\\\/\\\/deportesanluis.com.ar\\\/culmino-una-historica-temporada-puntana-en-el-rally-argentino\\\/#primaryimage\",\"url\":\"https:\\\/\\\/deportesanluis.com.ar\\\/wp-content\\\/uploads\\\/2025\\\/12\\\/Baldoni-Campeon-3-RA25.jpg\",\"contentUrl\":\"https:\\\/\\\/deportesanluis.com.ar\\\/wp-content\\\/uploads\\\/2025\\\/12\\\/Baldoni-Campeon-3-RA25.jpg\",\"width\":800,\"height\":500},{\"@type\":\"BreadcrumbList\",\"@id\":\"https:\\\/\\\/deportesanluis.com.ar\\\/culmino-una-historica-temporada-puntana-en-el-rally-argentino\\\/#breadcrumb\",\"itemListElement\":[{\"@type\":\"ListItem\",\"position\":1,\"name\":\"Home\",\"item\":\"https:\\\/\\\/deportesanluis.com.ar\\\/\"},{\"@type\":\"ListItem\",\"position\":2,\"name\":\"Culmin\u00f3 una hist\u00f3rica temporada puntana en el Rally Argentino\"}]},{\"@type\":\"WebSite\",\"@id\":\"https:\\\/\\\/deportesanluis.com.ar\\\/#website\",\"url\":\"https:\\\/\\\/deportesanluis.com.ar\\\/\",\"name\":\"deportesanluis.com.ar\",\"description\":\"Noticias de Deporte de San Luis\",\"publisher\":{\"@id\":\"https:\\\/\\\/deportesanluis.com.ar\\\/#organization\"},\"alternateName\":\"Deporte SL\",\"potentialAction\":[{\"@type\":\"SearchAction\",\"target\":{\"@type\":\"EntryPoint\",\"urlTemplate\":\"https:\\\/\\\/deportesanluis.com.ar\\\/?s={search_term_string}\"},\"query-input\":{\"@type\":\"PropertyValueSpecification\",\"valueRequired\":true,\"valueName\":\"search_term_string\"}}],\"inLanguage\":\"es-AR\"},{\"@type\":\"Organization\",\"@id\":\"https:\\\/\\\/deportesanluis.com.ar\\\/#organization\",\"name\":\"DSL\",\"alternateName\":\"Deporte SL\",\"url\":\"https:\\\/\\\/deportesanluis.com.ar\\\/\",\"logo\":{\"@type\":\"ImageObject\",\"inLanguage\":\"es-AR\",\"@id\":\"https:\\\/\\\/deportesanluis.com.ar\\\/#\\\/schema\\\/logo\\\/image\\\/\",\"url\":\"https:\\\/\\\/deportesanluis.com.ar\\\/wp-content\\\/uploads\\\/2023\\\/06\\\/DSL-Logo-2023-5.jpg\",\"contentUrl\":\"https:\\\/\\\/deportesanluis.com.ar\\\/wp-content\\\/uploads\\\/2023\\\/06\\\/DSL-Logo-2023-5.jpg\",\"width\":1718,\"height\":845,\"caption\":\"DSL\"},\"image\":{\"@id\":\"https:\\\/\\\/deportesanluis.com.ar\\\/#\\\/schema\\\/logo\\\/image\\\/\"},\"sameAs\":[\"https:\\\/\\\/www.facebook.com\\\/DSLDeporteSanLuis\",\"https:\\\/\\\/x.com\\\/deportesanluis\",\"https:\\\/\\\/www.instagram.com\\\/dsl_deportesanluis\\\/\"]},{\"@type\":\"Person\",\"@id\":\"https:\\\/\\\/deportesanluis.com.ar\\\/#\\\/schema\\\/person\\\/4b3e665481e93d271fced43ee48143c8\",\"name\":\"admin\",\"image\":{\"@type\":\"ImageObject\",\"inLanguage\":\"es-AR\",\"@id\":\"https:\\\/\\\/secure.gravatar.com\\\/avatar\\\/5424b2c21466f502587708c43dbe2dc47b5e643fec67835095677cd3af6ba546?s=96&d=mm&r=g\",\"url\":\"https:\\\/\\\/secure.gravatar.com\\\/avatar\\\/5424b2c21466f502587708c43dbe2dc47b5e643fec67835095677cd3af6ba546?s=96&d=mm&r=g\",\"contentUrl\":\"https:\\\/\\\/secure.gravatar.com\\\/avatar\\\/5424b2c21466f502587708c43dbe2dc47b5e643fec67835095677cd3af6ba546?s=96&d=mm&r=g\",\"caption\":\"admin\"},\"sameAs\":[\"https:\\\/\\\/deportesanluis.com.ar\"],\"url\":\"https:\\\/\\\/deportesanluis.com.ar\\\/author\\\/admin\\\/\"}]}<\/script>\n<!-- \/ Yoast SEO plugin. -->","yoast_head_json":{"title":"Culmin\u00f3 una hist\u00f3rica temporada puntana en el Rally Argentino - DSL","description":"Fue en Mina Clavero con podio para Miguel Baldoni y Mat\u00edas Ramos en la Clase RC2 y con triunfo para binomio Mario Rasso y Rodolfo Guevara en la Clase RC3. La victoria fue para Federico Villagra.\u00a0","robots":{"index":"index","follow":"follow","max-snippet":"max-snippet:-1","max-image-preview":"max-image-preview:large","max-video-preview":"max-video-preview:-1"},"canonical":"https:\/\/deportesanluis.com.ar\/culmino-una-historica-temporada-puntana-en-el-rally-argentino\/","og_locale":"es_ES","og_type":"article","og_title":"Culmin\u00f3 una hist\u00f3rica temporada puntana en el Rally Argentino - DSL","og_description":"Fue en Mina Clavero con podio para Miguel Baldoni y Mat\u00edas Ramos en la Clase RC2 y con triunfo para binomio Mario Rasso y Rodolfo Guevara en la Clase RC3. La victoria fue para Federico Villagra.\u00a0","og_url":"https:\/\/deportesanluis.com.ar\/culmino-una-historica-temporada-puntana-en-el-rally-argentino\/","og_site_name":"DSL","article_publisher":"https:\/\/www.facebook.com\/DSLDeporteSanLuis","article_published_time":"2025-12-08T15:03:01+00:00","article_modified_time":"2025-12-16T14:47:31+00:00","og_image":[{"width":800,"height":500,"url":"https:\/\/deportesanluis.com.ar\/wp-content\/uploads\/2025\/12\/Baldoni-Campeon-3-RA25.jpg","type":"image\/jpeg"}],"author":"admin","twitter_card":"summary_large_image","twitter_creator":"@deportesanluis","twitter_site":"@deportesanluis","twitter_misc":{"Escrito por":"admin","Tiempo de lectura":"3 minutos"},"schema":{"@context":"https:\/\/schema.org","@graph":[{"@type":"Article","@id":"https:\/\/deportesanluis.com.ar\/culmino-una-historica-temporada-puntana-en-el-rally-argentino\/#article","isPartOf":{"@id":"https:\/\/deportesanluis.com.ar\/culmino-una-historica-temporada-puntana-en-el-rally-argentino\/"},"author":{"name":"admin","@id":"https:\/\/deportesanluis.com.ar\/#\/schema\/person\/4b3e665481e93d271fced43ee48143c8"},"headline":"Culmin\u00f3 una hist\u00f3rica temporada puntana en el Rally Argentino","datePublished":"2025-12-08T15:03:01+00:00","dateModified":"2025-12-16T14:47:31+00:00","mainEntityOfPage":{"@id":"https:\/\/deportesanluis.com.ar\/culmino-una-historica-temporada-puntana-en-el-rally-argentino\/"},"wordCount":452,"publisher":{"@id":"https:\/\/deportesanluis.com.ar\/#organization"},"image":{"@id":"https:\/\/deportesanluis.com.ar\/culmino-una-historica-temporada-puntana-en-el-rally-argentino\/#primaryimage"},"thumbnailUrl":"https:\/\/deportesanluis.com.ar\/wp-content\/uploads\/2025\/12\/Baldoni-Campeon-3-RA25.jpg","keywords":["Rally Argentino"],"articleSection":["15","Motores","RA"],"inLanguage":"es-AR"},{"@type":"WebPage","@id":"https:\/\/deportesanluis.com.ar\/culmino-una-historica-temporada-puntana-en-el-rally-argentino\/","url":"https:\/\/deportesanluis.com.ar\/culmino-una-historica-temporada-puntana-en-el-rally-argentino\/","name":"Culmin\u00f3 una hist\u00f3rica temporada puntana en el Rally Argentino - DSL","isPartOf":{"@id":"https:\/\/deportesanluis.com.ar\/#website"},"primaryImageOfPage":{"@id":"https:\/\/deportesanluis.com.ar\/culmino-una-historica-temporada-puntana-en-el-rally-argentino\/#primaryimage"},"image":{"@id":"https:\/\/deportesanluis.com.ar\/culmino-una-historica-temporada-puntana-en-el-rally-argentino\/#primaryimage"},"thumbnailUrl":"https:\/\/deportesanluis.com.ar\/wp-content\/uploads\/2025\/12\/Baldoni-Campeon-3-RA25.jpg","datePublished":"2025-12-08T15:03:01+00:00","dateModified":"2025-12-16T14:47:31+00:00","description":"Fue en Mina Clavero con podio para Miguel Baldoni y Mat\u00edas Ramos en la Clase RC2 y con triunfo para binomio Mario Rasso y Rodolfo Guevara en la Clase RC3. La victoria fue para Federico Villagra.\u00a0","breadcrumb":{"@id":"https:\/\/deportesanluis.com.ar\/culmino-una-historica-temporada-puntana-en-el-rally-argentino\/#breadcrumb"},"inLanguage":"es-AR","potentialAction":[{"@type":"ReadAction","target":["https:\/\/deportesanluis.com.ar\/culmino-una-historica-temporada-puntana-en-el-rally-argentino\/"]}]},{"@type":"ImageObject","inLanguage":"es-AR","@id":"https:\/\/deportesanluis.com.ar\/culmino-una-historica-temporada-puntana-en-el-rally-argentino\/#primaryimage","url":"https:\/\/deportesanluis.com.ar\/wp-content\/uploads\/2025\/12\/Baldoni-Campeon-3-RA25.jpg","contentUrl":"https:\/\/deportesanluis.com.ar\/wp-content\/uploads\/2025\/12\/Baldoni-Campeon-3-RA25.jpg","width":800,"height":500},{"@type":"BreadcrumbList","@id":"https:\/\/deportesanluis.com.ar\/culmino-una-historica-temporada-puntana-en-el-rally-argentino\/#breadcrumb","itemListElement":[{"@type":"ListItem","position":1,"name":"Home","item":"https:\/\/deportesanluis.com.ar\/"},{"@type":"ListItem","position":2,"name":"Culmin\u00f3 una hist\u00f3rica temporada puntana en el Rally Argentino"}]},{"@type":"WebSite","@id":"https:\/\/deportesanluis.com.ar\/#website","url":"https:\/\/deportesanluis.com.ar\/","name":"deportesanluis.com.ar","description":"Noticias de Deporte de San Luis","publisher":{"@id":"https:\/\/deportesanluis.com.ar\/#organization"},"alternateName":"Deporte SL","potentialAction":[{"@type":"SearchAction","target":{"@type":"EntryPoint","urlTemplate":"https:\/\/deportesanluis.com.ar\/?s={search_term_string}"},"query-input":{"@type":"PropertyValueSpecification","valueRequired":true,"valueName":"search_term_string"}}],"inLanguage":"es-AR"},{"@type":"Organization","@id":"https:\/\/deportesanluis.com.ar\/#organization","name":"DSL","alternateName":"Deporte SL","url":"https:\/\/deportesanluis.com.ar\/","logo":{"@type":"ImageObject","inLanguage":"es-AR","@id":"https:\/\/deportesanluis.com.ar\/#\/schema\/logo\/image\/","url":"https:\/\/deportesanluis.com.ar\/wp-content\/uploads\/2023\/06\/DSL-Logo-2023-5.jpg","contentUrl":"https:\/\/deportesanluis.com.ar\/wp-content\/uploads\/2023\/06\/DSL-Logo-2023-5.jpg","width":1718,"height":845,"caption":"DSL"},"image":{"@id":"https:\/\/deportesanluis.com.ar\/#\/schema\/logo\/image\/"},"sameAs":["https:\/\/www.facebook.com\/DSLDeporteSanLuis","https:\/\/x.com\/deportesanluis","https:\/\/www.instagram.com\/dsl_deportesanluis\/"]},{"@type":"Person","@id":"https:\/\/deportesanluis.com.ar\/#\/schema\/person\/4b3e665481e93d271fced43ee48143c8","name":"admin","image":{"@type":"ImageObject","inLanguage":"es-AR","@id":"https:\/\/secure.gravatar.com\/avatar\/5424b2c21466f502587708c43dbe2dc47b5e643fec67835095677cd3af6ba546?s=96&d=mm&r=g","url":"https:\/\/secure.gravatar.com\/avatar\/5424b2c21466f502587708c43dbe2dc47b5e643fec67835095677cd3af6ba546?s=96&d=mm&r=g","contentUrl":"https:\/\/secure.gravatar.com\/avatar\/5424b2c21466f502587708c43dbe2dc47b5e643fec67835095677cd3af6ba546?s=96&d=mm&r=g","caption":"admin"},"sameAs":["https:\/\/deportesanluis.com.ar"],"url":"https:\/\/deportesanluis.com.ar\/author\/admin\/"}]}},"_links":{"self":[{"href":"https:\/\/deportesanluis.com.ar\/wp-json\/wp\/v2\/posts\/29827","targetHints":{"allow":["GET"]}}],"collection":[{"href":"https:\/\/deportesanluis.com.ar\/wp-json\/wp\/v2\/posts"}],"about":[{"href":"https:\/\/deportesanluis.com.ar\/wp-json\/wp\/v2\/types\/post"}],"author":[{"embeddable":true,"href":"https:\/\/deportesanluis.com.ar\/wp-json\/wp\/v2\/users\/1"}],"replies":[{"embeddable":true,"href":"https:\/\/deportesanluis.com.ar\/wp-json\/wp\/v2\/comments?post=29827"}],"version-history":[{"count":0,"href":"https:\/\/deportesanluis.com.ar\/wp-json\/wp\/v2\/posts\/29827\/revisions"}],"wp:featuredmedia":[{"embeddable":true,"href":"https:\/\/deportesanluis.com.ar\/wp-json\/wp\/v2\/media\/29828"}],"wp:attachment":[{"href":"https:\/\/deportesanluis.com.ar\/wp-json\/wp\/v2\/media?parent=29827"}],"wp:term":[{"taxonomy":"category","embeddable":true,"href":"https:\/\/deportesanluis.com.ar\/wp-json\/wp\/v2\/categories?post=29827"},{"taxonomy":"post_tag","embeddable":true,"href":"https:\/\/deportesanluis.com.ar\/wp-json\/wp\/v2\/tags?post=29827"}],"curies":[{"name":"wp","href":"https:\/\/api.w.org\/{rel}","templated":true}]}}