{"id":29895,"date":"2025-12-13T12:17:25","date_gmt":"2025-12-13T15:17:25","guid":{"rendered":"https:\/\/deportesanluis.com.ar\/?p=29895"},"modified":"2025-12-28T00:12:23","modified_gmt":"2025-12-28T03:12:23","slug":"el-rally-argentino-confirmo-su-hoja-de-ruta-2026","status":"publish","type":"post","link":"https:\/\/deportesanluis.com.ar\/el-rally-argentino-confirmo-su-hoja-de-ruta-2026\/","title":{"rendered":"El Rally Argentino confirm\u00f3 su hoja de ruta 2026"},"content":{"rendered":"<p>Ni bien culmin\u00f3 la hist\u00f3rica temporada 2025 con la consagraci\u00f3n de Miguel Baldoni en la Clase RC2 y con el subcampeonato del tomense Mario Rasso en la Clase RC3, el Campeonato Argentino de Rally ya dio a conocer ocho de sus nueve fechas para el 2026.<\/p>\n<p>Como viene siendo de costumbre, el Rally Pagos del Tuyu en Gral. Madariaga, provincia de Buenos Aires, ser\u00e1 el encargado de abrir el camino entre el 27 de febrero y el 1 de marzo.<\/p>\n<p>Luego aparecen cl\u00e1sicos como el Rally de C\u00f3rdoba en conjunto con el FIA Codasur; el Rally de los Dinosaurios, el Rally del Poncho, la Vuelta de la Manzana y el Rally de San Luis, cita pactada entre el 6 y el 8 de noviembre.<\/p>\n<p>La \u00fanica fecha que a\u00fan no tiene escenario es el Gran Premio Coronaci\u00f3n, pactado entre el 11 y el 13 de diciembre.<\/p>\n<table dir=\"ltr\" style=\"width: 100%; height: 294px;\" border=\"1\" cellspacing=\"0\" cellpadding=\"0\" data-sheets-root=\"1\" data-sheets-baot=\"1\">\n<colgroup>\n<col width=\"57\" \/>\n<col width=\"398\" \/>\n<col width=\"100\" \/><\/colgroup>\n<tbody>\n<tr style=\"height: 34px;\">\n<td style=\"text-align: center; height: 34px;\" colspan=\"3\"><span style=\"font-size: 20px;\"><strong>CALENDARIO &#8211; RALLY ARGENTINO 2026<\/strong><\/span><\/td>\n<\/tr>\n<tr style=\"height: 26px;\">\n<td style=\"text-align: center; height: 26px;\"><strong>#<\/strong><\/td>\n<td style=\"text-align: center; height: 26px;\"><strong>Rally<\/strong><\/td>\n<td style=\"text-align: center; height: 26px;\"><strong>Fechas<\/strong><\/td>\n<\/tr>\n<tr style=\"height: 26px;\">\n<td style=\"text-align: center; height: 26px;\"><strong>1<\/strong><\/td>\n<td style=\"height: 26px;\">Rally Pagos del Tuy\u00fa &#8211; Gral. Madariaga<\/td>\n<td style=\"text-align: center; height: 26px;\">27 &#8211; 01 MAR<\/td>\n<\/tr>\n<tr style=\"height: 26px;\">\n<td style=\"text-align: center; height: 26px;\"><strong>2<\/strong><\/td>\n<td style=\"height: 26px;\">Rally FIA CODASUR &#8211; C\u00d3RDOBA<\/td>\n<td style=\"text-align: center; height: 26px;\">17 &#8211; 19 ABR<\/td>\n<\/tr>\n<tr style=\"height: 26px;\">\n<td style=\"text-align: center; height: 26px;\"><strong>3<\/strong><\/td>\n<td style=\"height: 26px;\">Rally del Petr\u00f3leo y los dinosaurios &#8211; Plaza Huincul \/ Cutral C\u00f3<\/td>\n<td style=\"text-align: center; height: 26px;\">22 &#8211; 24 MAY<\/td>\n<\/tr>\n<tr style=\"height: 26px;\">\n<td style=\"text-align: center; height: 26px;\"><strong>4<\/strong><\/td>\n<td style=\"height: 26px;\">Rally del Poncho &#8211; Catamarca<\/td>\n<td style=\"text-align: center; height: 26px;\">26 &#8211; 28 JUN<\/td>\n<\/tr>\n<tr style=\"height: 26px;\">\n<td style=\"text-align: center; height: 26px;\"><strong>5<\/strong><\/td>\n<td style=\"height: 26px;\">Rally de los Jaaukanigas &#8211; Santa F\u00e9<\/td>\n<td style=\"text-align: center; height: 26px;\">31 &#8211; 02 AGO<\/td>\n<\/tr>\n<tr style=\"height: 26px;\">\n<td style=\"text-align: center; height: 26px;\"><strong>6<\/strong><\/td>\n<td style=\"height: 26px;\">Rally Vuelta de la Manzana &#8211; General Roca<\/td>\n<td style=\"text-align: center; height: 26px;\">04 &#8211; 06 SEP<\/td>\n<\/tr>\n<tr style=\"height: 26px;\">\n<td style=\"text-align: center; height: 26px;\"><strong>7<\/strong><\/td>\n<td style=\"height: 26px;\">Rally de Entre R\u00edos Diamante y Valle Mar\u00eda<\/td>\n<td style=\"text-align: center; height: 26px;\">02 &#8211; 04 OCT<\/td>\n<\/tr>\n<tr style=\"height: 26px;\">\n<td style=\"text-align: center; height: 26px;\"><strong>8<\/strong><\/td>\n<td style=\"height: 26px;\">Rally de San Luis<\/td>\n<td style=\"text-align: center; height: 26px;\">06 &#8211; 08 NOV<\/td>\n<\/tr>\n<tr style=\"height: 26px;\">\n<td style=\"text-align: center; height: 26px;\"><strong>9<\/strong><\/td>\n<td style=\"height: 26px;\">A confirmar<\/td>\n<td style=\"text-align: center; height: 26px;\">11 &#8211; 13 DIC<\/td>\n<\/tr>\n<\/tbody>\n<\/table>\n<hr \/>\n<p><strong>Nota:<\/strong> Redacci\u00f3n<\/p>\n","protected":false},"excerpt":{"rendered":"<p>El certamen nacional comenzar\u00e1 su pr\u00f3xima temporada el 27 de febrero en Gral. Madariaga con el Rally Pagos del Tuy\u00fa. En el recorrido, la pen\u00faltima del a\u00f1o ser\u00e1 en San Luis.\u00a0<\/p>\n","protected":false},"author":1,"featured_media":29897,"comment_status":"closed","ping_status":"closed","sticky":false,"template":"","format":"standard","meta":{"footnotes":""},"categories":[75,51,154],"tags":[159],"class_list":{"0":"post-29895","1":"post","2":"type-post","3":"status-publish","4":"format-standard","5":"has-post-thumbnail","7":"category-75","8":"category-motores","9":"category-ra","10":"tag-rally-argentino"},"yoast_head":"<!-- This site is optimized with the Yoast SEO plugin v27.4 - https:\/\/yoast.com\/product\/yoast-seo-wordpress\/ -->\n<title>El Rally Argentino confirm\u00f3 su hoja de ruta 2026 - DSL<\/title>\n<meta name=\"description\" content=\"El certamen nacional comenzar\u00e1 su pr\u00f3xima temporada el 27 de febrero en Gral. Madariaga con el Rally Pagos del Tuy\u00fa. En el recorrido, la pen\u00faltima del a\u00f1o ser\u00e1 en San Luis.\u00a0\" \/>\n<meta name=\"robots\" content=\"index, follow, max-snippet:-1, max-image-preview:large, max-video-preview:-1\" \/>\n<link rel=\"canonical\" href=\"https:\/\/deportesanluis.com.ar\/el-rally-argentino-confirmo-su-hoja-de-ruta-2026\/\" \/>\n<meta property=\"og:locale\" content=\"es_ES\" \/>\n<meta property=\"og:type\" content=\"article\" \/>\n<meta property=\"og:title\" content=\"El Rally Argentino confirm\u00f3 su hoja de ruta 2026 - DSL\" \/>\n<meta property=\"og:description\" content=\"El certamen nacional comenzar\u00e1 su pr\u00f3xima temporada el 27 de febrero en Gral. Madariaga con el Rally Pagos del Tuy\u00fa. En el recorrido, la pen\u00faltima del a\u00f1o ser\u00e1 en San Luis.\u00a0\" \/>\n<meta property=\"og:url\" content=\"https:\/\/deportesanluis.com.ar\/el-rally-argentino-confirmo-su-hoja-de-ruta-2026\/\" \/>\n<meta property=\"og:site_name\" content=\"DSL\" \/>\n<meta property=\"article:publisher\" content=\"https:\/\/www.facebook.com\/DSLDeporteSanLuis\" \/>\n<meta property=\"article:published_time\" content=\"2025-12-13T15:17:25+00:00\" \/>\n<meta property=\"article:modified_time\" content=\"2025-12-28T03:12:23+00:00\" \/>\n<meta property=\"og:image\" content=\"https:\/\/deportesanluis.com.ar\/wp-content\/uploads\/2025\/12\/RallyArgentino-Logo.jpg\" \/>\n\t<meta property=\"og:image:width\" content=\"1024\" \/>\n\t<meta property=\"og:image:height\" content=\"1024\" \/>\n\t<meta property=\"og:image:type\" content=\"image\/jpeg\" \/>\n<meta name=\"author\" content=\"admin\" \/>\n<meta name=\"twitter:card\" content=\"summary_large_image\" \/>\n<meta name=\"twitter:creator\" content=\"@deportesanluis\" \/>\n<meta name=\"twitter:site\" content=\"@deportesanluis\" \/>\n<meta name=\"twitter:label1\" content=\"Escrito por\" \/>\n\t<meta name=\"twitter:data1\" content=\"admin\" \/>\n\t<meta name=\"twitter:label2\" content=\"Tiempo de lectura\" \/>\n\t<meta name=\"twitter:data2\" content=\"2 minutos\" \/>\n<script type=\"application\/ld+json\" class=\"yoast-schema-graph\">{\"@context\":\"https:\\\/\\\/schema.org\",\"@graph\":[{\"@type\":\"Article\",\"@id\":\"https:\\\/\\\/deportesanluis.com.ar\\\/el-rally-argentino-confirmo-su-hoja-de-ruta-2026\\\/#article\",\"isPartOf\":{\"@id\":\"https:\\\/\\\/deportesanluis.com.ar\\\/el-rally-argentino-confirmo-su-hoja-de-ruta-2026\\\/\"},\"author\":{\"name\":\"admin\",\"@id\":\"https:\\\/\\\/deportesanluis.com.ar\\\/#\\\/schema\\\/person\\\/4b3e665481e93d271fced43ee48143c8\"},\"headline\":\"El Rally Argentino confirm\u00f3 su hoja de ruta 2026\",\"datePublished\":\"2025-12-13T15:17:25+00:00\",\"dateModified\":\"2025-12-28T03:12:23+00:00\",\"mainEntityOfPage\":{\"@id\":\"https:\\\/\\\/deportesanluis.com.ar\\\/el-rally-argentino-confirmo-su-hoja-de-ruta-2026\\\/\"},\"wordCount\":240,\"publisher\":{\"@id\":\"https:\\\/\\\/deportesanluis.com.ar\\\/#organization\"},\"image\":{\"@id\":\"https:\\\/\\\/deportesanluis.com.ar\\\/el-rally-argentino-confirmo-su-hoja-de-ruta-2026\\\/#primaryimage\"},\"thumbnailUrl\":\"https:\\\/\\\/deportesanluis.com.ar\\\/wp-content\\\/uploads\\\/2025\\\/12\\\/RallyArgentino-Logo.jpg\",\"keywords\":[\"Rally Argentino\"],\"articleSection\":[\"15\",\"Motores\",\"RA\"],\"inLanguage\":\"es-AR\"},{\"@type\":\"WebPage\",\"@id\":\"https:\\\/\\\/deportesanluis.com.ar\\\/el-rally-argentino-confirmo-su-hoja-de-ruta-2026\\\/\",\"url\":\"https:\\\/\\\/deportesanluis.com.ar\\\/el-rally-argentino-confirmo-su-hoja-de-ruta-2026\\\/\",\"name\":\"El Rally Argentino confirm\u00f3 su hoja de ruta 2026 - DSL\",\"isPartOf\":{\"@id\":\"https:\\\/\\\/deportesanluis.com.ar\\\/#website\"},\"primaryImageOfPage\":{\"@id\":\"https:\\\/\\\/deportesanluis.com.ar\\\/el-rally-argentino-confirmo-su-hoja-de-ruta-2026\\\/#primaryimage\"},\"image\":{\"@id\":\"https:\\\/\\\/deportesanluis.com.ar\\\/el-rally-argentino-confirmo-su-hoja-de-ruta-2026\\\/#primaryimage\"},\"thumbnailUrl\":\"https:\\\/\\\/deportesanluis.com.ar\\\/wp-content\\\/uploads\\\/2025\\\/12\\\/RallyArgentino-Logo.jpg\",\"datePublished\":\"2025-12-13T15:17:25+00:00\",\"dateModified\":\"2025-12-28T03:12:23+00:00\",\"description\":\"El certamen nacional comenzar\u00e1 su pr\u00f3xima temporada el 27 de febrero en Gral. Madariaga con el Rally Pagos del Tuy\u00fa. En el recorrido, la pen\u00faltima del a\u00f1o ser\u00e1 en San Luis.\u00a0\",\"breadcrumb\":{\"@id\":\"https:\\\/\\\/deportesanluis.com.ar\\\/el-rally-argentino-confirmo-su-hoja-de-ruta-2026\\\/#breadcrumb\"},\"inLanguage\":\"es-AR\",\"potentialAction\":[{\"@type\":\"ReadAction\",\"target\":[\"https:\\\/\\\/deportesanluis.com.ar\\\/el-rally-argentino-confirmo-su-hoja-de-ruta-2026\\\/\"]}]},{\"@type\":\"ImageObject\",\"inLanguage\":\"es-AR\",\"@id\":\"https:\\\/\\\/deportesanluis.com.ar\\\/el-rally-argentino-confirmo-su-hoja-de-ruta-2026\\\/#primaryimage\",\"url\":\"https:\\\/\\\/deportesanluis.com.ar\\\/wp-content\\\/uploads\\\/2025\\\/12\\\/RallyArgentino-Logo.jpg\",\"contentUrl\":\"https:\\\/\\\/deportesanluis.com.ar\\\/wp-content\\\/uploads\\\/2025\\\/12\\\/RallyArgentino-Logo.jpg\",\"width\":1024,\"height\":1024},{\"@type\":\"BreadcrumbList\",\"@id\":\"https:\\\/\\\/deportesanluis.com.ar\\\/el-rally-argentino-confirmo-su-hoja-de-ruta-2026\\\/#breadcrumb\",\"itemListElement\":[{\"@type\":\"ListItem\",\"position\":1,\"name\":\"Home\",\"item\":\"https:\\\/\\\/deportesanluis.com.ar\\\/\"},{\"@type\":\"ListItem\",\"position\":2,\"name\":\"El Rally Argentino confirm\u00f3 su hoja de ruta 2026\"}]},{\"@type\":\"WebSite\",\"@id\":\"https:\\\/\\\/deportesanluis.com.ar\\\/#website\",\"url\":\"https:\\\/\\\/deportesanluis.com.ar\\\/\",\"name\":\"deportesanluis.com.ar\",\"description\":\"Noticias de Deporte de San Luis\",\"publisher\":{\"@id\":\"https:\\\/\\\/deportesanluis.com.ar\\\/#organization\"},\"alternateName\":\"Deporte SL\",\"potentialAction\":[{\"@type\":\"SearchAction\",\"target\":{\"@type\":\"EntryPoint\",\"urlTemplate\":\"https:\\\/\\\/deportesanluis.com.ar\\\/?s={search_term_string}\"},\"query-input\":{\"@type\":\"PropertyValueSpecification\",\"valueRequired\":true,\"valueName\":\"search_term_string\"}}],\"inLanguage\":\"es-AR\"},{\"@type\":\"Organization\",\"@id\":\"https:\\\/\\\/deportesanluis.com.ar\\\/#organization\",\"name\":\"DSL\",\"alternateName\":\"Deporte SL\",\"url\":\"https:\\\/\\\/deportesanluis.com.ar\\\/\",\"logo\":{\"@type\":\"ImageObject\",\"inLanguage\":\"es-AR\",\"@id\":\"https:\\\/\\\/deportesanluis.com.ar\\\/#\\\/schema\\\/logo\\\/image\\\/\",\"url\":\"https:\\\/\\\/deportesanluis.com.ar\\\/wp-content\\\/uploads\\\/2023\\\/06\\\/DSL-Logo-2023-5.jpg\",\"contentUrl\":\"https:\\\/\\\/deportesanluis.com.ar\\\/wp-content\\\/uploads\\\/2023\\\/06\\\/DSL-Logo-2023-5.jpg\",\"width\":1718,\"height\":845,\"caption\":\"DSL\"},\"image\":{\"@id\":\"https:\\\/\\\/deportesanluis.com.ar\\\/#\\\/schema\\\/logo\\\/image\\\/\"},\"sameAs\":[\"https:\\\/\\\/www.facebook.com\\\/DSLDeporteSanLuis\",\"https:\\\/\\\/x.com\\\/deportesanluis\",\"https:\\\/\\\/www.instagram.com\\\/dsl_deportesanluis\\\/\"]},{\"@type\":\"Person\",\"@id\":\"https:\\\/\\\/deportesanluis.com.ar\\\/#\\\/schema\\\/person\\\/4b3e665481e93d271fced43ee48143c8\",\"name\":\"admin\",\"image\":{\"@type\":\"ImageObject\",\"inLanguage\":\"es-AR\",\"@id\":\"https:\\\/\\\/secure.gravatar.com\\\/avatar\\\/5424b2c21466f502587708c43dbe2dc47b5e643fec67835095677cd3af6ba546?s=96&d=mm&r=g\",\"url\":\"https:\\\/\\\/secure.gravatar.com\\\/avatar\\\/5424b2c21466f502587708c43dbe2dc47b5e643fec67835095677cd3af6ba546?s=96&d=mm&r=g\",\"contentUrl\":\"https:\\\/\\\/secure.gravatar.com\\\/avatar\\\/5424b2c21466f502587708c43dbe2dc47b5e643fec67835095677cd3af6ba546?s=96&d=mm&r=g\",\"caption\":\"admin\"},\"sameAs\":[\"https:\\\/\\\/deportesanluis.com.ar\"],\"url\":\"https:\\\/\\\/deportesanluis.com.ar\\\/author\\\/admin\\\/\"}]}<\/script>\n<!-- \/ Yoast SEO plugin. -->","yoast_head_json":{"title":"El Rally Argentino confirm\u00f3 su hoja de ruta 2026 - DSL","description":"El certamen nacional comenzar\u00e1 su pr\u00f3xima temporada el 27 de febrero en Gral. Madariaga con el Rally Pagos del Tuy\u00fa. En el recorrido, la pen\u00faltima del a\u00f1o ser\u00e1 en San Luis.\u00a0","robots":{"index":"index","follow":"follow","max-snippet":"max-snippet:-1","max-image-preview":"max-image-preview:large","max-video-preview":"max-video-preview:-1"},"canonical":"https:\/\/deportesanluis.com.ar\/el-rally-argentino-confirmo-su-hoja-de-ruta-2026\/","og_locale":"es_ES","og_type":"article","og_title":"El Rally Argentino confirm\u00f3 su hoja de ruta 2026 - DSL","og_description":"El certamen nacional comenzar\u00e1 su pr\u00f3xima temporada el 27 de febrero en Gral. Madariaga con el Rally Pagos del Tuy\u00fa. En el recorrido, la pen\u00faltima del a\u00f1o ser\u00e1 en San Luis.\u00a0","og_url":"https:\/\/deportesanluis.com.ar\/el-rally-argentino-confirmo-su-hoja-de-ruta-2026\/","og_site_name":"DSL","article_publisher":"https:\/\/www.facebook.com\/DSLDeporteSanLuis","article_published_time":"2025-12-13T15:17:25+00:00","article_modified_time":"2025-12-28T03:12:23+00:00","og_image":[{"width":1024,"height":1024,"url":"https:\/\/deportesanluis.com.ar\/wp-content\/uploads\/2025\/12\/RallyArgentino-Logo.jpg","type":"image\/jpeg"}],"author":"admin","twitter_card":"summary_large_image","twitter_creator":"@deportesanluis","twitter_site":"@deportesanluis","twitter_misc":{"Escrito por":"admin","Tiempo de lectura":"2 minutos"},"schema":{"@context":"https:\/\/schema.org","@graph":[{"@type":"Article","@id":"https:\/\/deportesanluis.com.ar\/el-rally-argentino-confirmo-su-hoja-de-ruta-2026\/#article","isPartOf":{"@id":"https:\/\/deportesanluis.com.ar\/el-rally-argentino-confirmo-su-hoja-de-ruta-2026\/"},"author":{"name":"admin","@id":"https:\/\/deportesanluis.com.ar\/#\/schema\/person\/4b3e665481e93d271fced43ee48143c8"},"headline":"El Rally Argentino confirm\u00f3 su hoja de ruta 2026","datePublished":"2025-12-13T15:17:25+00:00","dateModified":"2025-12-28T03:12:23+00:00","mainEntityOfPage":{"@id":"https:\/\/deportesanluis.com.ar\/el-rally-argentino-confirmo-su-hoja-de-ruta-2026\/"},"wordCount":240,"publisher":{"@id":"https:\/\/deportesanluis.com.ar\/#organization"},"image":{"@id":"https:\/\/deportesanluis.com.ar\/el-rally-argentino-confirmo-su-hoja-de-ruta-2026\/#primaryimage"},"thumbnailUrl":"https:\/\/deportesanluis.com.ar\/wp-content\/uploads\/2025\/12\/RallyArgentino-Logo.jpg","keywords":["Rally Argentino"],"articleSection":["15","Motores","RA"],"inLanguage":"es-AR"},{"@type":"WebPage","@id":"https:\/\/deportesanluis.com.ar\/el-rally-argentino-confirmo-su-hoja-de-ruta-2026\/","url":"https:\/\/deportesanluis.com.ar\/el-rally-argentino-confirmo-su-hoja-de-ruta-2026\/","name":"El Rally Argentino confirm\u00f3 su hoja de ruta 2026 - DSL","isPartOf":{"@id":"https:\/\/deportesanluis.com.ar\/#website"},"primaryImageOfPage":{"@id":"https:\/\/deportesanluis.com.ar\/el-rally-argentino-confirmo-su-hoja-de-ruta-2026\/#primaryimage"},"image":{"@id":"https:\/\/deportesanluis.com.ar\/el-rally-argentino-confirmo-su-hoja-de-ruta-2026\/#primaryimage"},"thumbnailUrl":"https:\/\/deportesanluis.com.ar\/wp-content\/uploads\/2025\/12\/RallyArgentino-Logo.jpg","datePublished":"2025-12-13T15:17:25+00:00","dateModified":"2025-12-28T03:12:23+00:00","description":"El certamen nacional comenzar\u00e1 su pr\u00f3xima temporada el 27 de febrero en Gral. Madariaga con el Rally Pagos del Tuy\u00fa. En el recorrido, la pen\u00faltima del a\u00f1o ser\u00e1 en San Luis.\u00a0","breadcrumb":{"@id":"https:\/\/deportesanluis.com.ar\/el-rally-argentino-confirmo-su-hoja-de-ruta-2026\/#breadcrumb"},"inLanguage":"es-AR","potentialAction":[{"@type":"ReadAction","target":["https:\/\/deportesanluis.com.ar\/el-rally-argentino-confirmo-su-hoja-de-ruta-2026\/"]}]},{"@type":"ImageObject","inLanguage":"es-AR","@id":"https:\/\/deportesanluis.com.ar\/el-rally-argentino-confirmo-su-hoja-de-ruta-2026\/#primaryimage","url":"https:\/\/deportesanluis.com.ar\/wp-content\/uploads\/2025\/12\/RallyArgentino-Logo.jpg","contentUrl":"https:\/\/deportesanluis.com.ar\/wp-content\/uploads\/2025\/12\/RallyArgentino-Logo.jpg","width":1024,"height":1024},{"@type":"BreadcrumbList","@id":"https:\/\/deportesanluis.com.ar\/el-rally-argentino-confirmo-su-hoja-de-ruta-2026\/#breadcrumb","itemListElement":[{"@type":"ListItem","position":1,"name":"Home","item":"https:\/\/deportesanluis.com.ar\/"},{"@type":"ListItem","position":2,"name":"El Rally Argentino confirm\u00f3 su hoja de ruta 2026"}]},{"@type":"WebSite","@id":"https:\/\/deportesanluis.com.ar\/#website","url":"https:\/\/deportesanluis.com.ar\/","name":"deportesanluis.com.ar","description":"Noticias de Deporte de San Luis","publisher":{"@id":"https:\/\/deportesanluis.com.ar\/#organization"},"alternateName":"Deporte SL","potentialAction":[{"@type":"SearchAction","target":{"@type":"EntryPoint","urlTemplate":"https:\/\/deportesanluis.com.ar\/?s={search_term_string}"},"query-input":{"@type":"PropertyValueSpecification","valueRequired":true,"valueName":"search_term_string"}}],"inLanguage":"es-AR"},{"@type":"Organization","@id":"https:\/\/deportesanluis.com.ar\/#organization","name":"DSL","alternateName":"Deporte SL","url":"https:\/\/deportesanluis.com.ar\/","logo":{"@type":"ImageObject","inLanguage":"es-AR","@id":"https:\/\/deportesanluis.com.ar\/#\/schema\/logo\/image\/","url":"https:\/\/deportesanluis.com.ar\/wp-content\/uploads\/2023\/06\/DSL-Logo-2023-5.jpg","contentUrl":"https:\/\/deportesanluis.com.ar\/wp-content\/uploads\/2023\/06\/DSL-Logo-2023-5.jpg","width":1718,"height":845,"caption":"DSL"},"image":{"@id":"https:\/\/deportesanluis.com.ar\/#\/schema\/logo\/image\/"},"sameAs":["https:\/\/www.facebook.com\/DSLDeporteSanLuis","https:\/\/x.com\/deportesanluis","https:\/\/www.instagram.com\/dsl_deportesanluis\/"]},{"@type":"Person","@id":"https:\/\/deportesanluis.com.ar\/#\/schema\/person\/4b3e665481e93d271fced43ee48143c8","name":"admin","image":{"@type":"ImageObject","inLanguage":"es-AR","@id":"https:\/\/secure.gravatar.com\/avatar\/5424b2c21466f502587708c43dbe2dc47b5e643fec67835095677cd3af6ba546?s=96&d=mm&r=g","url":"https:\/\/secure.gravatar.com\/avatar\/5424b2c21466f502587708c43dbe2dc47b5e643fec67835095677cd3af6ba546?s=96&d=mm&r=g","contentUrl":"https:\/\/secure.gravatar.com\/avatar\/5424b2c21466f502587708c43dbe2dc47b5e643fec67835095677cd3af6ba546?s=96&d=mm&r=g","caption":"admin"},"sameAs":["https:\/\/deportesanluis.com.ar"],"url":"https:\/\/deportesanluis.com.ar\/author\/admin\/"}]}},"_links":{"self":[{"href":"https:\/\/deportesanluis.com.ar\/wp-json\/wp\/v2\/posts\/29895","targetHints":{"allow":["GET"]}}],"collection":[{"href":"https:\/\/deportesanluis.com.ar\/wp-json\/wp\/v2\/posts"}],"about":[{"href":"https:\/\/deportesanluis.com.ar\/wp-json\/wp\/v2\/types\/post"}],"author":[{"embeddable":true,"href":"https:\/\/deportesanluis.com.ar\/wp-json\/wp\/v2\/users\/1"}],"replies":[{"embeddable":true,"href":"https:\/\/deportesanluis.com.ar\/wp-json\/wp\/v2\/comments?post=29895"}],"version-history":[{"count":0,"href":"https:\/\/deportesanluis.com.ar\/wp-json\/wp\/v2\/posts\/29895\/revisions"}],"wp:featuredmedia":[{"embeddable":true,"href":"https:\/\/deportesanluis.com.ar\/wp-json\/wp\/v2\/media\/29897"}],"wp:attachment":[{"href":"https:\/\/deportesanluis.com.ar\/wp-json\/wp\/v2\/media?parent=29895"}],"wp:term":[{"taxonomy":"category","embeddable":true,"href":"https:\/\/deportesanluis.com.ar\/wp-json\/wp\/v2\/categories?post=29895"},{"taxonomy":"post_tag","embeddable":true,"href":"https:\/\/deportesanluis.com.ar\/wp-json\/wp\/v2\/tags?post=29895"}],"curies":[{"name":"wp","href":"https:\/\/api.w.org\/{rel}","templated":true}]}}