{"id":30149,"date":"2026-01-08T13:32:07","date_gmt":"2026-01-08T16:32:07","guid":{"rendered":"https:\/\/deportesanluis.com.ar\/?p=30149"},"modified":"2026-01-17T10:51:11","modified_gmt":"2026-01-17T13:51:11","slug":"se-complica-la-presencia-en-la-liga-federal-de-basquet","status":"publish","type":"post","link":"https:\/\/deportesanluis.com.ar\/se-complica-la-presencia-en-la-liga-federal-de-basquet\/","title":{"rendered":"Se complica la presencia en La Liga Federal de B\u00e1squet"},"content":{"rendered":"<p>No bien termin\u00f3 la temporada 2025 de la Liga Provincial de B\u00e1squet, todas las miradas apuntaron a Guay Cur\u00fa y Jorge Newbery de Villa Mercedes porqu\u00e9, deportivamente, lograron sus clasificaciones a la Liga Federal.<\/p>\n<p>Fernando Guzm\u00e1n, t\u00e9cnico y referente dirigencial de Guay Cur\u00fa, le confirm\u00f3 a DSL que contin\u00faan trabajando para llegar al presupuesto. &#8220;Estamos tratando de cerrar con dos patrocinadores y ah\u00ed llegar\u00edamos. Lo tenemos que definir esta semana si o si&#8221;, agreg\u00f3.<\/p>\n<p>Jorge Newbery es otro de los que ten\u00edan el derecho a jugar La Liga Federal pero la dirigencia confirm\u00f3 que no cuentan con el presupuesto y que no ser\u00e1n de la competencia.<\/p>\n<p>Finalmente y si bien no contaba con la plaza, GEPU es uno de los que siempre se anima a jugar el Federal. Pues bien, esta vez ser\u00e1 la excepci\u00f3n.<\/p>\n<p>Eugenia Bustos, directora deportiva del &#8220;Lobo&#8221;, le confirm\u00f3 a DSL que &#8220;la actualidad del club hace imposible jugar sumado a qu\u00e9, si lo jugar\u00e1 y saliera campe\u00f3n, no podr\u00eda ascender a La Liga Argentina por la sanci\u00f3n recibida&#8221;.<\/p>\n<p>Bustos hace menci\u00f3n a la suspensi\u00f3n de cinco temporadas que recibi\u00f3 GEPU cuando no respeto los plazos para informar si jugaba o no en el 2024. &#8220;Si la hubiese respetado, ten\u00eda opciones de jugarla, de vender la plaza o armar una alianza estrat\u00e9gica en d\u00f3nde otro club hacia uso de esa plaza por tiempo determinado&#8221;, agrega.<\/p>\n<p>De esta manera y por el momento, la Liga Federal de B\u00e1squet 2026 es una verdadera inc\u00f3gnita para San Luis.<\/p>\n<hr \/>\n<p><strong>Nota:<\/strong> Redacci\u00f3n<\/p>\n","protected":false},"excerpt":{"rendered":"<p>Si bien Guay Cur\u00fa trabaja a contrarreloj para alcanzar el presupuesto, hoy su participaci\u00f3n es una verdadera inc\u00f3gnita. Jorge Newbery y GEPU desistieron.<\/p>\n","protected":false},"author":1,"featured_media":26018,"comment_status":"closed","ping_status":"closed","sticky":false,"template":"","format":"standard","meta":{"footnotes":""},"categories":[88,35,156],"tags":[37,187],"class_list":{"0":"post-30149","1":"post","2":"type-post","3":"status-publish","4":"format-standard","5":"has-post-thumbnail","7":"category-88","8":"category-basquet","9":"category-lfb","10":"tag-basquet","11":"tag-lfb"},"yoast_head":"<!-- This site is optimized with the Yoast SEO plugin v27.4 - https:\/\/yoast.com\/product\/yoast-seo-wordpress\/ -->\n<title>Se complica la presencia en La Liga Federal de B\u00e1squet - DSL<\/title>\n<meta name=\"description\" content=\"Si bien Guay Cur\u00fa trabaja a contrarreloj para alcanzar el presupuesto, hoy su participaci\u00f3n es una verdadera inc\u00f3gnita. Jorge Newbery y GEPU desistieron.\" \/>\n<meta name=\"robots\" content=\"index, follow, max-snippet:-1, max-image-preview:large, max-video-preview:-1\" \/>\n<link rel=\"canonical\" href=\"https:\/\/deportesanluis.com.ar\/se-complica-la-presencia-en-la-liga-federal-de-basquet\/\" \/>\n<meta property=\"og:locale\" content=\"es_ES\" \/>\n<meta property=\"og:type\" content=\"article\" \/>\n<meta property=\"og:title\" content=\"Se complica la presencia en La Liga Federal de B\u00e1squet - DSL\" \/>\n<meta property=\"og:description\" content=\"Si bien Guay Cur\u00fa trabaja a contrarreloj para alcanzar el presupuesto, hoy su participaci\u00f3n es una verdadera inc\u00f3gnita. Jorge Newbery y GEPU desistieron.\" \/>\n<meta property=\"og:url\" content=\"https:\/\/deportesanluis.com.ar\/se-complica-la-presencia-en-la-liga-federal-de-basquet\/\" \/>\n<meta property=\"og:site_name\" content=\"DSL\" \/>\n<meta property=\"article:publisher\" content=\"https:\/\/www.facebook.com\/DSLDeporteSanLuis\" \/>\n<meta property=\"article:published_time\" content=\"2026-01-08T16:32:07+00:00\" \/>\n<meta property=\"article:modified_time\" content=\"2026-01-17T13:51:11+00:00\" \/>\n<meta property=\"og:image\" content=\"https:\/\/deportesanluis.com.ar\/wp-content\/uploads\/2025\/03\/LFB2025-Portada.jpg\" \/>\n\t<meta property=\"og:image:width\" content=\"800\" \/>\n\t<meta property=\"og:image:height\" content=\"500\" \/>\n\t<meta property=\"og:image:type\" content=\"image\/jpeg\" \/>\n<meta name=\"author\" content=\"admin\" \/>\n<meta name=\"twitter:card\" content=\"summary_large_image\" \/>\n<meta name=\"twitter:creator\" content=\"@deportesanluis\" \/>\n<meta name=\"twitter:site\" content=\"@deportesanluis\" \/>\n<meta name=\"twitter:label1\" content=\"Escrito por\" \/>\n\t<meta name=\"twitter:data1\" content=\"admin\" \/>\n\t<meta name=\"twitter:label2\" content=\"Tiempo de lectura\" \/>\n\t<meta name=\"twitter:data2\" content=\"2 minutos\" \/>\n<script type=\"application\/ld+json\" class=\"yoast-schema-graph\">{\"@context\":\"https:\\\/\\\/schema.org\",\"@graph\":[{\"@type\":\"Article\",\"@id\":\"https:\\\/\\\/deportesanluis.com.ar\\\/se-complica-la-presencia-en-la-liga-federal-de-basquet\\\/#article\",\"isPartOf\":{\"@id\":\"https:\\\/\\\/deportesanluis.com.ar\\\/se-complica-la-presencia-en-la-liga-federal-de-basquet\\\/\"},\"author\":{\"name\":\"admin\",\"@id\":\"https:\\\/\\\/deportesanluis.com.ar\\\/#\\\/schema\\\/person\\\/4b3e665481e93d271fced43ee48143c8\"},\"headline\":\"Se complica la presencia en La Liga Federal de B\u00e1squet\",\"datePublished\":\"2026-01-08T16:32:07+00:00\",\"dateModified\":\"2026-01-17T13:51:11+00:00\",\"mainEntityOfPage\":{\"@id\":\"https:\\\/\\\/deportesanluis.com.ar\\\/se-complica-la-presencia-en-la-liga-federal-de-basquet\\\/\"},\"wordCount\":278,\"publisher\":{\"@id\":\"https:\\\/\\\/deportesanluis.com.ar\\\/#organization\"},\"image\":{\"@id\":\"https:\\\/\\\/deportesanluis.com.ar\\\/se-complica-la-presencia-en-la-liga-federal-de-basquet\\\/#primaryimage\"},\"thumbnailUrl\":\"https:\\\/\\\/deportesanluis.com.ar\\\/wp-content\\\/uploads\\\/2025\\\/03\\\/LFB2025-Portada.jpg\",\"keywords\":[\"B\u00e1squet\",\"LFB\"],\"articleSection\":[\"14\",\"B\u00e1squet\",\"LFB\"],\"inLanguage\":\"es-AR\"},{\"@type\":\"WebPage\",\"@id\":\"https:\\\/\\\/deportesanluis.com.ar\\\/se-complica-la-presencia-en-la-liga-federal-de-basquet\\\/\",\"url\":\"https:\\\/\\\/deportesanluis.com.ar\\\/se-complica-la-presencia-en-la-liga-federal-de-basquet\\\/\",\"name\":\"Se complica la presencia en La Liga Federal de B\u00e1squet - DSL\",\"isPartOf\":{\"@id\":\"https:\\\/\\\/deportesanluis.com.ar\\\/#website\"},\"primaryImageOfPage\":{\"@id\":\"https:\\\/\\\/deportesanluis.com.ar\\\/se-complica-la-presencia-en-la-liga-federal-de-basquet\\\/#primaryimage\"},\"image\":{\"@id\":\"https:\\\/\\\/deportesanluis.com.ar\\\/se-complica-la-presencia-en-la-liga-federal-de-basquet\\\/#primaryimage\"},\"thumbnailUrl\":\"https:\\\/\\\/deportesanluis.com.ar\\\/wp-content\\\/uploads\\\/2025\\\/03\\\/LFB2025-Portada.jpg\",\"datePublished\":\"2026-01-08T16:32:07+00:00\",\"dateModified\":\"2026-01-17T13:51:11+00:00\",\"description\":\"Si bien Guay Cur\u00fa trabaja a contrarreloj para alcanzar el presupuesto, hoy su participaci\u00f3n es una verdadera inc\u00f3gnita. Jorge Newbery y GEPU desistieron.\",\"breadcrumb\":{\"@id\":\"https:\\\/\\\/deportesanluis.com.ar\\\/se-complica-la-presencia-en-la-liga-federal-de-basquet\\\/#breadcrumb\"},\"inLanguage\":\"es-AR\",\"potentialAction\":[{\"@type\":\"ReadAction\",\"target\":[\"https:\\\/\\\/deportesanluis.com.ar\\\/se-complica-la-presencia-en-la-liga-federal-de-basquet\\\/\"]}]},{\"@type\":\"ImageObject\",\"inLanguage\":\"es-AR\",\"@id\":\"https:\\\/\\\/deportesanluis.com.ar\\\/se-complica-la-presencia-en-la-liga-federal-de-basquet\\\/#primaryimage\",\"url\":\"https:\\\/\\\/deportesanluis.com.ar\\\/wp-content\\\/uploads\\\/2025\\\/03\\\/LFB2025-Portada.jpg\",\"contentUrl\":\"https:\\\/\\\/deportesanluis.com.ar\\\/wp-content\\\/uploads\\\/2025\\\/03\\\/LFB2025-Portada.jpg\",\"width\":800,\"height\":500},{\"@type\":\"BreadcrumbList\",\"@id\":\"https:\\\/\\\/deportesanluis.com.ar\\\/se-complica-la-presencia-en-la-liga-federal-de-basquet\\\/#breadcrumb\",\"itemListElement\":[{\"@type\":\"ListItem\",\"position\":1,\"name\":\"Home\",\"item\":\"https:\\\/\\\/deportesanluis.com.ar\\\/\"},{\"@type\":\"ListItem\",\"position\":2,\"name\":\"Se complica la presencia en La Liga Federal de B\u00e1squet\"}]},{\"@type\":\"WebSite\",\"@id\":\"https:\\\/\\\/deportesanluis.com.ar\\\/#website\",\"url\":\"https:\\\/\\\/deportesanluis.com.ar\\\/\",\"name\":\"deportesanluis.com.ar\",\"description\":\"Noticias de Deporte de San Luis\",\"publisher\":{\"@id\":\"https:\\\/\\\/deportesanluis.com.ar\\\/#organization\"},\"alternateName\":\"Deporte SL\",\"potentialAction\":[{\"@type\":\"SearchAction\",\"target\":{\"@type\":\"EntryPoint\",\"urlTemplate\":\"https:\\\/\\\/deportesanluis.com.ar\\\/?s={search_term_string}\"},\"query-input\":{\"@type\":\"PropertyValueSpecification\",\"valueRequired\":true,\"valueName\":\"search_term_string\"}}],\"inLanguage\":\"es-AR\"},{\"@type\":\"Organization\",\"@id\":\"https:\\\/\\\/deportesanluis.com.ar\\\/#organization\",\"name\":\"DSL\",\"alternateName\":\"Deporte SL\",\"url\":\"https:\\\/\\\/deportesanluis.com.ar\\\/\",\"logo\":{\"@type\":\"ImageObject\",\"inLanguage\":\"es-AR\",\"@id\":\"https:\\\/\\\/deportesanluis.com.ar\\\/#\\\/schema\\\/logo\\\/image\\\/\",\"url\":\"https:\\\/\\\/deportesanluis.com.ar\\\/wp-content\\\/uploads\\\/2023\\\/06\\\/DSL-Logo-2023-5.jpg\",\"contentUrl\":\"https:\\\/\\\/deportesanluis.com.ar\\\/wp-content\\\/uploads\\\/2023\\\/06\\\/DSL-Logo-2023-5.jpg\",\"width\":1718,\"height\":845,\"caption\":\"DSL\"},\"image\":{\"@id\":\"https:\\\/\\\/deportesanluis.com.ar\\\/#\\\/schema\\\/logo\\\/image\\\/\"},\"sameAs\":[\"https:\\\/\\\/www.facebook.com\\\/DSLDeporteSanLuis\",\"https:\\\/\\\/x.com\\\/deportesanluis\",\"https:\\\/\\\/www.instagram.com\\\/dsl_deportesanluis\\\/\"]},{\"@type\":\"Person\",\"@id\":\"https:\\\/\\\/deportesanluis.com.ar\\\/#\\\/schema\\\/person\\\/4b3e665481e93d271fced43ee48143c8\",\"name\":\"admin\",\"image\":{\"@type\":\"ImageObject\",\"inLanguage\":\"es-AR\",\"@id\":\"https:\\\/\\\/secure.gravatar.com\\\/avatar\\\/5424b2c21466f502587708c43dbe2dc47b5e643fec67835095677cd3af6ba546?s=96&d=mm&r=g\",\"url\":\"https:\\\/\\\/secure.gravatar.com\\\/avatar\\\/5424b2c21466f502587708c43dbe2dc47b5e643fec67835095677cd3af6ba546?s=96&d=mm&r=g\",\"contentUrl\":\"https:\\\/\\\/secure.gravatar.com\\\/avatar\\\/5424b2c21466f502587708c43dbe2dc47b5e643fec67835095677cd3af6ba546?s=96&d=mm&r=g\",\"caption\":\"admin\"},\"sameAs\":[\"https:\\\/\\\/deportesanluis.com.ar\"],\"url\":\"https:\\\/\\\/deportesanluis.com.ar\\\/author\\\/admin\\\/\"}]}<\/script>\n<!-- \/ Yoast SEO plugin. -->","yoast_head_json":{"title":"Se complica la presencia en La Liga Federal de B\u00e1squet - DSL","description":"Si bien Guay Cur\u00fa trabaja a contrarreloj para alcanzar el presupuesto, hoy su participaci\u00f3n es una verdadera inc\u00f3gnita. Jorge Newbery y GEPU desistieron.","robots":{"index":"index","follow":"follow","max-snippet":"max-snippet:-1","max-image-preview":"max-image-preview:large","max-video-preview":"max-video-preview:-1"},"canonical":"https:\/\/deportesanluis.com.ar\/se-complica-la-presencia-en-la-liga-federal-de-basquet\/","og_locale":"es_ES","og_type":"article","og_title":"Se complica la presencia en La Liga Federal de B\u00e1squet - DSL","og_description":"Si bien Guay Cur\u00fa trabaja a contrarreloj para alcanzar el presupuesto, hoy su participaci\u00f3n es una verdadera inc\u00f3gnita. Jorge Newbery y GEPU desistieron.","og_url":"https:\/\/deportesanluis.com.ar\/se-complica-la-presencia-en-la-liga-federal-de-basquet\/","og_site_name":"DSL","article_publisher":"https:\/\/www.facebook.com\/DSLDeporteSanLuis","article_published_time":"2026-01-08T16:32:07+00:00","article_modified_time":"2026-01-17T13:51:11+00:00","og_image":[{"width":800,"height":500,"url":"https:\/\/deportesanluis.com.ar\/wp-content\/uploads\/2025\/03\/LFB2025-Portada.jpg","type":"image\/jpeg"}],"author":"admin","twitter_card":"summary_large_image","twitter_creator":"@deportesanluis","twitter_site":"@deportesanluis","twitter_misc":{"Escrito por":"admin","Tiempo de lectura":"2 minutos"},"schema":{"@context":"https:\/\/schema.org","@graph":[{"@type":"Article","@id":"https:\/\/deportesanluis.com.ar\/se-complica-la-presencia-en-la-liga-federal-de-basquet\/#article","isPartOf":{"@id":"https:\/\/deportesanluis.com.ar\/se-complica-la-presencia-en-la-liga-federal-de-basquet\/"},"author":{"name":"admin","@id":"https:\/\/deportesanluis.com.ar\/#\/schema\/person\/4b3e665481e93d271fced43ee48143c8"},"headline":"Se complica la presencia en La Liga Federal de B\u00e1squet","datePublished":"2026-01-08T16:32:07+00:00","dateModified":"2026-01-17T13:51:11+00:00","mainEntityOfPage":{"@id":"https:\/\/deportesanluis.com.ar\/se-complica-la-presencia-en-la-liga-federal-de-basquet\/"},"wordCount":278,"publisher":{"@id":"https:\/\/deportesanluis.com.ar\/#organization"},"image":{"@id":"https:\/\/deportesanluis.com.ar\/se-complica-la-presencia-en-la-liga-federal-de-basquet\/#primaryimage"},"thumbnailUrl":"https:\/\/deportesanluis.com.ar\/wp-content\/uploads\/2025\/03\/LFB2025-Portada.jpg","keywords":["B\u00e1squet","LFB"],"articleSection":["14","B\u00e1squet","LFB"],"inLanguage":"es-AR"},{"@type":"WebPage","@id":"https:\/\/deportesanluis.com.ar\/se-complica-la-presencia-en-la-liga-federal-de-basquet\/","url":"https:\/\/deportesanluis.com.ar\/se-complica-la-presencia-en-la-liga-federal-de-basquet\/","name":"Se complica la presencia en La Liga Federal de B\u00e1squet - DSL","isPartOf":{"@id":"https:\/\/deportesanluis.com.ar\/#website"},"primaryImageOfPage":{"@id":"https:\/\/deportesanluis.com.ar\/se-complica-la-presencia-en-la-liga-federal-de-basquet\/#primaryimage"},"image":{"@id":"https:\/\/deportesanluis.com.ar\/se-complica-la-presencia-en-la-liga-federal-de-basquet\/#primaryimage"},"thumbnailUrl":"https:\/\/deportesanluis.com.ar\/wp-content\/uploads\/2025\/03\/LFB2025-Portada.jpg","datePublished":"2026-01-08T16:32:07+00:00","dateModified":"2026-01-17T13:51:11+00:00","description":"Si bien Guay Cur\u00fa trabaja a contrarreloj para alcanzar el presupuesto, hoy su participaci\u00f3n es una verdadera inc\u00f3gnita. Jorge Newbery y GEPU desistieron.","breadcrumb":{"@id":"https:\/\/deportesanluis.com.ar\/se-complica-la-presencia-en-la-liga-federal-de-basquet\/#breadcrumb"},"inLanguage":"es-AR","potentialAction":[{"@type":"ReadAction","target":["https:\/\/deportesanluis.com.ar\/se-complica-la-presencia-en-la-liga-federal-de-basquet\/"]}]},{"@type":"ImageObject","inLanguage":"es-AR","@id":"https:\/\/deportesanluis.com.ar\/se-complica-la-presencia-en-la-liga-federal-de-basquet\/#primaryimage","url":"https:\/\/deportesanluis.com.ar\/wp-content\/uploads\/2025\/03\/LFB2025-Portada.jpg","contentUrl":"https:\/\/deportesanluis.com.ar\/wp-content\/uploads\/2025\/03\/LFB2025-Portada.jpg","width":800,"height":500},{"@type":"BreadcrumbList","@id":"https:\/\/deportesanluis.com.ar\/se-complica-la-presencia-en-la-liga-federal-de-basquet\/#breadcrumb","itemListElement":[{"@type":"ListItem","position":1,"name":"Home","item":"https:\/\/deportesanluis.com.ar\/"},{"@type":"ListItem","position":2,"name":"Se complica la presencia en La Liga Federal de B\u00e1squet"}]},{"@type":"WebSite","@id":"https:\/\/deportesanluis.com.ar\/#website","url":"https:\/\/deportesanluis.com.ar\/","name":"deportesanluis.com.ar","description":"Noticias de Deporte de San Luis","publisher":{"@id":"https:\/\/deportesanluis.com.ar\/#organization"},"alternateName":"Deporte SL","potentialAction":[{"@type":"SearchAction","target":{"@type":"EntryPoint","urlTemplate":"https:\/\/deportesanluis.com.ar\/?s={search_term_string}"},"query-input":{"@type":"PropertyValueSpecification","valueRequired":true,"valueName":"search_term_string"}}],"inLanguage":"es-AR"},{"@type":"Organization","@id":"https:\/\/deportesanluis.com.ar\/#organization","name":"DSL","alternateName":"Deporte SL","url":"https:\/\/deportesanluis.com.ar\/","logo":{"@type":"ImageObject","inLanguage":"es-AR","@id":"https:\/\/deportesanluis.com.ar\/#\/schema\/logo\/image\/","url":"https:\/\/deportesanluis.com.ar\/wp-content\/uploads\/2023\/06\/DSL-Logo-2023-5.jpg","contentUrl":"https:\/\/deportesanluis.com.ar\/wp-content\/uploads\/2023\/06\/DSL-Logo-2023-5.jpg","width":1718,"height":845,"caption":"DSL"},"image":{"@id":"https:\/\/deportesanluis.com.ar\/#\/schema\/logo\/image\/"},"sameAs":["https:\/\/www.facebook.com\/DSLDeporteSanLuis","https:\/\/x.com\/deportesanluis","https:\/\/www.instagram.com\/dsl_deportesanluis\/"]},{"@type":"Person","@id":"https:\/\/deportesanluis.com.ar\/#\/schema\/person\/4b3e665481e93d271fced43ee48143c8","name":"admin","image":{"@type":"ImageObject","inLanguage":"es-AR","@id":"https:\/\/secure.gravatar.com\/avatar\/5424b2c21466f502587708c43dbe2dc47b5e643fec67835095677cd3af6ba546?s=96&d=mm&r=g","url":"https:\/\/secure.gravatar.com\/avatar\/5424b2c21466f502587708c43dbe2dc47b5e643fec67835095677cd3af6ba546?s=96&d=mm&r=g","contentUrl":"https:\/\/secure.gravatar.com\/avatar\/5424b2c21466f502587708c43dbe2dc47b5e643fec67835095677cd3af6ba546?s=96&d=mm&r=g","caption":"admin"},"sameAs":["https:\/\/deportesanluis.com.ar"],"url":"https:\/\/deportesanluis.com.ar\/author\/admin\/"}]}},"_links":{"self":[{"href":"https:\/\/deportesanluis.com.ar\/wp-json\/wp\/v2\/posts\/30149","targetHints":{"allow":["GET"]}}],"collection":[{"href":"https:\/\/deportesanluis.com.ar\/wp-json\/wp\/v2\/posts"}],"about":[{"href":"https:\/\/deportesanluis.com.ar\/wp-json\/wp\/v2\/types\/post"}],"author":[{"embeddable":true,"href":"https:\/\/deportesanluis.com.ar\/wp-json\/wp\/v2\/users\/1"}],"replies":[{"embeddable":true,"href":"https:\/\/deportesanluis.com.ar\/wp-json\/wp\/v2\/comments?post=30149"}],"version-history":[{"count":0,"href":"https:\/\/deportesanluis.com.ar\/wp-json\/wp\/v2\/posts\/30149\/revisions"}],"wp:featuredmedia":[{"embeddable":true,"href":"https:\/\/deportesanluis.com.ar\/wp-json\/wp\/v2\/media\/26018"}],"wp:attachment":[{"href":"https:\/\/deportesanluis.com.ar\/wp-json\/wp\/v2\/media?parent=30149"}],"wp:term":[{"taxonomy":"category","embeddable":true,"href":"https:\/\/deportesanluis.com.ar\/wp-json\/wp\/v2\/categories?post=30149"},{"taxonomy":"post_tag","embeddable":true,"href":"https:\/\/deportesanluis.com.ar\/wp-json\/wp\/v2\/tags?post=30149"}],"curies":[{"name":"wp","href":"https:\/\/api.w.org\/{rel}","templated":true}]}}