{"id":30157,"date":"2026-01-09T11:15:10","date_gmt":"2026-01-09T14:15:10","guid":{"rendered":"https:\/\/deportesanluis.com.ar\/?p=30157"},"modified":"2026-01-10T13:36:54","modified_gmt":"2026-01-10T16:36:54","slug":"moyano-diaz-y-rios-desafian-al-giro-del-sol","status":"publish","type":"post","link":"https:\/\/deportesanluis.com.ar\/moyano-diaz-y-rios-desafian-al-giro-del-sol\/","title":{"rendered":"Moyano, D\u00edaz y R\u00edos desaf\u00edan al Giro del Sol"},"content":{"rendered":"<p>Desde el 9 al 11 de enero se diputa en San Juan la edici\u00f3n 24 del Giro del Sol con la presencia destacada de tres competidores puntanos.<\/p>\n<p>Se trata del puntano Tom\u00e1s Moyano, m\u00faltiple campe\u00f3n de pista y gran protagonista en el actual certamen sanjuanino, quien estar\u00e1 defendiendo la casaca de Santa Luc\u00eda-Gremios por el Deporte junto a grandes exponentes como el tunuyanino Mauricio P\u00e1ez, Mauricio Dom\u00ednguez y Alejandro Dur\u00e1n.<\/p>\n<p><a href=\"https:\/\/deportesanluis.com.ar\/wp-content\/uploads\/2025\/02\/GirodelSol25-Moyano-Etapa1.jpg\"><img loading=\"lazy\" decoding=\"async\" class=\"aligncenter size-full wp-image-25743\" src=\"https:\/\/deportesanluis.com.ar\/wp-content\/uploads\/2025\/02\/GirodelSol25-Moyano-Etapa1.jpg\" alt=\"\" width=\"800\" height=\"500\" \/><\/a><\/p>\n<p>El quinense Lorenzo D\u00edaz, que viene de destacarse en el calendario mendocino, ser\u00e1 parte del equipo Portal de San Juan que tiene como estrella a un conocedor del Giro del Sol como Ricardo Escuela.<\/p>\n<p><a href=\"https:\/\/deportesanluis.com.ar\/wp-content\/uploads\/2024\/02\/VueltaMendoza24-LorenzoDiaz-1.jpg\"><img loading=\"lazy\" decoding=\"async\" class=\"aligncenter size-full wp-image-20015\" src=\"https:\/\/deportesanluis.com.ar\/wp-content\/uploads\/2024\/02\/VueltaMendoza24-LorenzoDiaz-1.jpg\" alt=\"\" width=\"800\" height=\"500\" srcset=\"https:\/\/deportesanluis.com.ar\/wp-content\/uploads\/2024\/02\/VueltaMendoza24-LorenzoDiaz-1.jpg 800w, https:\/\/deportesanluis.com.ar\/wp-content\/uploads\/2024\/02\/VueltaMendoza24-LorenzoDiaz-1-300x188.jpg 300w, https:\/\/deportesanluis.com.ar\/wp-content\/uploads\/2024\/02\/VueltaMendoza24-LorenzoDiaz-1-768x480.jpg 768w, https:\/\/deportesanluis.com.ar\/wp-content\/uploads\/2024\/02\/VueltaMendoza24-LorenzoDiaz-1-150x94.jpg 150w, https:\/\/deportesanluis.com.ar\/wp-content\/uploads\/2024\/02\/VueltaMendoza24-LorenzoDiaz-1-696x435.jpg 696w, https:\/\/deportesanluis.com.ar\/wp-content\/uploads\/2024\/02\/VueltaMendoza24-LorenzoDiaz-1-128x80.jpg 128w, https:\/\/deportesanluis.com.ar\/wp-content\/uploads\/2024\/02\/VueltaMendoza24-LorenzoDiaz-1-32x20.jpg 32w\" sizes=\"auto, (max-width: 800px) 100vw, 800px\" \/><\/a><\/p>\n<p>Finalmente, Lautaro R\u00edos es uno de los Sub23 del equipo Salda\u00f1o-Jacomo que tendr\u00e1 como estandarte a Diego Valenzuela.<\/p>\n<p>Este viernes se disputar\u00e1 la Etapa 1, un recorrido de 125,1kms. con largada y meta en Parque Norte con previo paso por San Mart\u00edn.<\/p>\n<p><img decoding=\"async\" src=\"https:\/\/scontent.fmdz4-1.fna.fbcdn.net\/v\/t51.82787-15\/604130491_18341760910228044_6167632676933163629_n.webp?stp=dst-jpg_tt6&amp;_nc_cat=100&amp;ccb=1-7&amp;_nc_sid=127cfc&amp;_nc_eui2=AeHeluCMcyaBB6L8U6lXyz0G_wsJQ1aMGIn_CwlDVowYiY4AF_mGTtR_pzBpHbBd5jI&amp;_nc_ohc=W0oprqayKU4Q7kNvwH2m5Du&amp;_nc_oc=AdnqEojMeaVwCbQXT_ETSjFL5O2CP1_hW7iSNituopwLefCyArddVkMcekKX0wc5WGs&amp;_nc_zt=23&amp;_nc_ht=scontent.fmdz4-1.fna&amp;_nc_gid=Icwr3JCvhOLUtS_kotVy1g&amp;oh=00_AfrA4q4bs6lP5f2ntaIUutLEHDu6vuFnq8N6i40NklRt0g&amp;oe=6966F299\" alt=\"No hay ninguna descripci\u00f3n de la foto disponible.\" \/><\/p>\n<p>El s\u00e1bado se realizar\u00e1 la Etapa 2, un exigente recorrido de 152,8kms. de monta\u00f1a con largada y meta en Chimbas y previo paso por Ull\u00fam, escenario donde, el domingo por la ma\u00f1ana, se disputar\u00e1 la Etapa 3, una Crono Individual de 9,3kms.<\/p>\n<p>El mismo domingo pero por la tarde, llegar\u00e1 a su fin el Giro 2026 con la Etapa 4 con epicentro en Pocito con previo recorrido por Caucete, una extensi\u00f3n de 147,6kms.<\/p>\n<p>Adem\u00e1s de los tres puntanos, entre los participantes se destacan Marcos M\u00e9ndez de Fundaci\u00f3n Diberboll; Juli\u00e1n Barrientos de Municipalidad de Chimbas; Leonardo Cobarrubia del SEP San Juan; Dar\u00edo \u00c1lvarez del Team Del Valle; Alejandro Cabral del FX Neum\u00e1ticos; Ramiro Rojas del Man\u00ed Zabala; Sergio Aguirre de Municipalidad de Rivadavia; Gerardo Tivani, Rodrigo D\u00edaz, Leandro Velardez y Maximiliano Navarrete de Municipalidad de Pocitos; Mat\u00edas Balmaceda de Fuerza Activa; Mat\u00edas Contreras y Franco Vecchi de Municipalidad de Godoy Cruz.<\/p>\n<hr \/>\n<p><strong>Nota:<\/strong> Redacci\u00f3n <strong>Fotos:<\/strong> Archivo<\/p>\n","protected":false},"excerpt":{"rendered":"<p>Los puntanos estar\u00e1n participando en la 24 edici\u00f3n de la tradicional cita sanjuanina que comenzar\u00e1 esta tarde con 125 kms. de recorrido entre Parque Norte y San Mart\u00edn.\u00a0<\/p>\n","protected":false},"author":1,"featured_media":19516,"comment_status":"closed","ping_status":"closed","sticky":false,"template":"","format":"standard","meta":{"footnotes":""},"categories":[75,40,32],"tags":[41],"class_list":{"0":"post-30157","1":"post","2":"type-post","3":"status-publish","4":"format-standard","5":"has-post-thumbnail","7":"category-75","8":"category-ciclismo","9":"category-poli","10":"tag-ciclismo"},"yoast_head":"<!-- This site is optimized with the Yoast SEO plugin v27.4 - https:\/\/yoast.com\/product\/yoast-seo-wordpress\/ -->\n<title>Moyano, D\u00edaz y R\u00edos desaf\u00edan al Giro del Sol - DSL<\/title>\n<meta name=\"description\" content=\"Los puntanos estar\u00e1n participando en la 24 edici\u00f3n de la tradicional cita sanjuanina que comenzar\u00e1 esta tarde con 125 kms. de recorrido entre Parque Norte y San Mart\u00edn.\u00a0\" \/>\n<meta name=\"robots\" content=\"index, follow, max-snippet:-1, max-image-preview:large, max-video-preview:-1\" \/>\n<link rel=\"canonical\" href=\"https:\/\/deportesanluis.com.ar\/moyano-diaz-y-rios-desafian-al-giro-del-sol\/\" \/>\n<meta property=\"og:locale\" content=\"es_ES\" \/>\n<meta property=\"og:type\" content=\"article\" \/>\n<meta property=\"og:title\" content=\"Moyano, D\u00edaz y R\u00edos desaf\u00edan al Giro del Sol - DSL\" \/>\n<meta property=\"og:description\" content=\"Los puntanos estar\u00e1n participando en la 24 edici\u00f3n de la tradicional cita sanjuanina que comenzar\u00e1 esta tarde con 125 kms. de recorrido entre Parque Norte y San Mart\u00edn.\u00a0\" \/>\n<meta property=\"og:url\" content=\"https:\/\/deportesanluis.com.ar\/moyano-diaz-y-rios-desafian-al-giro-del-sol\/\" \/>\n<meta property=\"og:site_name\" content=\"DSL\" \/>\n<meta property=\"article:publisher\" content=\"https:\/\/www.facebook.com\/DSLDeporteSanLuis\" \/>\n<meta property=\"article:published_time\" content=\"2026-01-09T14:15:10+00:00\" \/>\n<meta property=\"article:modified_time\" content=\"2026-01-10T16:36:54+00:00\" \/>\n<meta property=\"og:image\" content=\"https:\/\/deportesanluis.com.ar\/wp-content\/uploads\/2024\/01\/Ciclismo24-GirodelSol-Previa.jpg\" \/>\n\t<meta property=\"og:image:width\" content=\"800\" \/>\n\t<meta property=\"og:image:height\" content=\"500\" \/>\n\t<meta property=\"og:image:type\" content=\"image\/jpeg\" \/>\n<meta name=\"author\" content=\"admin\" \/>\n<meta name=\"twitter:card\" content=\"summary_large_image\" \/>\n<meta name=\"twitter:creator\" content=\"@deportesanluis\" \/>\n<meta name=\"twitter:site\" content=\"@deportesanluis\" \/>\n<meta name=\"twitter:label1\" content=\"Escrito por\" \/>\n\t<meta name=\"twitter:data1\" content=\"admin\" \/>\n\t<meta name=\"twitter:label2\" content=\"Tiempo de lectura\" \/>\n\t<meta name=\"twitter:data2\" content=\"3 minutos\" \/>\n<script type=\"application\/ld+json\" class=\"yoast-schema-graph\">{\"@context\":\"https:\\\/\\\/schema.org\",\"@graph\":[{\"@type\":\"Article\",\"@id\":\"https:\\\/\\\/deportesanluis.com.ar\\\/moyano-diaz-y-rios-desafian-al-giro-del-sol\\\/#article\",\"isPartOf\":{\"@id\":\"https:\\\/\\\/deportesanluis.com.ar\\\/moyano-diaz-y-rios-desafian-al-giro-del-sol\\\/\"},\"author\":{\"name\":\"admin\",\"@id\":\"https:\\\/\\\/deportesanluis.com.ar\\\/#\\\/schema\\\/person\\\/4b3e665481e93d271fced43ee48143c8\"},\"headline\":\"Moyano, D\u00edaz y R\u00edos desaf\u00edan al Giro del Sol\",\"datePublished\":\"2026-01-09T14:15:10+00:00\",\"dateModified\":\"2026-01-10T16:36:54+00:00\",\"mainEntityOfPage\":{\"@id\":\"https:\\\/\\\/deportesanluis.com.ar\\\/moyano-diaz-y-rios-desafian-al-giro-del-sol\\\/\"},\"wordCount\":331,\"publisher\":{\"@id\":\"https:\\\/\\\/deportesanluis.com.ar\\\/#organization\"},\"image\":{\"@id\":\"https:\\\/\\\/deportesanluis.com.ar\\\/moyano-diaz-y-rios-desafian-al-giro-del-sol\\\/#primaryimage\"},\"thumbnailUrl\":\"https:\\\/\\\/deportesanluis.com.ar\\\/wp-content\\\/uploads\\\/2024\\\/01\\\/Ciclismo24-GirodelSol-Previa.jpg\",\"keywords\":[\"Ciclismo\"],\"articleSection\":[\"15\",\"Ciclismo\",\"Poli\"],\"inLanguage\":\"es-AR\"},{\"@type\":\"WebPage\",\"@id\":\"https:\\\/\\\/deportesanluis.com.ar\\\/moyano-diaz-y-rios-desafian-al-giro-del-sol\\\/\",\"url\":\"https:\\\/\\\/deportesanluis.com.ar\\\/moyano-diaz-y-rios-desafian-al-giro-del-sol\\\/\",\"name\":\"Moyano, D\u00edaz y R\u00edos desaf\u00edan al Giro del Sol - DSL\",\"isPartOf\":{\"@id\":\"https:\\\/\\\/deportesanluis.com.ar\\\/#website\"},\"primaryImageOfPage\":{\"@id\":\"https:\\\/\\\/deportesanluis.com.ar\\\/moyano-diaz-y-rios-desafian-al-giro-del-sol\\\/#primaryimage\"},\"image\":{\"@id\":\"https:\\\/\\\/deportesanluis.com.ar\\\/moyano-diaz-y-rios-desafian-al-giro-del-sol\\\/#primaryimage\"},\"thumbnailUrl\":\"https:\\\/\\\/deportesanluis.com.ar\\\/wp-content\\\/uploads\\\/2024\\\/01\\\/Ciclismo24-GirodelSol-Previa.jpg\",\"datePublished\":\"2026-01-09T14:15:10+00:00\",\"dateModified\":\"2026-01-10T16:36:54+00:00\",\"description\":\"Los puntanos estar\u00e1n participando en la 24 edici\u00f3n de la tradicional cita sanjuanina que comenzar\u00e1 esta tarde con 125 kms. de recorrido entre Parque Norte y San Mart\u00edn.\u00a0\",\"breadcrumb\":{\"@id\":\"https:\\\/\\\/deportesanluis.com.ar\\\/moyano-diaz-y-rios-desafian-al-giro-del-sol\\\/#breadcrumb\"},\"inLanguage\":\"es-AR\",\"potentialAction\":[{\"@type\":\"ReadAction\",\"target\":[\"https:\\\/\\\/deportesanluis.com.ar\\\/moyano-diaz-y-rios-desafian-al-giro-del-sol\\\/\"]}]},{\"@type\":\"ImageObject\",\"inLanguage\":\"es-AR\",\"@id\":\"https:\\\/\\\/deportesanluis.com.ar\\\/moyano-diaz-y-rios-desafian-al-giro-del-sol\\\/#primaryimage\",\"url\":\"https:\\\/\\\/deportesanluis.com.ar\\\/wp-content\\\/uploads\\\/2024\\\/01\\\/Ciclismo24-GirodelSol-Previa.jpg\",\"contentUrl\":\"https:\\\/\\\/deportesanluis.com.ar\\\/wp-content\\\/uploads\\\/2024\\\/01\\\/Ciclismo24-GirodelSol-Previa.jpg\",\"width\":800,\"height\":500},{\"@type\":\"BreadcrumbList\",\"@id\":\"https:\\\/\\\/deportesanluis.com.ar\\\/moyano-diaz-y-rios-desafian-al-giro-del-sol\\\/#breadcrumb\",\"itemListElement\":[{\"@type\":\"ListItem\",\"position\":1,\"name\":\"Home\",\"item\":\"https:\\\/\\\/deportesanluis.com.ar\\\/\"},{\"@type\":\"ListItem\",\"position\":2,\"name\":\"Moyano, D\u00edaz y R\u00edos desaf\u00edan al Giro del Sol\"}]},{\"@type\":\"WebSite\",\"@id\":\"https:\\\/\\\/deportesanluis.com.ar\\\/#website\",\"url\":\"https:\\\/\\\/deportesanluis.com.ar\\\/\",\"name\":\"deportesanluis.com.ar\",\"description\":\"Noticias de Deporte de San Luis\",\"publisher\":{\"@id\":\"https:\\\/\\\/deportesanluis.com.ar\\\/#organization\"},\"alternateName\":\"Deporte SL\",\"potentialAction\":[{\"@type\":\"SearchAction\",\"target\":{\"@type\":\"EntryPoint\",\"urlTemplate\":\"https:\\\/\\\/deportesanluis.com.ar\\\/?s={search_term_string}\"},\"query-input\":{\"@type\":\"PropertyValueSpecification\",\"valueRequired\":true,\"valueName\":\"search_term_string\"}}],\"inLanguage\":\"es-AR\"},{\"@type\":\"Organization\",\"@id\":\"https:\\\/\\\/deportesanluis.com.ar\\\/#organization\",\"name\":\"DSL\",\"alternateName\":\"Deporte SL\",\"url\":\"https:\\\/\\\/deportesanluis.com.ar\\\/\",\"logo\":{\"@type\":\"ImageObject\",\"inLanguage\":\"es-AR\",\"@id\":\"https:\\\/\\\/deportesanluis.com.ar\\\/#\\\/schema\\\/logo\\\/image\\\/\",\"url\":\"https:\\\/\\\/deportesanluis.com.ar\\\/wp-content\\\/uploads\\\/2023\\\/06\\\/DSL-Logo-2023-5.jpg\",\"contentUrl\":\"https:\\\/\\\/deportesanluis.com.ar\\\/wp-content\\\/uploads\\\/2023\\\/06\\\/DSL-Logo-2023-5.jpg\",\"width\":1718,\"height\":845,\"caption\":\"DSL\"},\"image\":{\"@id\":\"https:\\\/\\\/deportesanluis.com.ar\\\/#\\\/schema\\\/logo\\\/image\\\/\"},\"sameAs\":[\"https:\\\/\\\/www.facebook.com\\\/DSLDeporteSanLuis\",\"https:\\\/\\\/x.com\\\/deportesanluis\",\"https:\\\/\\\/www.instagram.com\\\/dsl_deportesanluis\\\/\"]},{\"@type\":\"Person\",\"@id\":\"https:\\\/\\\/deportesanluis.com.ar\\\/#\\\/schema\\\/person\\\/4b3e665481e93d271fced43ee48143c8\",\"name\":\"admin\",\"image\":{\"@type\":\"ImageObject\",\"inLanguage\":\"es-AR\",\"@id\":\"https:\\\/\\\/secure.gravatar.com\\\/avatar\\\/5424b2c21466f502587708c43dbe2dc47b5e643fec67835095677cd3af6ba546?s=96&d=mm&r=g\",\"url\":\"https:\\\/\\\/secure.gravatar.com\\\/avatar\\\/5424b2c21466f502587708c43dbe2dc47b5e643fec67835095677cd3af6ba546?s=96&d=mm&r=g\",\"contentUrl\":\"https:\\\/\\\/secure.gravatar.com\\\/avatar\\\/5424b2c21466f502587708c43dbe2dc47b5e643fec67835095677cd3af6ba546?s=96&d=mm&r=g\",\"caption\":\"admin\"},\"sameAs\":[\"https:\\\/\\\/deportesanluis.com.ar\"],\"url\":\"https:\\\/\\\/deportesanluis.com.ar\\\/author\\\/admin\\\/\"}]}<\/script>\n<!-- \/ Yoast SEO plugin. -->","yoast_head_json":{"title":"Moyano, D\u00edaz y R\u00edos desaf\u00edan al Giro del Sol - DSL","description":"Los puntanos estar\u00e1n participando en la 24 edici\u00f3n de la tradicional cita sanjuanina que comenzar\u00e1 esta tarde con 125 kms. de recorrido entre Parque Norte y San Mart\u00edn.\u00a0","robots":{"index":"index","follow":"follow","max-snippet":"max-snippet:-1","max-image-preview":"max-image-preview:large","max-video-preview":"max-video-preview:-1"},"canonical":"https:\/\/deportesanluis.com.ar\/moyano-diaz-y-rios-desafian-al-giro-del-sol\/","og_locale":"es_ES","og_type":"article","og_title":"Moyano, D\u00edaz y R\u00edos desaf\u00edan al Giro del Sol - DSL","og_description":"Los puntanos estar\u00e1n participando en la 24 edici\u00f3n de la tradicional cita sanjuanina que comenzar\u00e1 esta tarde con 125 kms. de recorrido entre Parque Norte y San Mart\u00edn.\u00a0","og_url":"https:\/\/deportesanluis.com.ar\/moyano-diaz-y-rios-desafian-al-giro-del-sol\/","og_site_name":"DSL","article_publisher":"https:\/\/www.facebook.com\/DSLDeporteSanLuis","article_published_time":"2026-01-09T14:15:10+00:00","article_modified_time":"2026-01-10T16:36:54+00:00","og_image":[{"width":800,"height":500,"url":"https:\/\/deportesanluis.com.ar\/wp-content\/uploads\/2024\/01\/Ciclismo24-GirodelSol-Previa.jpg","type":"image\/jpeg"}],"author":"admin","twitter_card":"summary_large_image","twitter_creator":"@deportesanluis","twitter_site":"@deportesanluis","twitter_misc":{"Escrito por":"admin","Tiempo de lectura":"3 minutos"},"schema":{"@context":"https:\/\/schema.org","@graph":[{"@type":"Article","@id":"https:\/\/deportesanluis.com.ar\/moyano-diaz-y-rios-desafian-al-giro-del-sol\/#article","isPartOf":{"@id":"https:\/\/deportesanluis.com.ar\/moyano-diaz-y-rios-desafian-al-giro-del-sol\/"},"author":{"name":"admin","@id":"https:\/\/deportesanluis.com.ar\/#\/schema\/person\/4b3e665481e93d271fced43ee48143c8"},"headline":"Moyano, D\u00edaz y R\u00edos desaf\u00edan al Giro del Sol","datePublished":"2026-01-09T14:15:10+00:00","dateModified":"2026-01-10T16:36:54+00:00","mainEntityOfPage":{"@id":"https:\/\/deportesanluis.com.ar\/moyano-diaz-y-rios-desafian-al-giro-del-sol\/"},"wordCount":331,"publisher":{"@id":"https:\/\/deportesanluis.com.ar\/#organization"},"image":{"@id":"https:\/\/deportesanluis.com.ar\/moyano-diaz-y-rios-desafian-al-giro-del-sol\/#primaryimage"},"thumbnailUrl":"https:\/\/deportesanluis.com.ar\/wp-content\/uploads\/2024\/01\/Ciclismo24-GirodelSol-Previa.jpg","keywords":["Ciclismo"],"articleSection":["15","Ciclismo","Poli"],"inLanguage":"es-AR"},{"@type":"WebPage","@id":"https:\/\/deportesanluis.com.ar\/moyano-diaz-y-rios-desafian-al-giro-del-sol\/","url":"https:\/\/deportesanluis.com.ar\/moyano-diaz-y-rios-desafian-al-giro-del-sol\/","name":"Moyano, D\u00edaz y R\u00edos desaf\u00edan al Giro del Sol - DSL","isPartOf":{"@id":"https:\/\/deportesanluis.com.ar\/#website"},"primaryImageOfPage":{"@id":"https:\/\/deportesanluis.com.ar\/moyano-diaz-y-rios-desafian-al-giro-del-sol\/#primaryimage"},"image":{"@id":"https:\/\/deportesanluis.com.ar\/moyano-diaz-y-rios-desafian-al-giro-del-sol\/#primaryimage"},"thumbnailUrl":"https:\/\/deportesanluis.com.ar\/wp-content\/uploads\/2024\/01\/Ciclismo24-GirodelSol-Previa.jpg","datePublished":"2026-01-09T14:15:10+00:00","dateModified":"2026-01-10T16:36:54+00:00","description":"Los puntanos estar\u00e1n participando en la 24 edici\u00f3n de la tradicional cita sanjuanina que comenzar\u00e1 esta tarde con 125 kms. de recorrido entre Parque Norte y San Mart\u00edn.\u00a0","breadcrumb":{"@id":"https:\/\/deportesanluis.com.ar\/moyano-diaz-y-rios-desafian-al-giro-del-sol\/#breadcrumb"},"inLanguage":"es-AR","potentialAction":[{"@type":"ReadAction","target":["https:\/\/deportesanluis.com.ar\/moyano-diaz-y-rios-desafian-al-giro-del-sol\/"]}]},{"@type":"ImageObject","inLanguage":"es-AR","@id":"https:\/\/deportesanluis.com.ar\/moyano-diaz-y-rios-desafian-al-giro-del-sol\/#primaryimage","url":"https:\/\/deportesanluis.com.ar\/wp-content\/uploads\/2024\/01\/Ciclismo24-GirodelSol-Previa.jpg","contentUrl":"https:\/\/deportesanluis.com.ar\/wp-content\/uploads\/2024\/01\/Ciclismo24-GirodelSol-Previa.jpg","width":800,"height":500},{"@type":"BreadcrumbList","@id":"https:\/\/deportesanluis.com.ar\/moyano-diaz-y-rios-desafian-al-giro-del-sol\/#breadcrumb","itemListElement":[{"@type":"ListItem","position":1,"name":"Home","item":"https:\/\/deportesanluis.com.ar\/"},{"@type":"ListItem","position":2,"name":"Moyano, D\u00edaz y R\u00edos desaf\u00edan al Giro del Sol"}]},{"@type":"WebSite","@id":"https:\/\/deportesanluis.com.ar\/#website","url":"https:\/\/deportesanluis.com.ar\/","name":"deportesanluis.com.ar","description":"Noticias de Deporte de San Luis","publisher":{"@id":"https:\/\/deportesanluis.com.ar\/#organization"},"alternateName":"Deporte SL","potentialAction":[{"@type":"SearchAction","target":{"@type":"EntryPoint","urlTemplate":"https:\/\/deportesanluis.com.ar\/?s={search_term_string}"},"query-input":{"@type":"PropertyValueSpecification","valueRequired":true,"valueName":"search_term_string"}}],"inLanguage":"es-AR"},{"@type":"Organization","@id":"https:\/\/deportesanluis.com.ar\/#organization","name":"DSL","alternateName":"Deporte SL","url":"https:\/\/deportesanluis.com.ar\/","logo":{"@type":"ImageObject","inLanguage":"es-AR","@id":"https:\/\/deportesanluis.com.ar\/#\/schema\/logo\/image\/","url":"https:\/\/deportesanluis.com.ar\/wp-content\/uploads\/2023\/06\/DSL-Logo-2023-5.jpg","contentUrl":"https:\/\/deportesanluis.com.ar\/wp-content\/uploads\/2023\/06\/DSL-Logo-2023-5.jpg","width":1718,"height":845,"caption":"DSL"},"image":{"@id":"https:\/\/deportesanluis.com.ar\/#\/schema\/logo\/image\/"},"sameAs":["https:\/\/www.facebook.com\/DSLDeporteSanLuis","https:\/\/x.com\/deportesanluis","https:\/\/www.instagram.com\/dsl_deportesanluis\/"]},{"@type":"Person","@id":"https:\/\/deportesanluis.com.ar\/#\/schema\/person\/4b3e665481e93d271fced43ee48143c8","name":"admin","image":{"@type":"ImageObject","inLanguage":"es-AR","@id":"https:\/\/secure.gravatar.com\/avatar\/5424b2c21466f502587708c43dbe2dc47b5e643fec67835095677cd3af6ba546?s=96&d=mm&r=g","url":"https:\/\/secure.gravatar.com\/avatar\/5424b2c21466f502587708c43dbe2dc47b5e643fec67835095677cd3af6ba546?s=96&d=mm&r=g","contentUrl":"https:\/\/secure.gravatar.com\/avatar\/5424b2c21466f502587708c43dbe2dc47b5e643fec67835095677cd3af6ba546?s=96&d=mm&r=g","caption":"admin"},"sameAs":["https:\/\/deportesanluis.com.ar"],"url":"https:\/\/deportesanluis.com.ar\/author\/admin\/"}]}},"_links":{"self":[{"href":"https:\/\/deportesanluis.com.ar\/wp-json\/wp\/v2\/posts\/30157","targetHints":{"allow":["GET"]}}],"collection":[{"href":"https:\/\/deportesanluis.com.ar\/wp-json\/wp\/v2\/posts"}],"about":[{"href":"https:\/\/deportesanluis.com.ar\/wp-json\/wp\/v2\/types\/post"}],"author":[{"embeddable":true,"href":"https:\/\/deportesanluis.com.ar\/wp-json\/wp\/v2\/users\/1"}],"replies":[{"embeddable":true,"href":"https:\/\/deportesanluis.com.ar\/wp-json\/wp\/v2\/comments?post=30157"}],"version-history":[{"count":0,"href":"https:\/\/deportesanluis.com.ar\/wp-json\/wp\/v2\/posts\/30157\/revisions"}],"wp:featuredmedia":[{"embeddable":true,"href":"https:\/\/deportesanluis.com.ar\/wp-json\/wp\/v2\/media\/19516"}],"wp:attachment":[{"href":"https:\/\/deportesanluis.com.ar\/wp-json\/wp\/v2\/media?parent=30157"}],"wp:term":[{"taxonomy":"category","embeddable":true,"href":"https:\/\/deportesanluis.com.ar\/wp-json\/wp\/v2\/categories?post=30157"},{"taxonomy":"post_tag","embeddable":true,"href":"https:\/\/deportesanluis.com.ar\/wp-json\/wp\/v2\/tags?post=30157"}],"curies":[{"name":"wp","href":"https:\/\/api.w.org\/{rel}","templated":true}]}}