{"id":30349,"date":"2026-01-24T13:58:51","date_gmt":"2026-01-24T16:58:51","guid":{"rendered":"https:\/\/deportesanluis.com.ar\/?p=30349"},"modified":"2026-01-26T12:43:53","modified_gmt":"2026-01-26T15:43:53","slug":"lafinur-inicia-su-visita-a-tierras-sanjuaninas","status":"publish","type":"post","link":"https:\/\/deportesanluis.com.ar\/lafinur-inicia-su-visita-a-tierras-sanjuaninas\/","title":{"rendered":"Lafinur inicia su visita a tierras sanjuaninas"},"content":{"rendered":"<p>Este s\u00e1bado arranca la &#8220;mini gira&#8221; de Lafinur en San Juan por las fechas 5 y 6 de la Liga Nacional de Voley Masculino (LNVM).<\/p>\n<p>El &#8220;Cruzado&#8221;, que suma un total de 8 puntos que lo ubican en el tercer lugar de la Zona A, visitar\u00e1 esta noche a Uni\u00f3n Vecinal Trinidad (UVT) que marcha en el \u00faltimo puesto con solo 1 punto. El cruce ser\u00e1 desde las 21:00hs. con arbitraje de Agust\u00edn Del Turco y Jonatan Escudero.<\/p>\n<p>El domingo, en tanto, Lafinur estar\u00e1 en el m\u00edtico Aldo Cantoni donde enfrentar\u00e1 a un hist\u00f3rico del voley argentino, Obras Sanitarias, un equipo que marcha en el sexto puesto, a dos de los puntanos. El duelo contar\u00e1 con los arbitrajes de Fernando Montivero y Jos\u00e9 Moreno.<\/p>\n<p><strong>Cronograma &#8211; Fecha 6 &#8211; Zona A &#8211; LNVM<\/strong><\/p>\n<p>24\/01 &#8211; UVT (San Juan) vs. Lafinur<br \/>\n24\/01 &#8211; Obras (San Juan) vs. La Calera (C\u00f3rdoba)<br \/>\n24\/01 &#8211; Echag\u00fce (Paran\u00e1) vs. Libertad (San Jer\u00f3nimo)<br \/>\n24\/01 &#8211; Rowing (Paran\u00e1) vs. Villa Dora (Santa Fe)<\/p>\n<p><strong>Cronograma &#8211; Fecha 7 &#8211; Zona A &#8211; LNVM<\/strong><\/p>\n<p>25\/01 &#8211; Obras (San Juan) vs. Lafinur<br \/>\n25\/01 &#8211; UVT (San Juan) vs. La Calera (VC\u00f3rdoba)<br \/>\n25\/01 &#8211; Rowing (Paran\u00e1) vs. Libertad (San Jer\u00f3nimo)<br \/>\n25\/01 &#8211; Echag\u00fce (Paran\u00e1) vs. Villa Dora (Santa Fe)<\/p>\n<h4><strong>Posiciones &#8211; Zona A &#8211; LNVM<\/strong><\/h4>\n<p>1. La Calera (C\u00f3rdoba) 9<br \/>\n2.Villa Dora (Santa Fe) 8<br \/>\n<strong>3. Lafinur (San Luis) 8<\/strong><br \/>\n4. Rowing (Paran\u00e1) 6<br \/>\n5.Libertad (San Jer\u00f3nimo) 6<br \/>\n6.Obras (San Juan) 6<br \/>\n7.Echag\u00fce (Paran\u00e1) 4<br \/>\n8.UVT (San Juan) 1<\/p>\n<h4><strong>Posiciones &#8211; Zona B &#8211; LNVM<\/strong><\/h4>\n<p>1.Sonder (Rosario) 12<br \/>\n2.Normal 3 (Rosario) 11<br \/>\n3.CITTA (Villa Constituci\u00f3n) 9<br \/>\n4.Gimnasia y Esgrima (Santa Fe) 7<br \/>\n5.Ferro Carril Oeste (CABA) 5<br \/>\n6.Ateneo MM (Catamarca) 5<br \/>\n7.Estudiantes (La Plata) 3<br \/>\n8.Infernales (Salta) 2<\/p>\n<hr \/>\n<p><strong>Nota:<\/strong> Redacci\u00f3n<\/p>\n","protected":false},"excerpt":{"rendered":"<p>Por la tercer ventana de la Liga Nacional, el &#8220;Cruzado&#8221; visita esta noche a UVT y el domingo a Obras. Los de Irustia se ubican en el tercer lugar de la Zona A, a un punto del l\u00edder La Calera.<\/p>\n","protected":false},"author":1,"featured_media":30160,"comment_status":"closed","ping_status":"closed","sticky":false,"template":"","format":"standard","meta":{"footnotes":""},"categories":[42,32,110],"tags":[184,111],"class_list":{"0":"post-30349","1":"post","2":"type-post","3":"status-publish","4":"format-standard","5":"has-post-thumbnail","7":"category-42","8":"category-poli","9":"category-voley","10":"tag-lnvm","11":"tag-voley"},"yoast_head":"<!-- This site is optimized with the Yoast SEO plugin v27.4 - https:\/\/yoast.com\/product\/yoast-seo-wordpress\/ -->\n<title>Lafinur inicia su visita a tierras sanjuaninas - DSL<\/title>\n<meta name=\"description\" content=\"Por la tercer ventana de la Liga Nacional, el &quot;Cruzado&quot; visita esta noche a UVT y el domingo a Obras. Los de Irustia se ubican en el tercer lugar de la Zona A, a un punto del l\u00edder La Calera.\" \/>\n<meta name=\"robots\" content=\"index, follow, max-snippet:-1, max-image-preview:large, max-video-preview:-1\" \/>\n<link rel=\"canonical\" href=\"https:\/\/deportesanluis.com.ar\/lafinur-inicia-su-visita-a-tierras-sanjuaninas\/\" \/>\n<meta property=\"og:locale\" content=\"es_ES\" \/>\n<meta property=\"og:type\" content=\"article\" \/>\n<meta property=\"og:title\" content=\"Lafinur inicia su visita a tierras sanjuaninas - DSL\" \/>\n<meta property=\"og:description\" content=\"Por la tercer ventana de la Liga Nacional, el &quot;Cruzado&quot; visita esta noche a UVT y el domingo a Obras. Los de Irustia se ubican en el tercer lugar de la Zona A, a un punto del l\u00edder La Calera.\" \/>\n<meta property=\"og:url\" content=\"https:\/\/deportesanluis.com.ar\/lafinur-inicia-su-visita-a-tierras-sanjuaninas\/\" \/>\n<meta property=\"og:site_name\" content=\"DSL\" \/>\n<meta property=\"article:publisher\" content=\"https:\/\/www.facebook.com\/DSLDeporteSanLuis\" \/>\n<meta property=\"article:published_time\" content=\"2026-01-24T16:58:51+00:00\" \/>\n<meta property=\"article:modified_time\" content=\"2026-01-26T15:43:53+00:00\" \/>\n<meta property=\"og:image\" content=\"https:\/\/deportesanluis.com.ar\/wp-content\/uploads\/2026\/01\/Lafinur-triunfo-Libertad-LNVM26-1.jpg\" \/>\n\t<meta property=\"og:image:width\" content=\"1601\" \/>\n\t<meta property=\"og:image:height\" content=\"1001\" \/>\n\t<meta property=\"og:image:type\" content=\"image\/jpeg\" \/>\n<meta name=\"author\" content=\"admin\" \/>\n<meta name=\"twitter:card\" content=\"summary_large_image\" \/>\n<meta name=\"twitter:creator\" content=\"@deportesanluis\" \/>\n<meta name=\"twitter:site\" content=\"@deportesanluis\" \/>\n<meta name=\"twitter:label1\" content=\"Escrito por\" \/>\n\t<meta name=\"twitter:data1\" content=\"admin\" \/>\n\t<meta name=\"twitter:label2\" content=\"Tiempo de lectura\" \/>\n\t<meta name=\"twitter:data2\" content=\"2 minutos\" \/>\n<script type=\"application\/ld+json\" class=\"yoast-schema-graph\">{\"@context\":\"https:\\\/\\\/schema.org\",\"@graph\":[{\"@type\":\"Article\",\"@id\":\"https:\\\/\\\/deportesanluis.com.ar\\\/lafinur-inicia-su-visita-a-tierras-sanjuaninas\\\/#article\",\"isPartOf\":{\"@id\":\"https:\\\/\\\/deportesanluis.com.ar\\\/lafinur-inicia-su-visita-a-tierras-sanjuaninas\\\/\"},\"author\":{\"name\":\"admin\",\"@id\":\"https:\\\/\\\/deportesanluis.com.ar\\\/#\\\/schema\\\/person\\\/4b3e665481e93d271fced43ee48143c8\"},\"headline\":\"Lafinur inicia su visita a tierras sanjuaninas\",\"datePublished\":\"2026-01-24T16:58:51+00:00\",\"dateModified\":\"2026-01-26T15:43:53+00:00\",\"mainEntityOfPage\":{\"@id\":\"https:\\\/\\\/deportesanluis.com.ar\\\/lafinur-inicia-su-visita-a-tierras-sanjuaninas\\\/\"},\"wordCount\":278,\"publisher\":{\"@id\":\"https:\\\/\\\/deportesanluis.com.ar\\\/#organization\"},\"image\":{\"@id\":\"https:\\\/\\\/deportesanluis.com.ar\\\/lafinur-inicia-su-visita-a-tierras-sanjuaninas\\\/#primaryimage\"},\"thumbnailUrl\":\"https:\\\/\\\/deportesanluis.com.ar\\\/wp-content\\\/uploads\\\/2026\\\/01\\\/Lafinur-triunfo-Libertad-LNVM26-1.jpg\",\"keywords\":[\"LNVM\",\"Voley\"],\"articleSection\":[\"6\",\"Poli\",\"Voley\"],\"inLanguage\":\"es-AR\"},{\"@type\":\"WebPage\",\"@id\":\"https:\\\/\\\/deportesanluis.com.ar\\\/lafinur-inicia-su-visita-a-tierras-sanjuaninas\\\/\",\"url\":\"https:\\\/\\\/deportesanluis.com.ar\\\/lafinur-inicia-su-visita-a-tierras-sanjuaninas\\\/\",\"name\":\"Lafinur inicia su visita a tierras sanjuaninas - DSL\",\"isPartOf\":{\"@id\":\"https:\\\/\\\/deportesanluis.com.ar\\\/#website\"},\"primaryImageOfPage\":{\"@id\":\"https:\\\/\\\/deportesanluis.com.ar\\\/lafinur-inicia-su-visita-a-tierras-sanjuaninas\\\/#primaryimage\"},\"image\":{\"@id\":\"https:\\\/\\\/deportesanluis.com.ar\\\/lafinur-inicia-su-visita-a-tierras-sanjuaninas\\\/#primaryimage\"},\"thumbnailUrl\":\"https:\\\/\\\/deportesanluis.com.ar\\\/wp-content\\\/uploads\\\/2026\\\/01\\\/Lafinur-triunfo-Libertad-LNVM26-1.jpg\",\"datePublished\":\"2026-01-24T16:58:51+00:00\",\"dateModified\":\"2026-01-26T15:43:53+00:00\",\"description\":\"Por la tercer ventana de la Liga Nacional, el \\\"Cruzado\\\" visita esta noche a UVT y el domingo a Obras. Los de Irustia se ubican en el tercer lugar de la Zona A, a un punto del l\u00edder La Calera.\",\"breadcrumb\":{\"@id\":\"https:\\\/\\\/deportesanluis.com.ar\\\/lafinur-inicia-su-visita-a-tierras-sanjuaninas\\\/#breadcrumb\"},\"inLanguage\":\"es-AR\",\"potentialAction\":[{\"@type\":\"ReadAction\",\"target\":[\"https:\\\/\\\/deportesanluis.com.ar\\\/lafinur-inicia-su-visita-a-tierras-sanjuaninas\\\/\"]}]},{\"@type\":\"ImageObject\",\"inLanguage\":\"es-AR\",\"@id\":\"https:\\\/\\\/deportesanluis.com.ar\\\/lafinur-inicia-su-visita-a-tierras-sanjuaninas\\\/#primaryimage\",\"url\":\"https:\\\/\\\/deportesanluis.com.ar\\\/wp-content\\\/uploads\\\/2026\\\/01\\\/Lafinur-triunfo-Libertad-LNVM26-1.jpg\",\"contentUrl\":\"https:\\\/\\\/deportesanluis.com.ar\\\/wp-content\\\/uploads\\\/2026\\\/01\\\/Lafinur-triunfo-Libertad-LNVM26-1.jpg\",\"width\":1601,\"height\":1001},{\"@type\":\"BreadcrumbList\",\"@id\":\"https:\\\/\\\/deportesanluis.com.ar\\\/lafinur-inicia-su-visita-a-tierras-sanjuaninas\\\/#breadcrumb\",\"itemListElement\":[{\"@type\":\"ListItem\",\"position\":1,\"name\":\"Home\",\"item\":\"https:\\\/\\\/deportesanluis.com.ar\\\/\"},{\"@type\":\"ListItem\",\"position\":2,\"name\":\"Lafinur inicia su visita a tierras sanjuaninas\"}]},{\"@type\":\"WebSite\",\"@id\":\"https:\\\/\\\/deportesanluis.com.ar\\\/#website\",\"url\":\"https:\\\/\\\/deportesanluis.com.ar\\\/\",\"name\":\"deportesanluis.com.ar\",\"description\":\"Noticias de Deporte de San Luis\",\"publisher\":{\"@id\":\"https:\\\/\\\/deportesanluis.com.ar\\\/#organization\"},\"alternateName\":\"Deporte SL\",\"potentialAction\":[{\"@type\":\"SearchAction\",\"target\":{\"@type\":\"EntryPoint\",\"urlTemplate\":\"https:\\\/\\\/deportesanluis.com.ar\\\/?s={search_term_string}\"},\"query-input\":{\"@type\":\"PropertyValueSpecification\",\"valueRequired\":true,\"valueName\":\"search_term_string\"}}],\"inLanguage\":\"es-AR\"},{\"@type\":\"Organization\",\"@id\":\"https:\\\/\\\/deportesanluis.com.ar\\\/#organization\",\"name\":\"DSL\",\"alternateName\":\"Deporte SL\",\"url\":\"https:\\\/\\\/deportesanluis.com.ar\\\/\",\"logo\":{\"@type\":\"ImageObject\",\"inLanguage\":\"es-AR\",\"@id\":\"https:\\\/\\\/deportesanluis.com.ar\\\/#\\\/schema\\\/logo\\\/image\\\/\",\"url\":\"https:\\\/\\\/deportesanluis.com.ar\\\/wp-content\\\/uploads\\\/2023\\\/06\\\/DSL-Logo-2023-5.jpg\",\"contentUrl\":\"https:\\\/\\\/deportesanluis.com.ar\\\/wp-content\\\/uploads\\\/2023\\\/06\\\/DSL-Logo-2023-5.jpg\",\"width\":1718,\"height\":845,\"caption\":\"DSL\"},\"image\":{\"@id\":\"https:\\\/\\\/deportesanluis.com.ar\\\/#\\\/schema\\\/logo\\\/image\\\/\"},\"sameAs\":[\"https:\\\/\\\/www.facebook.com\\\/DSLDeporteSanLuis\",\"https:\\\/\\\/x.com\\\/deportesanluis\",\"https:\\\/\\\/www.instagram.com\\\/dsl_deportesanluis\\\/\"]},{\"@type\":\"Person\",\"@id\":\"https:\\\/\\\/deportesanluis.com.ar\\\/#\\\/schema\\\/person\\\/4b3e665481e93d271fced43ee48143c8\",\"name\":\"admin\",\"image\":{\"@type\":\"ImageObject\",\"inLanguage\":\"es-AR\",\"@id\":\"https:\\\/\\\/secure.gravatar.com\\\/avatar\\\/5424b2c21466f502587708c43dbe2dc47b5e643fec67835095677cd3af6ba546?s=96&d=mm&r=g\",\"url\":\"https:\\\/\\\/secure.gravatar.com\\\/avatar\\\/5424b2c21466f502587708c43dbe2dc47b5e643fec67835095677cd3af6ba546?s=96&d=mm&r=g\",\"contentUrl\":\"https:\\\/\\\/secure.gravatar.com\\\/avatar\\\/5424b2c21466f502587708c43dbe2dc47b5e643fec67835095677cd3af6ba546?s=96&d=mm&r=g\",\"caption\":\"admin\"},\"sameAs\":[\"https:\\\/\\\/deportesanluis.com.ar\"],\"url\":\"https:\\\/\\\/deportesanluis.com.ar\\\/author\\\/admin\\\/\"}]}<\/script>\n<!-- \/ Yoast SEO plugin. -->","yoast_head_json":{"title":"Lafinur inicia su visita a tierras sanjuaninas - DSL","description":"Por la tercer ventana de la Liga Nacional, el \"Cruzado\" visita esta noche a UVT y el domingo a Obras. Los de Irustia se ubican en el tercer lugar de la Zona A, a un punto del l\u00edder La Calera.","robots":{"index":"index","follow":"follow","max-snippet":"max-snippet:-1","max-image-preview":"max-image-preview:large","max-video-preview":"max-video-preview:-1"},"canonical":"https:\/\/deportesanluis.com.ar\/lafinur-inicia-su-visita-a-tierras-sanjuaninas\/","og_locale":"es_ES","og_type":"article","og_title":"Lafinur inicia su visita a tierras sanjuaninas - DSL","og_description":"Por la tercer ventana de la Liga Nacional, el \"Cruzado\" visita esta noche a UVT y el domingo a Obras. Los de Irustia se ubican en el tercer lugar de la Zona A, a un punto del l\u00edder La Calera.","og_url":"https:\/\/deportesanluis.com.ar\/lafinur-inicia-su-visita-a-tierras-sanjuaninas\/","og_site_name":"DSL","article_publisher":"https:\/\/www.facebook.com\/DSLDeporteSanLuis","article_published_time":"2026-01-24T16:58:51+00:00","article_modified_time":"2026-01-26T15:43:53+00:00","og_image":[{"width":1601,"height":1001,"url":"https:\/\/deportesanluis.com.ar\/wp-content\/uploads\/2026\/01\/Lafinur-triunfo-Libertad-LNVM26-1.jpg","type":"image\/jpeg"}],"author":"admin","twitter_card":"summary_large_image","twitter_creator":"@deportesanluis","twitter_site":"@deportesanluis","twitter_misc":{"Escrito por":"admin","Tiempo de lectura":"2 minutos"},"schema":{"@context":"https:\/\/schema.org","@graph":[{"@type":"Article","@id":"https:\/\/deportesanluis.com.ar\/lafinur-inicia-su-visita-a-tierras-sanjuaninas\/#article","isPartOf":{"@id":"https:\/\/deportesanluis.com.ar\/lafinur-inicia-su-visita-a-tierras-sanjuaninas\/"},"author":{"name":"admin","@id":"https:\/\/deportesanluis.com.ar\/#\/schema\/person\/4b3e665481e93d271fced43ee48143c8"},"headline":"Lafinur inicia su visita a tierras sanjuaninas","datePublished":"2026-01-24T16:58:51+00:00","dateModified":"2026-01-26T15:43:53+00:00","mainEntityOfPage":{"@id":"https:\/\/deportesanluis.com.ar\/lafinur-inicia-su-visita-a-tierras-sanjuaninas\/"},"wordCount":278,"publisher":{"@id":"https:\/\/deportesanluis.com.ar\/#organization"},"image":{"@id":"https:\/\/deportesanluis.com.ar\/lafinur-inicia-su-visita-a-tierras-sanjuaninas\/#primaryimage"},"thumbnailUrl":"https:\/\/deportesanluis.com.ar\/wp-content\/uploads\/2026\/01\/Lafinur-triunfo-Libertad-LNVM26-1.jpg","keywords":["LNVM","Voley"],"articleSection":["6","Poli","Voley"],"inLanguage":"es-AR"},{"@type":"WebPage","@id":"https:\/\/deportesanluis.com.ar\/lafinur-inicia-su-visita-a-tierras-sanjuaninas\/","url":"https:\/\/deportesanluis.com.ar\/lafinur-inicia-su-visita-a-tierras-sanjuaninas\/","name":"Lafinur inicia su visita a tierras sanjuaninas - DSL","isPartOf":{"@id":"https:\/\/deportesanluis.com.ar\/#website"},"primaryImageOfPage":{"@id":"https:\/\/deportesanluis.com.ar\/lafinur-inicia-su-visita-a-tierras-sanjuaninas\/#primaryimage"},"image":{"@id":"https:\/\/deportesanluis.com.ar\/lafinur-inicia-su-visita-a-tierras-sanjuaninas\/#primaryimage"},"thumbnailUrl":"https:\/\/deportesanluis.com.ar\/wp-content\/uploads\/2026\/01\/Lafinur-triunfo-Libertad-LNVM26-1.jpg","datePublished":"2026-01-24T16:58:51+00:00","dateModified":"2026-01-26T15:43:53+00:00","description":"Por la tercer ventana de la Liga Nacional, el \"Cruzado\" visita esta noche a UVT y el domingo a Obras. Los de Irustia se ubican en el tercer lugar de la Zona A, a un punto del l\u00edder La Calera.","breadcrumb":{"@id":"https:\/\/deportesanluis.com.ar\/lafinur-inicia-su-visita-a-tierras-sanjuaninas\/#breadcrumb"},"inLanguage":"es-AR","potentialAction":[{"@type":"ReadAction","target":["https:\/\/deportesanluis.com.ar\/lafinur-inicia-su-visita-a-tierras-sanjuaninas\/"]}]},{"@type":"ImageObject","inLanguage":"es-AR","@id":"https:\/\/deportesanluis.com.ar\/lafinur-inicia-su-visita-a-tierras-sanjuaninas\/#primaryimage","url":"https:\/\/deportesanluis.com.ar\/wp-content\/uploads\/2026\/01\/Lafinur-triunfo-Libertad-LNVM26-1.jpg","contentUrl":"https:\/\/deportesanluis.com.ar\/wp-content\/uploads\/2026\/01\/Lafinur-triunfo-Libertad-LNVM26-1.jpg","width":1601,"height":1001},{"@type":"BreadcrumbList","@id":"https:\/\/deportesanluis.com.ar\/lafinur-inicia-su-visita-a-tierras-sanjuaninas\/#breadcrumb","itemListElement":[{"@type":"ListItem","position":1,"name":"Home","item":"https:\/\/deportesanluis.com.ar\/"},{"@type":"ListItem","position":2,"name":"Lafinur inicia su visita a tierras sanjuaninas"}]},{"@type":"WebSite","@id":"https:\/\/deportesanluis.com.ar\/#website","url":"https:\/\/deportesanluis.com.ar\/","name":"deportesanluis.com.ar","description":"Noticias de Deporte de San Luis","publisher":{"@id":"https:\/\/deportesanluis.com.ar\/#organization"},"alternateName":"Deporte SL","potentialAction":[{"@type":"SearchAction","target":{"@type":"EntryPoint","urlTemplate":"https:\/\/deportesanluis.com.ar\/?s={search_term_string}"},"query-input":{"@type":"PropertyValueSpecification","valueRequired":true,"valueName":"search_term_string"}}],"inLanguage":"es-AR"},{"@type":"Organization","@id":"https:\/\/deportesanluis.com.ar\/#organization","name":"DSL","alternateName":"Deporte SL","url":"https:\/\/deportesanluis.com.ar\/","logo":{"@type":"ImageObject","inLanguage":"es-AR","@id":"https:\/\/deportesanluis.com.ar\/#\/schema\/logo\/image\/","url":"https:\/\/deportesanluis.com.ar\/wp-content\/uploads\/2023\/06\/DSL-Logo-2023-5.jpg","contentUrl":"https:\/\/deportesanluis.com.ar\/wp-content\/uploads\/2023\/06\/DSL-Logo-2023-5.jpg","width":1718,"height":845,"caption":"DSL"},"image":{"@id":"https:\/\/deportesanluis.com.ar\/#\/schema\/logo\/image\/"},"sameAs":["https:\/\/www.facebook.com\/DSLDeporteSanLuis","https:\/\/x.com\/deportesanluis","https:\/\/www.instagram.com\/dsl_deportesanluis\/"]},{"@type":"Person","@id":"https:\/\/deportesanluis.com.ar\/#\/schema\/person\/4b3e665481e93d271fced43ee48143c8","name":"admin","image":{"@type":"ImageObject","inLanguage":"es-AR","@id":"https:\/\/secure.gravatar.com\/avatar\/5424b2c21466f502587708c43dbe2dc47b5e643fec67835095677cd3af6ba546?s=96&d=mm&r=g","url":"https:\/\/secure.gravatar.com\/avatar\/5424b2c21466f502587708c43dbe2dc47b5e643fec67835095677cd3af6ba546?s=96&d=mm&r=g","contentUrl":"https:\/\/secure.gravatar.com\/avatar\/5424b2c21466f502587708c43dbe2dc47b5e643fec67835095677cd3af6ba546?s=96&d=mm&r=g","caption":"admin"},"sameAs":["https:\/\/deportesanluis.com.ar"],"url":"https:\/\/deportesanluis.com.ar\/author\/admin\/"}]}},"_links":{"self":[{"href":"https:\/\/deportesanluis.com.ar\/wp-json\/wp\/v2\/posts\/30349","targetHints":{"allow":["GET"]}}],"collection":[{"href":"https:\/\/deportesanluis.com.ar\/wp-json\/wp\/v2\/posts"}],"about":[{"href":"https:\/\/deportesanluis.com.ar\/wp-json\/wp\/v2\/types\/post"}],"author":[{"embeddable":true,"href":"https:\/\/deportesanluis.com.ar\/wp-json\/wp\/v2\/users\/1"}],"replies":[{"embeddable":true,"href":"https:\/\/deportesanluis.com.ar\/wp-json\/wp\/v2\/comments?post=30349"}],"version-history":[{"count":0,"href":"https:\/\/deportesanluis.com.ar\/wp-json\/wp\/v2\/posts\/30349\/revisions"}],"wp:featuredmedia":[{"embeddable":true,"href":"https:\/\/deportesanluis.com.ar\/wp-json\/wp\/v2\/media\/30160"}],"wp:attachment":[{"href":"https:\/\/deportesanluis.com.ar\/wp-json\/wp\/v2\/media?parent=30349"}],"wp:term":[{"taxonomy":"category","embeddable":true,"href":"https:\/\/deportesanluis.com.ar\/wp-json\/wp\/v2\/categories?post=30349"},{"taxonomy":"post_tag","embeddable":true,"href":"https:\/\/deportesanluis.com.ar\/wp-json\/wp\/v2\/tags?post=30349"}],"curies":[{"name":"wp","href":"https:\/\/api.w.org\/{rel}","templated":true}]}}