{"id":30479,"date":"2026-02-04T13:21:30","date_gmt":"2026-02-04T16:21:30","guid":{"rendered":"https:\/\/deportesanluis.com.ar\/?p=30479"},"modified":"2026-02-05T22:01:41","modified_gmt":"2026-02-06T01:01:41","slug":"aseba-se-presenta-en-la-liga-federal","status":"publish","type":"post","link":"https:\/\/deportesanluis.com.ar\/aseba-se-presenta-en-la-liga-federal\/","title":{"rendered":"ASEBA se presenta en la Liga Federal"},"content":{"rendered":"<p>En San Juan se pone en marcha una nueva edici\u00f3n de la Liga Federal de Voley Masculino y Femenino y San Luis estar\u00e1 presente con ASEBA.<\/p>\n<p>Se trata del plantel masculino que ser\u00e1 parte del Grupo A\u00a0EIMM de Buenos Aires, Racing de Castex, N\u00e1utico de San Pedro y Defensores de Catamarca. En el certamen juegan, entre otros, clubes como UNSJ, San Rafael Tenis Club, Banco Hispano, Once Unidos de Mar del Plata, Paracao de Paran\u00e1, Ausonia de San Juan, Maip\u00fa de Mendoza, Atl\u00e9tico Madrynense y la Selecci\u00f3n Juvenil, entre otros.<\/p>\n<p>El objetivo del &#8220;Bancario&#8221; ser\u00e1 ubicarse entre los tres mejores de su Grupo o, en todo caso, llegar a ser el mejor de los cuartos entre todos.<\/p>\n<p>El plantel est\u00e1 conformado por los armadores Santino Schvedt y Juan Ibarra; los opuestos Luciano Maron, Mateo Soria y Santiago Irusta; los puntas Federico Gil, Lucas Godoy, Mateo Pereyra y Jerem\u00edas Albornoz; los centrales Eugenio Pereslindo, Juan Tula, Francisco Montiveros y Facundo Pomenich; y los l\u00edberos Kevin Albornoz y \u00c1ngel Schlottke bajo la conducci\u00f3n t\u00e9cnica de Alexis Sevastei y Emilio Vega.<\/p>\n<p>Dato a tener en cuenta es que, si bien no habr\u00e1 equipos puntanos, en la rama femenina si estar\u00e1 la jugadora Ayel\u00e9n Maldonado en el local UPCN.<\/p>\n<p>&nbsp;<\/p>\n<p><strong>Fixture de ASEBA en la LFVM<\/strong><\/p>\n<p>Mie. 04\/02 &#8211; 17:45hs. vs. N\u00e1utico San Pedro &#8211; Vel\u00f3dromo<br \/>\nVie. 06\/02 &#8211; 09:00hs. vs. Racing de Castex &#8211; Aldo Cantoni<br \/>\nS\u00e1b. 07\/02 &#8211; 09:00hs. vs. EEIM de Buenos Aires &#8211; Vel\u00f3dromo<br \/>\nDom. 08\/02 &#8211; 09:00hs. vs. Defensores de Catamarca &#8211; Vel\u00f3dromo<\/p>\n<hr \/>\n<p><strong>Nota:<\/strong> Redacci\u00f3n<\/p>\n","protected":false},"excerpt":{"rendered":"<p>La tercera categor\u00eda del voley argentino ya se juega en San Juan y all\u00ed estar\u00e1 el &#8220;Bancario&#8221;. Su debut ser\u00e1 esta tarde ante N\u00e1utico de San Pedro.\u00a0<\/p>\n","protected":false},"author":1,"featured_media":30480,"comment_status":"closed","ping_status":"closed","sticky":false,"template":"","format":"standard","meta":{"footnotes":""},"categories":[32,110],"tags":[191,111],"class_list":{"0":"post-30479","1":"post","2":"type-post","3":"status-publish","4":"format-standard","5":"has-post-thumbnail","7":"category-poli","8":"category-voley","9":"tag-lfvm","10":"tag-voley"},"yoast_head":"<!-- This site is optimized with the Yoast SEO plugin v27.4 - https:\/\/yoast.com\/product\/yoast-seo-wordpress\/ -->\n<title>ASEBA se presenta en la Liga Federal - DSL<\/title>\n<meta name=\"description\" content=\"La tercera categor\u00eda del voley argentino ya se juega en San Juan y all\u00ed estar\u00e1 el &quot;Bancario&quot;. Su debut ser\u00e1 esta tarde ante N\u00e1utico de San Pedro.\u00a0\" \/>\n<meta name=\"robots\" content=\"index, follow, max-snippet:-1, max-image-preview:large, max-video-preview:-1\" \/>\n<link rel=\"canonical\" href=\"https:\/\/deportesanluis.com.ar\/aseba-se-presenta-en-la-liga-federal\/\" \/>\n<meta property=\"og:locale\" content=\"es_ES\" \/>\n<meta property=\"og:type\" content=\"article\" \/>\n<meta property=\"og:title\" content=\"ASEBA se presenta en la Liga Federal - DSL\" \/>\n<meta property=\"og:description\" content=\"La tercera categor\u00eda del voley argentino ya se juega en San Juan y all\u00ed estar\u00e1 el &quot;Bancario&quot;. Su debut ser\u00e1 esta tarde ante N\u00e1utico de San Pedro.\u00a0\" \/>\n<meta property=\"og:url\" content=\"https:\/\/deportesanluis.com.ar\/aseba-se-presenta-en-la-liga-federal\/\" \/>\n<meta property=\"og:site_name\" content=\"DSL\" \/>\n<meta property=\"article:publisher\" content=\"https:\/\/www.facebook.com\/DSLDeporteSanLuis\" \/>\n<meta property=\"article:published_time\" content=\"2026-02-04T16:21:30+00:00\" \/>\n<meta property=\"article:modified_time\" content=\"2026-02-06T01:01:41+00:00\" \/>\n<meta property=\"og:image\" content=\"https:\/\/deportesanluis.com.ar\/wp-content\/uploads\/2026\/02\/ASEBA-LFVM26-01.jpg\" \/>\n\t<meta property=\"og:image:width\" content=\"1601\" \/>\n\t<meta property=\"og:image:height\" content=\"1001\" \/>\n\t<meta property=\"og:image:type\" content=\"image\/jpeg\" \/>\n<meta name=\"author\" content=\"admin\" \/>\n<meta name=\"twitter:card\" content=\"summary_large_image\" \/>\n<meta name=\"twitter:creator\" content=\"@deportesanluis\" \/>\n<meta name=\"twitter:site\" content=\"@deportesanluis\" \/>\n<meta name=\"twitter:label1\" content=\"Escrito por\" \/>\n\t<meta name=\"twitter:data1\" content=\"admin\" \/>\n\t<meta name=\"twitter:label2\" content=\"Tiempo de lectura\" \/>\n\t<meta name=\"twitter:data2\" content=\"2 minutos\" \/>\n<script type=\"application\/ld+json\" class=\"yoast-schema-graph\">{\"@context\":\"https:\\\/\\\/schema.org\",\"@graph\":[{\"@type\":\"Article\",\"@id\":\"https:\\\/\\\/deportesanluis.com.ar\\\/aseba-se-presenta-en-la-liga-federal\\\/#article\",\"isPartOf\":{\"@id\":\"https:\\\/\\\/deportesanluis.com.ar\\\/aseba-se-presenta-en-la-liga-federal\\\/\"},\"author\":{\"name\":\"admin\",\"@id\":\"https:\\\/\\\/deportesanluis.com.ar\\\/#\\\/schema\\\/person\\\/4b3e665481e93d271fced43ee48143c8\"},\"headline\":\"ASEBA se presenta en la Liga Federal\",\"datePublished\":\"2026-02-04T16:21:30+00:00\",\"dateModified\":\"2026-02-06T01:01:41+00:00\",\"mainEntityOfPage\":{\"@id\":\"https:\\\/\\\/deportesanluis.com.ar\\\/aseba-se-presenta-en-la-liga-federal\\\/\"},\"wordCount\":275,\"publisher\":{\"@id\":\"https:\\\/\\\/deportesanluis.com.ar\\\/#organization\"},\"image\":{\"@id\":\"https:\\\/\\\/deportesanluis.com.ar\\\/aseba-se-presenta-en-la-liga-federal\\\/#primaryimage\"},\"thumbnailUrl\":\"https:\\\/\\\/deportesanluis.com.ar\\\/wp-content\\\/uploads\\\/2026\\\/02\\\/ASEBA-LFVM26-01.jpg\",\"keywords\":[\"LFVM\",\"Voley\"],\"articleSection\":[\"Poli\",\"Voley\"],\"inLanguage\":\"es-AR\"},{\"@type\":\"WebPage\",\"@id\":\"https:\\\/\\\/deportesanluis.com.ar\\\/aseba-se-presenta-en-la-liga-federal\\\/\",\"url\":\"https:\\\/\\\/deportesanluis.com.ar\\\/aseba-se-presenta-en-la-liga-federal\\\/\",\"name\":\"ASEBA se presenta en la Liga Federal - DSL\",\"isPartOf\":{\"@id\":\"https:\\\/\\\/deportesanluis.com.ar\\\/#website\"},\"primaryImageOfPage\":{\"@id\":\"https:\\\/\\\/deportesanluis.com.ar\\\/aseba-se-presenta-en-la-liga-federal\\\/#primaryimage\"},\"image\":{\"@id\":\"https:\\\/\\\/deportesanluis.com.ar\\\/aseba-se-presenta-en-la-liga-federal\\\/#primaryimage\"},\"thumbnailUrl\":\"https:\\\/\\\/deportesanluis.com.ar\\\/wp-content\\\/uploads\\\/2026\\\/02\\\/ASEBA-LFVM26-01.jpg\",\"datePublished\":\"2026-02-04T16:21:30+00:00\",\"dateModified\":\"2026-02-06T01:01:41+00:00\",\"description\":\"La tercera categor\u00eda del voley argentino ya se juega en San Juan y all\u00ed estar\u00e1 el \\\"Bancario\\\". Su debut ser\u00e1 esta tarde ante N\u00e1utico de San Pedro.\u00a0\",\"breadcrumb\":{\"@id\":\"https:\\\/\\\/deportesanluis.com.ar\\\/aseba-se-presenta-en-la-liga-federal\\\/#breadcrumb\"},\"inLanguage\":\"es-AR\",\"potentialAction\":[{\"@type\":\"ReadAction\",\"target\":[\"https:\\\/\\\/deportesanluis.com.ar\\\/aseba-se-presenta-en-la-liga-federal\\\/\"]}]},{\"@type\":\"ImageObject\",\"inLanguage\":\"es-AR\",\"@id\":\"https:\\\/\\\/deportesanluis.com.ar\\\/aseba-se-presenta-en-la-liga-federal\\\/#primaryimage\",\"url\":\"https:\\\/\\\/deportesanluis.com.ar\\\/wp-content\\\/uploads\\\/2026\\\/02\\\/ASEBA-LFVM26-01.jpg\",\"contentUrl\":\"https:\\\/\\\/deportesanluis.com.ar\\\/wp-content\\\/uploads\\\/2026\\\/02\\\/ASEBA-LFVM26-01.jpg\",\"width\":1601,\"height\":1001},{\"@type\":\"BreadcrumbList\",\"@id\":\"https:\\\/\\\/deportesanluis.com.ar\\\/aseba-se-presenta-en-la-liga-federal\\\/#breadcrumb\",\"itemListElement\":[{\"@type\":\"ListItem\",\"position\":1,\"name\":\"Home\",\"item\":\"https:\\\/\\\/deportesanluis.com.ar\\\/\"},{\"@type\":\"ListItem\",\"position\":2,\"name\":\"ASEBA se presenta en la Liga Federal\"}]},{\"@type\":\"WebSite\",\"@id\":\"https:\\\/\\\/deportesanluis.com.ar\\\/#website\",\"url\":\"https:\\\/\\\/deportesanluis.com.ar\\\/\",\"name\":\"deportesanluis.com.ar\",\"description\":\"Noticias de Deporte de San Luis\",\"publisher\":{\"@id\":\"https:\\\/\\\/deportesanluis.com.ar\\\/#organization\"},\"alternateName\":\"Deporte SL\",\"potentialAction\":[{\"@type\":\"SearchAction\",\"target\":{\"@type\":\"EntryPoint\",\"urlTemplate\":\"https:\\\/\\\/deportesanluis.com.ar\\\/?s={search_term_string}\"},\"query-input\":{\"@type\":\"PropertyValueSpecification\",\"valueRequired\":true,\"valueName\":\"search_term_string\"}}],\"inLanguage\":\"es-AR\"},{\"@type\":\"Organization\",\"@id\":\"https:\\\/\\\/deportesanluis.com.ar\\\/#organization\",\"name\":\"DSL\",\"alternateName\":\"Deporte SL\",\"url\":\"https:\\\/\\\/deportesanluis.com.ar\\\/\",\"logo\":{\"@type\":\"ImageObject\",\"inLanguage\":\"es-AR\",\"@id\":\"https:\\\/\\\/deportesanluis.com.ar\\\/#\\\/schema\\\/logo\\\/image\\\/\",\"url\":\"https:\\\/\\\/deportesanluis.com.ar\\\/wp-content\\\/uploads\\\/2023\\\/06\\\/DSL-Logo-2023-5.jpg\",\"contentUrl\":\"https:\\\/\\\/deportesanluis.com.ar\\\/wp-content\\\/uploads\\\/2023\\\/06\\\/DSL-Logo-2023-5.jpg\",\"width\":1718,\"height\":845,\"caption\":\"DSL\"},\"image\":{\"@id\":\"https:\\\/\\\/deportesanluis.com.ar\\\/#\\\/schema\\\/logo\\\/image\\\/\"},\"sameAs\":[\"https:\\\/\\\/www.facebook.com\\\/DSLDeporteSanLuis\",\"https:\\\/\\\/x.com\\\/deportesanluis\",\"https:\\\/\\\/www.instagram.com\\\/dsl_deportesanluis\\\/\"]},{\"@type\":\"Person\",\"@id\":\"https:\\\/\\\/deportesanluis.com.ar\\\/#\\\/schema\\\/person\\\/4b3e665481e93d271fced43ee48143c8\",\"name\":\"admin\",\"image\":{\"@type\":\"ImageObject\",\"inLanguage\":\"es-AR\",\"@id\":\"https:\\\/\\\/secure.gravatar.com\\\/avatar\\\/5424b2c21466f502587708c43dbe2dc47b5e643fec67835095677cd3af6ba546?s=96&d=mm&r=g\",\"url\":\"https:\\\/\\\/secure.gravatar.com\\\/avatar\\\/5424b2c21466f502587708c43dbe2dc47b5e643fec67835095677cd3af6ba546?s=96&d=mm&r=g\",\"contentUrl\":\"https:\\\/\\\/secure.gravatar.com\\\/avatar\\\/5424b2c21466f502587708c43dbe2dc47b5e643fec67835095677cd3af6ba546?s=96&d=mm&r=g\",\"caption\":\"admin\"},\"sameAs\":[\"https:\\\/\\\/deportesanluis.com.ar\"],\"url\":\"https:\\\/\\\/deportesanluis.com.ar\\\/author\\\/admin\\\/\"}]}<\/script>\n<!-- \/ Yoast SEO plugin. -->","yoast_head_json":{"title":"ASEBA se presenta en la Liga Federal - DSL","description":"La tercera categor\u00eda del voley argentino ya se juega en San Juan y all\u00ed estar\u00e1 el \"Bancario\". Su debut ser\u00e1 esta tarde ante N\u00e1utico de San Pedro.\u00a0","robots":{"index":"index","follow":"follow","max-snippet":"max-snippet:-1","max-image-preview":"max-image-preview:large","max-video-preview":"max-video-preview:-1"},"canonical":"https:\/\/deportesanluis.com.ar\/aseba-se-presenta-en-la-liga-federal\/","og_locale":"es_ES","og_type":"article","og_title":"ASEBA se presenta en la Liga Federal - DSL","og_description":"La tercera categor\u00eda del voley argentino ya se juega en San Juan y all\u00ed estar\u00e1 el \"Bancario\". Su debut ser\u00e1 esta tarde ante N\u00e1utico de San Pedro.\u00a0","og_url":"https:\/\/deportesanluis.com.ar\/aseba-se-presenta-en-la-liga-federal\/","og_site_name":"DSL","article_publisher":"https:\/\/www.facebook.com\/DSLDeporteSanLuis","article_published_time":"2026-02-04T16:21:30+00:00","article_modified_time":"2026-02-06T01:01:41+00:00","og_image":[{"width":1601,"height":1001,"url":"https:\/\/deportesanluis.com.ar\/wp-content\/uploads\/2026\/02\/ASEBA-LFVM26-01.jpg","type":"image\/jpeg"}],"author":"admin","twitter_card":"summary_large_image","twitter_creator":"@deportesanluis","twitter_site":"@deportesanluis","twitter_misc":{"Escrito por":"admin","Tiempo de lectura":"2 minutos"},"schema":{"@context":"https:\/\/schema.org","@graph":[{"@type":"Article","@id":"https:\/\/deportesanluis.com.ar\/aseba-se-presenta-en-la-liga-federal\/#article","isPartOf":{"@id":"https:\/\/deportesanluis.com.ar\/aseba-se-presenta-en-la-liga-federal\/"},"author":{"name":"admin","@id":"https:\/\/deportesanluis.com.ar\/#\/schema\/person\/4b3e665481e93d271fced43ee48143c8"},"headline":"ASEBA se presenta en la Liga Federal","datePublished":"2026-02-04T16:21:30+00:00","dateModified":"2026-02-06T01:01:41+00:00","mainEntityOfPage":{"@id":"https:\/\/deportesanluis.com.ar\/aseba-se-presenta-en-la-liga-federal\/"},"wordCount":275,"publisher":{"@id":"https:\/\/deportesanluis.com.ar\/#organization"},"image":{"@id":"https:\/\/deportesanluis.com.ar\/aseba-se-presenta-en-la-liga-federal\/#primaryimage"},"thumbnailUrl":"https:\/\/deportesanluis.com.ar\/wp-content\/uploads\/2026\/02\/ASEBA-LFVM26-01.jpg","keywords":["LFVM","Voley"],"articleSection":["Poli","Voley"],"inLanguage":"es-AR"},{"@type":"WebPage","@id":"https:\/\/deportesanluis.com.ar\/aseba-se-presenta-en-la-liga-federal\/","url":"https:\/\/deportesanluis.com.ar\/aseba-se-presenta-en-la-liga-federal\/","name":"ASEBA se presenta en la Liga Federal - DSL","isPartOf":{"@id":"https:\/\/deportesanluis.com.ar\/#website"},"primaryImageOfPage":{"@id":"https:\/\/deportesanluis.com.ar\/aseba-se-presenta-en-la-liga-federal\/#primaryimage"},"image":{"@id":"https:\/\/deportesanluis.com.ar\/aseba-se-presenta-en-la-liga-federal\/#primaryimage"},"thumbnailUrl":"https:\/\/deportesanluis.com.ar\/wp-content\/uploads\/2026\/02\/ASEBA-LFVM26-01.jpg","datePublished":"2026-02-04T16:21:30+00:00","dateModified":"2026-02-06T01:01:41+00:00","description":"La tercera categor\u00eda del voley argentino ya se juega en San Juan y all\u00ed estar\u00e1 el \"Bancario\". Su debut ser\u00e1 esta tarde ante N\u00e1utico de San Pedro.\u00a0","breadcrumb":{"@id":"https:\/\/deportesanluis.com.ar\/aseba-se-presenta-en-la-liga-federal\/#breadcrumb"},"inLanguage":"es-AR","potentialAction":[{"@type":"ReadAction","target":["https:\/\/deportesanluis.com.ar\/aseba-se-presenta-en-la-liga-federal\/"]}]},{"@type":"ImageObject","inLanguage":"es-AR","@id":"https:\/\/deportesanluis.com.ar\/aseba-se-presenta-en-la-liga-federal\/#primaryimage","url":"https:\/\/deportesanluis.com.ar\/wp-content\/uploads\/2026\/02\/ASEBA-LFVM26-01.jpg","contentUrl":"https:\/\/deportesanluis.com.ar\/wp-content\/uploads\/2026\/02\/ASEBA-LFVM26-01.jpg","width":1601,"height":1001},{"@type":"BreadcrumbList","@id":"https:\/\/deportesanluis.com.ar\/aseba-se-presenta-en-la-liga-federal\/#breadcrumb","itemListElement":[{"@type":"ListItem","position":1,"name":"Home","item":"https:\/\/deportesanluis.com.ar\/"},{"@type":"ListItem","position":2,"name":"ASEBA se presenta en la Liga Federal"}]},{"@type":"WebSite","@id":"https:\/\/deportesanluis.com.ar\/#website","url":"https:\/\/deportesanluis.com.ar\/","name":"deportesanluis.com.ar","description":"Noticias de Deporte de San Luis","publisher":{"@id":"https:\/\/deportesanluis.com.ar\/#organization"},"alternateName":"Deporte SL","potentialAction":[{"@type":"SearchAction","target":{"@type":"EntryPoint","urlTemplate":"https:\/\/deportesanluis.com.ar\/?s={search_term_string}"},"query-input":{"@type":"PropertyValueSpecification","valueRequired":true,"valueName":"search_term_string"}}],"inLanguage":"es-AR"},{"@type":"Organization","@id":"https:\/\/deportesanluis.com.ar\/#organization","name":"DSL","alternateName":"Deporte SL","url":"https:\/\/deportesanluis.com.ar\/","logo":{"@type":"ImageObject","inLanguage":"es-AR","@id":"https:\/\/deportesanluis.com.ar\/#\/schema\/logo\/image\/","url":"https:\/\/deportesanluis.com.ar\/wp-content\/uploads\/2023\/06\/DSL-Logo-2023-5.jpg","contentUrl":"https:\/\/deportesanluis.com.ar\/wp-content\/uploads\/2023\/06\/DSL-Logo-2023-5.jpg","width":1718,"height":845,"caption":"DSL"},"image":{"@id":"https:\/\/deportesanluis.com.ar\/#\/schema\/logo\/image\/"},"sameAs":["https:\/\/www.facebook.com\/DSLDeporteSanLuis","https:\/\/x.com\/deportesanluis","https:\/\/www.instagram.com\/dsl_deportesanluis\/"]},{"@type":"Person","@id":"https:\/\/deportesanluis.com.ar\/#\/schema\/person\/4b3e665481e93d271fced43ee48143c8","name":"admin","image":{"@type":"ImageObject","inLanguage":"es-AR","@id":"https:\/\/secure.gravatar.com\/avatar\/5424b2c21466f502587708c43dbe2dc47b5e643fec67835095677cd3af6ba546?s=96&d=mm&r=g","url":"https:\/\/secure.gravatar.com\/avatar\/5424b2c21466f502587708c43dbe2dc47b5e643fec67835095677cd3af6ba546?s=96&d=mm&r=g","contentUrl":"https:\/\/secure.gravatar.com\/avatar\/5424b2c21466f502587708c43dbe2dc47b5e643fec67835095677cd3af6ba546?s=96&d=mm&r=g","caption":"admin"},"sameAs":["https:\/\/deportesanluis.com.ar"],"url":"https:\/\/deportesanluis.com.ar\/author\/admin\/"}]}},"_links":{"self":[{"href":"https:\/\/deportesanluis.com.ar\/wp-json\/wp\/v2\/posts\/30479","targetHints":{"allow":["GET"]}}],"collection":[{"href":"https:\/\/deportesanluis.com.ar\/wp-json\/wp\/v2\/posts"}],"about":[{"href":"https:\/\/deportesanluis.com.ar\/wp-json\/wp\/v2\/types\/post"}],"author":[{"embeddable":true,"href":"https:\/\/deportesanluis.com.ar\/wp-json\/wp\/v2\/users\/1"}],"replies":[{"embeddable":true,"href":"https:\/\/deportesanluis.com.ar\/wp-json\/wp\/v2\/comments?post=30479"}],"version-history":[{"count":0,"href":"https:\/\/deportesanluis.com.ar\/wp-json\/wp\/v2\/posts\/30479\/revisions"}],"wp:featuredmedia":[{"embeddable":true,"href":"https:\/\/deportesanluis.com.ar\/wp-json\/wp\/v2\/media\/30480"}],"wp:attachment":[{"href":"https:\/\/deportesanluis.com.ar\/wp-json\/wp\/v2\/media?parent=30479"}],"wp:term":[{"taxonomy":"category","embeddable":true,"href":"https:\/\/deportesanluis.com.ar\/wp-json\/wp\/v2\/categories?post=30479"},{"taxonomy":"post_tag","embeddable":true,"href":"https:\/\/deportesanluis.com.ar\/wp-json\/wp\/v2\/tags?post=30479"}],"curies":[{"name":"wp","href":"https:\/\/api.w.org\/{rel}","templated":true}]}}