{"id":30520,"date":"2026-02-05T21:58:45","date_gmt":"2026-02-06T00:58:45","guid":{"rendered":"https:\/\/deportesanluis.com.ar\/?p=30520"},"modified":"2026-02-10T12:18:44","modified_gmt":"2026-02-10T15:18:44","slug":"aseba-arranco-con-el-pie-derecho-en-san-juan","status":"publish","type":"post","link":"https:\/\/deportesanluis.com.ar\/aseba-arranco-con-el-pie-derecho-en-san-juan\/","title":{"rendered":"ASEBA arranc\u00f3 con el pie derecho en San Juan"},"content":{"rendered":"<p>Comenz\u00f3 en San Juan una nueva edici\u00f3n de la Liga Nacional de Voley Masculino con saldo positivo para el \u00fanico equipo puntano, ASEBA.<\/p>\n<p>El Bancario, que forma parte del Grupo A, debut\u00f3 con un trabajado 3-2 sobre N\u00e1utico de San Pedro con parciales 27-25, 12-25, 21-25, 25-19 y 15-11 mientras que Escuela Mariano Moreno le gan\u00f3 por 3-1 a Defensores del Norte.<\/p>\n<p><a href=\"https:\/\/deportesanluis.com.ar\/wp-content\/uploads\/2026\/02\/ASEBA-LFVM26-03.jpg\"><img loading=\"lazy\" decoding=\"async\" class=\"aligncenter size-full wp-image-30522\" src=\"https:\/\/deportesanluis.com.ar\/wp-content\/uploads\/2026\/02\/ASEBA-LFVM26-03.jpg\" alt=\"\" width=\"1601\" height=\"1001\" srcset=\"https:\/\/deportesanluis.com.ar\/wp-content\/uploads\/2026\/02\/ASEBA-LFVM26-03.jpg 1601w, https:\/\/deportesanluis.com.ar\/wp-content\/uploads\/2026\/02\/ASEBA-LFVM26-03-300x188.jpg 300w, https:\/\/deportesanluis.com.ar\/wp-content\/uploads\/2026\/02\/ASEBA-LFVM26-03-1024x640.jpg 1024w, https:\/\/deportesanluis.com.ar\/wp-content\/uploads\/2026\/02\/ASEBA-LFVM26-03-768x480.jpg 768w, https:\/\/deportesanluis.com.ar\/wp-content\/uploads\/2026\/02\/ASEBA-LFVM26-03-1536x960.jpg 1536w, https:\/\/deportesanluis.com.ar\/wp-content\/uploads\/2026\/02\/ASEBA-LFVM26-03-672x420.jpg 672w, https:\/\/deportesanluis.com.ar\/wp-content\/uploads\/2026\/02\/ASEBA-LFVM26-03-150x94.jpg 150w, https:\/\/deportesanluis.com.ar\/wp-content\/uploads\/2026\/02\/ASEBA-LFVM26-03-696x435.jpg 696w, https:\/\/deportesanluis.com.ar\/wp-content\/uploads\/2026\/02\/ASEBA-LFVM26-03-1068x668.jpg 1068w\" sizes=\"auto, (max-width: 1601px) 100vw, 1601px\" \/><\/a><\/p>\n<p>Este jueves, ASEBA cumpli\u00f3 con su jornada de descanso mientras que Escuela Mariano Moreno venci\u00f3 por 3-0 a N\u00e1utico San Pedro y Racing de Castex hizo lo propio sobre Defensores del Norte.<\/p>\n<p>Este viernes, desde las 09:00hs., ASEBA se cruzar\u00e1 con el elenco pampeano mientras que, desde las 10:45hs. N\u00e1utico choca con Defensores.<\/p>\n<p>Con estos resultados, Escuela Mariano Moreno es l\u00edder con 6 seguido por Racing con 3 y ASEBA con 2. Cierran N\u00e1utico con 1 y Defensores del Norte con 0.<\/p>\n<hr \/>\n<p><strong>Nota:<\/strong> Redacci\u00f3n<\/p>\n","protected":false},"excerpt":{"rendered":"<p>El Bancario hizo su debut en la Liga Federal con un gran triunfo sobre N\u00e1utico de San Pedro por 3-2. Este mi\u00e9rcoles se cruza con Racing de Castex.\u00a0<\/p>\n","protected":false},"author":1,"featured_media":30521,"comment_status":"closed","ping_status":"closed","sticky":false,"template":"","format":"standard","meta":{"footnotes":""},"categories":[32,110],"tags":[191,111],"class_list":{"0":"post-30520","1":"post","2":"type-post","3":"status-publish","4":"format-standard","5":"has-post-thumbnail","7":"category-poli","8":"category-voley","9":"tag-lfvm","10":"tag-voley"},"yoast_head":"<!-- This site is optimized with the Yoast SEO plugin v27.4 - https:\/\/yoast.com\/product\/yoast-seo-wordpress\/ -->\n<title>ASEBA arranc\u00f3 con el pie derecho en San Juan - DSL<\/title>\n<meta name=\"description\" content=\"El Bancario hizo su debut en la Liga Federal con un gran triunfo sobre N\u00e1utico de San Pedro por 3-2. Este mi\u00e9rcoles se cruza con Racing de Castex.\u00a0\" \/>\n<meta name=\"robots\" content=\"index, follow, max-snippet:-1, max-image-preview:large, max-video-preview:-1\" \/>\n<link rel=\"canonical\" href=\"https:\/\/deportesanluis.com.ar\/aseba-arranco-con-el-pie-derecho-en-san-juan\/\" \/>\n<meta property=\"og:locale\" content=\"es_ES\" \/>\n<meta property=\"og:type\" content=\"article\" \/>\n<meta property=\"og:title\" content=\"ASEBA arranc\u00f3 con el pie derecho en San Juan - DSL\" \/>\n<meta property=\"og:description\" content=\"El Bancario hizo su debut en la Liga Federal con un gran triunfo sobre N\u00e1utico de San Pedro por 3-2. Este mi\u00e9rcoles se cruza con Racing de Castex.\u00a0\" \/>\n<meta property=\"og:url\" content=\"https:\/\/deportesanluis.com.ar\/aseba-arranco-con-el-pie-derecho-en-san-juan\/\" \/>\n<meta property=\"og:site_name\" content=\"DSL\" \/>\n<meta property=\"article:publisher\" content=\"https:\/\/www.facebook.com\/DSLDeporteSanLuis\" \/>\n<meta property=\"article:published_time\" content=\"2026-02-06T00:58:45+00:00\" \/>\n<meta property=\"article:modified_time\" content=\"2026-02-10T15:18:44+00:00\" \/>\n<meta property=\"og:image\" content=\"https:\/\/deportesanluis.com.ar\/wp-content\/uploads\/2026\/02\/ASEBA-LFVM26-02.jpg\" \/>\n\t<meta property=\"og:image:width\" content=\"1601\" \/>\n\t<meta property=\"og:image:height\" content=\"1001\" \/>\n\t<meta property=\"og:image:type\" content=\"image\/jpeg\" \/>\n<meta name=\"author\" content=\"admin\" \/>\n<meta name=\"twitter:card\" content=\"summary_large_image\" \/>\n<meta name=\"twitter:creator\" content=\"@deportesanluis\" \/>\n<meta name=\"twitter:site\" content=\"@deportesanluis\" \/>\n<meta name=\"twitter:label1\" content=\"Escrito por\" \/>\n\t<meta name=\"twitter:data1\" content=\"admin\" \/>\n\t<meta name=\"twitter:label2\" content=\"Tiempo de lectura\" \/>\n\t<meta name=\"twitter:data2\" content=\"2 minutos\" \/>\n<script type=\"application\/ld+json\" class=\"yoast-schema-graph\">{\"@context\":\"https:\\\/\\\/schema.org\",\"@graph\":[{\"@type\":\"Article\",\"@id\":\"https:\\\/\\\/deportesanluis.com.ar\\\/aseba-arranco-con-el-pie-derecho-en-san-juan\\\/#article\",\"isPartOf\":{\"@id\":\"https:\\\/\\\/deportesanluis.com.ar\\\/aseba-arranco-con-el-pie-derecho-en-san-juan\\\/\"},\"author\":{\"name\":\"admin\",\"@id\":\"https:\\\/\\\/deportesanluis.com.ar\\\/#\\\/schema\\\/person\\\/4b3e665481e93d271fced43ee48143c8\"},\"headline\":\"ASEBA arranc\u00f3 con el pie derecho en San Juan\",\"datePublished\":\"2026-02-06T00:58:45+00:00\",\"dateModified\":\"2026-02-10T15:18:44+00:00\",\"mainEntityOfPage\":{\"@id\":\"https:\\\/\\\/deportesanluis.com.ar\\\/aseba-arranco-con-el-pie-derecho-en-san-juan\\\/\"},\"wordCount\":157,\"publisher\":{\"@id\":\"https:\\\/\\\/deportesanluis.com.ar\\\/#organization\"},\"image\":{\"@id\":\"https:\\\/\\\/deportesanluis.com.ar\\\/aseba-arranco-con-el-pie-derecho-en-san-juan\\\/#primaryimage\"},\"thumbnailUrl\":\"https:\\\/\\\/deportesanluis.com.ar\\\/wp-content\\\/uploads\\\/2026\\\/02\\\/ASEBA-LFVM26-02.jpg\",\"keywords\":[\"LFVM\",\"Voley\"],\"articleSection\":[\"Poli\",\"Voley\"],\"inLanguage\":\"es-AR\"},{\"@type\":\"WebPage\",\"@id\":\"https:\\\/\\\/deportesanluis.com.ar\\\/aseba-arranco-con-el-pie-derecho-en-san-juan\\\/\",\"url\":\"https:\\\/\\\/deportesanluis.com.ar\\\/aseba-arranco-con-el-pie-derecho-en-san-juan\\\/\",\"name\":\"ASEBA arranc\u00f3 con el pie derecho en San Juan - DSL\",\"isPartOf\":{\"@id\":\"https:\\\/\\\/deportesanluis.com.ar\\\/#website\"},\"primaryImageOfPage\":{\"@id\":\"https:\\\/\\\/deportesanluis.com.ar\\\/aseba-arranco-con-el-pie-derecho-en-san-juan\\\/#primaryimage\"},\"image\":{\"@id\":\"https:\\\/\\\/deportesanluis.com.ar\\\/aseba-arranco-con-el-pie-derecho-en-san-juan\\\/#primaryimage\"},\"thumbnailUrl\":\"https:\\\/\\\/deportesanluis.com.ar\\\/wp-content\\\/uploads\\\/2026\\\/02\\\/ASEBA-LFVM26-02.jpg\",\"datePublished\":\"2026-02-06T00:58:45+00:00\",\"dateModified\":\"2026-02-10T15:18:44+00:00\",\"description\":\"El Bancario hizo su debut en la Liga Federal con un gran triunfo sobre N\u00e1utico de San Pedro por 3-2. Este mi\u00e9rcoles se cruza con Racing de Castex.\u00a0\",\"breadcrumb\":{\"@id\":\"https:\\\/\\\/deportesanluis.com.ar\\\/aseba-arranco-con-el-pie-derecho-en-san-juan\\\/#breadcrumb\"},\"inLanguage\":\"es-AR\",\"potentialAction\":[{\"@type\":\"ReadAction\",\"target\":[\"https:\\\/\\\/deportesanluis.com.ar\\\/aseba-arranco-con-el-pie-derecho-en-san-juan\\\/\"]}]},{\"@type\":\"ImageObject\",\"inLanguage\":\"es-AR\",\"@id\":\"https:\\\/\\\/deportesanluis.com.ar\\\/aseba-arranco-con-el-pie-derecho-en-san-juan\\\/#primaryimage\",\"url\":\"https:\\\/\\\/deportesanluis.com.ar\\\/wp-content\\\/uploads\\\/2026\\\/02\\\/ASEBA-LFVM26-02.jpg\",\"contentUrl\":\"https:\\\/\\\/deportesanluis.com.ar\\\/wp-content\\\/uploads\\\/2026\\\/02\\\/ASEBA-LFVM26-02.jpg\",\"width\":1601,\"height\":1001},{\"@type\":\"BreadcrumbList\",\"@id\":\"https:\\\/\\\/deportesanluis.com.ar\\\/aseba-arranco-con-el-pie-derecho-en-san-juan\\\/#breadcrumb\",\"itemListElement\":[{\"@type\":\"ListItem\",\"position\":1,\"name\":\"Home\",\"item\":\"https:\\\/\\\/deportesanluis.com.ar\\\/\"},{\"@type\":\"ListItem\",\"position\":2,\"name\":\"ASEBA arranc\u00f3 con el pie derecho en San Juan\"}]},{\"@type\":\"WebSite\",\"@id\":\"https:\\\/\\\/deportesanluis.com.ar\\\/#website\",\"url\":\"https:\\\/\\\/deportesanluis.com.ar\\\/\",\"name\":\"deportesanluis.com.ar\",\"description\":\"Noticias de Deporte de San Luis\",\"publisher\":{\"@id\":\"https:\\\/\\\/deportesanluis.com.ar\\\/#organization\"},\"alternateName\":\"Deporte SL\",\"potentialAction\":[{\"@type\":\"SearchAction\",\"target\":{\"@type\":\"EntryPoint\",\"urlTemplate\":\"https:\\\/\\\/deportesanluis.com.ar\\\/?s={search_term_string}\"},\"query-input\":{\"@type\":\"PropertyValueSpecification\",\"valueRequired\":true,\"valueName\":\"search_term_string\"}}],\"inLanguage\":\"es-AR\"},{\"@type\":\"Organization\",\"@id\":\"https:\\\/\\\/deportesanluis.com.ar\\\/#organization\",\"name\":\"DSL\",\"alternateName\":\"Deporte SL\",\"url\":\"https:\\\/\\\/deportesanluis.com.ar\\\/\",\"logo\":{\"@type\":\"ImageObject\",\"inLanguage\":\"es-AR\",\"@id\":\"https:\\\/\\\/deportesanluis.com.ar\\\/#\\\/schema\\\/logo\\\/image\\\/\",\"url\":\"https:\\\/\\\/deportesanluis.com.ar\\\/wp-content\\\/uploads\\\/2023\\\/06\\\/DSL-Logo-2023-5.jpg\",\"contentUrl\":\"https:\\\/\\\/deportesanluis.com.ar\\\/wp-content\\\/uploads\\\/2023\\\/06\\\/DSL-Logo-2023-5.jpg\",\"width\":1718,\"height\":845,\"caption\":\"DSL\"},\"image\":{\"@id\":\"https:\\\/\\\/deportesanluis.com.ar\\\/#\\\/schema\\\/logo\\\/image\\\/\"},\"sameAs\":[\"https:\\\/\\\/www.facebook.com\\\/DSLDeporteSanLuis\",\"https:\\\/\\\/x.com\\\/deportesanluis\",\"https:\\\/\\\/www.instagram.com\\\/dsl_deportesanluis\\\/\"]},{\"@type\":\"Person\",\"@id\":\"https:\\\/\\\/deportesanluis.com.ar\\\/#\\\/schema\\\/person\\\/4b3e665481e93d271fced43ee48143c8\",\"name\":\"admin\",\"image\":{\"@type\":\"ImageObject\",\"inLanguage\":\"es-AR\",\"@id\":\"https:\\\/\\\/secure.gravatar.com\\\/avatar\\\/5424b2c21466f502587708c43dbe2dc47b5e643fec67835095677cd3af6ba546?s=96&d=mm&r=g\",\"url\":\"https:\\\/\\\/secure.gravatar.com\\\/avatar\\\/5424b2c21466f502587708c43dbe2dc47b5e643fec67835095677cd3af6ba546?s=96&d=mm&r=g\",\"contentUrl\":\"https:\\\/\\\/secure.gravatar.com\\\/avatar\\\/5424b2c21466f502587708c43dbe2dc47b5e643fec67835095677cd3af6ba546?s=96&d=mm&r=g\",\"caption\":\"admin\"},\"sameAs\":[\"https:\\\/\\\/deportesanluis.com.ar\"],\"url\":\"https:\\\/\\\/deportesanluis.com.ar\\\/author\\\/admin\\\/\"}]}<\/script>\n<!-- \/ Yoast SEO plugin. -->","yoast_head_json":{"title":"ASEBA arranc\u00f3 con el pie derecho en San Juan - DSL","description":"El Bancario hizo su debut en la Liga Federal con un gran triunfo sobre N\u00e1utico de San Pedro por 3-2. Este mi\u00e9rcoles se cruza con Racing de Castex.\u00a0","robots":{"index":"index","follow":"follow","max-snippet":"max-snippet:-1","max-image-preview":"max-image-preview:large","max-video-preview":"max-video-preview:-1"},"canonical":"https:\/\/deportesanluis.com.ar\/aseba-arranco-con-el-pie-derecho-en-san-juan\/","og_locale":"es_ES","og_type":"article","og_title":"ASEBA arranc\u00f3 con el pie derecho en San Juan - DSL","og_description":"El Bancario hizo su debut en la Liga Federal con un gran triunfo sobre N\u00e1utico de San Pedro por 3-2. Este mi\u00e9rcoles se cruza con Racing de Castex.\u00a0","og_url":"https:\/\/deportesanluis.com.ar\/aseba-arranco-con-el-pie-derecho-en-san-juan\/","og_site_name":"DSL","article_publisher":"https:\/\/www.facebook.com\/DSLDeporteSanLuis","article_published_time":"2026-02-06T00:58:45+00:00","article_modified_time":"2026-02-10T15:18:44+00:00","og_image":[{"width":1601,"height":1001,"url":"https:\/\/deportesanluis.com.ar\/wp-content\/uploads\/2026\/02\/ASEBA-LFVM26-02.jpg","type":"image\/jpeg"}],"author":"admin","twitter_card":"summary_large_image","twitter_creator":"@deportesanluis","twitter_site":"@deportesanluis","twitter_misc":{"Escrito por":"admin","Tiempo de lectura":"2 minutos"},"schema":{"@context":"https:\/\/schema.org","@graph":[{"@type":"Article","@id":"https:\/\/deportesanluis.com.ar\/aseba-arranco-con-el-pie-derecho-en-san-juan\/#article","isPartOf":{"@id":"https:\/\/deportesanluis.com.ar\/aseba-arranco-con-el-pie-derecho-en-san-juan\/"},"author":{"name":"admin","@id":"https:\/\/deportesanluis.com.ar\/#\/schema\/person\/4b3e665481e93d271fced43ee48143c8"},"headline":"ASEBA arranc\u00f3 con el pie derecho en San Juan","datePublished":"2026-02-06T00:58:45+00:00","dateModified":"2026-02-10T15:18:44+00:00","mainEntityOfPage":{"@id":"https:\/\/deportesanluis.com.ar\/aseba-arranco-con-el-pie-derecho-en-san-juan\/"},"wordCount":157,"publisher":{"@id":"https:\/\/deportesanluis.com.ar\/#organization"},"image":{"@id":"https:\/\/deportesanluis.com.ar\/aseba-arranco-con-el-pie-derecho-en-san-juan\/#primaryimage"},"thumbnailUrl":"https:\/\/deportesanluis.com.ar\/wp-content\/uploads\/2026\/02\/ASEBA-LFVM26-02.jpg","keywords":["LFVM","Voley"],"articleSection":["Poli","Voley"],"inLanguage":"es-AR"},{"@type":"WebPage","@id":"https:\/\/deportesanluis.com.ar\/aseba-arranco-con-el-pie-derecho-en-san-juan\/","url":"https:\/\/deportesanluis.com.ar\/aseba-arranco-con-el-pie-derecho-en-san-juan\/","name":"ASEBA arranc\u00f3 con el pie derecho en San Juan - DSL","isPartOf":{"@id":"https:\/\/deportesanluis.com.ar\/#website"},"primaryImageOfPage":{"@id":"https:\/\/deportesanluis.com.ar\/aseba-arranco-con-el-pie-derecho-en-san-juan\/#primaryimage"},"image":{"@id":"https:\/\/deportesanluis.com.ar\/aseba-arranco-con-el-pie-derecho-en-san-juan\/#primaryimage"},"thumbnailUrl":"https:\/\/deportesanluis.com.ar\/wp-content\/uploads\/2026\/02\/ASEBA-LFVM26-02.jpg","datePublished":"2026-02-06T00:58:45+00:00","dateModified":"2026-02-10T15:18:44+00:00","description":"El Bancario hizo su debut en la Liga Federal con un gran triunfo sobre N\u00e1utico de San Pedro por 3-2. Este mi\u00e9rcoles se cruza con Racing de Castex.\u00a0","breadcrumb":{"@id":"https:\/\/deportesanluis.com.ar\/aseba-arranco-con-el-pie-derecho-en-san-juan\/#breadcrumb"},"inLanguage":"es-AR","potentialAction":[{"@type":"ReadAction","target":["https:\/\/deportesanluis.com.ar\/aseba-arranco-con-el-pie-derecho-en-san-juan\/"]}]},{"@type":"ImageObject","inLanguage":"es-AR","@id":"https:\/\/deportesanluis.com.ar\/aseba-arranco-con-el-pie-derecho-en-san-juan\/#primaryimage","url":"https:\/\/deportesanluis.com.ar\/wp-content\/uploads\/2026\/02\/ASEBA-LFVM26-02.jpg","contentUrl":"https:\/\/deportesanluis.com.ar\/wp-content\/uploads\/2026\/02\/ASEBA-LFVM26-02.jpg","width":1601,"height":1001},{"@type":"BreadcrumbList","@id":"https:\/\/deportesanluis.com.ar\/aseba-arranco-con-el-pie-derecho-en-san-juan\/#breadcrumb","itemListElement":[{"@type":"ListItem","position":1,"name":"Home","item":"https:\/\/deportesanluis.com.ar\/"},{"@type":"ListItem","position":2,"name":"ASEBA arranc\u00f3 con el pie derecho en San Juan"}]},{"@type":"WebSite","@id":"https:\/\/deportesanluis.com.ar\/#website","url":"https:\/\/deportesanluis.com.ar\/","name":"deportesanluis.com.ar","description":"Noticias de Deporte de San Luis","publisher":{"@id":"https:\/\/deportesanluis.com.ar\/#organization"},"alternateName":"Deporte SL","potentialAction":[{"@type":"SearchAction","target":{"@type":"EntryPoint","urlTemplate":"https:\/\/deportesanluis.com.ar\/?s={search_term_string}"},"query-input":{"@type":"PropertyValueSpecification","valueRequired":true,"valueName":"search_term_string"}}],"inLanguage":"es-AR"},{"@type":"Organization","@id":"https:\/\/deportesanluis.com.ar\/#organization","name":"DSL","alternateName":"Deporte SL","url":"https:\/\/deportesanluis.com.ar\/","logo":{"@type":"ImageObject","inLanguage":"es-AR","@id":"https:\/\/deportesanluis.com.ar\/#\/schema\/logo\/image\/","url":"https:\/\/deportesanluis.com.ar\/wp-content\/uploads\/2023\/06\/DSL-Logo-2023-5.jpg","contentUrl":"https:\/\/deportesanluis.com.ar\/wp-content\/uploads\/2023\/06\/DSL-Logo-2023-5.jpg","width":1718,"height":845,"caption":"DSL"},"image":{"@id":"https:\/\/deportesanluis.com.ar\/#\/schema\/logo\/image\/"},"sameAs":["https:\/\/www.facebook.com\/DSLDeporteSanLuis","https:\/\/x.com\/deportesanluis","https:\/\/www.instagram.com\/dsl_deportesanluis\/"]},{"@type":"Person","@id":"https:\/\/deportesanluis.com.ar\/#\/schema\/person\/4b3e665481e93d271fced43ee48143c8","name":"admin","image":{"@type":"ImageObject","inLanguage":"es-AR","@id":"https:\/\/secure.gravatar.com\/avatar\/5424b2c21466f502587708c43dbe2dc47b5e643fec67835095677cd3af6ba546?s=96&d=mm&r=g","url":"https:\/\/secure.gravatar.com\/avatar\/5424b2c21466f502587708c43dbe2dc47b5e643fec67835095677cd3af6ba546?s=96&d=mm&r=g","contentUrl":"https:\/\/secure.gravatar.com\/avatar\/5424b2c21466f502587708c43dbe2dc47b5e643fec67835095677cd3af6ba546?s=96&d=mm&r=g","caption":"admin"},"sameAs":["https:\/\/deportesanluis.com.ar"],"url":"https:\/\/deportesanluis.com.ar\/author\/admin\/"}]}},"_links":{"self":[{"href":"https:\/\/deportesanluis.com.ar\/wp-json\/wp\/v2\/posts\/30520","targetHints":{"allow":["GET"]}}],"collection":[{"href":"https:\/\/deportesanluis.com.ar\/wp-json\/wp\/v2\/posts"}],"about":[{"href":"https:\/\/deportesanluis.com.ar\/wp-json\/wp\/v2\/types\/post"}],"author":[{"embeddable":true,"href":"https:\/\/deportesanluis.com.ar\/wp-json\/wp\/v2\/users\/1"}],"replies":[{"embeddable":true,"href":"https:\/\/deportesanluis.com.ar\/wp-json\/wp\/v2\/comments?post=30520"}],"version-history":[{"count":0,"href":"https:\/\/deportesanluis.com.ar\/wp-json\/wp\/v2\/posts\/30520\/revisions"}],"wp:featuredmedia":[{"embeddable":true,"href":"https:\/\/deportesanluis.com.ar\/wp-json\/wp\/v2\/media\/30521"}],"wp:attachment":[{"href":"https:\/\/deportesanluis.com.ar\/wp-json\/wp\/v2\/media?parent=30520"}],"wp:term":[{"taxonomy":"category","embeddable":true,"href":"https:\/\/deportesanluis.com.ar\/wp-json\/wp\/v2\/categories?post=30520"},{"taxonomy":"post_tag","embeddable":true,"href":"https:\/\/deportesanluis.com.ar\/wp-json\/wp\/v2\/tags?post=30520"}],"curies":[{"name":"wp","href":"https:\/\/api.w.org\/{rel}","templated":true}]}}