{"id":30613,"date":"2026-02-10T14:34:38","date_gmt":"2026-02-10T17:34:38","guid":{"rendered":"https:\/\/deportesanluis.com.ar\/?p=30613"},"modified":"2026-02-17T12:09:03","modified_gmt":"2026-02-17T15:09:03","slug":"pelaez-se-recibio-de-maestro-en-san-francisco","status":"publish","type":"post","link":"https:\/\/deportesanluis.com.ar\/pelaez-se-recibio-de-maestro-en-san-francisco\/","title":{"rendered":"Pelaez se recibi\u00f3 de maestro en San Francisco"},"content":{"rendered":"<p>Este domingo lleg\u00f3 a su fin la edici\u00f3n 13 del Rally Master de la Tracci\u00f3n Simple en San Francisco del Monte de Oro, localidad del norte de San Luis que vio nacer a este evento que re\u00fane a los grandes exponentes nacionales.<\/p>\n<p>Luego de dos jornadas intensas y por caminos exigentes, el triunfo de la General y de la Clase RC4 fue para el santiague\u00f1o Pablo Pelaez que cont\u00f3 con Nicol\u00e1s Capurro en la butaca derecha de su Peugeot 208.<\/p>\n<p>El escolta fue el ganador de la Clase A, el puntano Cristian Gonz\u00e1lez junto al mercedino Mat\u00edas Ramos (VW Gol Trend) mientras que el segundo lugar de la Clase A y completando el podio de la General se ubic\u00f3 Emmanuel Bracco junto al mercedino Gonzalo D\u00edaz (VW Gol Trend).<\/p>\n<p><a href=\"https:\/\/deportesanluis.com.ar\/wp-content\/uploads\/2026\/02\/Gonzalez-RallyMaster26.jpg\"><img loading=\"lazy\" decoding=\"async\" class=\"aligncenter size-full wp-image-30614\" src=\"https:\/\/deportesanluis.com.ar\/wp-content\/uploads\/2026\/02\/Gonzalez-RallyMaster26.jpg\" alt=\"\" width=\"1601\" height=\"1001\" srcset=\"https:\/\/deportesanluis.com.ar\/wp-content\/uploads\/2026\/02\/Gonzalez-RallyMaster26.jpg 1601w, https:\/\/deportesanluis.com.ar\/wp-content\/uploads\/2026\/02\/Gonzalez-RallyMaster26-300x188.jpg 300w, https:\/\/deportesanluis.com.ar\/wp-content\/uploads\/2026\/02\/Gonzalez-RallyMaster26-1024x640.jpg 1024w, https:\/\/deportesanluis.com.ar\/wp-content\/uploads\/2026\/02\/Gonzalez-RallyMaster26-768x480.jpg 768w, https:\/\/deportesanluis.com.ar\/wp-content\/uploads\/2026\/02\/Gonzalez-RallyMaster26-1536x960.jpg 1536w, https:\/\/deportesanluis.com.ar\/wp-content\/uploads\/2026\/02\/Gonzalez-RallyMaster26-672x420.jpg 672w, https:\/\/deportesanluis.com.ar\/wp-content\/uploads\/2026\/02\/Gonzalez-RallyMaster26-150x94.jpg 150w, https:\/\/deportesanluis.com.ar\/wp-content\/uploads\/2026\/02\/Gonzalez-RallyMaster26-696x435.jpg 696w, https:\/\/deportesanluis.com.ar\/wp-content\/uploads\/2026\/02\/Gonzalez-RallyMaster26-1068x668.jpg 1068w\" sizes=\"auto, (max-width: 1601px) 100vw, 1601px\" \/><\/a><\/p>\n<p>El tomense Mario Rasso (Peugeot 208) ocup\u00f3 el cuarto lugar y fue el ganador de la Clase RC3 mientras que Federico Bassi (VW Gol Trend) complet\u00f3 los cinco mejores lugares de la General y subi\u00f3 al tercer escal\u00f3n de la Clase A.<\/p>\n<p><a href=\"https:\/\/deportesanluis.com.ar\/wp-content\/uploads\/2026\/02\/Rasso-RallyMaster26.jpg\"><img loading=\"lazy\" decoding=\"async\" class=\"aligncenter size-full wp-image-30616\" src=\"https:\/\/deportesanluis.com.ar\/wp-content\/uploads\/2026\/02\/Rasso-RallyMaster26.jpg\" alt=\"\" width=\"1601\" height=\"1001\" srcset=\"https:\/\/deportesanluis.com.ar\/wp-content\/uploads\/2026\/02\/Rasso-RallyMaster26.jpg 1601w, https:\/\/deportesanluis.com.ar\/wp-content\/uploads\/2026\/02\/Rasso-RallyMaster26-300x188.jpg 300w, https:\/\/deportesanluis.com.ar\/wp-content\/uploads\/2026\/02\/Rasso-RallyMaster26-1024x640.jpg 1024w, https:\/\/deportesanluis.com.ar\/wp-content\/uploads\/2026\/02\/Rasso-RallyMaster26-768x480.jpg 768w, https:\/\/deportesanluis.com.ar\/wp-content\/uploads\/2026\/02\/Rasso-RallyMaster26-1536x960.jpg 1536w, https:\/\/deportesanluis.com.ar\/wp-content\/uploads\/2026\/02\/Rasso-RallyMaster26-672x420.jpg 672w, https:\/\/deportesanluis.com.ar\/wp-content\/uploads\/2026\/02\/Rasso-RallyMaster26-150x94.jpg 150w, https:\/\/deportesanluis.com.ar\/wp-content\/uploads\/2026\/02\/Rasso-RallyMaster26-696x435.jpg 696w, https:\/\/deportesanluis.com.ar\/wp-content\/uploads\/2026\/02\/Rasso-RallyMaster26-1068x668.jpg 1068w\" sizes=\"auto, (max-width: 1601px) 100vw, 1601px\" \/><\/a><\/p>\n<p>La Clase N1 fue para Enzo Mir\u00e1bile (VW Gol) seguido por Tadeo Scalora (VW Gol) y Cesar Gui\u00f1az\u00fa (VW Gol).<\/p>\n<p>La RC5, una de las categor\u00edas m\u00e1s convocantes y m\u00e1s parejas del Master, qued\u00f3 en manos de Feliciano de la Mota y Maximiliano De Le\u00f3n (Ford Fiesta). Los escoltas fueron Juan Paisa (Peugeot 208) y Juan Manuel Pellegrini (Ford Fiesta).<\/p>\n<p>La Clase N2 fue para Lauro Rosas (VW Gol) seguido de Rogelio Adorno (Ford Ka) y Emiliano Alaniz (Ford Ka).<\/p>\n<p>Bruno Olivero (VW Gol) se adjudic\u00f3 la Clase NH con Ernesto Sosa (VW Gol) y Silvio Montenegro (Fiat Regatta) como escoltas.<\/p>\n<p>Finalmente, la Clase N2STD8v cont\u00f3 con la victoria de Mario Metalica (VW Gol) seguido de Orlando Puliti (VW Gol) y Emir Bleisen (VW Gol).<\/p>\n<p>De esta manera el Rally Master confirma que su presencia en el calendario nacional es obligatoria y, por lo tanto, los organizadores ya trabajan de cara al 2027.<\/p>\n<hr \/>\n<p><strong>Nota:<\/strong> Redacci\u00f3n<\/p>\n","protected":false},"excerpt":{"rendered":"<p>El santiague\u00f1o a bordo de su Peugeot 208, se adjudic\u00f3 la edici\u00f3n 13 del Rally Master de la Tracci\u00f3n Simple. Cristian Gonz\u00e1lez y Emmanuel Bracco completaron el podio.\u00a0<\/p>\n","protected":false},"author":1,"featured_media":30615,"comment_status":"closed","ping_status":"closed","sticky":false,"template":"","format":"standard","meta":{"footnotes":""},"categories":[75,51,52],"tags":[182],"class_list":{"0":"post-30613","1":"post","2":"type-post","3":"status-publish","4":"format-standard","5":"has-post-thumbnail","7":"category-75","8":"category-motores","9":"category-rp","10":"tag-rally-master"},"yoast_head":"<!-- This site is optimized with the Yoast SEO plugin v27.4 - https:\/\/yoast.com\/product\/yoast-seo-wordpress\/ -->\n<title>Pelaez se recibi\u00f3 de maestro en San Francisco - DSL<\/title>\n<meta name=\"description\" content=\"El santiague\u00f1o a bordo de su Peugeot 208, se adjudic\u00f3 la edici\u00f3n 13 del Rally Master de la Tracci\u00f3n Simple. Cristian Gonz\u00e1lez y Emmanuel Bracco completaron el podio.\u00a0\" \/>\n<meta name=\"robots\" content=\"index, follow, max-snippet:-1, max-image-preview:large, max-video-preview:-1\" \/>\n<link rel=\"canonical\" href=\"https:\/\/deportesanluis.com.ar\/pelaez-se-recibio-de-maestro-en-san-francisco\/\" \/>\n<meta property=\"og:locale\" content=\"es_ES\" \/>\n<meta property=\"og:type\" content=\"article\" \/>\n<meta property=\"og:title\" content=\"Pelaez se recibi\u00f3 de maestro en San Francisco - DSL\" \/>\n<meta property=\"og:description\" content=\"El santiague\u00f1o a bordo de su Peugeot 208, se adjudic\u00f3 la edici\u00f3n 13 del Rally Master de la Tracci\u00f3n Simple. Cristian Gonz\u00e1lez y Emmanuel Bracco completaron el podio.\u00a0\" \/>\n<meta property=\"og:url\" content=\"https:\/\/deportesanluis.com.ar\/pelaez-se-recibio-de-maestro-en-san-francisco\/\" \/>\n<meta property=\"og:site_name\" content=\"DSL\" \/>\n<meta property=\"article:publisher\" content=\"https:\/\/www.facebook.com\/DSLDeporteSanLuis\" \/>\n<meta property=\"article:published_time\" content=\"2026-02-10T17:34:38+00:00\" \/>\n<meta property=\"article:modified_time\" content=\"2026-02-17T15:09:03+00:00\" \/>\n<meta property=\"og:image\" content=\"https:\/\/deportesanluis.com.ar\/wp-content\/uploads\/2026\/02\/Pelaez-RallyMaster26.jpg\" \/>\n\t<meta property=\"og:image:width\" content=\"1601\" \/>\n\t<meta property=\"og:image:height\" content=\"1001\" \/>\n\t<meta property=\"og:image:type\" content=\"image\/jpeg\" \/>\n<meta name=\"author\" content=\"admin\" \/>\n<meta name=\"twitter:card\" content=\"summary_large_image\" \/>\n<meta name=\"twitter:creator\" content=\"@deportesanluis\" \/>\n<meta name=\"twitter:site\" content=\"@deportesanluis\" \/>\n<meta name=\"twitter:label1\" content=\"Escrito por\" \/>\n\t<meta name=\"twitter:data1\" content=\"admin\" \/>\n\t<meta name=\"twitter:label2\" content=\"Tiempo de lectura\" \/>\n\t<meta name=\"twitter:data2\" content=\"3 minutos\" \/>\n<script type=\"application\/ld+json\" class=\"yoast-schema-graph\">{\"@context\":\"https:\\\/\\\/schema.org\",\"@graph\":[{\"@type\":\"Article\",\"@id\":\"https:\\\/\\\/deportesanluis.com.ar\\\/pelaez-se-recibio-de-maestro-en-san-francisco\\\/#article\",\"isPartOf\":{\"@id\":\"https:\\\/\\\/deportesanluis.com.ar\\\/pelaez-se-recibio-de-maestro-en-san-francisco\\\/\"},\"author\":{\"name\":\"admin\",\"@id\":\"https:\\\/\\\/deportesanluis.com.ar\\\/#\\\/schema\\\/person\\\/4b3e665481e93d271fced43ee48143c8\"},\"headline\":\"Pelaez se recibi\u00f3 de maestro en San Francisco\",\"datePublished\":\"2026-02-10T17:34:38+00:00\",\"dateModified\":\"2026-02-17T15:09:03+00:00\",\"mainEntityOfPage\":{\"@id\":\"https:\\\/\\\/deportesanluis.com.ar\\\/pelaez-se-recibio-de-maestro-en-san-francisco\\\/\"},\"wordCount\":347,\"publisher\":{\"@id\":\"https:\\\/\\\/deportesanluis.com.ar\\\/#organization\"},\"image\":{\"@id\":\"https:\\\/\\\/deportesanluis.com.ar\\\/pelaez-se-recibio-de-maestro-en-san-francisco\\\/#primaryimage\"},\"thumbnailUrl\":\"https:\\\/\\\/deportesanluis.com.ar\\\/wp-content\\\/uploads\\\/2026\\\/02\\\/Pelaez-RallyMaster26.jpg\",\"keywords\":[\"Rally Master\"],\"articleSection\":[\"15\",\"Motores\",\"RP\"],\"inLanguage\":\"es-AR\"},{\"@type\":\"WebPage\",\"@id\":\"https:\\\/\\\/deportesanluis.com.ar\\\/pelaez-se-recibio-de-maestro-en-san-francisco\\\/\",\"url\":\"https:\\\/\\\/deportesanluis.com.ar\\\/pelaez-se-recibio-de-maestro-en-san-francisco\\\/\",\"name\":\"Pelaez se recibi\u00f3 de maestro en San Francisco - DSL\",\"isPartOf\":{\"@id\":\"https:\\\/\\\/deportesanluis.com.ar\\\/#website\"},\"primaryImageOfPage\":{\"@id\":\"https:\\\/\\\/deportesanluis.com.ar\\\/pelaez-se-recibio-de-maestro-en-san-francisco\\\/#primaryimage\"},\"image\":{\"@id\":\"https:\\\/\\\/deportesanluis.com.ar\\\/pelaez-se-recibio-de-maestro-en-san-francisco\\\/#primaryimage\"},\"thumbnailUrl\":\"https:\\\/\\\/deportesanluis.com.ar\\\/wp-content\\\/uploads\\\/2026\\\/02\\\/Pelaez-RallyMaster26.jpg\",\"datePublished\":\"2026-02-10T17:34:38+00:00\",\"dateModified\":\"2026-02-17T15:09:03+00:00\",\"description\":\"El santiague\u00f1o a bordo de su Peugeot 208, se adjudic\u00f3 la edici\u00f3n 13 del Rally Master de la Tracci\u00f3n Simple. Cristian Gonz\u00e1lez y Emmanuel Bracco completaron el podio.\u00a0\",\"breadcrumb\":{\"@id\":\"https:\\\/\\\/deportesanluis.com.ar\\\/pelaez-se-recibio-de-maestro-en-san-francisco\\\/#breadcrumb\"},\"inLanguage\":\"es-AR\",\"potentialAction\":[{\"@type\":\"ReadAction\",\"target\":[\"https:\\\/\\\/deportesanluis.com.ar\\\/pelaez-se-recibio-de-maestro-en-san-francisco\\\/\"]}]},{\"@type\":\"ImageObject\",\"inLanguage\":\"es-AR\",\"@id\":\"https:\\\/\\\/deportesanluis.com.ar\\\/pelaez-se-recibio-de-maestro-en-san-francisco\\\/#primaryimage\",\"url\":\"https:\\\/\\\/deportesanluis.com.ar\\\/wp-content\\\/uploads\\\/2026\\\/02\\\/Pelaez-RallyMaster26.jpg\",\"contentUrl\":\"https:\\\/\\\/deportesanluis.com.ar\\\/wp-content\\\/uploads\\\/2026\\\/02\\\/Pelaez-RallyMaster26.jpg\",\"width\":1601,\"height\":1001},{\"@type\":\"BreadcrumbList\",\"@id\":\"https:\\\/\\\/deportesanluis.com.ar\\\/pelaez-se-recibio-de-maestro-en-san-francisco\\\/#breadcrumb\",\"itemListElement\":[{\"@type\":\"ListItem\",\"position\":1,\"name\":\"Home\",\"item\":\"https:\\\/\\\/deportesanluis.com.ar\\\/\"},{\"@type\":\"ListItem\",\"position\":2,\"name\":\"Pelaez se recibi\u00f3 de maestro en San Francisco\"}]},{\"@type\":\"WebSite\",\"@id\":\"https:\\\/\\\/deportesanluis.com.ar\\\/#website\",\"url\":\"https:\\\/\\\/deportesanluis.com.ar\\\/\",\"name\":\"deportesanluis.com.ar\",\"description\":\"Noticias de Deporte de San Luis\",\"publisher\":{\"@id\":\"https:\\\/\\\/deportesanluis.com.ar\\\/#organization\"},\"alternateName\":\"Deporte SL\",\"potentialAction\":[{\"@type\":\"SearchAction\",\"target\":{\"@type\":\"EntryPoint\",\"urlTemplate\":\"https:\\\/\\\/deportesanluis.com.ar\\\/?s={search_term_string}\"},\"query-input\":{\"@type\":\"PropertyValueSpecification\",\"valueRequired\":true,\"valueName\":\"search_term_string\"}}],\"inLanguage\":\"es-AR\"},{\"@type\":\"Organization\",\"@id\":\"https:\\\/\\\/deportesanluis.com.ar\\\/#organization\",\"name\":\"DSL\",\"alternateName\":\"Deporte SL\",\"url\":\"https:\\\/\\\/deportesanluis.com.ar\\\/\",\"logo\":{\"@type\":\"ImageObject\",\"inLanguage\":\"es-AR\",\"@id\":\"https:\\\/\\\/deportesanluis.com.ar\\\/#\\\/schema\\\/logo\\\/image\\\/\",\"url\":\"https:\\\/\\\/deportesanluis.com.ar\\\/wp-content\\\/uploads\\\/2023\\\/06\\\/DSL-Logo-2023-5.jpg\",\"contentUrl\":\"https:\\\/\\\/deportesanluis.com.ar\\\/wp-content\\\/uploads\\\/2023\\\/06\\\/DSL-Logo-2023-5.jpg\",\"width\":1718,\"height\":845,\"caption\":\"DSL\"},\"image\":{\"@id\":\"https:\\\/\\\/deportesanluis.com.ar\\\/#\\\/schema\\\/logo\\\/image\\\/\"},\"sameAs\":[\"https:\\\/\\\/www.facebook.com\\\/DSLDeporteSanLuis\",\"https:\\\/\\\/x.com\\\/deportesanluis\",\"https:\\\/\\\/www.instagram.com\\\/dsl_deportesanluis\\\/\"]},{\"@type\":\"Person\",\"@id\":\"https:\\\/\\\/deportesanluis.com.ar\\\/#\\\/schema\\\/person\\\/4b3e665481e93d271fced43ee48143c8\",\"name\":\"admin\",\"image\":{\"@type\":\"ImageObject\",\"inLanguage\":\"es-AR\",\"@id\":\"https:\\\/\\\/secure.gravatar.com\\\/avatar\\\/5424b2c21466f502587708c43dbe2dc47b5e643fec67835095677cd3af6ba546?s=96&d=mm&r=g\",\"url\":\"https:\\\/\\\/secure.gravatar.com\\\/avatar\\\/5424b2c21466f502587708c43dbe2dc47b5e643fec67835095677cd3af6ba546?s=96&d=mm&r=g\",\"contentUrl\":\"https:\\\/\\\/secure.gravatar.com\\\/avatar\\\/5424b2c21466f502587708c43dbe2dc47b5e643fec67835095677cd3af6ba546?s=96&d=mm&r=g\",\"caption\":\"admin\"},\"sameAs\":[\"https:\\\/\\\/deportesanluis.com.ar\"],\"url\":\"https:\\\/\\\/deportesanluis.com.ar\\\/author\\\/admin\\\/\"}]}<\/script>\n<!-- \/ Yoast SEO plugin. -->","yoast_head_json":{"title":"Pelaez se recibi\u00f3 de maestro en San Francisco - DSL","description":"El santiague\u00f1o a bordo de su Peugeot 208, se adjudic\u00f3 la edici\u00f3n 13 del Rally Master de la Tracci\u00f3n Simple. Cristian Gonz\u00e1lez y Emmanuel Bracco completaron el podio.\u00a0","robots":{"index":"index","follow":"follow","max-snippet":"max-snippet:-1","max-image-preview":"max-image-preview:large","max-video-preview":"max-video-preview:-1"},"canonical":"https:\/\/deportesanluis.com.ar\/pelaez-se-recibio-de-maestro-en-san-francisco\/","og_locale":"es_ES","og_type":"article","og_title":"Pelaez se recibi\u00f3 de maestro en San Francisco - DSL","og_description":"El santiague\u00f1o a bordo de su Peugeot 208, se adjudic\u00f3 la edici\u00f3n 13 del Rally Master de la Tracci\u00f3n Simple. Cristian Gonz\u00e1lez y Emmanuel Bracco completaron el podio.\u00a0","og_url":"https:\/\/deportesanluis.com.ar\/pelaez-se-recibio-de-maestro-en-san-francisco\/","og_site_name":"DSL","article_publisher":"https:\/\/www.facebook.com\/DSLDeporteSanLuis","article_published_time":"2026-02-10T17:34:38+00:00","article_modified_time":"2026-02-17T15:09:03+00:00","og_image":[{"width":1601,"height":1001,"url":"https:\/\/deportesanluis.com.ar\/wp-content\/uploads\/2026\/02\/Pelaez-RallyMaster26.jpg","type":"image\/jpeg"}],"author":"admin","twitter_card":"summary_large_image","twitter_creator":"@deportesanluis","twitter_site":"@deportesanluis","twitter_misc":{"Escrito por":"admin","Tiempo de lectura":"3 minutos"},"schema":{"@context":"https:\/\/schema.org","@graph":[{"@type":"Article","@id":"https:\/\/deportesanluis.com.ar\/pelaez-se-recibio-de-maestro-en-san-francisco\/#article","isPartOf":{"@id":"https:\/\/deportesanluis.com.ar\/pelaez-se-recibio-de-maestro-en-san-francisco\/"},"author":{"name":"admin","@id":"https:\/\/deportesanluis.com.ar\/#\/schema\/person\/4b3e665481e93d271fced43ee48143c8"},"headline":"Pelaez se recibi\u00f3 de maestro en San Francisco","datePublished":"2026-02-10T17:34:38+00:00","dateModified":"2026-02-17T15:09:03+00:00","mainEntityOfPage":{"@id":"https:\/\/deportesanluis.com.ar\/pelaez-se-recibio-de-maestro-en-san-francisco\/"},"wordCount":347,"publisher":{"@id":"https:\/\/deportesanluis.com.ar\/#organization"},"image":{"@id":"https:\/\/deportesanluis.com.ar\/pelaez-se-recibio-de-maestro-en-san-francisco\/#primaryimage"},"thumbnailUrl":"https:\/\/deportesanluis.com.ar\/wp-content\/uploads\/2026\/02\/Pelaez-RallyMaster26.jpg","keywords":["Rally Master"],"articleSection":["15","Motores","RP"],"inLanguage":"es-AR"},{"@type":"WebPage","@id":"https:\/\/deportesanluis.com.ar\/pelaez-se-recibio-de-maestro-en-san-francisco\/","url":"https:\/\/deportesanluis.com.ar\/pelaez-se-recibio-de-maestro-en-san-francisco\/","name":"Pelaez se recibi\u00f3 de maestro en San Francisco - DSL","isPartOf":{"@id":"https:\/\/deportesanluis.com.ar\/#website"},"primaryImageOfPage":{"@id":"https:\/\/deportesanluis.com.ar\/pelaez-se-recibio-de-maestro-en-san-francisco\/#primaryimage"},"image":{"@id":"https:\/\/deportesanluis.com.ar\/pelaez-se-recibio-de-maestro-en-san-francisco\/#primaryimage"},"thumbnailUrl":"https:\/\/deportesanluis.com.ar\/wp-content\/uploads\/2026\/02\/Pelaez-RallyMaster26.jpg","datePublished":"2026-02-10T17:34:38+00:00","dateModified":"2026-02-17T15:09:03+00:00","description":"El santiague\u00f1o a bordo de su Peugeot 208, se adjudic\u00f3 la edici\u00f3n 13 del Rally Master de la Tracci\u00f3n Simple. Cristian Gonz\u00e1lez y Emmanuel Bracco completaron el podio.\u00a0","breadcrumb":{"@id":"https:\/\/deportesanluis.com.ar\/pelaez-se-recibio-de-maestro-en-san-francisco\/#breadcrumb"},"inLanguage":"es-AR","potentialAction":[{"@type":"ReadAction","target":["https:\/\/deportesanluis.com.ar\/pelaez-se-recibio-de-maestro-en-san-francisco\/"]}]},{"@type":"ImageObject","inLanguage":"es-AR","@id":"https:\/\/deportesanluis.com.ar\/pelaez-se-recibio-de-maestro-en-san-francisco\/#primaryimage","url":"https:\/\/deportesanluis.com.ar\/wp-content\/uploads\/2026\/02\/Pelaez-RallyMaster26.jpg","contentUrl":"https:\/\/deportesanluis.com.ar\/wp-content\/uploads\/2026\/02\/Pelaez-RallyMaster26.jpg","width":1601,"height":1001},{"@type":"BreadcrumbList","@id":"https:\/\/deportesanluis.com.ar\/pelaez-se-recibio-de-maestro-en-san-francisco\/#breadcrumb","itemListElement":[{"@type":"ListItem","position":1,"name":"Home","item":"https:\/\/deportesanluis.com.ar\/"},{"@type":"ListItem","position":2,"name":"Pelaez se recibi\u00f3 de maestro en San Francisco"}]},{"@type":"WebSite","@id":"https:\/\/deportesanluis.com.ar\/#website","url":"https:\/\/deportesanluis.com.ar\/","name":"deportesanluis.com.ar","description":"Noticias de Deporte de San Luis","publisher":{"@id":"https:\/\/deportesanluis.com.ar\/#organization"},"alternateName":"Deporte SL","potentialAction":[{"@type":"SearchAction","target":{"@type":"EntryPoint","urlTemplate":"https:\/\/deportesanluis.com.ar\/?s={search_term_string}"},"query-input":{"@type":"PropertyValueSpecification","valueRequired":true,"valueName":"search_term_string"}}],"inLanguage":"es-AR"},{"@type":"Organization","@id":"https:\/\/deportesanluis.com.ar\/#organization","name":"DSL","alternateName":"Deporte SL","url":"https:\/\/deportesanluis.com.ar\/","logo":{"@type":"ImageObject","inLanguage":"es-AR","@id":"https:\/\/deportesanluis.com.ar\/#\/schema\/logo\/image\/","url":"https:\/\/deportesanluis.com.ar\/wp-content\/uploads\/2023\/06\/DSL-Logo-2023-5.jpg","contentUrl":"https:\/\/deportesanluis.com.ar\/wp-content\/uploads\/2023\/06\/DSL-Logo-2023-5.jpg","width":1718,"height":845,"caption":"DSL"},"image":{"@id":"https:\/\/deportesanluis.com.ar\/#\/schema\/logo\/image\/"},"sameAs":["https:\/\/www.facebook.com\/DSLDeporteSanLuis","https:\/\/x.com\/deportesanluis","https:\/\/www.instagram.com\/dsl_deportesanluis\/"]},{"@type":"Person","@id":"https:\/\/deportesanluis.com.ar\/#\/schema\/person\/4b3e665481e93d271fced43ee48143c8","name":"admin","image":{"@type":"ImageObject","inLanguage":"es-AR","@id":"https:\/\/secure.gravatar.com\/avatar\/5424b2c21466f502587708c43dbe2dc47b5e643fec67835095677cd3af6ba546?s=96&d=mm&r=g","url":"https:\/\/secure.gravatar.com\/avatar\/5424b2c21466f502587708c43dbe2dc47b5e643fec67835095677cd3af6ba546?s=96&d=mm&r=g","contentUrl":"https:\/\/secure.gravatar.com\/avatar\/5424b2c21466f502587708c43dbe2dc47b5e643fec67835095677cd3af6ba546?s=96&d=mm&r=g","caption":"admin"},"sameAs":["https:\/\/deportesanluis.com.ar"],"url":"https:\/\/deportesanluis.com.ar\/author\/admin\/"}]}},"_links":{"self":[{"href":"https:\/\/deportesanluis.com.ar\/wp-json\/wp\/v2\/posts\/30613","targetHints":{"allow":["GET"]}}],"collection":[{"href":"https:\/\/deportesanluis.com.ar\/wp-json\/wp\/v2\/posts"}],"about":[{"href":"https:\/\/deportesanluis.com.ar\/wp-json\/wp\/v2\/types\/post"}],"author":[{"embeddable":true,"href":"https:\/\/deportesanluis.com.ar\/wp-json\/wp\/v2\/users\/1"}],"replies":[{"embeddable":true,"href":"https:\/\/deportesanluis.com.ar\/wp-json\/wp\/v2\/comments?post=30613"}],"version-history":[{"count":0,"href":"https:\/\/deportesanluis.com.ar\/wp-json\/wp\/v2\/posts\/30613\/revisions"}],"wp:featuredmedia":[{"embeddable":true,"href":"https:\/\/deportesanluis.com.ar\/wp-json\/wp\/v2\/media\/30615"}],"wp:attachment":[{"href":"https:\/\/deportesanluis.com.ar\/wp-json\/wp\/v2\/media?parent=30613"}],"wp:term":[{"taxonomy":"category","embeddable":true,"href":"https:\/\/deportesanluis.com.ar\/wp-json\/wp\/v2\/categories?post=30613"},{"taxonomy":"post_tag","embeddable":true,"href":"https:\/\/deportesanluis.com.ar\/wp-json\/wp\/v2\/tags?post=30613"}],"curies":[{"name":"wp","href":"https:\/\/api.w.org\/{rel}","templated":true}]}}