{"id":30661,"date":"2026-02-13T12:30:30","date_gmt":"2026-02-13T15:30:30","guid":{"rendered":"https:\/\/deportesanluis.com.ar\/?p=30661"},"modified":"2026-02-14T12:01:10","modified_gmt":"2026-02-14T15:01:10","slug":"esta-en-marcha-la-vuelta-de-mendoza","status":"publish","type":"post","link":"https:\/\/deportesanluis.com.ar\/esta-en-marcha-la-vuelta-de-mendoza\/","title":{"rendered":"Est\u00e1 en marcha la Vuelta de Mendoza"},"content":{"rendered":"<p>La edici\u00f3n 50 de la\u00a0Vuelta de Mendoza est\u00e1 en marcha. Ser\u00e1 hasta el 22 de febrero con un recorrido que mezcla el llano con la m\u00edtica Cordillera de Los Andes.<\/p>\n<p>Ser\u00e1n diez etapas siendo, las m\u00e1s exigentes las que tengan su meta en Villavicencio, el Manzano Hist\u00f3rico y la m\u00edtica jornada que unir\u00e1 Uspallata con el Cristo Redentor a casi cuatro mil metros sobre el nivel del mar y con \u00faltimos kil\u00f3metros sobre tierra.<\/p>\n<p>Este jueves se realiz\u00f3 la presentaci\u00f3n oficial de cada equipo y sobresali\u00f3 la figura del solitario puntano Lautaro R\u00edos <strong>(centro de la imagen)<\/strong> que defender\u00e1 la casaca de la Municipalidad de Luj\u00e1n.<\/p>\n<p>Entre los competidores se destacan nombres propios como Gabriel Brizuela (Munic. de Guaymall\u00e9n), Leonardo Cobarrubia (SEP San Juan), Sergio Aguirre (Man\u00ed Zabala), Alejandro Dur\u00e1n (Munic. de Godoy Cruz), Miguel Nebot y Maximiliano Navarrete (Pe\u00f1a Tupungato), Mauricio P\u00e1ez (Gremios por el Deporte), Mario Ovejero, Leandro Velardez, Rodrigo D\u00edaz y Gerardo Tivani (Munic. de San Carlos), entre otros.<\/p>\n<p>Completan la lista de equipos nacionales la Munic. de Las Heras, RTO-Jun\u00edn, Premoldeados Gonz\u00e1lez, OLT y el Team Jacomo.\u00a0Adem\u00e1s est\u00e1n el P\u00edoRico de Bolivia, el Localiza Meoo de Brasil, el Agua Negra Racing de Chile y el Defense de Francia.<\/p>\n<p>Tras la presentaci\u00f3n, se realiz\u00f3 el Pr\u00f3logo de escasos 1,7kms. por las calles de Godoy Cruz con triunfo para Gerardo Tivani (Munic. de San Carlos) seguido de Kevin Castro (Man\u00ed Zabala) y Juan Guerrero (P\u00edoRico).<\/p>\n\r\n                <style type=\"text\/css\">\r\n                    \r\n                    #tdi_1  .td-doubleSlider-2 .td-item1 {\r\n                        background: url(https:\/\/deportesanluis.com.ar\/wp-content\/uploads\/2026\/02\/Tivani-Prologo-2-VueltaMendoza26-80x60.jpg) 0 0 no-repeat;\r\n                    }\r\n                    #tdi_1  .td-doubleSlider-2 .td-item2 {\r\n                        background: url(https:\/\/deportesanluis.com.ar\/wp-content\/uploads\/2026\/02\/Tivani-Prologo-1a-VueltaMendoza26-80x60.jpg) 0 0 no-repeat;\r\n                    }\r\n                <\/style>\r\n\r\n                <div id=\"tdi_1\" class=\"td-gallery td-slide-on-2-columns\">\r\n                    <div class=\"post_td_gallery\">\r\n                        <div class=\"td-gallery-slide-top\">\r\n                           <div class=\"td-gallery-title\"><\/div>\r\n\r\n                            <div class=\"td-gallery-controls-wrapper\">\r\n                                <div class=\"td-gallery-slide-count\"><span class=\"td-gallery-slide-item-focus\">1<\/span> de 2<\/div>\r\n                                <div class=\"td-gallery-slide-prev-next-but\">\r\n                                    <i class = \"td-icon-left doubleSliderPrevButton\"><\/i>\r\n                                    <i class = \"td-icon-right doubleSliderNextButton\"><\/i>\r\n                                <\/div>\r\n                            <\/div>\r\n                        <\/div>\r\n\r\n                        <div class = \"td-doubleSlider-1 \">\r\n                            <div class = \"td-slider\">\r\n                                \r\n                    <div class = \"td-slide-item td-item1\">\r\n                        <figure class=\"td-slide-galery-figure td-slide-popup-gallery\">\r\n                            <a class=\"slide-gallery-image-link\" href=\"https:\/\/deportesanluis.com.ar\/wp-content\/uploads\/2026\/02\/Tivani-Prologo-2-VueltaMendoza26.jpg\" title=\"Tivani-Prologo-2-VueltaMendoza26\"  data-caption=\"\"  data-description=\"\">\r\n                                <img decoding=\"async\" src=\"https:\/\/deportesanluis.com.ar\/wp-content\/uploads\/2026\/02\/Tivani-Prologo-2-VueltaMendoza26-672x420.jpg\" srcset=\"https:\/\/deportesanluis.com.ar\/wp-content\/uploads\/2026\/02\/Tivani-Prologo-2-VueltaMendoza26-672x420.jpg 672w, https:\/\/deportesanluis.com.ar\/wp-content\/uploads\/2026\/02\/Tivani-Prologo-2-VueltaMendoza26-300x188.jpg 300w, https:\/\/deportesanluis.com.ar\/wp-content\/uploads\/2026\/02\/Tivani-Prologo-2-VueltaMendoza26-1024x640.jpg 1024w, https:\/\/deportesanluis.com.ar\/wp-content\/uploads\/2026\/02\/Tivani-Prologo-2-VueltaMendoza26-768x480.jpg 768w, https:\/\/deportesanluis.com.ar\/wp-content\/uploads\/2026\/02\/Tivani-Prologo-2-VueltaMendoza26-1536x960.jpg 1536w, https:\/\/deportesanluis.com.ar\/wp-content\/uploads\/2026\/02\/Tivani-Prologo-2-VueltaMendoza26-150x94.jpg 150w, https:\/\/deportesanluis.com.ar\/wp-content\/uploads\/2026\/02\/Tivani-Prologo-2-VueltaMendoza26-696x435.jpg 696w, https:\/\/deportesanluis.com.ar\/wp-content\/uploads\/2026\/02\/Tivani-Prologo-2-VueltaMendoza26-1068x668.jpg 1068w, https:\/\/deportesanluis.com.ar\/wp-content\/uploads\/2026\/02\/Tivani-Prologo-2-VueltaMendoza26.jpg 1601w\" sizes=\"(max-width: 672px) 100vw, 672px\" alt=\"\">\r\n                            <\/a>\r\n                            \r\n                        <\/figure>\r\n                    <\/div>\r\n                    <div class = \"td-slide-item td-item2\">\r\n                        <figure class=\"td-slide-galery-figure td-slide-popup-gallery\">\r\n                            <a class=\"slide-gallery-image-link\" href=\"https:\/\/deportesanluis.com.ar\/wp-content\/uploads\/2026\/02\/Tivani-Prologo-1a-VueltaMendoza26.jpg\" title=\"Tivani-Prologo-1a-VueltaMendoza26\"  data-caption=\"\"  data-description=\"\">\r\n                                <img decoding=\"async\" src=\"https:\/\/deportesanluis.com.ar\/wp-content\/uploads\/2026\/02\/Tivani-Prologo-1a-VueltaMendoza26-672x420.jpg\" srcset=\"https:\/\/deportesanluis.com.ar\/wp-content\/uploads\/2026\/02\/Tivani-Prologo-1a-VueltaMendoza26-672x420.jpg 672w, https:\/\/deportesanluis.com.ar\/wp-content\/uploads\/2026\/02\/Tivani-Prologo-1a-VueltaMendoza26-300x188.jpg 300w, https:\/\/deportesanluis.com.ar\/wp-content\/uploads\/2026\/02\/Tivani-Prologo-1a-VueltaMendoza26-1024x640.jpg 1024w, https:\/\/deportesanluis.com.ar\/wp-content\/uploads\/2026\/02\/Tivani-Prologo-1a-VueltaMendoza26-768x480.jpg 768w, https:\/\/deportesanluis.com.ar\/wp-content\/uploads\/2026\/02\/Tivani-Prologo-1a-VueltaMendoza26-1536x960.jpg 1536w, https:\/\/deportesanluis.com.ar\/wp-content\/uploads\/2026\/02\/Tivani-Prologo-1a-VueltaMendoza26-150x94.jpg 150w, https:\/\/deportesanluis.com.ar\/wp-content\/uploads\/2026\/02\/Tivani-Prologo-1a-VueltaMendoza26-696x435.jpg 696w, https:\/\/deportesanluis.com.ar\/wp-content\/uploads\/2026\/02\/Tivani-Prologo-1a-VueltaMendoza26-1068x668.jpg 1068w, https:\/\/deportesanluis.com.ar\/wp-content\/uploads\/2026\/02\/Tivani-Prologo-1a-VueltaMendoza26.jpg 1601w\" sizes=\"(max-width: 672px) 100vw, 672px\" alt=\"\">\r\n                            <\/a>\r\n                            \r\n                        <\/figure>\r\n                    <\/div>\r\n                            <\/div>\r\n                        <\/div>\r\n\r\n                        <div class = \"td-doubleSlider-2\">\r\n                            <div class = \"td-slider\">\r\n                                \r\n                    <div class = \"td-button td-item1\">\r\n                        <div class = \"td-border\"><\/div>\r\n                    <\/div>\r\n                    <div class = \"td-button td-item2\">\r\n                        <div class = \"td-border\"><\/div>\r\n                    <\/div>\r\n                            <\/div>\r\n                        <\/div>\r\n\r\n                    <\/div>\r\n\r\n                <\/div>\r\n                \n<p>Este viernes se disputar\u00e1 la Etapa 1, un recorrido de 123kms. con largada en Jun\u00edn, con paso por el Dique Carrizal y con meta final en Tupungato.<\/p>\n<h4><strong>Recorrido &#8211; Vuelta de Mendoza 2026<\/strong><\/h4>\n<p>Etapa 1 &#8211; Vie. 13\/02 &#8211; Jun\u00edn-Carrizal-Tupungato (123kms.)<br \/>\nEtapa 2 &#8211; S\u00e1b. 14\/02 &#8211; San Rafael-Gral. Alvear-San Rafael (142,8kms.)<br \/>\nEtapa 3 &#8211; Dom. 15\/02 &#8211; Luj\u00e1n de Cuyo-Las Heras-Villavicencio-Cruz del Paramillo (93kms.)<br \/>\nEtapa 4 &#8211; Lun. 16\/02 &#8211; La Paz-Santa Rosa-San Mart\u00edn (127kms.)<br \/>\nEtapa 5 &#8211; Mar. 17\/02 &#8211; Godoy Cruz-Potrerillos-Maip\u00fa (145kms.)<br \/>\nEtapa 6 &#8211; Mie. 18\/02 &#8211; Maip\u00fa-Godoy Cruz (137kms.)<br \/>\nEtapa 7 &#8211; Jue. 19\/02 &#8211; San Carlos-Tunuy\u00e1n-Tupungato-Manzano Hist\u00f3rico (160,8kms.)<br \/>\nEtapa 8 &#8211; Vie. 20\/02 &#8211; Lavalle-San Mart\u00edn-Jun\u00edn (163kms.)<br \/>\nEtapa 9 &#8211; S\u00e1b. 21\/02 &#8211; Uspallata-Cristo Redentor (92,5kms.)<br \/>\nEtapa 10 &#8211; Dom. 22\/02 &#8211; Ciudad-Guaymall\u00e9n (124kms.)<\/p>\n<hr \/>\n<p><strong>Nota:<\/strong> Redacci\u00f3n\u00a0 <strong>Foto:<\/strong> Luis Rojo Mallea<\/p>\n","protected":false},"excerpt":{"rendered":"<p>Se trata de la edici\u00f3n 50 de la tradicional carrera cicl\u00edstica que cuenta con la presencia del puntano Lautaro R\u00edos en el equipo de la Munic. de Luj\u00e1n de Cuyo. Este jueves se disput\u00f3 el Pr\u00f3logo con victoria para Gerardo Tivani.\u00a0<\/p>\n","protected":false},"author":1,"featured_media":30662,"comment_status":"closed","ping_status":"closed","sticky":false,"template":"","format":"standard","meta":{"footnotes":""},"categories":[69,40,32],"tags":[41,190],"class_list":{"0":"post-30661","1":"post","2":"type-post","3":"status-publish","4":"format-standard","5":"has-post-thumbnail","7":"category-69","8":"category-ciclismo","9":"category-poli","10":"tag-ciclismo","11":"tag-vuelta-de-mendoza"},"yoast_head":"<!-- This site is optimized with the Yoast SEO plugin v27.4 - https:\/\/yoast.com\/product\/yoast-seo-wordpress\/ -->\n<title>Est\u00e1 en marcha la Vuelta de Mendoza - DSL<\/title>\n<meta name=\"description\" content=\"Se trata de la edici\u00f3n 50 de la tradicional carrera cicl\u00edstica que cuenta con la presencia del puntano Lautaro R\u00edos en el equipo de la Munic. de Luj\u00e1n de Cuyo. Este jueves se disput\u00f3 el Pr\u00f3logo con victoria para Gerardo Tivani.\u00a0\" \/>\n<meta name=\"robots\" content=\"index, follow, max-snippet:-1, max-image-preview:large, max-video-preview:-1\" \/>\n<link rel=\"canonical\" href=\"https:\/\/deportesanluis.com.ar\/esta-en-marcha-la-vuelta-de-mendoza\/\" \/>\n<meta property=\"og:locale\" content=\"es_ES\" \/>\n<meta property=\"og:type\" content=\"article\" \/>\n<meta property=\"og:title\" content=\"Est\u00e1 en marcha la Vuelta de Mendoza - DSL\" \/>\n<meta property=\"og:description\" content=\"Se trata de la edici\u00f3n 50 de la tradicional carrera cicl\u00edstica que cuenta con la presencia del puntano Lautaro R\u00edos en el equipo de la Munic. de Luj\u00e1n de Cuyo. Este jueves se disput\u00f3 el Pr\u00f3logo con victoria para Gerardo Tivani.\u00a0\" \/>\n<meta property=\"og:url\" content=\"https:\/\/deportesanluis.com.ar\/esta-en-marcha-la-vuelta-de-mendoza\/\" \/>\n<meta property=\"og:site_name\" content=\"DSL\" \/>\n<meta property=\"article:publisher\" content=\"https:\/\/www.facebook.com\/DSLDeporteSanLuis\" \/>\n<meta property=\"article:published_time\" content=\"2026-02-13T15:30:30+00:00\" \/>\n<meta property=\"article:modified_time\" content=\"2026-02-14T15:01:10+00:00\" \/>\n<meta property=\"og:image\" content=\"https:\/\/deportesanluis.com.ar\/wp-content\/uploads\/2026\/02\/Rios-1-VueltadeMendoza26.jpg\" \/>\n\t<meta property=\"og:image:width\" content=\"1601\" \/>\n\t<meta property=\"og:image:height\" content=\"1001\" \/>\n\t<meta property=\"og:image:type\" content=\"image\/jpeg\" \/>\n<meta name=\"author\" content=\"admin\" \/>\n<meta name=\"twitter:card\" content=\"summary_large_image\" \/>\n<meta name=\"twitter:creator\" content=\"@deportesanluis\" \/>\n<meta name=\"twitter:site\" content=\"@deportesanluis\" \/>\n<meta name=\"twitter:label1\" content=\"Escrito por\" \/>\n\t<meta name=\"twitter:data1\" content=\"admin\" \/>\n\t<meta name=\"twitter:label2\" content=\"Tiempo de lectura\" \/>\n\t<meta name=\"twitter:data2\" content=\"2 minutos\" \/>\n<script type=\"application\/ld+json\" class=\"yoast-schema-graph\">{\"@context\":\"https:\\\/\\\/schema.org\",\"@graph\":[{\"@type\":\"Article\",\"@id\":\"https:\\\/\\\/deportesanluis.com.ar\\\/esta-en-marcha-la-vuelta-de-mendoza\\\/#article\",\"isPartOf\":{\"@id\":\"https:\\\/\\\/deportesanluis.com.ar\\\/esta-en-marcha-la-vuelta-de-mendoza\\\/\"},\"author\":{\"name\":\"admin\",\"@id\":\"https:\\\/\\\/deportesanluis.com.ar\\\/#\\\/schema\\\/person\\\/4b3e665481e93d271fced43ee48143c8\"},\"headline\":\"Est\u00e1 en marcha la Vuelta de Mendoza\",\"datePublished\":\"2026-02-13T15:30:30+00:00\",\"dateModified\":\"2026-02-14T15:01:10+00:00\",\"mainEntityOfPage\":{\"@id\":\"https:\\\/\\\/deportesanluis.com.ar\\\/esta-en-marcha-la-vuelta-de-mendoza\\\/\"},\"wordCount\":405,\"publisher\":{\"@id\":\"https:\\\/\\\/deportesanluis.com.ar\\\/#organization\"},\"image\":{\"@id\":\"https:\\\/\\\/deportesanluis.com.ar\\\/esta-en-marcha-la-vuelta-de-mendoza\\\/#primaryimage\"},\"thumbnailUrl\":\"https:\\\/\\\/deportesanluis.com.ar\\\/wp-content\\\/uploads\\\/2026\\\/02\\\/Rios-1-VueltadeMendoza26.jpg\",\"keywords\":[\"Ciclismo\",\"Vuelta de Mendoza\"],\"articleSection\":[\"5\",\"Ciclismo\",\"Poli\"],\"inLanguage\":\"es-AR\"},{\"@type\":\"WebPage\",\"@id\":\"https:\\\/\\\/deportesanluis.com.ar\\\/esta-en-marcha-la-vuelta-de-mendoza\\\/\",\"url\":\"https:\\\/\\\/deportesanluis.com.ar\\\/esta-en-marcha-la-vuelta-de-mendoza\\\/\",\"name\":\"Est\u00e1 en marcha la Vuelta de Mendoza - DSL\",\"isPartOf\":{\"@id\":\"https:\\\/\\\/deportesanluis.com.ar\\\/#website\"},\"primaryImageOfPage\":{\"@id\":\"https:\\\/\\\/deportesanluis.com.ar\\\/esta-en-marcha-la-vuelta-de-mendoza\\\/#primaryimage\"},\"image\":{\"@id\":\"https:\\\/\\\/deportesanluis.com.ar\\\/esta-en-marcha-la-vuelta-de-mendoza\\\/#primaryimage\"},\"thumbnailUrl\":\"https:\\\/\\\/deportesanluis.com.ar\\\/wp-content\\\/uploads\\\/2026\\\/02\\\/Rios-1-VueltadeMendoza26.jpg\",\"datePublished\":\"2026-02-13T15:30:30+00:00\",\"dateModified\":\"2026-02-14T15:01:10+00:00\",\"description\":\"Se trata de la edici\u00f3n 50 de la tradicional carrera cicl\u00edstica que cuenta con la presencia del puntano Lautaro R\u00edos en el equipo de la Munic. de Luj\u00e1n de Cuyo. Este jueves se disput\u00f3 el Pr\u00f3logo con victoria para Gerardo Tivani.\u00a0\",\"breadcrumb\":{\"@id\":\"https:\\\/\\\/deportesanluis.com.ar\\\/esta-en-marcha-la-vuelta-de-mendoza\\\/#breadcrumb\"},\"inLanguage\":\"es-AR\",\"potentialAction\":[{\"@type\":\"ReadAction\",\"target\":[\"https:\\\/\\\/deportesanluis.com.ar\\\/esta-en-marcha-la-vuelta-de-mendoza\\\/\"]}]},{\"@type\":\"ImageObject\",\"inLanguage\":\"es-AR\",\"@id\":\"https:\\\/\\\/deportesanluis.com.ar\\\/esta-en-marcha-la-vuelta-de-mendoza\\\/#primaryimage\",\"url\":\"https:\\\/\\\/deportesanluis.com.ar\\\/wp-content\\\/uploads\\\/2026\\\/02\\\/Rios-1-VueltadeMendoza26.jpg\",\"contentUrl\":\"https:\\\/\\\/deportesanluis.com.ar\\\/wp-content\\\/uploads\\\/2026\\\/02\\\/Rios-1-VueltadeMendoza26.jpg\",\"width\":1601,\"height\":1001},{\"@type\":\"BreadcrumbList\",\"@id\":\"https:\\\/\\\/deportesanluis.com.ar\\\/esta-en-marcha-la-vuelta-de-mendoza\\\/#breadcrumb\",\"itemListElement\":[{\"@type\":\"ListItem\",\"position\":1,\"name\":\"Home\",\"item\":\"https:\\\/\\\/deportesanluis.com.ar\\\/\"},{\"@type\":\"ListItem\",\"position\":2,\"name\":\"Est\u00e1 en marcha la Vuelta de Mendoza\"}]},{\"@type\":\"WebSite\",\"@id\":\"https:\\\/\\\/deportesanluis.com.ar\\\/#website\",\"url\":\"https:\\\/\\\/deportesanluis.com.ar\\\/\",\"name\":\"deportesanluis.com.ar\",\"description\":\"Noticias de Deporte de San Luis\",\"publisher\":{\"@id\":\"https:\\\/\\\/deportesanluis.com.ar\\\/#organization\"},\"alternateName\":\"Deporte SL\",\"potentialAction\":[{\"@type\":\"SearchAction\",\"target\":{\"@type\":\"EntryPoint\",\"urlTemplate\":\"https:\\\/\\\/deportesanluis.com.ar\\\/?s={search_term_string}\"},\"query-input\":{\"@type\":\"PropertyValueSpecification\",\"valueRequired\":true,\"valueName\":\"search_term_string\"}}],\"inLanguage\":\"es-AR\"},{\"@type\":\"Organization\",\"@id\":\"https:\\\/\\\/deportesanluis.com.ar\\\/#organization\",\"name\":\"DSL\",\"alternateName\":\"Deporte SL\",\"url\":\"https:\\\/\\\/deportesanluis.com.ar\\\/\",\"logo\":{\"@type\":\"ImageObject\",\"inLanguage\":\"es-AR\",\"@id\":\"https:\\\/\\\/deportesanluis.com.ar\\\/#\\\/schema\\\/logo\\\/image\\\/\",\"url\":\"https:\\\/\\\/deportesanluis.com.ar\\\/wp-content\\\/uploads\\\/2023\\\/06\\\/DSL-Logo-2023-5.jpg\",\"contentUrl\":\"https:\\\/\\\/deportesanluis.com.ar\\\/wp-content\\\/uploads\\\/2023\\\/06\\\/DSL-Logo-2023-5.jpg\",\"width\":1718,\"height\":845,\"caption\":\"DSL\"},\"image\":{\"@id\":\"https:\\\/\\\/deportesanluis.com.ar\\\/#\\\/schema\\\/logo\\\/image\\\/\"},\"sameAs\":[\"https:\\\/\\\/www.facebook.com\\\/DSLDeporteSanLuis\",\"https:\\\/\\\/x.com\\\/deportesanluis\",\"https:\\\/\\\/www.instagram.com\\\/dsl_deportesanluis\\\/\"]},{\"@type\":\"Person\",\"@id\":\"https:\\\/\\\/deportesanluis.com.ar\\\/#\\\/schema\\\/person\\\/4b3e665481e93d271fced43ee48143c8\",\"name\":\"admin\",\"image\":{\"@type\":\"ImageObject\",\"inLanguage\":\"es-AR\",\"@id\":\"https:\\\/\\\/secure.gravatar.com\\\/avatar\\\/5424b2c21466f502587708c43dbe2dc47b5e643fec67835095677cd3af6ba546?s=96&d=mm&r=g\",\"url\":\"https:\\\/\\\/secure.gravatar.com\\\/avatar\\\/5424b2c21466f502587708c43dbe2dc47b5e643fec67835095677cd3af6ba546?s=96&d=mm&r=g\",\"contentUrl\":\"https:\\\/\\\/secure.gravatar.com\\\/avatar\\\/5424b2c21466f502587708c43dbe2dc47b5e643fec67835095677cd3af6ba546?s=96&d=mm&r=g\",\"caption\":\"admin\"},\"sameAs\":[\"https:\\\/\\\/deportesanluis.com.ar\"],\"url\":\"https:\\\/\\\/deportesanluis.com.ar\\\/author\\\/admin\\\/\"}]}<\/script>\n<!-- \/ Yoast SEO plugin. -->","yoast_head_json":{"title":"Est\u00e1 en marcha la Vuelta de Mendoza - DSL","description":"Se trata de la edici\u00f3n 50 de la tradicional carrera cicl\u00edstica que cuenta con la presencia del puntano Lautaro R\u00edos en el equipo de la Munic. de Luj\u00e1n de Cuyo. Este jueves se disput\u00f3 el Pr\u00f3logo con victoria para Gerardo Tivani.\u00a0","robots":{"index":"index","follow":"follow","max-snippet":"max-snippet:-1","max-image-preview":"max-image-preview:large","max-video-preview":"max-video-preview:-1"},"canonical":"https:\/\/deportesanluis.com.ar\/esta-en-marcha-la-vuelta-de-mendoza\/","og_locale":"es_ES","og_type":"article","og_title":"Est\u00e1 en marcha la Vuelta de Mendoza - DSL","og_description":"Se trata de la edici\u00f3n 50 de la tradicional carrera cicl\u00edstica que cuenta con la presencia del puntano Lautaro R\u00edos en el equipo de la Munic. de Luj\u00e1n de Cuyo. Este jueves se disput\u00f3 el Pr\u00f3logo con victoria para Gerardo Tivani.\u00a0","og_url":"https:\/\/deportesanluis.com.ar\/esta-en-marcha-la-vuelta-de-mendoza\/","og_site_name":"DSL","article_publisher":"https:\/\/www.facebook.com\/DSLDeporteSanLuis","article_published_time":"2026-02-13T15:30:30+00:00","article_modified_time":"2026-02-14T15:01:10+00:00","og_image":[{"width":1601,"height":1001,"url":"https:\/\/deportesanluis.com.ar\/wp-content\/uploads\/2026\/02\/Rios-1-VueltadeMendoza26.jpg","type":"image\/jpeg"}],"author":"admin","twitter_card":"summary_large_image","twitter_creator":"@deportesanluis","twitter_site":"@deportesanluis","twitter_misc":{"Escrito por":"admin","Tiempo de lectura":"2 minutos"},"schema":{"@context":"https:\/\/schema.org","@graph":[{"@type":"Article","@id":"https:\/\/deportesanluis.com.ar\/esta-en-marcha-la-vuelta-de-mendoza\/#article","isPartOf":{"@id":"https:\/\/deportesanluis.com.ar\/esta-en-marcha-la-vuelta-de-mendoza\/"},"author":{"name":"admin","@id":"https:\/\/deportesanluis.com.ar\/#\/schema\/person\/4b3e665481e93d271fced43ee48143c8"},"headline":"Est\u00e1 en marcha la Vuelta de Mendoza","datePublished":"2026-02-13T15:30:30+00:00","dateModified":"2026-02-14T15:01:10+00:00","mainEntityOfPage":{"@id":"https:\/\/deportesanluis.com.ar\/esta-en-marcha-la-vuelta-de-mendoza\/"},"wordCount":405,"publisher":{"@id":"https:\/\/deportesanluis.com.ar\/#organization"},"image":{"@id":"https:\/\/deportesanluis.com.ar\/esta-en-marcha-la-vuelta-de-mendoza\/#primaryimage"},"thumbnailUrl":"https:\/\/deportesanluis.com.ar\/wp-content\/uploads\/2026\/02\/Rios-1-VueltadeMendoza26.jpg","keywords":["Ciclismo","Vuelta de Mendoza"],"articleSection":["5","Ciclismo","Poli"],"inLanguage":"es-AR"},{"@type":"WebPage","@id":"https:\/\/deportesanluis.com.ar\/esta-en-marcha-la-vuelta-de-mendoza\/","url":"https:\/\/deportesanluis.com.ar\/esta-en-marcha-la-vuelta-de-mendoza\/","name":"Est\u00e1 en marcha la Vuelta de Mendoza - DSL","isPartOf":{"@id":"https:\/\/deportesanluis.com.ar\/#website"},"primaryImageOfPage":{"@id":"https:\/\/deportesanluis.com.ar\/esta-en-marcha-la-vuelta-de-mendoza\/#primaryimage"},"image":{"@id":"https:\/\/deportesanluis.com.ar\/esta-en-marcha-la-vuelta-de-mendoza\/#primaryimage"},"thumbnailUrl":"https:\/\/deportesanluis.com.ar\/wp-content\/uploads\/2026\/02\/Rios-1-VueltadeMendoza26.jpg","datePublished":"2026-02-13T15:30:30+00:00","dateModified":"2026-02-14T15:01:10+00:00","description":"Se trata de la edici\u00f3n 50 de la tradicional carrera cicl\u00edstica que cuenta con la presencia del puntano Lautaro R\u00edos en el equipo de la Munic. de Luj\u00e1n de Cuyo. Este jueves se disput\u00f3 el Pr\u00f3logo con victoria para Gerardo Tivani.\u00a0","breadcrumb":{"@id":"https:\/\/deportesanluis.com.ar\/esta-en-marcha-la-vuelta-de-mendoza\/#breadcrumb"},"inLanguage":"es-AR","potentialAction":[{"@type":"ReadAction","target":["https:\/\/deportesanluis.com.ar\/esta-en-marcha-la-vuelta-de-mendoza\/"]}]},{"@type":"ImageObject","inLanguage":"es-AR","@id":"https:\/\/deportesanluis.com.ar\/esta-en-marcha-la-vuelta-de-mendoza\/#primaryimage","url":"https:\/\/deportesanluis.com.ar\/wp-content\/uploads\/2026\/02\/Rios-1-VueltadeMendoza26.jpg","contentUrl":"https:\/\/deportesanluis.com.ar\/wp-content\/uploads\/2026\/02\/Rios-1-VueltadeMendoza26.jpg","width":1601,"height":1001},{"@type":"BreadcrumbList","@id":"https:\/\/deportesanluis.com.ar\/esta-en-marcha-la-vuelta-de-mendoza\/#breadcrumb","itemListElement":[{"@type":"ListItem","position":1,"name":"Home","item":"https:\/\/deportesanluis.com.ar\/"},{"@type":"ListItem","position":2,"name":"Est\u00e1 en marcha la Vuelta de Mendoza"}]},{"@type":"WebSite","@id":"https:\/\/deportesanluis.com.ar\/#website","url":"https:\/\/deportesanluis.com.ar\/","name":"deportesanluis.com.ar","description":"Noticias de Deporte de San Luis","publisher":{"@id":"https:\/\/deportesanluis.com.ar\/#organization"},"alternateName":"Deporte SL","potentialAction":[{"@type":"SearchAction","target":{"@type":"EntryPoint","urlTemplate":"https:\/\/deportesanluis.com.ar\/?s={search_term_string}"},"query-input":{"@type":"PropertyValueSpecification","valueRequired":true,"valueName":"search_term_string"}}],"inLanguage":"es-AR"},{"@type":"Organization","@id":"https:\/\/deportesanluis.com.ar\/#organization","name":"DSL","alternateName":"Deporte SL","url":"https:\/\/deportesanluis.com.ar\/","logo":{"@type":"ImageObject","inLanguage":"es-AR","@id":"https:\/\/deportesanluis.com.ar\/#\/schema\/logo\/image\/","url":"https:\/\/deportesanluis.com.ar\/wp-content\/uploads\/2023\/06\/DSL-Logo-2023-5.jpg","contentUrl":"https:\/\/deportesanluis.com.ar\/wp-content\/uploads\/2023\/06\/DSL-Logo-2023-5.jpg","width":1718,"height":845,"caption":"DSL"},"image":{"@id":"https:\/\/deportesanluis.com.ar\/#\/schema\/logo\/image\/"},"sameAs":["https:\/\/www.facebook.com\/DSLDeporteSanLuis","https:\/\/x.com\/deportesanluis","https:\/\/www.instagram.com\/dsl_deportesanluis\/"]},{"@type":"Person","@id":"https:\/\/deportesanluis.com.ar\/#\/schema\/person\/4b3e665481e93d271fced43ee48143c8","name":"admin","image":{"@type":"ImageObject","inLanguage":"es-AR","@id":"https:\/\/secure.gravatar.com\/avatar\/5424b2c21466f502587708c43dbe2dc47b5e643fec67835095677cd3af6ba546?s=96&d=mm&r=g","url":"https:\/\/secure.gravatar.com\/avatar\/5424b2c21466f502587708c43dbe2dc47b5e643fec67835095677cd3af6ba546?s=96&d=mm&r=g","contentUrl":"https:\/\/secure.gravatar.com\/avatar\/5424b2c21466f502587708c43dbe2dc47b5e643fec67835095677cd3af6ba546?s=96&d=mm&r=g","caption":"admin"},"sameAs":["https:\/\/deportesanluis.com.ar"],"url":"https:\/\/deportesanluis.com.ar\/author\/admin\/"}]}},"_links":{"self":[{"href":"https:\/\/deportesanluis.com.ar\/wp-json\/wp\/v2\/posts\/30661","targetHints":{"allow":["GET"]}}],"collection":[{"href":"https:\/\/deportesanluis.com.ar\/wp-json\/wp\/v2\/posts"}],"about":[{"href":"https:\/\/deportesanluis.com.ar\/wp-json\/wp\/v2\/types\/post"}],"author":[{"embeddable":true,"href":"https:\/\/deportesanluis.com.ar\/wp-json\/wp\/v2\/users\/1"}],"replies":[{"embeddable":true,"href":"https:\/\/deportesanluis.com.ar\/wp-json\/wp\/v2\/comments?post=30661"}],"version-history":[{"count":0,"href":"https:\/\/deportesanluis.com.ar\/wp-json\/wp\/v2\/posts\/30661\/revisions"}],"wp:featuredmedia":[{"embeddable":true,"href":"https:\/\/deportesanluis.com.ar\/wp-json\/wp\/v2\/media\/30662"}],"wp:attachment":[{"href":"https:\/\/deportesanluis.com.ar\/wp-json\/wp\/v2\/media?parent=30661"}],"wp:term":[{"taxonomy":"category","embeddable":true,"href":"https:\/\/deportesanluis.com.ar\/wp-json\/wp\/v2\/categories?post=30661"},{"taxonomy":"post_tag","embeddable":true,"href":"https:\/\/deportesanluis.com.ar\/wp-json\/wp\/v2\/tags?post=30661"}],"curies":[{"name":"wp","href":"https:\/\/api.w.org\/{rel}","templated":true}]}}