{"id":30799,"date":"2026-02-19T10:44:31","date_gmt":"2026-02-19T13:44:31","guid":{"rendered":"https:\/\/deportesanluis.com.ar\/?p=30799"},"modified":"2026-02-25T19:48:34","modified_gmt":"2026-02-25T22:48:34","slug":"sabemos-que-vamos-a-pelear-bien-arriba","status":"publish","type":"post","link":"https:\/\/deportesanluis.com.ar\/sabemos-que-vamos-a-pelear-bien-arriba\/","title":{"rendered":"&#8220;Sabemos que vamos a pelear bien arriba&#8221;"},"content":{"rendered":"<p>En poco menos de un mes arranca el Torneo Federal A 2026 y uno de los refuerzos de Juventud es el defensor central Juan Alvacete.<\/p>\n<p>El mendocino mantuvo un di\u00e1logo con los colegas de Viva el Deporte por Radio La Red San Luis en donde dio sus sensaciones.\u00a0&#8220;Estamos bien y nos ha venido muy bien la pretemporada para trabajar en los f\u00edsico y tambi\u00e9n, en lo personal, para integrarme al grupo&#8221;.<\/p>\n<p>Juventud afront\u00f3 dos amistosos. Uno con la cuarta divisi\u00f3n de River Plate y otra m\u00e1s reciente con Club Ciudad de Bolivar. &#8220;Han sido muy \u00fatiles porque empezamos a plasmar en cancha la idea del t\u00e9cnico porque no se priorizan los resultados deportivos, sino el conocimiento y el ritmo del equipo&#8221;.<\/p>\n<p>Ante la consulta sobre como se est\u00e1 adaptando, el mendocino manifest\u00f3 sentirse muy c\u00f3modo. &#8220;Es muy raro en esta categor\u00eda ver un club que mantenga la base de equipos anteriores. Juventud lo est\u00e1 haciendo y eso se refleja en los entrenamientos y en la pr\u00e1ctica. Se gana tiempo y la adaptaci\u00f3n para los que venimos de afuera es m\u00e1s f\u00e1cil.\u00a0Yo me estoy integrando y la verdad es que me siento muy bien&#8221;.<\/p>\n<p>Con respecto al plantel que afrontar\u00e1 la temporada 2026 del Federal A, el central comenta: &#8220;Es un grupo muy bueno el que se est\u00e1 armando. Es un mix que tiene experiencia y tambi\u00e9n muchos j\u00f3venes qu\u00e9, a su vez, exigen al resto. Sabemos que vamos a pelear bien arriba&#8221;.<\/p>\n<p>Sobre los refuerzos, Juventud confirm\u00f3 en las \u00faltimos horas el arribo de otro defensor central. Se trata del puntano Juan Rosales que viene de ser el capit\u00e1n de Estudiantes en el reciente Regional.<\/p>\n<p><img decoding=\"async\" src=\"https:\/\/scontent.fluq5-1.fna.fbcdn.net\/v\/t51.82787-15\/634378627_18383562022157881_1238538543210965235_n.webp?stp=dst-jpg_tt6&amp;_nc_cat=109&amp;ccb=1-7&amp;_nc_sid=13d280&amp;_nc_eui2=AeHSdnXu7AymIHE4dBPfrXNBAR_cIqcqYdgBH9wipyph2A6MDOEL-cMwBqY31oantgI&amp;_nc_ohc=fOEuGRTu6OQQ7kNvwEEjuHe&amp;_nc_oc=AdmqsllCpzrXQDm_l5uL_kjF0RuqtBP8TrCfG9JCEg9KY3T1ubkW_jMGDM_xJ4qdFic&amp;_nc_zt=23&amp;_nc_ht=scontent.fluq5-1.fna&amp;_nc_gid=ViKVRwpx4KpcTvJbX6z_yw&amp;oh=00_Afto2AlJXaHH8bFSnGIoEmLITL69X-8lTtOqWE5z-AiZpA&amp;oe=699CFC23\" alt=\"Puede ser una imagen de texto que dice &quot;IENVENIDO JUVEN JUVE AIN GIND SAVGUTS JUANROSALES JUANR BIENVENIDO AL CLUB ATL\u00c9TICO JUVENTUD UNIDA UNIVERSITARIO (CAJUU (CAJUUOFICIAL OFIC AL Iih&quot;\" \/><\/p>\n<hr \/>\n<p><strong>Nota:<\/strong> Redacci\u00f3n<\/p>\n","protected":false},"excerpt":{"rendered":"<p>As\u00ed lo manifest\u00f3 el central Juan Alvacete, flamante refuerzo de Juventud quien analiza la pretemporada, los amistosos y el equipo.<\/p>\n","protected":false},"author":1,"featured_media":30800,"comment_status":"closed","ping_status":"closed","sticky":false,"template":"","format":"standard","meta":{"footnotes":""},"categories":[75,85,46],"tags":[86,48,87],"class_list":{"0":"post-30799","1":"post","2":"type-post","3":"status-publish","4":"format-standard","5":"has-post-thumbnail","7":"category-75","8":"category-federal-a","9":"category-futbol","10":"tag-federal-a","11":"tag-futbol","12":"tag-juventud"},"yoast_head":"<!-- This site is optimized with the Yoast SEO plugin v27.4 - https:\/\/yoast.com\/product\/yoast-seo-wordpress\/ -->\n<title>&quot;Sabemos que vamos a pelear bien arriba&quot; - DSL<\/title>\n<meta name=\"description\" content=\"As\u00ed lo manifest\u00f3 el central Juan Alvacete, flamante refuerzo de Juventud quien analiza la pretemporada, los amistosos y el equipo.\" \/>\n<meta name=\"robots\" content=\"index, follow, max-snippet:-1, max-image-preview:large, max-video-preview:-1\" \/>\n<link rel=\"canonical\" href=\"https:\/\/deportesanluis.com.ar\/sabemos-que-vamos-a-pelear-bien-arriba\/\" \/>\n<meta property=\"og:locale\" content=\"es_ES\" \/>\n<meta property=\"og:type\" content=\"article\" \/>\n<meta property=\"og:title\" content=\"&quot;Sabemos que vamos a pelear bien arriba&quot; - DSL\" \/>\n<meta property=\"og:description\" content=\"As\u00ed lo manifest\u00f3 el central Juan Alvacete, flamante refuerzo de Juventud quien analiza la pretemporada, los amistosos y el equipo.\" \/>\n<meta property=\"og:url\" content=\"https:\/\/deportesanluis.com.ar\/sabemos-que-vamos-a-pelear-bien-arriba\/\" \/>\n<meta property=\"og:site_name\" content=\"DSL\" \/>\n<meta property=\"article:publisher\" content=\"https:\/\/www.facebook.com\/DSLDeporteSanLuis\" \/>\n<meta property=\"article:published_time\" content=\"2026-02-19T13:44:31+00:00\" \/>\n<meta property=\"article:modified_time\" content=\"2026-02-25T22:48:34+00:00\" \/>\n<meta property=\"og:image\" content=\"https:\/\/deportesanluis.com.ar\/wp-content\/uploads\/2026\/02\/Alvacete-Juventud-2.jpg\" \/>\n\t<meta property=\"og:image:width\" content=\"1601\" \/>\n\t<meta property=\"og:image:height\" content=\"1001\" \/>\n\t<meta property=\"og:image:type\" content=\"image\/jpeg\" \/>\n<meta name=\"author\" content=\"admin\" \/>\n<meta name=\"twitter:card\" content=\"summary_large_image\" \/>\n<meta name=\"twitter:creator\" content=\"@deportesanluis\" \/>\n<meta name=\"twitter:site\" content=\"@deportesanluis\" \/>\n<meta name=\"twitter:label1\" content=\"Escrito por\" \/>\n\t<meta name=\"twitter:data1\" content=\"admin\" \/>\n\t<meta name=\"twitter:label2\" content=\"Tiempo de lectura\" \/>\n\t<meta name=\"twitter:data2\" content=\"2 minutos\" \/>\n<script type=\"application\/ld+json\" class=\"yoast-schema-graph\">{\"@context\":\"https:\\\/\\\/schema.org\",\"@graph\":[{\"@type\":\"Article\",\"@id\":\"https:\\\/\\\/deportesanluis.com.ar\\\/sabemos-que-vamos-a-pelear-bien-arriba\\\/#article\",\"isPartOf\":{\"@id\":\"https:\\\/\\\/deportesanluis.com.ar\\\/sabemos-que-vamos-a-pelear-bien-arriba\\\/\"},\"author\":{\"name\":\"admin\",\"@id\":\"https:\\\/\\\/deportesanluis.com.ar\\\/#\\\/schema\\\/person\\\/4b3e665481e93d271fced43ee48143c8\"},\"headline\":\"&#8220;Sabemos que vamos a pelear bien arriba&#8221;\",\"datePublished\":\"2026-02-19T13:44:31+00:00\",\"dateModified\":\"2026-02-25T22:48:34+00:00\",\"mainEntityOfPage\":{\"@id\":\"https:\\\/\\\/deportesanluis.com.ar\\\/sabemos-que-vamos-a-pelear-bien-arriba\\\/\"},\"wordCount\":300,\"publisher\":{\"@id\":\"https:\\\/\\\/deportesanluis.com.ar\\\/#organization\"},\"image\":{\"@id\":\"https:\\\/\\\/deportesanluis.com.ar\\\/sabemos-que-vamos-a-pelear-bien-arriba\\\/#primaryimage\"},\"thumbnailUrl\":\"https:\\\/\\\/deportesanluis.com.ar\\\/wp-content\\\/uploads\\\/2026\\\/02\\\/Alvacete-Juventud-2.jpg\",\"keywords\":[\"Federal A\",\"F\u00fatbol\",\"Juventud\"],\"articleSection\":[\"15\",\"FA\",\"F\u00fatbol\"],\"inLanguage\":\"es-AR\"},{\"@type\":\"WebPage\",\"@id\":\"https:\\\/\\\/deportesanluis.com.ar\\\/sabemos-que-vamos-a-pelear-bien-arriba\\\/\",\"url\":\"https:\\\/\\\/deportesanluis.com.ar\\\/sabemos-que-vamos-a-pelear-bien-arriba\\\/\",\"name\":\"\\\"Sabemos que vamos a pelear bien arriba\\\" - DSL\",\"isPartOf\":{\"@id\":\"https:\\\/\\\/deportesanluis.com.ar\\\/#website\"},\"primaryImageOfPage\":{\"@id\":\"https:\\\/\\\/deportesanluis.com.ar\\\/sabemos-que-vamos-a-pelear-bien-arriba\\\/#primaryimage\"},\"image\":{\"@id\":\"https:\\\/\\\/deportesanluis.com.ar\\\/sabemos-que-vamos-a-pelear-bien-arriba\\\/#primaryimage\"},\"thumbnailUrl\":\"https:\\\/\\\/deportesanluis.com.ar\\\/wp-content\\\/uploads\\\/2026\\\/02\\\/Alvacete-Juventud-2.jpg\",\"datePublished\":\"2026-02-19T13:44:31+00:00\",\"dateModified\":\"2026-02-25T22:48:34+00:00\",\"description\":\"As\u00ed lo manifest\u00f3 el central Juan Alvacete, flamante refuerzo de Juventud quien analiza la pretemporada, los amistosos y el equipo.\",\"breadcrumb\":{\"@id\":\"https:\\\/\\\/deportesanluis.com.ar\\\/sabemos-que-vamos-a-pelear-bien-arriba\\\/#breadcrumb\"},\"inLanguage\":\"es-AR\",\"potentialAction\":[{\"@type\":\"ReadAction\",\"target\":[\"https:\\\/\\\/deportesanluis.com.ar\\\/sabemos-que-vamos-a-pelear-bien-arriba\\\/\"]}]},{\"@type\":\"ImageObject\",\"inLanguage\":\"es-AR\",\"@id\":\"https:\\\/\\\/deportesanluis.com.ar\\\/sabemos-que-vamos-a-pelear-bien-arriba\\\/#primaryimage\",\"url\":\"https:\\\/\\\/deportesanluis.com.ar\\\/wp-content\\\/uploads\\\/2026\\\/02\\\/Alvacete-Juventud-2.jpg\",\"contentUrl\":\"https:\\\/\\\/deportesanluis.com.ar\\\/wp-content\\\/uploads\\\/2026\\\/02\\\/Alvacete-Juventud-2.jpg\",\"width\":1601,\"height\":1001},{\"@type\":\"BreadcrumbList\",\"@id\":\"https:\\\/\\\/deportesanluis.com.ar\\\/sabemos-que-vamos-a-pelear-bien-arriba\\\/#breadcrumb\",\"itemListElement\":[{\"@type\":\"ListItem\",\"position\":1,\"name\":\"Home\",\"item\":\"https:\\\/\\\/deportesanluis.com.ar\\\/\"},{\"@type\":\"ListItem\",\"position\":2,\"name\":\"&#8220;Sabemos que vamos a pelear bien arriba&#8221;\"}]},{\"@type\":\"WebSite\",\"@id\":\"https:\\\/\\\/deportesanluis.com.ar\\\/#website\",\"url\":\"https:\\\/\\\/deportesanluis.com.ar\\\/\",\"name\":\"deportesanluis.com.ar\",\"description\":\"Noticias de Deporte de San Luis\",\"publisher\":{\"@id\":\"https:\\\/\\\/deportesanluis.com.ar\\\/#organization\"},\"alternateName\":\"Deporte SL\",\"potentialAction\":[{\"@type\":\"SearchAction\",\"target\":{\"@type\":\"EntryPoint\",\"urlTemplate\":\"https:\\\/\\\/deportesanluis.com.ar\\\/?s={search_term_string}\"},\"query-input\":{\"@type\":\"PropertyValueSpecification\",\"valueRequired\":true,\"valueName\":\"search_term_string\"}}],\"inLanguage\":\"es-AR\"},{\"@type\":\"Organization\",\"@id\":\"https:\\\/\\\/deportesanluis.com.ar\\\/#organization\",\"name\":\"DSL\",\"alternateName\":\"Deporte SL\",\"url\":\"https:\\\/\\\/deportesanluis.com.ar\\\/\",\"logo\":{\"@type\":\"ImageObject\",\"inLanguage\":\"es-AR\",\"@id\":\"https:\\\/\\\/deportesanluis.com.ar\\\/#\\\/schema\\\/logo\\\/image\\\/\",\"url\":\"https:\\\/\\\/deportesanluis.com.ar\\\/wp-content\\\/uploads\\\/2023\\\/06\\\/DSL-Logo-2023-5.jpg\",\"contentUrl\":\"https:\\\/\\\/deportesanluis.com.ar\\\/wp-content\\\/uploads\\\/2023\\\/06\\\/DSL-Logo-2023-5.jpg\",\"width\":1718,\"height\":845,\"caption\":\"DSL\"},\"image\":{\"@id\":\"https:\\\/\\\/deportesanluis.com.ar\\\/#\\\/schema\\\/logo\\\/image\\\/\"},\"sameAs\":[\"https:\\\/\\\/www.facebook.com\\\/DSLDeporteSanLuis\",\"https:\\\/\\\/x.com\\\/deportesanluis\",\"https:\\\/\\\/www.instagram.com\\\/dsl_deportesanluis\\\/\"]},{\"@type\":\"Person\",\"@id\":\"https:\\\/\\\/deportesanluis.com.ar\\\/#\\\/schema\\\/person\\\/4b3e665481e93d271fced43ee48143c8\",\"name\":\"admin\",\"image\":{\"@type\":\"ImageObject\",\"inLanguage\":\"es-AR\",\"@id\":\"https:\\\/\\\/secure.gravatar.com\\\/avatar\\\/5424b2c21466f502587708c43dbe2dc47b5e643fec67835095677cd3af6ba546?s=96&d=mm&r=g\",\"url\":\"https:\\\/\\\/secure.gravatar.com\\\/avatar\\\/5424b2c21466f502587708c43dbe2dc47b5e643fec67835095677cd3af6ba546?s=96&d=mm&r=g\",\"contentUrl\":\"https:\\\/\\\/secure.gravatar.com\\\/avatar\\\/5424b2c21466f502587708c43dbe2dc47b5e643fec67835095677cd3af6ba546?s=96&d=mm&r=g\",\"caption\":\"admin\"},\"sameAs\":[\"https:\\\/\\\/deportesanluis.com.ar\"],\"url\":\"https:\\\/\\\/deportesanluis.com.ar\\\/author\\\/admin\\\/\"}]}<\/script>\n<!-- \/ Yoast SEO plugin. -->","yoast_head_json":{"title":"\"Sabemos que vamos a pelear bien arriba\" - DSL","description":"As\u00ed lo manifest\u00f3 el central Juan Alvacete, flamante refuerzo de Juventud quien analiza la pretemporada, los amistosos y el equipo.","robots":{"index":"index","follow":"follow","max-snippet":"max-snippet:-1","max-image-preview":"max-image-preview:large","max-video-preview":"max-video-preview:-1"},"canonical":"https:\/\/deportesanluis.com.ar\/sabemos-que-vamos-a-pelear-bien-arriba\/","og_locale":"es_ES","og_type":"article","og_title":"\"Sabemos que vamos a pelear bien arriba\" - DSL","og_description":"As\u00ed lo manifest\u00f3 el central Juan Alvacete, flamante refuerzo de Juventud quien analiza la pretemporada, los amistosos y el equipo.","og_url":"https:\/\/deportesanluis.com.ar\/sabemos-que-vamos-a-pelear-bien-arriba\/","og_site_name":"DSL","article_publisher":"https:\/\/www.facebook.com\/DSLDeporteSanLuis","article_published_time":"2026-02-19T13:44:31+00:00","article_modified_time":"2026-02-25T22:48:34+00:00","og_image":[{"width":1601,"height":1001,"url":"https:\/\/deportesanluis.com.ar\/wp-content\/uploads\/2026\/02\/Alvacete-Juventud-2.jpg","type":"image\/jpeg"}],"author":"admin","twitter_card":"summary_large_image","twitter_creator":"@deportesanluis","twitter_site":"@deportesanluis","twitter_misc":{"Escrito por":"admin","Tiempo de lectura":"2 minutos"},"schema":{"@context":"https:\/\/schema.org","@graph":[{"@type":"Article","@id":"https:\/\/deportesanluis.com.ar\/sabemos-que-vamos-a-pelear-bien-arriba\/#article","isPartOf":{"@id":"https:\/\/deportesanluis.com.ar\/sabemos-que-vamos-a-pelear-bien-arriba\/"},"author":{"name":"admin","@id":"https:\/\/deportesanluis.com.ar\/#\/schema\/person\/4b3e665481e93d271fced43ee48143c8"},"headline":"&#8220;Sabemos que vamos a pelear bien arriba&#8221;","datePublished":"2026-02-19T13:44:31+00:00","dateModified":"2026-02-25T22:48:34+00:00","mainEntityOfPage":{"@id":"https:\/\/deportesanluis.com.ar\/sabemos-que-vamos-a-pelear-bien-arriba\/"},"wordCount":300,"publisher":{"@id":"https:\/\/deportesanluis.com.ar\/#organization"},"image":{"@id":"https:\/\/deportesanluis.com.ar\/sabemos-que-vamos-a-pelear-bien-arriba\/#primaryimage"},"thumbnailUrl":"https:\/\/deportesanluis.com.ar\/wp-content\/uploads\/2026\/02\/Alvacete-Juventud-2.jpg","keywords":["Federal A","F\u00fatbol","Juventud"],"articleSection":["15","FA","F\u00fatbol"],"inLanguage":"es-AR"},{"@type":"WebPage","@id":"https:\/\/deportesanluis.com.ar\/sabemos-que-vamos-a-pelear-bien-arriba\/","url":"https:\/\/deportesanluis.com.ar\/sabemos-que-vamos-a-pelear-bien-arriba\/","name":"\"Sabemos que vamos a pelear bien arriba\" - DSL","isPartOf":{"@id":"https:\/\/deportesanluis.com.ar\/#website"},"primaryImageOfPage":{"@id":"https:\/\/deportesanluis.com.ar\/sabemos-que-vamos-a-pelear-bien-arriba\/#primaryimage"},"image":{"@id":"https:\/\/deportesanluis.com.ar\/sabemos-que-vamos-a-pelear-bien-arriba\/#primaryimage"},"thumbnailUrl":"https:\/\/deportesanluis.com.ar\/wp-content\/uploads\/2026\/02\/Alvacete-Juventud-2.jpg","datePublished":"2026-02-19T13:44:31+00:00","dateModified":"2026-02-25T22:48:34+00:00","description":"As\u00ed lo manifest\u00f3 el central Juan Alvacete, flamante refuerzo de Juventud quien analiza la pretemporada, los amistosos y el equipo.","breadcrumb":{"@id":"https:\/\/deportesanluis.com.ar\/sabemos-que-vamos-a-pelear-bien-arriba\/#breadcrumb"},"inLanguage":"es-AR","potentialAction":[{"@type":"ReadAction","target":["https:\/\/deportesanluis.com.ar\/sabemos-que-vamos-a-pelear-bien-arriba\/"]}]},{"@type":"ImageObject","inLanguage":"es-AR","@id":"https:\/\/deportesanluis.com.ar\/sabemos-que-vamos-a-pelear-bien-arriba\/#primaryimage","url":"https:\/\/deportesanluis.com.ar\/wp-content\/uploads\/2026\/02\/Alvacete-Juventud-2.jpg","contentUrl":"https:\/\/deportesanluis.com.ar\/wp-content\/uploads\/2026\/02\/Alvacete-Juventud-2.jpg","width":1601,"height":1001},{"@type":"BreadcrumbList","@id":"https:\/\/deportesanluis.com.ar\/sabemos-que-vamos-a-pelear-bien-arriba\/#breadcrumb","itemListElement":[{"@type":"ListItem","position":1,"name":"Home","item":"https:\/\/deportesanluis.com.ar\/"},{"@type":"ListItem","position":2,"name":"&#8220;Sabemos que vamos a pelear bien arriba&#8221;"}]},{"@type":"WebSite","@id":"https:\/\/deportesanluis.com.ar\/#website","url":"https:\/\/deportesanluis.com.ar\/","name":"deportesanluis.com.ar","description":"Noticias de Deporte de San Luis","publisher":{"@id":"https:\/\/deportesanluis.com.ar\/#organization"},"alternateName":"Deporte SL","potentialAction":[{"@type":"SearchAction","target":{"@type":"EntryPoint","urlTemplate":"https:\/\/deportesanluis.com.ar\/?s={search_term_string}"},"query-input":{"@type":"PropertyValueSpecification","valueRequired":true,"valueName":"search_term_string"}}],"inLanguage":"es-AR"},{"@type":"Organization","@id":"https:\/\/deportesanluis.com.ar\/#organization","name":"DSL","alternateName":"Deporte SL","url":"https:\/\/deportesanluis.com.ar\/","logo":{"@type":"ImageObject","inLanguage":"es-AR","@id":"https:\/\/deportesanluis.com.ar\/#\/schema\/logo\/image\/","url":"https:\/\/deportesanluis.com.ar\/wp-content\/uploads\/2023\/06\/DSL-Logo-2023-5.jpg","contentUrl":"https:\/\/deportesanluis.com.ar\/wp-content\/uploads\/2023\/06\/DSL-Logo-2023-5.jpg","width":1718,"height":845,"caption":"DSL"},"image":{"@id":"https:\/\/deportesanluis.com.ar\/#\/schema\/logo\/image\/"},"sameAs":["https:\/\/www.facebook.com\/DSLDeporteSanLuis","https:\/\/x.com\/deportesanluis","https:\/\/www.instagram.com\/dsl_deportesanluis\/"]},{"@type":"Person","@id":"https:\/\/deportesanluis.com.ar\/#\/schema\/person\/4b3e665481e93d271fced43ee48143c8","name":"admin","image":{"@type":"ImageObject","inLanguage":"es-AR","@id":"https:\/\/secure.gravatar.com\/avatar\/5424b2c21466f502587708c43dbe2dc47b5e643fec67835095677cd3af6ba546?s=96&d=mm&r=g","url":"https:\/\/secure.gravatar.com\/avatar\/5424b2c21466f502587708c43dbe2dc47b5e643fec67835095677cd3af6ba546?s=96&d=mm&r=g","contentUrl":"https:\/\/secure.gravatar.com\/avatar\/5424b2c21466f502587708c43dbe2dc47b5e643fec67835095677cd3af6ba546?s=96&d=mm&r=g","caption":"admin"},"sameAs":["https:\/\/deportesanluis.com.ar"],"url":"https:\/\/deportesanluis.com.ar\/author\/admin\/"}]}},"_links":{"self":[{"href":"https:\/\/deportesanluis.com.ar\/wp-json\/wp\/v2\/posts\/30799","targetHints":{"allow":["GET"]}}],"collection":[{"href":"https:\/\/deportesanluis.com.ar\/wp-json\/wp\/v2\/posts"}],"about":[{"href":"https:\/\/deportesanluis.com.ar\/wp-json\/wp\/v2\/types\/post"}],"author":[{"embeddable":true,"href":"https:\/\/deportesanluis.com.ar\/wp-json\/wp\/v2\/users\/1"}],"replies":[{"embeddable":true,"href":"https:\/\/deportesanluis.com.ar\/wp-json\/wp\/v2\/comments?post=30799"}],"version-history":[{"count":1,"href":"https:\/\/deportesanluis.com.ar\/wp-json\/wp\/v2\/posts\/30799\/revisions"}],"predecessor-version":[{"id":30801,"href":"https:\/\/deportesanluis.com.ar\/wp-json\/wp\/v2\/posts\/30799\/revisions\/30801"}],"wp:featuredmedia":[{"embeddable":true,"href":"https:\/\/deportesanluis.com.ar\/wp-json\/wp\/v2\/media\/30800"}],"wp:attachment":[{"href":"https:\/\/deportesanluis.com.ar\/wp-json\/wp\/v2\/media?parent=30799"}],"wp:term":[{"taxonomy":"category","embeddable":true,"href":"https:\/\/deportesanluis.com.ar\/wp-json\/wp\/v2\/categories?post=30799"},{"taxonomy":"post_tag","embeddable":true,"href":"https:\/\/deportesanluis.com.ar\/wp-json\/wp\/v2\/tags?post=30799"}],"curies":[{"name":"wp","href":"https:\/\/api.w.org\/{rel}","templated":true}]}}