{"id":30835,"date":"2026-02-21T10:51:31","date_gmt":"2026-02-21T13:51:31","guid":{"rendered":"https:\/\/deportesanluis.com.ar\/?p=30835"},"modified":"2026-02-23T11:04:55","modified_gmt":"2026-02-23T14:04:55","slug":"lafinur-no-pudo-con-el-lider-obras","status":"publish","type":"post","link":"https:\/\/deportesanluis.com.ar\/lafinur-no-pudo-con-el-lider-obras\/","title":{"rendered":"Lafinur no pudo con el l\u00edder Obras"},"content":{"rendered":"<p>Este viernes y por la Fecha 13 de la Zona A en la Liga Nacional de Voley Masculino, el Club Lafinur de San Luis recibi\u00f3 en el Presti a un hist\u00f3rico como Obras de San Juan.<\/p>\n<p>En el primer set el elenco puntano mostr\u00f3 un gran nivel llegando a estar cinco puntos arriba pero nunca lo pudo cerrar. Lleg\u00f3 a estar a solo tres puntos de la victoria y, adem\u00e1s, tuvo tres chances de set point.<\/p>\n<p>Sin embargo, Obras se quedar\u00eda con el triunfo por 29-27 y adem\u00e1s con un c\u00f3modo segundo set por 25-14.<\/p>\n<p>En el tercero parec\u00eda que Lafinur reaccionaba y lo hac\u00eda llegando a estar cuatro puntos por delante pero estaba claro que los sanjuaninos no quer\u00edan sorpresas y ganaron por 25-18.<\/p>\n<p>La jornada cont\u00f3 adem\u00e1s con la ajustada derrota por 2-3 de La Calera de C\u00f3rdoba ante UVT de San Juan, el \u00faltimo rival de Lafinur en la fase regular.\u00a0Este compromiso ser\u00e1 el domingo desde las 19:00hs. en el Presti.<\/p>\n<h4><strong>Resultados &#8211; Fecha 13 &#8211; Zona A &#8211; LNVM<\/strong><\/h4>\n<p>Lafinur 0 Obras (SJ) 3<br \/>\nLa Calera (Cba.) 2 UVT (SJ) 3<br \/>\nS\u00e1b. 21\/02 &#8211; 21:00hs. Libertad (SJer.) vs. Echag\u00fce (Par.)<br \/>\nS\u00e1b. 21\/02 &#8211; 21:00hs. Villa Dora (SFe) vs. Rowing (Par.)<\/p>\n<h4><strong>Posiciones &#8211; Zona A &#8211; LNVM<\/strong><\/h4>\n<p>1.Obras (SJ) 27<br \/>\n2.Villa Dora (SFe) 25<br \/>\n3.La Calera (Cba.) 24<br \/>\n4.Rowing (Par.) 21<br \/>\n5.UVT (SJ) 21<br \/>\n6.Lafinur (SL) 14<br \/>\n7.Libertad (SJer.) 13<br \/>\n8.Echag\u00fce (Par.) 5<\/p>\n<h4><strong>Cronograma &#8211; Fecha 14 &#8211; Zona A &#8211; LNVM<\/strong><\/h4>\n<p>Dom. 22\/02 &#8211; 19:00hs. Lafinur vs. UVT (SJ)<br \/>\nDom. 22\/02 &#8211; 19:00hs. La Calera (Cba.) vs. Obras (SJ)<br \/>\nDom. 22\/02 &#8211; 19:00hs. Libertad (SJer.) vs. Rowing (Par.)<br \/>\nDom. 22\/02 &#8211; 19:00hs. Villa Dora (SFe.) vs. Echag\u00fce (Par.)<\/p>\n<hr \/>\n<p><strong>Nota:<\/strong> Redacci\u00f3n<\/p>\n","protected":false},"excerpt":{"rendered":"<p>Fue por 0-3 en el marco de la pen\u00faltima fecha de la Zona A en la Liga Nacional de Voley Masculino. Este domingo, el &#8220;Cruzado&#8221; cierra la fase regular ante UVT.\u00a0<\/p>\n","protected":false},"author":1,"featured_media":30836,"comment_status":"closed","ping_status":"closed","sticky":false,"template":"","format":"standard","meta":{"footnotes":""},"categories":[75,32,110],"tags":[184,111],"class_list":{"0":"post-30835","1":"post","2":"type-post","3":"status-publish","4":"format-standard","5":"has-post-thumbnail","7":"category-75","8":"category-poli","9":"category-voley","10":"tag-lnvm","11":"tag-voley"},"yoast_head":"<!-- This site is optimized with the Yoast SEO plugin v27.4 - https:\/\/yoast.com\/product\/yoast-seo-wordpress\/ -->\n<title>Lafinur no pudo con el l\u00edder Obras - DSL<\/title>\n<meta name=\"description\" content=\"Fue por 0-3 en el marco de la pen\u00faltima fecha de la Zona A en la Liga Nacional de Voley Masculino. Este domingo, el &quot;Cruzado&quot; cierra la fase regular ante UVT.\u00a0\" \/>\n<meta name=\"robots\" content=\"index, follow, max-snippet:-1, max-image-preview:large, max-video-preview:-1\" \/>\n<link rel=\"canonical\" href=\"https:\/\/deportesanluis.com.ar\/lafinur-no-pudo-con-el-lider-obras\/\" \/>\n<meta property=\"og:locale\" content=\"es_ES\" \/>\n<meta property=\"og:type\" content=\"article\" \/>\n<meta property=\"og:title\" content=\"Lafinur no pudo con el l\u00edder Obras - DSL\" \/>\n<meta property=\"og:description\" content=\"Fue por 0-3 en el marco de la pen\u00faltima fecha de la Zona A en la Liga Nacional de Voley Masculino. Este domingo, el &quot;Cruzado&quot; cierra la fase regular ante UVT.\u00a0\" \/>\n<meta property=\"og:url\" content=\"https:\/\/deportesanluis.com.ar\/lafinur-no-pudo-con-el-lider-obras\/\" \/>\n<meta property=\"og:site_name\" content=\"DSL\" \/>\n<meta property=\"article:publisher\" content=\"https:\/\/www.facebook.com\/DSLDeporteSanLuis\" \/>\n<meta property=\"article:published_time\" content=\"2026-02-21T13:51:31+00:00\" \/>\n<meta property=\"article:modified_time\" content=\"2026-02-23T14:04:55+00:00\" \/>\n<meta property=\"og:image\" content=\"https:\/\/deportesanluis.com.ar\/wp-content\/uploads\/2026\/02\/Lafinur-derrota-Obras-3-LNVM26.jpg\" \/>\n\t<meta property=\"og:image:width\" content=\"1601\" \/>\n\t<meta property=\"og:image:height\" content=\"1001\" \/>\n\t<meta property=\"og:image:type\" content=\"image\/jpeg\" \/>\n<meta name=\"author\" content=\"admin\" \/>\n<meta name=\"twitter:card\" content=\"summary_large_image\" \/>\n<meta name=\"twitter:creator\" content=\"@deportesanluis\" \/>\n<meta name=\"twitter:site\" content=\"@deportesanluis\" \/>\n<meta name=\"twitter:label1\" content=\"Escrito por\" \/>\n\t<meta name=\"twitter:data1\" content=\"admin\" \/>\n\t<meta name=\"twitter:label2\" content=\"Tiempo de lectura\" \/>\n\t<meta name=\"twitter:data2\" content=\"2 minutos\" \/>\n<script type=\"application\/ld+json\" class=\"yoast-schema-graph\">{\"@context\":\"https:\\\/\\\/schema.org\",\"@graph\":[{\"@type\":\"Article\",\"@id\":\"https:\\\/\\\/deportesanluis.com.ar\\\/lafinur-no-pudo-con-el-lider-obras\\\/#article\",\"isPartOf\":{\"@id\":\"https:\\\/\\\/deportesanluis.com.ar\\\/lafinur-no-pudo-con-el-lider-obras\\\/\"},\"author\":{\"name\":\"admin\",\"@id\":\"https:\\\/\\\/deportesanluis.com.ar\\\/#\\\/schema\\\/person\\\/4b3e665481e93d271fced43ee48143c8\"},\"headline\":\"Lafinur no pudo con el l\u00edder Obras\",\"datePublished\":\"2026-02-21T13:51:31+00:00\",\"dateModified\":\"2026-02-23T14:04:55+00:00\",\"mainEntityOfPage\":{\"@id\":\"https:\\\/\\\/deportesanluis.com.ar\\\/lafinur-no-pudo-con-el-lider-obras\\\/\"},\"wordCount\":288,\"publisher\":{\"@id\":\"https:\\\/\\\/deportesanluis.com.ar\\\/#organization\"},\"image\":{\"@id\":\"https:\\\/\\\/deportesanluis.com.ar\\\/lafinur-no-pudo-con-el-lider-obras\\\/#primaryimage\"},\"thumbnailUrl\":\"https:\\\/\\\/deportesanluis.com.ar\\\/wp-content\\\/uploads\\\/2026\\\/02\\\/Lafinur-derrota-Obras-3-LNVM26.jpg\",\"keywords\":[\"LNVM\",\"Voley\"],\"articleSection\":[\"15\",\"Poli\",\"Voley\"],\"inLanguage\":\"es-AR\"},{\"@type\":\"WebPage\",\"@id\":\"https:\\\/\\\/deportesanluis.com.ar\\\/lafinur-no-pudo-con-el-lider-obras\\\/\",\"url\":\"https:\\\/\\\/deportesanluis.com.ar\\\/lafinur-no-pudo-con-el-lider-obras\\\/\",\"name\":\"Lafinur no pudo con el l\u00edder Obras - DSL\",\"isPartOf\":{\"@id\":\"https:\\\/\\\/deportesanluis.com.ar\\\/#website\"},\"primaryImageOfPage\":{\"@id\":\"https:\\\/\\\/deportesanluis.com.ar\\\/lafinur-no-pudo-con-el-lider-obras\\\/#primaryimage\"},\"image\":{\"@id\":\"https:\\\/\\\/deportesanluis.com.ar\\\/lafinur-no-pudo-con-el-lider-obras\\\/#primaryimage\"},\"thumbnailUrl\":\"https:\\\/\\\/deportesanluis.com.ar\\\/wp-content\\\/uploads\\\/2026\\\/02\\\/Lafinur-derrota-Obras-3-LNVM26.jpg\",\"datePublished\":\"2026-02-21T13:51:31+00:00\",\"dateModified\":\"2026-02-23T14:04:55+00:00\",\"description\":\"Fue por 0-3 en el marco de la pen\u00faltima fecha de la Zona A en la Liga Nacional de Voley Masculino. Este domingo, el \\\"Cruzado\\\" cierra la fase regular ante UVT.\u00a0\",\"breadcrumb\":{\"@id\":\"https:\\\/\\\/deportesanluis.com.ar\\\/lafinur-no-pudo-con-el-lider-obras\\\/#breadcrumb\"},\"inLanguage\":\"es-AR\",\"potentialAction\":[{\"@type\":\"ReadAction\",\"target\":[\"https:\\\/\\\/deportesanluis.com.ar\\\/lafinur-no-pudo-con-el-lider-obras\\\/\"]}]},{\"@type\":\"ImageObject\",\"inLanguage\":\"es-AR\",\"@id\":\"https:\\\/\\\/deportesanluis.com.ar\\\/lafinur-no-pudo-con-el-lider-obras\\\/#primaryimage\",\"url\":\"https:\\\/\\\/deportesanluis.com.ar\\\/wp-content\\\/uploads\\\/2026\\\/02\\\/Lafinur-derrota-Obras-3-LNVM26.jpg\",\"contentUrl\":\"https:\\\/\\\/deportesanluis.com.ar\\\/wp-content\\\/uploads\\\/2026\\\/02\\\/Lafinur-derrota-Obras-3-LNVM26.jpg\",\"width\":1601,\"height\":1001},{\"@type\":\"BreadcrumbList\",\"@id\":\"https:\\\/\\\/deportesanluis.com.ar\\\/lafinur-no-pudo-con-el-lider-obras\\\/#breadcrumb\",\"itemListElement\":[{\"@type\":\"ListItem\",\"position\":1,\"name\":\"Home\",\"item\":\"https:\\\/\\\/deportesanluis.com.ar\\\/\"},{\"@type\":\"ListItem\",\"position\":2,\"name\":\"Lafinur no pudo con el l\u00edder Obras\"}]},{\"@type\":\"WebSite\",\"@id\":\"https:\\\/\\\/deportesanluis.com.ar\\\/#website\",\"url\":\"https:\\\/\\\/deportesanluis.com.ar\\\/\",\"name\":\"deportesanluis.com.ar\",\"description\":\"Noticias de Deporte de San Luis\",\"publisher\":{\"@id\":\"https:\\\/\\\/deportesanluis.com.ar\\\/#organization\"},\"alternateName\":\"Deporte SL\",\"potentialAction\":[{\"@type\":\"SearchAction\",\"target\":{\"@type\":\"EntryPoint\",\"urlTemplate\":\"https:\\\/\\\/deportesanluis.com.ar\\\/?s={search_term_string}\"},\"query-input\":{\"@type\":\"PropertyValueSpecification\",\"valueRequired\":true,\"valueName\":\"search_term_string\"}}],\"inLanguage\":\"es-AR\"},{\"@type\":\"Organization\",\"@id\":\"https:\\\/\\\/deportesanluis.com.ar\\\/#organization\",\"name\":\"DSL\",\"alternateName\":\"Deporte SL\",\"url\":\"https:\\\/\\\/deportesanluis.com.ar\\\/\",\"logo\":{\"@type\":\"ImageObject\",\"inLanguage\":\"es-AR\",\"@id\":\"https:\\\/\\\/deportesanluis.com.ar\\\/#\\\/schema\\\/logo\\\/image\\\/\",\"url\":\"https:\\\/\\\/deportesanluis.com.ar\\\/wp-content\\\/uploads\\\/2023\\\/06\\\/DSL-Logo-2023-5.jpg\",\"contentUrl\":\"https:\\\/\\\/deportesanluis.com.ar\\\/wp-content\\\/uploads\\\/2023\\\/06\\\/DSL-Logo-2023-5.jpg\",\"width\":1718,\"height\":845,\"caption\":\"DSL\"},\"image\":{\"@id\":\"https:\\\/\\\/deportesanluis.com.ar\\\/#\\\/schema\\\/logo\\\/image\\\/\"},\"sameAs\":[\"https:\\\/\\\/www.facebook.com\\\/DSLDeporteSanLuis\",\"https:\\\/\\\/x.com\\\/deportesanluis\",\"https:\\\/\\\/www.instagram.com\\\/dsl_deportesanluis\\\/\"]},{\"@type\":\"Person\",\"@id\":\"https:\\\/\\\/deportesanluis.com.ar\\\/#\\\/schema\\\/person\\\/4b3e665481e93d271fced43ee48143c8\",\"name\":\"admin\",\"image\":{\"@type\":\"ImageObject\",\"inLanguage\":\"es-AR\",\"@id\":\"https:\\\/\\\/secure.gravatar.com\\\/avatar\\\/5424b2c21466f502587708c43dbe2dc47b5e643fec67835095677cd3af6ba546?s=96&d=mm&r=g\",\"url\":\"https:\\\/\\\/secure.gravatar.com\\\/avatar\\\/5424b2c21466f502587708c43dbe2dc47b5e643fec67835095677cd3af6ba546?s=96&d=mm&r=g\",\"contentUrl\":\"https:\\\/\\\/secure.gravatar.com\\\/avatar\\\/5424b2c21466f502587708c43dbe2dc47b5e643fec67835095677cd3af6ba546?s=96&d=mm&r=g\",\"caption\":\"admin\"},\"sameAs\":[\"https:\\\/\\\/deportesanluis.com.ar\"],\"url\":\"https:\\\/\\\/deportesanluis.com.ar\\\/author\\\/admin\\\/\"}]}<\/script>\n<!-- \/ Yoast SEO plugin. -->","yoast_head_json":{"title":"Lafinur no pudo con el l\u00edder Obras - DSL","description":"Fue por 0-3 en el marco de la pen\u00faltima fecha de la Zona A en la Liga Nacional de Voley Masculino. Este domingo, el \"Cruzado\" cierra la fase regular ante UVT.\u00a0","robots":{"index":"index","follow":"follow","max-snippet":"max-snippet:-1","max-image-preview":"max-image-preview:large","max-video-preview":"max-video-preview:-1"},"canonical":"https:\/\/deportesanluis.com.ar\/lafinur-no-pudo-con-el-lider-obras\/","og_locale":"es_ES","og_type":"article","og_title":"Lafinur no pudo con el l\u00edder Obras - DSL","og_description":"Fue por 0-3 en el marco de la pen\u00faltima fecha de la Zona A en la Liga Nacional de Voley Masculino. Este domingo, el \"Cruzado\" cierra la fase regular ante UVT.\u00a0","og_url":"https:\/\/deportesanluis.com.ar\/lafinur-no-pudo-con-el-lider-obras\/","og_site_name":"DSL","article_publisher":"https:\/\/www.facebook.com\/DSLDeporteSanLuis","article_published_time":"2026-02-21T13:51:31+00:00","article_modified_time":"2026-02-23T14:04:55+00:00","og_image":[{"width":1601,"height":1001,"url":"https:\/\/deportesanluis.com.ar\/wp-content\/uploads\/2026\/02\/Lafinur-derrota-Obras-3-LNVM26.jpg","type":"image\/jpeg"}],"author":"admin","twitter_card":"summary_large_image","twitter_creator":"@deportesanluis","twitter_site":"@deportesanluis","twitter_misc":{"Escrito por":"admin","Tiempo de lectura":"2 minutos"},"schema":{"@context":"https:\/\/schema.org","@graph":[{"@type":"Article","@id":"https:\/\/deportesanluis.com.ar\/lafinur-no-pudo-con-el-lider-obras\/#article","isPartOf":{"@id":"https:\/\/deportesanluis.com.ar\/lafinur-no-pudo-con-el-lider-obras\/"},"author":{"name":"admin","@id":"https:\/\/deportesanluis.com.ar\/#\/schema\/person\/4b3e665481e93d271fced43ee48143c8"},"headline":"Lafinur no pudo con el l\u00edder Obras","datePublished":"2026-02-21T13:51:31+00:00","dateModified":"2026-02-23T14:04:55+00:00","mainEntityOfPage":{"@id":"https:\/\/deportesanluis.com.ar\/lafinur-no-pudo-con-el-lider-obras\/"},"wordCount":288,"publisher":{"@id":"https:\/\/deportesanluis.com.ar\/#organization"},"image":{"@id":"https:\/\/deportesanluis.com.ar\/lafinur-no-pudo-con-el-lider-obras\/#primaryimage"},"thumbnailUrl":"https:\/\/deportesanluis.com.ar\/wp-content\/uploads\/2026\/02\/Lafinur-derrota-Obras-3-LNVM26.jpg","keywords":["LNVM","Voley"],"articleSection":["15","Poli","Voley"],"inLanguage":"es-AR"},{"@type":"WebPage","@id":"https:\/\/deportesanluis.com.ar\/lafinur-no-pudo-con-el-lider-obras\/","url":"https:\/\/deportesanluis.com.ar\/lafinur-no-pudo-con-el-lider-obras\/","name":"Lafinur no pudo con el l\u00edder Obras - DSL","isPartOf":{"@id":"https:\/\/deportesanluis.com.ar\/#website"},"primaryImageOfPage":{"@id":"https:\/\/deportesanluis.com.ar\/lafinur-no-pudo-con-el-lider-obras\/#primaryimage"},"image":{"@id":"https:\/\/deportesanluis.com.ar\/lafinur-no-pudo-con-el-lider-obras\/#primaryimage"},"thumbnailUrl":"https:\/\/deportesanluis.com.ar\/wp-content\/uploads\/2026\/02\/Lafinur-derrota-Obras-3-LNVM26.jpg","datePublished":"2026-02-21T13:51:31+00:00","dateModified":"2026-02-23T14:04:55+00:00","description":"Fue por 0-3 en el marco de la pen\u00faltima fecha de la Zona A en la Liga Nacional de Voley Masculino. Este domingo, el \"Cruzado\" cierra la fase regular ante UVT.\u00a0","breadcrumb":{"@id":"https:\/\/deportesanluis.com.ar\/lafinur-no-pudo-con-el-lider-obras\/#breadcrumb"},"inLanguage":"es-AR","potentialAction":[{"@type":"ReadAction","target":["https:\/\/deportesanluis.com.ar\/lafinur-no-pudo-con-el-lider-obras\/"]}]},{"@type":"ImageObject","inLanguage":"es-AR","@id":"https:\/\/deportesanluis.com.ar\/lafinur-no-pudo-con-el-lider-obras\/#primaryimage","url":"https:\/\/deportesanluis.com.ar\/wp-content\/uploads\/2026\/02\/Lafinur-derrota-Obras-3-LNVM26.jpg","contentUrl":"https:\/\/deportesanluis.com.ar\/wp-content\/uploads\/2026\/02\/Lafinur-derrota-Obras-3-LNVM26.jpg","width":1601,"height":1001},{"@type":"BreadcrumbList","@id":"https:\/\/deportesanluis.com.ar\/lafinur-no-pudo-con-el-lider-obras\/#breadcrumb","itemListElement":[{"@type":"ListItem","position":1,"name":"Home","item":"https:\/\/deportesanluis.com.ar\/"},{"@type":"ListItem","position":2,"name":"Lafinur no pudo con el l\u00edder Obras"}]},{"@type":"WebSite","@id":"https:\/\/deportesanluis.com.ar\/#website","url":"https:\/\/deportesanluis.com.ar\/","name":"deportesanluis.com.ar","description":"Noticias de Deporte de San Luis","publisher":{"@id":"https:\/\/deportesanluis.com.ar\/#organization"},"alternateName":"Deporte SL","potentialAction":[{"@type":"SearchAction","target":{"@type":"EntryPoint","urlTemplate":"https:\/\/deportesanluis.com.ar\/?s={search_term_string}"},"query-input":{"@type":"PropertyValueSpecification","valueRequired":true,"valueName":"search_term_string"}}],"inLanguage":"es-AR"},{"@type":"Organization","@id":"https:\/\/deportesanluis.com.ar\/#organization","name":"DSL","alternateName":"Deporte SL","url":"https:\/\/deportesanluis.com.ar\/","logo":{"@type":"ImageObject","inLanguage":"es-AR","@id":"https:\/\/deportesanluis.com.ar\/#\/schema\/logo\/image\/","url":"https:\/\/deportesanluis.com.ar\/wp-content\/uploads\/2023\/06\/DSL-Logo-2023-5.jpg","contentUrl":"https:\/\/deportesanluis.com.ar\/wp-content\/uploads\/2023\/06\/DSL-Logo-2023-5.jpg","width":1718,"height":845,"caption":"DSL"},"image":{"@id":"https:\/\/deportesanluis.com.ar\/#\/schema\/logo\/image\/"},"sameAs":["https:\/\/www.facebook.com\/DSLDeporteSanLuis","https:\/\/x.com\/deportesanluis","https:\/\/www.instagram.com\/dsl_deportesanluis\/"]},{"@type":"Person","@id":"https:\/\/deportesanluis.com.ar\/#\/schema\/person\/4b3e665481e93d271fced43ee48143c8","name":"admin","image":{"@type":"ImageObject","inLanguage":"es-AR","@id":"https:\/\/secure.gravatar.com\/avatar\/5424b2c21466f502587708c43dbe2dc47b5e643fec67835095677cd3af6ba546?s=96&d=mm&r=g","url":"https:\/\/secure.gravatar.com\/avatar\/5424b2c21466f502587708c43dbe2dc47b5e643fec67835095677cd3af6ba546?s=96&d=mm&r=g","contentUrl":"https:\/\/secure.gravatar.com\/avatar\/5424b2c21466f502587708c43dbe2dc47b5e643fec67835095677cd3af6ba546?s=96&d=mm&r=g","caption":"admin"},"sameAs":["https:\/\/deportesanluis.com.ar"],"url":"https:\/\/deportesanluis.com.ar\/author\/admin\/"}]}},"_links":{"self":[{"href":"https:\/\/deportesanluis.com.ar\/wp-json\/wp\/v2\/posts\/30835","targetHints":{"allow":["GET"]}}],"collection":[{"href":"https:\/\/deportesanluis.com.ar\/wp-json\/wp\/v2\/posts"}],"about":[{"href":"https:\/\/deportesanluis.com.ar\/wp-json\/wp\/v2\/types\/post"}],"author":[{"embeddable":true,"href":"https:\/\/deportesanluis.com.ar\/wp-json\/wp\/v2\/users\/1"}],"replies":[{"embeddable":true,"href":"https:\/\/deportesanluis.com.ar\/wp-json\/wp\/v2\/comments?post=30835"}],"version-history":[{"count":1,"href":"https:\/\/deportesanluis.com.ar\/wp-json\/wp\/v2\/posts\/30835\/revisions"}],"predecessor-version":[{"id":30837,"href":"https:\/\/deportesanluis.com.ar\/wp-json\/wp\/v2\/posts\/30835\/revisions\/30837"}],"wp:featuredmedia":[{"embeddable":true,"href":"https:\/\/deportesanluis.com.ar\/wp-json\/wp\/v2\/media\/30836"}],"wp:attachment":[{"href":"https:\/\/deportesanluis.com.ar\/wp-json\/wp\/v2\/media?parent=30835"}],"wp:term":[{"taxonomy":"category","embeddable":true,"href":"https:\/\/deportesanluis.com.ar\/wp-json\/wp\/v2\/categories?post=30835"},{"taxonomy":"post_tag","embeddable":true,"href":"https:\/\/deportesanluis.com.ar\/wp-json\/wp\/v2\/tags?post=30835"}],"curies":[{"name":"wp","href":"https:\/\/api.w.org\/{rel}","templated":true}]}}